{"id":621,"date":"2024-10-13T19:27:05","date_gmt":"2024-10-13T19:27:05","guid":{"rendered":"https:\/\/voxsahel.com\/?p=621"},"modified":"2024-10-13T19:27:05","modified_gmt":"2024-10-13T19:27:05","slug":"can-maroc-2025-le-burkina-faso-valide-son-billet","status":"publish","type":"post","link":"https:\/\/voxsahel.com\/?p=621","title":{"rendered":"CAN Maroc 2025 : Le Burkina Faso valide son billet"},"content":{"rendered":"<p class=\"p1\"><span class=\"s2\">Les \u00c9talons du Burkina Faso ont brillamment d\u00e9croch\u00e9 leur qualification pour la Coupe d&rsquo;Afrique des Nations (CAN) 2025 en s&rsquo;imposant 2-0 face au Burundi, dimanche soir, au stade F\u00e9lix Houphou\u00ebt- Boigny \u00e0 Abidjan, en C\u00f4te d&rsquo;Ivoire. Avec cette victoire, le Burkina devient le premier pays \u00e0 se qualifier effectivement sur le terrain pour la CAN Maroc 2025.<\/span><\/p>\n<p class=\"p1\"><span class=\"s2\">Les hommes de Brama Traor\u00e9 ont rapidement pris l&rsquo;avantage gr\u00e2ce \u00e0 Mohamed Konat\u00e9. D\u00e8s la 5e minute, l&rsquo;attaquant burkinab\u00e9 a ouvert le score d&rsquo;une t\u00eate imparable, \u00e0 la r\u00e9ception d&rsquo;un corner millim\u00e9tr\u00e9 de C\u00e9dric Badolo. Apr\u00e8s cette ouverture pr\u00e9coce, les \u00c9talons ont contr\u00f4l\u00e9 la rencontre, contenant les tentatives du Burundi sans v\u00e9ritablement \u00eatre inqui\u00e9t\u00e9es.<\/span><\/p>\n<p class=\"p1\"><span class=\"s2\">Malgr\u00e9 leur avance, Brama Traor\u00e9 a choisi de faire entrer plusieurs cadres au milieu de la seconde p\u00e9riode. Bertrand Traor\u00e9, Dango Ouattara et Franck Lassina Traor\u00e9, qui avaient tous brillant lors de la victoire 4-1 du match aller, sont entr\u00e9s \u00e0 la 64e minute pour stabiliser et \u00e9lever le niveau de jeu. Ces se sont r\u00e9v\u00e9l\u00e9s d\u00e9cisifs, changements permettant aux \u00c9talons de garder la ma\u00eetrise et d&rsquo;alourdir le score.<\/span><\/p>\n<p class=\"p1\"><span class=\"s2\">Dans le temps additionnel (90+4), Bertrand Traor\u00e9 a scell\u00e9 la victoire burkinab\u00e9 en transformant un penalty obtenu dans les derni\u00e8res minutes. Avec ce succ\u00e8s, les \u00c9talons valident leur participation \u00e0 la CAN 2025, pr\u00e9vue au Maroc.<\/span><\/p>\n<p class=\"p1\"><span class=\"s2\">Gr\u00e2ce \u00e0 cette victoire, le Burkina Faso consolide sa premi\u00e8re place dans le groupe L avec 10 points (+7), en attendant le r\u00e9sultat du match S\u00e9n\u00e9gal-Malawi pr\u00e9vu mardi. Le S\u00e9n\u00e9gal, deuxi\u00e8me avec 7 points, reste l&rsquo;unique rival des \u00c9talons pour la t\u00eate du groupe, mais la qualification est d\u00e9sormais assur\u00e9e pour le Burkina. Avec 10 points, les Burkinab\u00e9s sont hors d&rsquo;atteinte du Malawi (0 point) et du Burundi (3 points), m\u00eame en cas de d\u00e9faite lors des deux derni\u00e8res journ\u00e9es des \u00e9liminatoires.<\/span><\/p>\n<p class=\"p1\"><span class=\"s2\">Cette performance permet au Burkina Faso de r\u00e9it\u00e9rer l&rsquo;exploit r\u00e9alis\u00e9 lors des qualifications de la derni\u00e8re CAN en C\u00f4te d&rsquo;Ivoire, o\u00f9 ils avaient \u00e9galement obtenu leur billet \u00e0 deux journ\u00e9es de la fin. Les \u00c9talons viseront d\u00e9sormais la premi\u00e8re place du groupe L lors des prochaines rencontres.<\/span><\/p>\n<p class=\"p1\"><span class=\"s2\">La CAN Maroc 2025 se tiendra du 21 d\u00e9cembre 2025 au 18 janvier 2026, et les \u00c9talons entendent bien y briller. Avec un effectif en pleine forme et une profondeur de banc int\u00e9ressante, le Burkina Faso montre qu&rsquo;il reste une force montante du football africain.<\/span><\/p>\n<p class=\"p1\"><span class=\"s1\">R\u00e9sum\u00e9 du match<\/span><\/p>\n<ul class=\"ul1\">\n<li class=\"li1\"><span class=\"s1\">Score<\/span><span class=\"s2\"> : Burundi 0 &#8211; 2 Burkina Faso<\/span><\/li>\n<li class=\"li1\"><span class=\"s1\">Buteurs<\/span><span class=\"s2\"> : Mohamed Konat\u00e9 (5e), Bertrand Traor\u00e9 (90+4, sp)<\/span><\/li>\n<li class=\"li1\"><span class=\"s1\">Passeur d\u00e9cisif<\/span><span class=\"s2\"> : C\u00e9dric Badolo<\/span><\/li>\n<\/ul>\n<p class=\"p1\"><span class=\"s1\">Classement du groupe L (apr\u00e8s 4 journ\u00e9es)<\/span><\/p>\n<ol class=\"ol1\">\n<li class=\"li1\"><span class=\"s1\">Burkina Faso<\/span><span class=\"s2\"> : 10 points (+7)<\/span><\/li>\n<li class=\"li1\"><span class=\"s1\">S\u00e9n\u00e9gal<\/span><span class=\"s2\"> : 7 points (+5) (1 match en moins)<\/span><\/li>\n<li class=\"li1\"><span class=\"s1\">Burundi<\/span><span class=\"s2\"> : 3 points (-5)<\/span><\/li>\n<li class=\"li1\"><span class=\"s1\">Malawi<\/span><span class=\"s2\"> : 0 point (-7) (1 match en moins)<\/span><\/li>\n<\/ol>\n<p class=\"p1\"><span class=\"s2\">Avec cette qualification acquise en beaut\u00e9, le Burkina Faso peut d\u00e9sormais pr\u00e9parer sereinement les deux derni\u00e8res journ\u00e9es des \u00e9liminatoires et viser un parcours historique au Maroc l&rsquo;an prochain.<\/span><\/p>\n<p style=\"text-align: right;\"><b>Par Vox Sahel\u00a0<\/b><\/p>\n","protected":false},"excerpt":{"rendered":"<p>Les \u00c9talons du Burkina Faso ont brillamment d\u00e9croch\u00e9 leur qualification pour la Coupe d&rsquo;Afrique des<\/p>\n","protected":false},"author":2,"featured_media":622,"comment_status":"open","ping_status":"open","sticky":false,"template":"","format":"standard","meta":{"_et_pb_use_builder":"","_et_pb_old_content":"","_et_gb_content_width":"","footnotes":""},"categories":[12],"tags":[18,333,38,37,348,274,40,35,34],"class_list":["post-621","post","type-post","status-publish","format-standard","has-post-thumbnail","hentry","category-sports","tag-burkina-faso","tag-burundi","tag-can","tag-can-maroc-2025","tag-coupe-dafrique-des-nations","tag-etalons","tag-federation-burkinabe-de-football","tag-football","tag-sport"],"yoast_head":"<!-- This site is optimized with the Yoast SEO plugin v27.5 - https:\/\/yoast.com\/product\/yoast-seo-wordpress\/ -->\n<title>CAN Maroc 2025 : Le Burkina Faso valide son billet - Vox Sahel<\/title>\n<meta name=\"robots\" content=\"index, follow, max-snippet:-1, max-image-preview:large, max-video-preview:-1\" \/>\n<link rel=\"canonical\" href=\"https:\/\/voxsahel.com\/?p=621\" \/>\n<meta property=\"og:locale\" content=\"fr_FR\" \/>\n<meta property=\"og:type\" content=\"article\" \/>\n<meta property=\"og:title\" content=\"CAN Maroc 2025 : Le Burkina Faso valide son billet - Vox Sahel\" \/>\n<meta property=\"og:description\" content=\"Les \u00c9talons du Burkina Faso ont brillamment d\u00e9croch\u00e9 leur qualification pour la Coupe d&rsquo;Afrique des\" \/>\n<meta property=\"og:url\" content=\"https:\/\/voxsahel.com\/?p=621\" \/>\n<meta property=\"og:site_name\" content=\"Vox Sahel\" \/>\n<meta property=\"article:publisher\" content=\"https:\/\/www.facebook.com\/journal.voxsahel\" \/>\n<meta property=\"article:published_time\" content=\"2024-10-13T19:27:05+00:00\" \/>\n<meta property=\"og:image\" content=\"https:\/\/voxsahel.com\/wp-content\/uploads\/2024\/10\/IMG_8571.jpeg\" \/>\n\t<meta property=\"og:image:width\" content=\"960\" \/>\n\t<meta property=\"og:image:height\" content=\"614\" \/>\n\t<meta property=\"og:image:type\" content=\"image\/jpeg\" \/>\n<meta name=\"author\" content=\"Vox Sahel\" \/>\n<meta name=\"twitter:card\" content=\"summary_large_image\" \/>\n<meta name=\"twitter:label1\" content=\"\u00c9crit par\" \/>\n\t<meta name=\"twitter:data1\" content=\"Vox Sahel\" \/>\n\t<meta name=\"twitter:label2\" content=\"Dur\u00e9e de lecture estim\u00e9e\" \/>\n\t<meta name=\"twitter:data2\" content=\"3 minutes\" \/>\n<script type=\"application\/ld+json\" class=\"yoast-schema-graph\">{\"@context\":\"https:\\\/\\\/schema.org\",\"@graph\":[{\"@type\":\"Article\",\"@id\":\"https:\\\/\\\/voxsahel.com\\\/?p=621#article\",\"isPartOf\":{\"@id\":\"https:\\\/\\\/voxsahel.com\\\/?p=621\"},\"author\":{\"name\":\"Vox Sahel\",\"@id\":\"https:\\\/\\\/voxsahel.com\\\/#\\\/schema\\\/person\\\/b4043608248f8fa227cd760e7ff1e19e\"},\"headline\":\"CAN Maroc 2025 : Le Burkina Faso valide son billet\",\"datePublished\":\"2024-10-13T19:27:05+00:00\",\"mainEntityOfPage\":{\"@id\":\"https:\\\/\\\/voxsahel.com\\\/?p=621\"},\"wordCount\":526,\"commentCount\":0,\"publisher\":{\"@id\":\"https:\\\/\\\/voxsahel.com\\\/#organization\"},\"image\":{\"@id\":\"https:\\\/\\\/voxsahel.com\\\/?p=621#primaryimage\"},\"thumbnailUrl\":\"https:\\\/\\\/voxsahel.com\\\/wp-content\\\/uploads\\\/2024\\\/10\\\/IMG_8571.jpeg\",\"keywords\":[\"Burkina Faso\",\"Burundi\",\"CAN\",\"CAN Maroc 2025\",\"Coupe d\u2019Afrique des nations\",\"Etalons\",\"F\u00e9d\u00e9ration Burkinab\u00e8 de Football\",\"Football\",\"Sport\"],\"articleSection\":[\"SPORTS\"],\"inLanguage\":\"fr-FR\",\"potentialAction\":[{\"@type\":\"CommentAction\",\"name\":\"Comment\",\"target\":[\"https:\\\/\\\/voxsahel.com\\\/?p=621#respond\"]}]},{\"@type\":\"WebPage\",\"@id\":\"https:\\\/\\\/voxsahel.com\\\/?p=621\",\"url\":\"https:\\\/\\\/voxsahel.com\\\/?p=621\",\"name\":\"CAN Maroc 2025 : Le Burkina Faso valide son billet - Vox Sahel\",\"isPartOf\":{\"@id\":\"https:\\\/\\\/voxsahel.com\\\/#website\"},\"primaryImageOfPage\":{\"@id\":\"https:\\\/\\\/voxsahel.com\\\/?p=621#primaryimage\"},\"image\":{\"@id\":\"https:\\\/\\\/voxsahel.com\\\/?p=621#primaryimage\"},\"thumbnailUrl\":\"https:\\\/\\\/voxsahel.com\\\/wp-content\\\/uploads\\\/2024\\\/10\\\/IMG_8571.jpeg\",\"datePublished\":\"2024-10-13T19:27:05+00:00\",\"breadcrumb\":{\"@id\":\"https:\\\/\\\/voxsahel.com\\\/?p=621#breadcrumb\"},\"inLanguage\":\"fr-FR\",\"potentialAction\":[{\"@type\":\"ReadAction\",\"target\":[\"https:\\\/\\\/voxsahel.com\\\/?p=621\"]}]},{\"@type\":\"ImageObject\",\"inLanguage\":\"fr-FR\",\"@id\":\"https:\\\/\\\/voxsahel.com\\\/?p=621#primaryimage\",\"url\":\"https:\\\/\\\/voxsahel.com\\\/wp-content\\\/uploads\\\/2024\\\/10\\\/IMG_8571.jpeg\",\"contentUrl\":\"https:\\\/\\\/voxsahel.com\\\/wp-content\\\/uploads\\\/2024\\\/10\\\/IMG_8571.jpeg\",\"width\":960,\"height\":614},{\"@type\":\"BreadcrumbList\",\"@id\":\"https:\\\/\\\/voxsahel.com\\\/?p=621#breadcrumb\",\"itemListElement\":[{\"@type\":\"ListItem\",\"position\":1,\"name\":\"Home\",\"item\":\"https:\\\/\\\/voxsahel.com\\\/\"},{\"@type\":\"ListItem\",\"position\":2,\"name\":\"CAN Maroc 2025 : Le Burkina Faso valide son billet\"}]},{\"@type\":\"WebSite\",\"@id\":\"https:\\\/\\\/voxsahel.com\\\/#website\",\"url\":\"https:\\\/\\\/voxsahel.com\\\/\",\"name\":\"Vox Sahel\",\"description\":\"Informez-vous sur le Sahel en un clic\",\"publisher\":{\"@id\":\"https:\\\/\\\/voxsahel.com\\\/#organization\"},\"potentialAction\":[{\"@type\":\"SearchAction\",\"target\":{\"@type\":\"EntryPoint\",\"urlTemplate\":\"https:\\\/\\\/voxsahel.com\\\/?s={search_term_string}\"},\"query-input\":{\"@type\":\"PropertyValueSpecification\",\"valueRequired\":true,\"valueName\":\"search_term_string\"}}],\"inLanguage\":\"fr-FR\"},{\"@type\":\"Organization\",\"@id\":\"https:\\\/\\\/voxsahel.com\\\/#organization\",\"name\":\"Vox Sahel\",\"url\":\"https:\\\/\\\/voxsahel.com\\\/\",\"logo\":{\"@type\":\"ImageObject\",\"inLanguage\":\"fr-FR\",\"@id\":\"https:\\\/\\\/voxsahel.com\\\/#\\\/schema\\\/logo\\\/image\\\/\",\"url\":\"https:\\\/\\\/voxsahel.com\\\/wp-content\\\/uploads\\\/2024\\\/09\\\/Logo-Vox-Sahel.jpg\",\"contentUrl\":\"https:\\\/\\\/voxsahel.com\\\/wp-content\\\/uploads\\\/2024\\\/09\\\/Logo-Vox-Sahel.jpg\",\"width\":1181,\"height\":848,\"caption\":\"Vox Sahel\"},\"image\":{\"@id\":\"https:\\\/\\\/voxsahel.com\\\/#\\\/schema\\\/logo\\\/image\\\/\"},\"sameAs\":[\"https:\\\/\\\/www.facebook.com\\\/journal.voxsahel\"]},{\"@type\":\"Person\",\"@id\":\"https:\\\/\\\/voxsahel.com\\\/#\\\/schema\\\/person\\\/b4043608248f8fa227cd760e7ff1e19e\",\"name\":\"Vox Sahel\",\"image\":{\"@type\":\"ImageObject\",\"inLanguage\":\"fr-FR\",\"@id\":\"https:\\\/\\\/secure.gravatar.com\\\/avatar\\\/f70e7fa0cb9b29d4a7c5788d6eb2e9ab4d3135cbae1c9161810fdf77a8964699?s=96&d=mm&r=g\",\"url\":\"https:\\\/\\\/secure.gravatar.com\\\/avatar\\\/f70e7fa0cb9b29d4a7c5788d6eb2e9ab4d3135cbae1c9161810fdf77a8964699?s=96&d=mm&r=g\",\"contentUrl\":\"https:\\\/\\\/secure.gravatar.com\\\/avatar\\\/f70e7fa0cb9b29d4a7c5788d6eb2e9ab4d3135cbae1c9161810fdf77a8964699?s=96&d=mm&r=g\",\"caption\":\"Vox Sahel\"},\"sameAs\":[\"http:\\\/\\\/www.voxsahel.com\"],\"url\":\"https:\\\/\\\/voxsahel.com\\\/?author=2\"}]}<\/script>\n<!-- \/ Yoast SEO plugin. -->","yoast_head_json":{"title":"CAN Maroc 2025 : Le Burkina Faso valide son billet - Vox Sahel","robots":{"index":"index","follow":"follow","max-snippet":"max-snippet:-1","max-image-preview":"max-image-preview:large","max-video-preview":"max-video-preview:-1"},"canonical":"https:\/\/voxsahel.com\/?p=621","og_locale":"fr_FR","og_type":"article","og_title":"CAN Maroc 2025 : Le Burkina Faso valide son billet - Vox Sahel","og_description":"Les \u00c9talons du Burkina Faso ont brillamment d\u00e9croch\u00e9 leur qualification pour la Coupe d&rsquo;Afrique des","og_url":"https:\/\/voxsahel.com\/?p=621","og_site_name":"Vox Sahel","article_publisher":"https:\/\/www.facebook.com\/journal.voxsahel","article_published_time":"2024-10-13T19:27:05+00:00","og_image":[{"width":960,"height":614,"url":"https:\/\/voxsahel.com\/wp-content\/uploads\/2024\/10\/IMG_8571.jpeg","type":"image\/jpeg"}],"author":"Vox Sahel","twitter_card":"summary_large_image","twitter_misc":{"\u00c9crit par":"Vox Sahel","Dur\u00e9e de lecture estim\u00e9e":"3 minutes"},"schema":{"@context":"https:\/\/schema.org","@graph":[{"@type":"Article","@id":"https:\/\/voxsahel.com\/?p=621#article","isPartOf":{"@id":"https:\/\/voxsahel.com\/?p=621"},"author":{"name":"Vox Sahel","@id":"https:\/\/voxsahel.com\/#\/schema\/person\/b4043608248f8fa227cd760e7ff1e19e"},"headline":"CAN Maroc 2025 : Le Burkina Faso valide son billet","datePublished":"2024-10-13T19:27:05+00:00","mainEntityOfPage":{"@id":"https:\/\/voxsahel.com\/?p=621"},"wordCount":526,"commentCount":0,"publisher":{"@id":"https:\/\/voxsahel.com\/#organization"},"image":{"@id":"https:\/\/voxsahel.com\/?p=621#primaryimage"},"thumbnailUrl":"https:\/\/voxsahel.com\/wp-content\/uploads\/2024\/10\/IMG_8571.jpeg","keywords":["Burkina Faso","Burundi","CAN","CAN Maroc 2025","Coupe d\u2019Afrique des nations","Etalons","F\u00e9d\u00e9ration Burkinab\u00e8 de Football","Football","Sport"],"articleSection":["SPORTS"],"inLanguage":"fr-FR","potentialAction":[{"@type":"CommentAction","name":"Comment","target":["https:\/\/voxsahel.com\/?p=621#respond"]}]},{"@type":"WebPage","@id":"https:\/\/voxsahel.com\/?p=621","url":"https:\/\/voxsahel.com\/?p=621","name":"CAN Maroc 2025 : Le Burkina Faso valide son billet - Vox Sahel","isPartOf":{"@id":"https:\/\/voxsahel.com\/#website"},"primaryImageOfPage":{"@id":"https:\/\/voxsahel.com\/?p=621#primaryimage"},"image":{"@id":"https:\/\/voxsahel.com\/?p=621#primaryimage"},"thumbnailUrl":"https:\/\/voxsahel.com\/wp-content\/uploads\/2024\/10\/IMG_8571.jpeg","datePublished":"2024-10-13T19:27:05+00:00","breadcrumb":{"@id":"https:\/\/voxsahel.com\/?p=621#breadcrumb"},"inLanguage":"fr-FR","potentialAction":[{"@type":"ReadAction","target":["https:\/\/voxsahel.com\/?p=621"]}]},{"@type":"ImageObject","inLanguage":"fr-FR","@id":"https:\/\/voxsahel.com\/?p=621#primaryimage","url":"https:\/\/voxsahel.com\/wp-content\/uploads\/2024\/10\/IMG_8571.jpeg","contentUrl":"https:\/\/voxsahel.com\/wp-content\/uploads\/2024\/10\/IMG_8571.jpeg","width":960,"height":614},{"@type":"BreadcrumbList","@id":"https:\/\/voxsahel.com\/?p=621#breadcrumb","itemListElement":[{"@type":"ListItem","position":1,"name":"Home","item":"https:\/\/voxsahel.com\/"},{"@type":"ListItem","position":2,"name":"CAN Maroc 2025 : Le Burkina Faso valide son billet"}]},{"@type":"WebSite","@id":"https:\/\/voxsahel.com\/#website","url":"https:\/\/voxsahel.com\/","name":"Vox Sahel","description":"Informez-vous sur le Sahel en un clic","publisher":{"@id":"https:\/\/voxsahel.com\/#organization"},"potentialAction":[{"@type":"SearchAction","target":{"@type":"EntryPoint","urlTemplate":"https:\/\/voxsahel.com\/?s={search_term_string}"},"query-input":{"@type":"PropertyValueSpecification","valueRequired":true,"valueName":"search_term_string"}}],"inLanguage":"fr-FR"},{"@type":"Organization","@id":"https:\/\/voxsahel.com\/#organization","name":"Vox Sahel","url":"https:\/\/voxsahel.com\/","logo":{"@type":"ImageObject","inLanguage":"fr-FR","@id":"https:\/\/voxsahel.com\/#\/schema\/logo\/image\/","url":"https:\/\/voxsahel.com\/wp-content\/uploads\/2024\/09\/Logo-Vox-Sahel.jpg","contentUrl":"https:\/\/voxsahel.com\/wp-content\/uploads\/2024\/09\/Logo-Vox-Sahel.jpg","width":1181,"height":848,"caption":"Vox Sahel"},"image":{"@id":"https:\/\/voxsahel.com\/#\/schema\/logo\/image\/"},"sameAs":["https:\/\/www.facebook.com\/journal.voxsahel"]},{"@type":"Person","@id":"https:\/\/voxsahel.com\/#\/schema\/person\/b4043608248f8fa227cd760e7ff1e19e","name":"Vox Sahel","image":{"@type":"ImageObject","inLanguage":"fr-FR","@id":"https:\/\/secure.gravatar.com\/avatar\/f70e7fa0cb9b29d4a7c5788d6eb2e9ab4d3135cbae1c9161810fdf77a8964699?s=96&d=mm&r=g","url":"https:\/\/secure.gravatar.com\/avatar\/f70e7fa0cb9b29d4a7c5788d6eb2e9ab4d3135cbae1c9161810fdf77a8964699?s=96&d=mm&r=g","contentUrl":"https:\/\/secure.gravatar.com\/avatar\/f70e7fa0cb9b29d4a7c5788d6eb2e9ab4d3135cbae1c9161810fdf77a8964699?s=96&d=mm&r=g","caption":"Vox Sahel"},"sameAs":["http:\/\/www.voxsahel.com"],"url":"https:\/\/voxsahel.com\/?author=2"}]}},"_links":{"self":[{"href":"https:\/\/voxsahel.com\/index.php?rest_route=\/wp\/v2\/posts\/621","targetHints":{"allow":["GET"]}}],"collection":[{"href":"https:\/\/voxsahel.com\/index.php?rest_route=\/wp\/v2\/posts"}],"about":[{"href":"https:\/\/voxsahel.com\/index.php?rest_route=\/wp\/v2\/types\/post"}],"author":[{"embeddable":true,"href":"https:\/\/voxsahel.com\/index.php?rest_route=\/wp\/v2\/users\/2"}],"replies":[{"embeddable":true,"href":"https:\/\/voxsahel.com\/index.php?rest_route=%2Fwp%2Fv2%2Fcomments&post=621"}],"version-history":[{"count":1,"href":"https:\/\/voxsahel.com\/index.php?rest_route=\/wp\/v2\/posts\/621\/revisions"}],"predecessor-version":[{"id":623,"href":"https:\/\/voxsahel.com\/index.php?rest_route=\/wp\/v2\/posts\/621\/revisions\/623"}],"wp:featuredmedia":[{"embeddable":true,"href":"https:\/\/voxsahel.com\/index.php?rest_route=\/wp\/v2\/media\/622"}],"wp:attachment":[{"href":"https:\/\/voxsahel.com\/index.php?rest_route=%2Fwp%2Fv2%2Fmedia&parent=621"}],"wp:term":[{"taxonomy":"category","embeddable":true,"href":"https:\/\/voxsahel.com\/index.php?rest_route=%2Fwp%2Fv2%2Fcategories&post=621"},{"taxonomy":"post_tag","embeddable":true,"href":"https:\/\/voxsahel.com\/index.php?rest_route=%2Fwp%2Fv2%2Ftags&post=621"}],"curies":[{"name":"wp","href":"https:\/\/api.w.org\/{rel}","templated":true}]}}