{"id":607,"date":"2024-10-13T09:02:24","date_gmt":"2024-10-13T09:02:24","guid":{"rendered":"https:\/\/voxsahel.com\/?p=607"},"modified":"2024-10-13T09:12:43","modified_gmt":"2024-10-13T09:12:43","slug":"burkina-faso-vs-burundi-les-etalons-a-un-pas-de-la-qualification-pour-la-can-2025","status":"publish","type":"post","link":"https:\/\/voxsahel.com\/?p=607","title":{"rendered":"Burkina Faso vs Burundi : Les \u00c9talons \u00e0 un pas de la qualification pour la CAN 2025"},"content":{"rendered":"<p class=\"p2\"><strong><span class=\"s1\">Brama Traor\u00e9 : \u00ab\u00a0il faut couper la respiration des Burundais \u00ab\u00a0<\/span><\/strong><\/p>\n<p class=\"p2\"><span class=\"s1\"> \u00c0 la veille du match d\u00e9cisif entre les \u00c9talons du Burkina Faso et les Hirondelles du Burundi, le s\u00e9lectionneur burkinab\u00e8, Brama Traor\u00e9, n&rsquo;a laiss\u00e9 aucune place \u00e0 l&rsquo;euphorie malgr\u00e9 la victoire \u00e9crasante (4-1) au match aller. Dans sa d\u00e9claration en conf\u00e9rence de presse, il a insist\u00e9 sur la n\u00e9cessit\u00e9 d&rsquo;un engagement total.<\/span><\/p>\n<blockquote><p><i>\u00ab On ne peut pas vendre la peau de l&rsquo;ours avant de l&rsquo;avoir tu\u00e9. Les Burundais, bien qu&rsquo;assomm\u00e9s, sont toujours debout et respirent toujours. C&rsquo;est \u00e0 nous de couper cette respiration et les \u00e9liminer de la CAN 2025. Cela ne peut se faire qu&rsquo;avec un plein engagement, car rien n&rsquo;est gagn\u00e9 d&rsquo;avance. \u00bb<\/i><\/p><\/blockquote>\n<p>Avec trois points en ligne de mire, les \u00c9talons peuvent assurer leur place \u00e0 la phase finale de la CAN 2025 en cas de victoire. Conscient des enjeux, le milieu de terrain Dramane Salou a affich\u00e9 sa d\u00e9termination :<\/p>\n<blockquote>\n<p class=\"p2\"><span class=\"s3\"><i>\u00ab C&rsquo;est un match tr\u00e8s important pour nous. Si on gagne, on est qualifi\u00e9s, donc on s&rsquo;est pr\u00e9par\u00e9 pour cela. M\u00eame si sur les a battus 4-1, jouer contre une \u00e9quipe deux fois en trois jours n&rsquo;est jamais facile. Nous sommes concentr\u00e9s et attendons les consignes du coach pour obtenir la victoire. Je donnerai tout pour le pays et pour le coach, et le jour o\u00f9 il me donnera ma chance, je la saisirai. \u00bb<\/i><\/span><\/p>\n<\/blockquote>\n<p class=\"p2\">L&rsquo;\u00e9quipe burkinab\u00e8 devra se passer des services de Trova Boni, bless\u00e9 \u00e0 l&rsquo;entra\u00eenement et forfait pour cette rencontre. Cette absence pourrait forcer Brama Traor\u00e9 \u00e0 revoir sa composition, mais les \u00c9talons peuvent compter sur leur profondeur de banc pour r\u00e9pondre pr\u00e9sent.<\/p>\n<p class=\"p2\"><strong><span class=\"s2\">Le Burundi joue la carte mentale et tactique<\/span><\/strong><\/p>\n<p class=\"p2\"><span class=\"s1\">Malgr\u00e9 leur d\u00e9faite au match aller, le coach burundais \u00c9tienne a affirm\u00e9 que son \u00e9quipe aborde cette rencontre avec optimisme et sans pression :<\/span><\/p>\n<blockquote>\n<p class=\"p2\"><span class=\"s3\"><i>\u00ab Nous avons beaucoup appris du Burkina Faso. Ils sont rest\u00e9s calmes m\u00eame apr\u00e8s avoir encaiss\u00e9 chez eux, et c&rsquo;est \u00e0 nous de montrer que nous avons progress\u00e9. Nous n&rsquo;avons pas de stress. On va gagner. \u00bb<\/i><\/span><\/p>\n<\/blockquote>\n<p class=\"p2\"><span class=\"s2\"><b>Un match dans un stade d\u00e9sert\u00e9 \u00e0 Abidjan<\/b><\/span><\/p>\n<p class=\"p2\"><span class=\"s1\">Le choix du Burundi de recevoir ce match au stade F\u00e9lix Houphou\u00ebt-Boigny \u00e0 Abidjan a suscit\u00e9 des controverses. En limitant l&rsquo;\u00e9mission des billets \u00e0 moins de 8 000 places dans une enceinte de 30 000, les autorit\u00e9s burundaises ont cr\u00e9\u00e9 un climat particulier. La vente restreinte, avec seulement une centaine de billets destin\u00e9s aux supporters locaux, risque de priver les Hirondelles du soutien populaire esp\u00e9r\u00e9.<\/span><\/p>\n<p class=\"p2\"><span class=\"s1\">N\u00e9anmoins, les \u00c9talons, avec leur large communaut\u00e9 en C\u00f4te d&rsquo;Ivoire, pourraient faire basculer l&rsquo;ambiance en leur faveur malgr\u00e9 un stade annonc\u00e9 presque vide.<\/span><\/p>\n<p class=\"p2\"><span class=\"s1\">Les \u00c9talons du Burkina Faso, boost\u00e9s par leur victoire lors du match aller, ont d\u00e9sormais la chance de valider leur qualification pour la prochaine CAN. Mais comme l&rsquo;a rappel\u00e9 Brama Traor\u00e9, le plus important reste \u00e0 faire. Le match de demain s&rsquo;annonce comme une ultime bataille o\u00f9 chaque d\u00e9tail comptera pour d\u00e9crocher le pr\u00e9cieux billet vers la phase finale.<\/span><\/p>\n<p class=\"p2\"><span class=\"s1\">La rencontre sera suivie de pr\u00e8s par les supporters burkinab\u00e8 qui esp\u00e8rent voir leur \u00e9quipe se qualifier avec brio et poursuivre sur leur lanc\u00e9.<\/span><\/p>\n<p class=\"p2\"><span class=\"s2\">Coup d&rsquo;envoi : 13 octobre 2024 \u00e0 16h GMT\u2013 Abidjan, C\u00f4te d&rsquo;Ivoire.<\/span><\/p>\n<p style=\"text-align: right;\"><b>Par Vox Sahel\u00a0<\/b><\/p>\n","protected":false},"excerpt":{"rendered":"<p>Brama Traor\u00e9 : \u00ab\u00a0il faut couper la respiration des Burundais \u00ab\u00a0 \u00c0 la veille du<\/p>\n","protected":false},"author":2,"featured_media":611,"comment_status":"open","ping_status":"open","sticky":false,"template":"","format":"standard","meta":{"_et_pb_use_builder":"","_et_pb_old_content":"","_et_gb_content_width":"","footnotes":""},"categories":[12],"tags":[18,38,37,274,40,35,34],"class_list":["post-607","post","type-post","status-publish","format-standard","has-post-thumbnail","hentry","category-sports","tag-burkina-faso","tag-can","tag-can-maroc-2025","tag-etalons","tag-federation-burkinabe-de-football","tag-football","tag-sport"],"yoast_head":"<!-- This site is optimized with the Yoast SEO plugin v27.5 - https:\/\/yoast.com\/product\/yoast-seo-wordpress\/ -->\n<title>Burkina Faso vs Burundi : Les \u00c9talons \u00e0 un pas de la qualification pour la CAN 2025 - Vox Sahel<\/title>\n<meta name=\"robots\" content=\"index, follow, max-snippet:-1, max-image-preview:large, max-video-preview:-1\" \/>\n<link rel=\"canonical\" href=\"https:\/\/voxsahel.com\/?p=607\" \/>\n<meta property=\"og:locale\" content=\"fr_FR\" \/>\n<meta property=\"og:type\" content=\"article\" \/>\n<meta property=\"og:title\" content=\"Burkina Faso vs Burundi : Les \u00c9talons \u00e0 un pas de la qualification pour la CAN 2025 - Vox Sahel\" \/>\n<meta property=\"og:description\" content=\"Brama Traor\u00e9 : \u00ab\u00a0il faut couper la respiration des Burundais \u00ab\u00a0 \u00c0 la veille du\" \/>\n<meta property=\"og:url\" content=\"https:\/\/voxsahel.com\/?p=607\" \/>\n<meta property=\"og:site_name\" content=\"Vox Sahel\" \/>\n<meta property=\"article:publisher\" content=\"https:\/\/www.facebook.com\/journal.voxsahel\" \/>\n<meta property=\"article:published_time\" content=\"2024-10-13T09:02:24+00:00\" \/>\n<meta property=\"article:modified_time\" content=\"2024-10-13T09:12:43+00:00\" \/>\n<meta property=\"og:image\" content=\"https:\/\/voxsahel.com\/wp-content\/uploads\/2024\/10\/IMG_8402.jpeg\" \/>\n\t<meta property=\"og:image:width\" content=\"960\" \/>\n\t<meta property=\"og:image:height\" content=\"720\" \/>\n\t<meta property=\"og:image:type\" content=\"image\/jpeg\" \/>\n<meta name=\"author\" content=\"Vox Sahel\" \/>\n<meta name=\"twitter:card\" content=\"summary_large_image\" \/>\n<meta name=\"twitter:label1\" content=\"\u00c9crit par\" \/>\n\t<meta name=\"twitter:data1\" content=\"Vox Sahel\" \/>\n\t<meta name=\"twitter:label2\" content=\"Dur\u00e9e de lecture estim\u00e9e\" \/>\n\t<meta name=\"twitter:data2\" content=\"3 minutes\" \/>\n<script type=\"application\/ld+json\" class=\"yoast-schema-graph\">{\"@context\":\"https:\\\/\\\/schema.org\",\"@graph\":[{\"@type\":\"Article\",\"@id\":\"https:\\\/\\\/voxsahel.com\\\/?p=607#article\",\"isPartOf\":{\"@id\":\"https:\\\/\\\/voxsahel.com\\\/?p=607\"},\"author\":{\"name\":\"Vox Sahel\",\"@id\":\"https:\\\/\\\/voxsahel.com\\\/#\\\/schema\\\/person\\\/b4043608248f8fa227cd760e7ff1e19e\"},\"headline\":\"Burkina Faso vs Burundi : Les \u00c9talons \u00e0 un pas de la qualification pour la CAN 2025\",\"datePublished\":\"2024-10-13T09:02:24+00:00\",\"dateModified\":\"2024-10-13T09:12:43+00:00\",\"mainEntityOfPage\":{\"@id\":\"https:\\\/\\\/voxsahel.com\\\/?p=607\"},\"wordCount\":576,\"commentCount\":0,\"publisher\":{\"@id\":\"https:\\\/\\\/voxsahel.com\\\/#organization\"},\"image\":{\"@id\":\"https:\\\/\\\/voxsahel.com\\\/?p=607#primaryimage\"},\"thumbnailUrl\":\"https:\\\/\\\/voxsahel.com\\\/wp-content\\\/uploads\\\/2024\\\/10\\\/IMG_8402.jpeg\",\"keywords\":[\"Burkina Faso\",\"CAN\",\"CAN Maroc 2025\",\"Etalons\",\"F\u00e9d\u00e9ration Burkinab\u00e8 de Football\",\"Football\",\"Sport\"],\"articleSection\":[\"SPORTS\"],\"inLanguage\":\"fr-FR\",\"potentialAction\":[{\"@type\":\"CommentAction\",\"name\":\"Comment\",\"target\":[\"https:\\\/\\\/voxsahel.com\\\/?p=607#respond\"]}]},{\"@type\":\"WebPage\",\"@id\":\"https:\\\/\\\/voxsahel.com\\\/?p=607\",\"url\":\"https:\\\/\\\/voxsahel.com\\\/?p=607\",\"name\":\"Burkina Faso vs Burundi : Les \u00c9talons \u00e0 un pas de la qualification pour la CAN 2025 - Vox Sahel\",\"isPartOf\":{\"@id\":\"https:\\\/\\\/voxsahel.com\\\/#website\"},\"primaryImageOfPage\":{\"@id\":\"https:\\\/\\\/voxsahel.com\\\/?p=607#primaryimage\"},\"image\":{\"@id\":\"https:\\\/\\\/voxsahel.com\\\/?p=607#primaryimage\"},\"thumbnailUrl\":\"https:\\\/\\\/voxsahel.com\\\/wp-content\\\/uploads\\\/2024\\\/10\\\/IMG_8402.jpeg\",\"datePublished\":\"2024-10-13T09:02:24+00:00\",\"dateModified\":\"2024-10-13T09:12:43+00:00\",\"breadcrumb\":{\"@id\":\"https:\\\/\\\/voxsahel.com\\\/?p=607#breadcrumb\"},\"inLanguage\":\"fr-FR\",\"potentialAction\":[{\"@type\":\"ReadAction\",\"target\":[\"https:\\\/\\\/voxsahel.com\\\/?p=607\"]}]},{\"@type\":\"ImageObject\",\"inLanguage\":\"fr-FR\",\"@id\":\"https:\\\/\\\/voxsahel.com\\\/?p=607#primaryimage\",\"url\":\"https:\\\/\\\/voxsahel.com\\\/wp-content\\\/uploads\\\/2024\\\/10\\\/IMG_8402.jpeg\",\"contentUrl\":\"https:\\\/\\\/voxsahel.com\\\/wp-content\\\/uploads\\\/2024\\\/10\\\/IMG_8402.jpeg\",\"width\":960,\"height\":720},{\"@type\":\"BreadcrumbList\",\"@id\":\"https:\\\/\\\/voxsahel.com\\\/?p=607#breadcrumb\",\"itemListElement\":[{\"@type\":\"ListItem\",\"position\":1,\"name\":\"Home\",\"item\":\"https:\\\/\\\/voxsahel.com\\\/\"},{\"@type\":\"ListItem\",\"position\":2,\"name\":\"Burkina Faso vs Burundi : Les \u00c9talons \u00e0 un pas de la qualification pour la CAN 2025\"}]},{\"@type\":\"WebSite\",\"@id\":\"https:\\\/\\\/voxsahel.com\\\/#website\",\"url\":\"https:\\\/\\\/voxsahel.com\\\/\",\"name\":\"Vox Sahel\",\"description\":\"Informez-vous sur le Sahel en un clic\",\"publisher\":{\"@id\":\"https:\\\/\\\/voxsahel.com\\\/#organization\"},\"potentialAction\":[{\"@type\":\"SearchAction\",\"target\":{\"@type\":\"EntryPoint\",\"urlTemplate\":\"https:\\\/\\\/voxsahel.com\\\/?s={search_term_string}\"},\"query-input\":{\"@type\":\"PropertyValueSpecification\",\"valueRequired\":true,\"valueName\":\"search_term_string\"}}],\"inLanguage\":\"fr-FR\"},{\"@type\":\"Organization\",\"@id\":\"https:\\\/\\\/voxsahel.com\\\/#organization\",\"name\":\"Vox Sahel\",\"url\":\"https:\\\/\\\/voxsahel.com\\\/\",\"logo\":{\"@type\":\"ImageObject\",\"inLanguage\":\"fr-FR\",\"@id\":\"https:\\\/\\\/voxsahel.com\\\/#\\\/schema\\\/logo\\\/image\\\/\",\"url\":\"https:\\\/\\\/voxsahel.com\\\/wp-content\\\/uploads\\\/2024\\\/09\\\/Logo-Vox-Sahel.jpg\",\"contentUrl\":\"https:\\\/\\\/voxsahel.com\\\/wp-content\\\/uploads\\\/2024\\\/09\\\/Logo-Vox-Sahel.jpg\",\"width\":1181,\"height\":848,\"caption\":\"Vox Sahel\"},\"image\":{\"@id\":\"https:\\\/\\\/voxsahel.com\\\/#\\\/schema\\\/logo\\\/image\\\/\"},\"sameAs\":[\"https:\\\/\\\/www.facebook.com\\\/journal.voxsahel\"]},{\"@type\":\"Person\",\"@id\":\"https:\\\/\\\/voxsahel.com\\\/#\\\/schema\\\/person\\\/b4043608248f8fa227cd760e7ff1e19e\",\"name\":\"Vox Sahel\",\"image\":{\"@type\":\"ImageObject\",\"inLanguage\":\"fr-FR\",\"@id\":\"https:\\\/\\\/secure.gravatar.com\\\/avatar\\\/f70e7fa0cb9b29d4a7c5788d6eb2e9ab4d3135cbae1c9161810fdf77a8964699?s=96&d=mm&r=g\",\"url\":\"https:\\\/\\\/secure.gravatar.com\\\/avatar\\\/f70e7fa0cb9b29d4a7c5788d6eb2e9ab4d3135cbae1c9161810fdf77a8964699?s=96&d=mm&r=g\",\"contentUrl\":\"https:\\\/\\\/secure.gravatar.com\\\/avatar\\\/f70e7fa0cb9b29d4a7c5788d6eb2e9ab4d3135cbae1c9161810fdf77a8964699?s=96&d=mm&r=g\",\"caption\":\"Vox Sahel\"},\"sameAs\":[\"http:\\\/\\\/www.voxsahel.com\"],\"url\":\"https:\\\/\\\/voxsahel.com\\\/?author=2\"}]}<\/script>\n<!-- \/ Yoast SEO plugin. -->","yoast_head_json":{"title":"Burkina Faso vs Burundi : Les \u00c9talons \u00e0 un pas de la qualification pour la CAN 2025 - Vox Sahel","robots":{"index":"index","follow":"follow","max-snippet":"max-snippet:-1","max-image-preview":"max-image-preview:large","max-video-preview":"max-video-preview:-1"},"canonical":"https:\/\/voxsahel.com\/?p=607","og_locale":"fr_FR","og_type":"article","og_title":"Burkina Faso vs Burundi : Les \u00c9talons \u00e0 un pas de la qualification pour la CAN 2025 - Vox Sahel","og_description":"Brama Traor\u00e9 : \u00ab\u00a0il faut couper la respiration des Burundais \u00ab\u00a0 \u00c0 la veille du","og_url":"https:\/\/voxsahel.com\/?p=607","og_site_name":"Vox Sahel","article_publisher":"https:\/\/www.facebook.com\/journal.voxsahel","article_published_time":"2024-10-13T09:02:24+00:00","article_modified_time":"2024-10-13T09:12:43+00:00","og_image":[{"width":960,"height":720,"url":"https:\/\/voxsahel.com\/wp-content\/uploads\/2024\/10\/IMG_8402.jpeg","type":"image\/jpeg"}],"author":"Vox Sahel","twitter_card":"summary_large_image","twitter_misc":{"\u00c9crit par":"Vox Sahel","Dur\u00e9e de lecture estim\u00e9e":"3 minutes"},"schema":{"@context":"https:\/\/schema.org","@graph":[{"@type":"Article","@id":"https:\/\/voxsahel.com\/?p=607#article","isPartOf":{"@id":"https:\/\/voxsahel.com\/?p=607"},"author":{"name":"Vox Sahel","@id":"https:\/\/voxsahel.com\/#\/schema\/person\/b4043608248f8fa227cd760e7ff1e19e"},"headline":"Burkina Faso vs Burundi : Les \u00c9talons \u00e0 un pas de la qualification pour la CAN 2025","datePublished":"2024-10-13T09:02:24+00:00","dateModified":"2024-10-13T09:12:43+00:00","mainEntityOfPage":{"@id":"https:\/\/voxsahel.com\/?p=607"},"wordCount":576,"commentCount":0,"publisher":{"@id":"https:\/\/voxsahel.com\/#organization"},"image":{"@id":"https:\/\/voxsahel.com\/?p=607#primaryimage"},"thumbnailUrl":"https:\/\/voxsahel.com\/wp-content\/uploads\/2024\/10\/IMG_8402.jpeg","keywords":["Burkina Faso","CAN","CAN Maroc 2025","Etalons","F\u00e9d\u00e9ration Burkinab\u00e8 de Football","Football","Sport"],"articleSection":["SPORTS"],"inLanguage":"fr-FR","potentialAction":[{"@type":"CommentAction","name":"Comment","target":["https:\/\/voxsahel.com\/?p=607#respond"]}]},{"@type":"WebPage","@id":"https:\/\/voxsahel.com\/?p=607","url":"https:\/\/voxsahel.com\/?p=607","name":"Burkina Faso vs Burundi : Les \u00c9talons \u00e0 un pas de la qualification pour la CAN 2025 - Vox Sahel","isPartOf":{"@id":"https:\/\/voxsahel.com\/#website"},"primaryImageOfPage":{"@id":"https:\/\/voxsahel.com\/?p=607#primaryimage"},"image":{"@id":"https:\/\/voxsahel.com\/?p=607#primaryimage"},"thumbnailUrl":"https:\/\/voxsahel.com\/wp-content\/uploads\/2024\/10\/IMG_8402.jpeg","datePublished":"2024-10-13T09:02:24+00:00","dateModified":"2024-10-13T09:12:43+00:00","breadcrumb":{"@id":"https:\/\/voxsahel.com\/?p=607#breadcrumb"},"inLanguage":"fr-FR","potentialAction":[{"@type":"ReadAction","target":["https:\/\/voxsahel.com\/?p=607"]}]},{"@type":"ImageObject","inLanguage":"fr-FR","@id":"https:\/\/voxsahel.com\/?p=607#primaryimage","url":"https:\/\/voxsahel.com\/wp-content\/uploads\/2024\/10\/IMG_8402.jpeg","contentUrl":"https:\/\/voxsahel.com\/wp-content\/uploads\/2024\/10\/IMG_8402.jpeg","width":960,"height":720},{"@type":"BreadcrumbList","@id":"https:\/\/voxsahel.com\/?p=607#breadcrumb","itemListElement":[{"@type":"ListItem","position":1,"name":"Home","item":"https:\/\/voxsahel.com\/"},{"@type":"ListItem","position":2,"name":"Burkina Faso vs Burundi : Les \u00c9talons \u00e0 un pas de la qualification pour la CAN 2025"}]},{"@type":"WebSite","@id":"https:\/\/voxsahel.com\/#website","url":"https:\/\/voxsahel.com\/","name":"Vox Sahel","description":"Informez-vous sur le Sahel en un clic","publisher":{"@id":"https:\/\/voxsahel.com\/#organization"},"potentialAction":[{"@type":"SearchAction","target":{"@type":"EntryPoint","urlTemplate":"https:\/\/voxsahel.com\/?s={search_term_string}"},"query-input":{"@type":"PropertyValueSpecification","valueRequired":true,"valueName":"search_term_string"}}],"inLanguage":"fr-FR"},{"@type":"Organization","@id":"https:\/\/voxsahel.com\/#organization","name":"Vox Sahel","url":"https:\/\/voxsahel.com\/","logo":{"@type":"ImageObject","inLanguage":"fr-FR","@id":"https:\/\/voxsahel.com\/#\/schema\/logo\/image\/","url":"https:\/\/voxsahel.com\/wp-content\/uploads\/2024\/09\/Logo-Vox-Sahel.jpg","contentUrl":"https:\/\/voxsahel.com\/wp-content\/uploads\/2024\/09\/Logo-Vox-Sahel.jpg","width":1181,"height":848,"caption":"Vox Sahel"},"image":{"@id":"https:\/\/voxsahel.com\/#\/schema\/logo\/image\/"},"sameAs":["https:\/\/www.facebook.com\/journal.voxsahel"]},{"@type":"Person","@id":"https:\/\/voxsahel.com\/#\/schema\/person\/b4043608248f8fa227cd760e7ff1e19e","name":"Vox Sahel","image":{"@type":"ImageObject","inLanguage":"fr-FR","@id":"https:\/\/secure.gravatar.com\/avatar\/f70e7fa0cb9b29d4a7c5788d6eb2e9ab4d3135cbae1c9161810fdf77a8964699?s=96&d=mm&r=g","url":"https:\/\/secure.gravatar.com\/avatar\/f70e7fa0cb9b29d4a7c5788d6eb2e9ab4d3135cbae1c9161810fdf77a8964699?s=96&d=mm&r=g","contentUrl":"https:\/\/secure.gravatar.com\/avatar\/f70e7fa0cb9b29d4a7c5788d6eb2e9ab4d3135cbae1c9161810fdf77a8964699?s=96&d=mm&r=g","caption":"Vox Sahel"},"sameAs":["http:\/\/www.voxsahel.com"],"url":"https:\/\/voxsahel.com\/?author=2"}]}},"_links":{"self":[{"href":"https:\/\/voxsahel.com\/index.php?rest_route=\/wp\/v2\/posts\/607","targetHints":{"allow":["GET"]}}],"collection":[{"href":"https:\/\/voxsahel.com\/index.php?rest_route=\/wp\/v2\/posts"}],"about":[{"href":"https:\/\/voxsahel.com\/index.php?rest_route=\/wp\/v2\/types\/post"}],"author":[{"embeddable":true,"href":"https:\/\/voxsahel.com\/index.php?rest_route=\/wp\/v2\/users\/2"}],"replies":[{"embeddable":true,"href":"https:\/\/voxsahel.com\/index.php?rest_route=%2Fwp%2Fv2%2Fcomments&post=607"}],"version-history":[{"count":5,"href":"https:\/\/voxsahel.com\/index.php?rest_route=\/wp\/v2\/posts\/607\/revisions"}],"predecessor-version":[{"id":613,"href":"https:\/\/voxsahel.com\/index.php?rest_route=\/wp\/v2\/posts\/607\/revisions\/613"}],"wp:featuredmedia":[{"embeddable":true,"href":"https:\/\/voxsahel.com\/index.php?rest_route=\/wp\/v2\/media\/611"}],"wp:attachment":[{"href":"https:\/\/voxsahel.com\/index.php?rest_route=%2Fwp%2Fv2%2Fmedia&parent=607"}],"wp:term":[{"taxonomy":"category","embeddable":true,"href":"https:\/\/voxsahel.com\/index.php?rest_route=%2Fwp%2Fv2%2Fcategories&post=607"},{"taxonomy":"post_tag","embeddable":true,"href":"https:\/\/voxsahel.com\/index.php?rest_route=%2Fwp%2Fv2%2Ftags&post=607"}],"curies":[{"name":"wp","href":"https:\/\/api.w.org\/{rel}","templated":true}]}}