{"id":593,"date":"2024-10-12T14:47:19","date_gmt":"2024-10-12T14:47:19","guid":{"rendered":"https:\/\/voxsahel.com\/?p=593"},"modified":"2024-10-12T14:47:19","modified_gmt":"2024-10-12T14:47:19","slug":"musique-ouagadougou-accueille-la-2e-edition-des-polyphonies-pour-la-paix","status":"publish","type":"post","link":"https:\/\/voxsahel.com\/?p=593","title":{"rendered":"Musique\u00a0: Ouagadougou accueille la 2e \u00e9dition des Polyphonies pour la Paix"},"content":{"rendered":"<p><strong>Le Grand Ch\u0153ur Polyphonique de Ouagadougou a d\u00e9voil\u00e9 le programme de la deuxi\u00e8me \u00e9dition des <em>Polyphonies pour la Paix<\/em> ce vendredi 11 octobre 2024. Pr\u00e9vue pour le 2 novembre 2024 \u00e0 partir de 20h30 au Monument des Martyrs, cette manifestation artistique se tiendra sous le th\u00e8me : \u00ab R\u00e9silience et espoir : la force de l\u2019esprit, l\u2019espoir de demain \u00bb.<\/strong><\/p>\n<p>Ce concert se veut porteur d\u2019espoir pour les Burkinab\u00e8, en particulier ceux affect\u00e9s par le terrorisme. Il vise \u00e9galement \u00e0 encourager les forces combattantes patriotiques. \u00ab Ce concert, c\u2019est pour donner de la voix aux sans-voix afin qu\u2019ils puissent \u00e9vacuer tout ce qu\u2019ils ont v\u00e9cu \u00bb, a pr\u00e9cis\u00e9 Camille Ou\u00e9draogo, chef de projet. L\u2019initiative cherche aussi \u00e0 renforcer la fiert\u00e9 nationale et \u00e0 promouvoir un dialogue entre les diff\u00e9rentes communaut\u00e9s du Burkina Faso.<\/p>\n<p>L\u2019\u00e9v\u00e9nement proposera une programmation vari\u00e9e comprenant des musiques classiques, traditionnelles, contemporaines et de fusion. Des spectacles de com\u00e9die musicale, de chor\u00e9graphie et d\u2019acrobaties viendront enrichir cette soir\u00e9e culturelle. Une des innovations cette ann\u00e9e est l\u2019ouverture \u00e0 l\u2019Alliance des \u00c9tats du Sahel (AES), avec la participation d\u2019artistes maliens et nig\u00e9riens, tels que Bonkana Ma\u00efga et Kitary. Des figures embl\u00e9matiques de la musique burkinab\u00e8 comme Alif Naaba, Nathana\u00ebl Minoungou et Smarty seront \u00e9galement de la partie. Pr\u00e9sent lors de la conf\u00e9rence de presse, Smarty a f\u00e9licit\u00e9 le Grand Ch\u0153ur Polyphonique de Ouagadougou pour leur engagement et leur professionnalisme.<\/p>\n<p>Sous le parrainage des minist\u00e8res de la D\u00e9fense, de la Culture, de la Coop\u00e9ration r\u00e9gionale et de la S\u00e9curit\u00e9, cette deuxi\u00e8me \u00e9dition des <em>Polyphonies pour la Paix<\/em> se distingue par une volont\u00e9 de promouvoir la paix \u00e0 travers l\u2019art et la musique. Le Capitaine Aim\u00e9e C\u00e9saire Ou\u00e9draogo, membre du ch\u0153ur et Commandant de l\u2019escadron musique de la Gendarmerie Nationale, a soulign\u00e9 que cette initiative est n\u00e9e du d\u00e9sir de contribuer \u00e0 un avenir meilleur, en rappelant que \u00ab les codes de la musique savante peuvent s\u2019entrelacer avec ceux de la musique traditionnelle, tout en respectant les standards internationaux. \u00bb<\/p>\n<p>Ce concert est une invitation \u00e0 la solidarit\u00e9, \u00e0 l\u2019espoir, et \u00e0 la r\u00e9affirmation de l\u2019unit\u00e9 burkinab\u00e8. Rendez-vous est donn\u00e9 au Monument des Martyrs pour une soir\u00e9e musicale qui promet d\u2019\u00eatre inoubliable.<\/p>\n<p style=\"text-align: right;\"><strong>Par Vox Sahel\u00a0<\/strong><\/p>\n","protected":false},"excerpt":{"rendered":"<p>Le Grand Ch\u0153ur Polyphonique de Ouagadougou a d\u00e9voil\u00e9 le programme de la deuxi\u00e8me \u00e9dition des<\/p>\n","protected":false},"author":2,"featured_media":594,"comment_status":"open","ping_status":"open","sticky":false,"template":"","format":"standard","meta":{"_et_pb_use_builder":"","_et_pb_old_content":"","_et_gb_content_width":"","footnotes":""},"categories":[13],"tags":[341,18,65,294,340],"class_list":["post-593","post","type-post","status-publish","format-standard","has-post-thumbnail","hentry","category-culture","tag-bonkana-maiga","tag-burkina-faso","tag-culture","tag-musique","tag-smarty"],"yoast_head":"<!-- This site is optimized with the Yoast SEO plugin v27.5 - https:\/\/yoast.com\/product\/yoast-seo-wordpress\/ -->\n<title>Musique\u00a0: Ouagadougou accueille la 2e \u00e9dition des Polyphonies pour la Paix - Vox Sahel<\/title>\n<meta name=\"robots\" content=\"index, follow, max-snippet:-1, max-image-preview:large, max-video-preview:-1\" \/>\n<link rel=\"canonical\" href=\"https:\/\/voxsahel.com\/?p=593\" \/>\n<meta property=\"og:locale\" content=\"fr_FR\" \/>\n<meta property=\"og:type\" content=\"article\" \/>\n<meta property=\"og:title\" content=\"Musique\u00a0: Ouagadougou accueille la 2e \u00e9dition des Polyphonies pour la Paix - Vox Sahel\" \/>\n<meta property=\"og:description\" content=\"Le Grand Ch\u0153ur Polyphonique de Ouagadougou a d\u00e9voil\u00e9 le programme de la deuxi\u00e8me \u00e9dition des\" \/>\n<meta property=\"og:url\" content=\"https:\/\/voxsahel.com\/?p=593\" \/>\n<meta property=\"og:site_name\" content=\"Vox Sahel\" \/>\n<meta property=\"article:publisher\" content=\"https:\/\/www.facebook.com\/journal.voxsahel\" \/>\n<meta property=\"article:published_time\" content=\"2024-10-12T14:47:19+00:00\" \/>\n<meta property=\"og:image\" content=\"https:\/\/voxsahel.com\/wp-content\/uploads\/2024\/10\/Polyphonies-pour-la-Paix.jpg\" \/>\n\t<meta property=\"og:image:width\" content=\"2048\" \/>\n\t<meta property=\"og:image:height\" content=\"1366\" \/>\n\t<meta property=\"og:image:type\" content=\"image\/jpeg\" \/>\n<meta name=\"author\" content=\"Vox Sahel\" \/>\n<meta name=\"twitter:card\" content=\"summary_large_image\" \/>\n<meta name=\"twitter:label1\" content=\"\u00c9crit par\" \/>\n\t<meta name=\"twitter:data1\" content=\"Vox Sahel\" \/>\n\t<meta name=\"twitter:label2\" content=\"Dur\u00e9e de lecture estim\u00e9e\" \/>\n\t<meta name=\"twitter:data2\" content=\"3 minutes\" \/>\n<script type=\"application\/ld+json\" class=\"yoast-schema-graph\">{\"@context\":\"https:\\\/\\\/schema.org\",\"@graph\":[{\"@type\":\"Article\",\"@id\":\"https:\\\/\\\/voxsahel.com\\\/?p=593#article\",\"isPartOf\":{\"@id\":\"https:\\\/\\\/voxsahel.com\\\/?p=593\"},\"author\":{\"name\":\"Vox Sahel\",\"@id\":\"https:\\\/\\\/voxsahel.com\\\/#\\\/schema\\\/person\\\/b4043608248f8fa227cd760e7ff1e19e\"},\"headline\":\"Musique\u00a0: Ouagadougou accueille la 2e \u00e9dition des Polyphonies pour la Paix\",\"datePublished\":\"2024-10-12T14:47:19+00:00\",\"mainEntityOfPage\":{\"@id\":\"https:\\\/\\\/voxsahel.com\\\/?p=593\"},\"wordCount\":410,\"commentCount\":0,\"publisher\":{\"@id\":\"https:\\\/\\\/voxsahel.com\\\/#organization\"},\"image\":{\"@id\":\"https:\\\/\\\/voxsahel.com\\\/?p=593#primaryimage\"},\"thumbnailUrl\":\"https:\\\/\\\/voxsahel.com\\\/wp-content\\\/uploads\\\/2024\\\/10\\\/Polyphonies-pour-la-Paix.jpg\",\"keywords\":[\"Bonkana Ma\u00efga\",\"Burkina Faso\",\"Culture\",\"Musique\",\"Smarty\"],\"articleSection\":[\"CULTURE\"],\"inLanguage\":\"fr-FR\",\"potentialAction\":[{\"@type\":\"CommentAction\",\"name\":\"Comment\",\"target\":[\"https:\\\/\\\/voxsahel.com\\\/?p=593#respond\"]}]},{\"@type\":\"WebPage\",\"@id\":\"https:\\\/\\\/voxsahel.com\\\/?p=593\",\"url\":\"https:\\\/\\\/voxsahel.com\\\/?p=593\",\"name\":\"Musique\u00a0: Ouagadougou accueille la 2e \u00e9dition des Polyphonies pour la Paix - Vox Sahel\",\"isPartOf\":{\"@id\":\"https:\\\/\\\/voxsahel.com\\\/#website\"},\"primaryImageOfPage\":{\"@id\":\"https:\\\/\\\/voxsahel.com\\\/?p=593#primaryimage\"},\"image\":{\"@id\":\"https:\\\/\\\/voxsahel.com\\\/?p=593#primaryimage\"},\"thumbnailUrl\":\"https:\\\/\\\/voxsahel.com\\\/wp-content\\\/uploads\\\/2024\\\/10\\\/Polyphonies-pour-la-Paix.jpg\",\"datePublished\":\"2024-10-12T14:47:19+00:00\",\"breadcrumb\":{\"@id\":\"https:\\\/\\\/voxsahel.com\\\/?p=593#breadcrumb\"},\"inLanguage\":\"fr-FR\",\"potentialAction\":[{\"@type\":\"ReadAction\",\"target\":[\"https:\\\/\\\/voxsahel.com\\\/?p=593\"]}]},{\"@type\":\"ImageObject\",\"inLanguage\":\"fr-FR\",\"@id\":\"https:\\\/\\\/voxsahel.com\\\/?p=593#primaryimage\",\"url\":\"https:\\\/\\\/voxsahel.com\\\/wp-content\\\/uploads\\\/2024\\\/10\\\/Polyphonies-pour-la-Paix.jpg\",\"contentUrl\":\"https:\\\/\\\/voxsahel.com\\\/wp-content\\\/uploads\\\/2024\\\/10\\\/Polyphonies-pour-la-Paix.jpg\",\"width\":2048,\"height\":1366,\"caption\":\"Musique : Ouagadougou accueille la 2e \u00e9dition des Polyphonies pour la Paix\"},{\"@type\":\"BreadcrumbList\",\"@id\":\"https:\\\/\\\/voxsahel.com\\\/?p=593#breadcrumb\",\"itemListElement\":[{\"@type\":\"ListItem\",\"position\":1,\"name\":\"Home\",\"item\":\"https:\\\/\\\/voxsahel.com\\\/\"},{\"@type\":\"ListItem\",\"position\":2,\"name\":\"Musique\u00a0: Ouagadougou accueille la 2e \u00e9dition des Polyphonies pour la Paix\"}]},{\"@type\":\"WebSite\",\"@id\":\"https:\\\/\\\/voxsahel.com\\\/#website\",\"url\":\"https:\\\/\\\/voxsahel.com\\\/\",\"name\":\"Vox Sahel\",\"description\":\"Informez-vous sur le Sahel en un clic\",\"publisher\":{\"@id\":\"https:\\\/\\\/voxsahel.com\\\/#organization\"},\"potentialAction\":[{\"@type\":\"SearchAction\",\"target\":{\"@type\":\"EntryPoint\",\"urlTemplate\":\"https:\\\/\\\/voxsahel.com\\\/?s={search_term_string}\"},\"query-input\":{\"@type\":\"PropertyValueSpecification\",\"valueRequired\":true,\"valueName\":\"search_term_string\"}}],\"inLanguage\":\"fr-FR\"},{\"@type\":\"Organization\",\"@id\":\"https:\\\/\\\/voxsahel.com\\\/#organization\",\"name\":\"Vox Sahel\",\"url\":\"https:\\\/\\\/voxsahel.com\\\/\",\"logo\":{\"@type\":\"ImageObject\",\"inLanguage\":\"fr-FR\",\"@id\":\"https:\\\/\\\/voxsahel.com\\\/#\\\/schema\\\/logo\\\/image\\\/\",\"url\":\"https:\\\/\\\/voxsahel.com\\\/wp-content\\\/uploads\\\/2024\\\/09\\\/Logo-Vox-Sahel.jpg\",\"contentUrl\":\"https:\\\/\\\/voxsahel.com\\\/wp-content\\\/uploads\\\/2024\\\/09\\\/Logo-Vox-Sahel.jpg\",\"width\":1181,\"height\":848,\"caption\":\"Vox Sahel\"},\"image\":{\"@id\":\"https:\\\/\\\/voxsahel.com\\\/#\\\/schema\\\/logo\\\/image\\\/\"},\"sameAs\":[\"https:\\\/\\\/www.facebook.com\\\/journal.voxsahel\"]},{\"@type\":\"Person\",\"@id\":\"https:\\\/\\\/voxsahel.com\\\/#\\\/schema\\\/person\\\/b4043608248f8fa227cd760e7ff1e19e\",\"name\":\"Vox Sahel\",\"image\":{\"@type\":\"ImageObject\",\"inLanguage\":\"fr-FR\",\"@id\":\"https:\\\/\\\/secure.gravatar.com\\\/avatar\\\/f70e7fa0cb9b29d4a7c5788d6eb2e9ab4d3135cbae1c9161810fdf77a8964699?s=96&d=mm&r=g\",\"url\":\"https:\\\/\\\/secure.gravatar.com\\\/avatar\\\/f70e7fa0cb9b29d4a7c5788d6eb2e9ab4d3135cbae1c9161810fdf77a8964699?s=96&d=mm&r=g\",\"contentUrl\":\"https:\\\/\\\/secure.gravatar.com\\\/avatar\\\/f70e7fa0cb9b29d4a7c5788d6eb2e9ab4d3135cbae1c9161810fdf77a8964699?s=96&d=mm&r=g\",\"caption\":\"Vox Sahel\"},\"sameAs\":[\"http:\\\/\\\/www.voxsahel.com\"],\"url\":\"https:\\\/\\\/voxsahel.com\\\/?author=2\"}]}<\/script>\n<!-- \/ Yoast SEO plugin. -->","yoast_head_json":{"title":"Musique\u00a0: Ouagadougou accueille la 2e \u00e9dition des Polyphonies pour la Paix - Vox Sahel","robots":{"index":"index","follow":"follow","max-snippet":"max-snippet:-1","max-image-preview":"max-image-preview:large","max-video-preview":"max-video-preview:-1"},"canonical":"https:\/\/voxsahel.com\/?p=593","og_locale":"fr_FR","og_type":"article","og_title":"Musique\u00a0: Ouagadougou accueille la 2e \u00e9dition des Polyphonies pour la Paix - Vox Sahel","og_description":"Le Grand Ch\u0153ur Polyphonique de Ouagadougou a d\u00e9voil\u00e9 le programme de la deuxi\u00e8me \u00e9dition des","og_url":"https:\/\/voxsahel.com\/?p=593","og_site_name":"Vox Sahel","article_publisher":"https:\/\/www.facebook.com\/journal.voxsahel","article_published_time":"2024-10-12T14:47:19+00:00","og_image":[{"width":2048,"height":1366,"url":"https:\/\/voxsahel.com\/wp-content\/uploads\/2024\/10\/Polyphonies-pour-la-Paix.jpg","type":"image\/jpeg"}],"author":"Vox Sahel","twitter_card":"summary_large_image","twitter_misc":{"\u00c9crit par":"Vox Sahel","Dur\u00e9e de lecture estim\u00e9e":"3 minutes"},"schema":{"@context":"https:\/\/schema.org","@graph":[{"@type":"Article","@id":"https:\/\/voxsahel.com\/?p=593#article","isPartOf":{"@id":"https:\/\/voxsahel.com\/?p=593"},"author":{"name":"Vox Sahel","@id":"https:\/\/voxsahel.com\/#\/schema\/person\/b4043608248f8fa227cd760e7ff1e19e"},"headline":"Musique\u00a0: Ouagadougou accueille la 2e \u00e9dition des Polyphonies pour la Paix","datePublished":"2024-10-12T14:47:19+00:00","mainEntityOfPage":{"@id":"https:\/\/voxsahel.com\/?p=593"},"wordCount":410,"commentCount":0,"publisher":{"@id":"https:\/\/voxsahel.com\/#organization"},"image":{"@id":"https:\/\/voxsahel.com\/?p=593#primaryimage"},"thumbnailUrl":"https:\/\/voxsahel.com\/wp-content\/uploads\/2024\/10\/Polyphonies-pour-la-Paix.jpg","keywords":["Bonkana Ma\u00efga","Burkina Faso","Culture","Musique","Smarty"],"articleSection":["CULTURE"],"inLanguage":"fr-FR","potentialAction":[{"@type":"CommentAction","name":"Comment","target":["https:\/\/voxsahel.com\/?p=593#respond"]}]},{"@type":"WebPage","@id":"https:\/\/voxsahel.com\/?p=593","url":"https:\/\/voxsahel.com\/?p=593","name":"Musique\u00a0: Ouagadougou accueille la 2e \u00e9dition des Polyphonies pour la Paix - Vox Sahel","isPartOf":{"@id":"https:\/\/voxsahel.com\/#website"},"primaryImageOfPage":{"@id":"https:\/\/voxsahel.com\/?p=593#primaryimage"},"image":{"@id":"https:\/\/voxsahel.com\/?p=593#primaryimage"},"thumbnailUrl":"https:\/\/voxsahel.com\/wp-content\/uploads\/2024\/10\/Polyphonies-pour-la-Paix.jpg","datePublished":"2024-10-12T14:47:19+00:00","breadcrumb":{"@id":"https:\/\/voxsahel.com\/?p=593#breadcrumb"},"inLanguage":"fr-FR","potentialAction":[{"@type":"ReadAction","target":["https:\/\/voxsahel.com\/?p=593"]}]},{"@type":"ImageObject","inLanguage":"fr-FR","@id":"https:\/\/voxsahel.com\/?p=593#primaryimage","url":"https:\/\/voxsahel.com\/wp-content\/uploads\/2024\/10\/Polyphonies-pour-la-Paix.jpg","contentUrl":"https:\/\/voxsahel.com\/wp-content\/uploads\/2024\/10\/Polyphonies-pour-la-Paix.jpg","width":2048,"height":1366,"caption":"Musique : Ouagadougou accueille la 2e \u00e9dition des Polyphonies pour la Paix"},{"@type":"BreadcrumbList","@id":"https:\/\/voxsahel.com\/?p=593#breadcrumb","itemListElement":[{"@type":"ListItem","position":1,"name":"Home","item":"https:\/\/voxsahel.com\/"},{"@type":"ListItem","position":2,"name":"Musique\u00a0: Ouagadougou accueille la 2e \u00e9dition des Polyphonies pour la Paix"}]},{"@type":"WebSite","@id":"https:\/\/voxsahel.com\/#website","url":"https:\/\/voxsahel.com\/","name":"Vox Sahel","description":"Informez-vous sur le Sahel en un clic","publisher":{"@id":"https:\/\/voxsahel.com\/#organization"},"potentialAction":[{"@type":"SearchAction","target":{"@type":"EntryPoint","urlTemplate":"https:\/\/voxsahel.com\/?s={search_term_string}"},"query-input":{"@type":"PropertyValueSpecification","valueRequired":true,"valueName":"search_term_string"}}],"inLanguage":"fr-FR"},{"@type":"Organization","@id":"https:\/\/voxsahel.com\/#organization","name":"Vox Sahel","url":"https:\/\/voxsahel.com\/","logo":{"@type":"ImageObject","inLanguage":"fr-FR","@id":"https:\/\/voxsahel.com\/#\/schema\/logo\/image\/","url":"https:\/\/voxsahel.com\/wp-content\/uploads\/2024\/09\/Logo-Vox-Sahel.jpg","contentUrl":"https:\/\/voxsahel.com\/wp-content\/uploads\/2024\/09\/Logo-Vox-Sahel.jpg","width":1181,"height":848,"caption":"Vox Sahel"},"image":{"@id":"https:\/\/voxsahel.com\/#\/schema\/logo\/image\/"},"sameAs":["https:\/\/www.facebook.com\/journal.voxsahel"]},{"@type":"Person","@id":"https:\/\/voxsahel.com\/#\/schema\/person\/b4043608248f8fa227cd760e7ff1e19e","name":"Vox Sahel","image":{"@type":"ImageObject","inLanguage":"fr-FR","@id":"https:\/\/secure.gravatar.com\/avatar\/f70e7fa0cb9b29d4a7c5788d6eb2e9ab4d3135cbae1c9161810fdf77a8964699?s=96&d=mm&r=g","url":"https:\/\/secure.gravatar.com\/avatar\/f70e7fa0cb9b29d4a7c5788d6eb2e9ab4d3135cbae1c9161810fdf77a8964699?s=96&d=mm&r=g","contentUrl":"https:\/\/secure.gravatar.com\/avatar\/f70e7fa0cb9b29d4a7c5788d6eb2e9ab4d3135cbae1c9161810fdf77a8964699?s=96&d=mm&r=g","caption":"Vox Sahel"},"sameAs":["http:\/\/www.voxsahel.com"],"url":"https:\/\/voxsahel.com\/?author=2"}]}},"_links":{"self":[{"href":"https:\/\/voxsahel.com\/index.php?rest_route=\/wp\/v2\/posts\/593","targetHints":{"allow":["GET"]}}],"collection":[{"href":"https:\/\/voxsahel.com\/index.php?rest_route=\/wp\/v2\/posts"}],"about":[{"href":"https:\/\/voxsahel.com\/index.php?rest_route=\/wp\/v2\/types\/post"}],"author":[{"embeddable":true,"href":"https:\/\/voxsahel.com\/index.php?rest_route=\/wp\/v2\/users\/2"}],"replies":[{"embeddable":true,"href":"https:\/\/voxsahel.com\/index.php?rest_route=%2Fwp%2Fv2%2Fcomments&post=593"}],"version-history":[{"count":1,"href":"https:\/\/voxsahel.com\/index.php?rest_route=\/wp\/v2\/posts\/593\/revisions"}],"predecessor-version":[{"id":595,"href":"https:\/\/voxsahel.com\/index.php?rest_route=\/wp\/v2\/posts\/593\/revisions\/595"}],"wp:featuredmedia":[{"embeddable":true,"href":"https:\/\/voxsahel.com\/index.php?rest_route=\/wp\/v2\/media\/594"}],"wp:attachment":[{"href":"https:\/\/voxsahel.com\/index.php?rest_route=%2Fwp%2Fv2%2Fmedia&parent=593"}],"wp:term":[{"taxonomy":"category","embeddable":true,"href":"https:\/\/voxsahel.com\/index.php?rest_route=%2Fwp%2Fv2%2Fcategories&post=593"},{"taxonomy":"post_tag","embeddable":true,"href":"https:\/\/voxsahel.com\/index.php?rest_route=%2Fwp%2Fv2%2Ftags&post=593"}],"curies":[{"name":"wp","href":"https:\/\/api.w.org\/{rel}","templated":true}]}}