{"id":590,"date":"2024-10-12T12:52:37","date_gmt":"2024-10-12T12:52:37","guid":{"rendered":"https:\/\/voxsahel.com\/?p=590"},"modified":"2024-10-12T12:52:37","modified_gmt":"2024-10-12T12:52:37","slug":"aboudou-dabo-dabs-acteur-culturel-si-le-burkina-continue-dans-cette-posture-sans-proteger-son-marche-interieur-les-artistes-burkinabe-continueront-de-perdre-des-marches-et-se-verro","status":"publish","type":"post","link":"https:\/\/voxsahel.com\/?p=590","title":{"rendered":"Aboudou Dabo Dabs acteur culturel\u00a0: \u00ab\u00a0Si le Burkina continue dans cette posture sans prot\u00e9ger son march\u00e9 int\u00e9rieur, les artistes Burkinab\u00e8 continueront de perdre des march\u00e9s et se verront bloquer sur le march\u00e9 international\u00a0\u00bb"},"content":{"rendered":"<p><strong>Le showbiz burkinab\u00e8 est \u00e0 la crois\u00e9e des chemins depuis plusieurs ann\u00e9es. Il peine \u00e0 se faire une place sur la sc\u00e8ne internationale, tandis que des pays africains comme le Nigeria brillent de mille feux sur les sc\u00e8nes mondiales. Les artistes burkinab\u00e8, quant \u00e0 eux, malgr\u00e9 des concerts locaux et quelques tourn\u00e9es dans des cabarets en Europe ou en Am\u00e9rique, souffre d&rsquo;un manque de notori\u00e9t\u00e9 internationale. Le manager d&rsquo;artistes, qu&rsquo;il soit une personne physique ou morale li\u00e9e \u00e0 un artiste ou \u00e0 un groupe d&rsquo;artistes par un contrat ou un arrangement, est souvent une figure de l&rsquo;ombre. Leur nombre cro\u00eet en m\u00eame temps que celui des artistes au Burkina Faso. Travaillant pour des maisons de production ou de mani\u00e8re ind\u00e9pendante, ils agissent comme l&rsquo;interface entre l&rsquo;artiste et le monde ext\u00e9rieur. Bien que le m\u00e9tier de manager soit plus r\u00e9pandu dans le milieu musical, on le retrouve dans divers autres secteurs artistiques. Derri\u00e8re chaque artiste se cache une \u00e9quipe, o\u00f9 le manager occupe une place centrale. Au Burkina Faso comme ailleurs, ces professionnels restent souvent m\u00e9connus du grand public. Pour en savoir plus sur le showbiz burkinab\u00e8, nous avons rencontr\u00e9 l&rsquo;une des figures de cet univers : Aboudou Dabo, plus connu sous le pseudonyme de Dabs. Avec lui, nous avons abord\u00e9 les difficult\u00e9s du milieu ainsi que les perspectives.<\/strong><\/p>\n<p>&nbsp;<\/p>\n<p><strong>Pouvez-vous pr\u00e9senter votre parcours dans le domaine du management de carri\u00e8re d&rsquo;artistes ?<\/strong><\/p>\n<p>Je suis Aboudou Dabo plus connu sous le pseudonyme de Dabs. Je suis arriv\u00e9 dans le monde de la culture en 1992 apr\u00e8s avoir quitt\u00e9 la Radiot\u00e9l\u00e9vision du Burkina Faso. A l\u2019\u00e9poque, j\u2019\u00e9tais passionn\u00e9 du management culturel mais malheureusement quand j\u2019en parlais, personne ne savait ce que c\u2019est. Ma rencontre avec Ouepia Korabi\u00e9 fut des plus fructueuse car gr\u00e2ce \u00e0 lui j\u2019ai pu acqu\u00e9rir une documentation qu\u2019il avait rapport\u00e9 de la Belgique. Cette documentation m\u2019a permis de m\u2019initier au m\u00e9tier de manager culturel en autodidacte.\u00a0 J\u2019ai pu b\u00e9n\u00e9ficier par la suite de plusieurs formations. En 1994, je fonde la structure Universel Showbiz dont le si\u00e8ge sera fix\u00e9 en 1995 \u00e0 l\u2019Espace Culturel Espace Rencontre de Tanghin. Je travaille dans le management des artistes, la production musicale et la promotion du spectacle. J\u2019ai eu le plaisir de travailler sur le plan management avec des artistes comme le regrett\u00e9 Aou\u00e8 Gerard, Damso sko puis plus tard avec Pascal Kabor\u00e9, Rickson, Sana Bob, Fran\u00e7ois Bayala CPZ, Fat Lion, Dayisso, Grand Docteur,\u00a0 Ima Hado etc.\u00a0 Le management culturel que j\u2019ai appris inclut la capacit\u00e9 de conception et d\u2019organisation d\u2019\u00e9v\u00e9nements et de production d\u2019\u0153uvres artistiques diverses. J\u2019ai con\u00e7u plusieurs documents projets d\u2019\u00e9v\u00e8nements dont plusieurs festivals. En 2004, je suis devenu administrateur de la F\u00e9d\u00e9ration des festivals. J\u2019ai con\u00e7u plusieurs projets et r\u00e9alis\u00e9s des\u00e9v\u00e8nements, accompagn\u00e9 plusieurs projets culturels, r\u00e9alis\u00e9 dans la dynamique d\u2019accompagnement de la promotion plusieurs biographies d\u2019artistes. Je suis auteur de deux ouvrages \u00a0\u00bb Musique du Burkina Faso, Hier et Aujourd\u2019hui, Acteurs, Visages et Parcours Tome 1 \u00ab\u00a0, et \u00ab\u00a0Gestion d\u2019une carri\u00e8re musicale, la M\u00e9thode DABS, le Guide pratique \u00ab\u00a0. Je suis actuellement Directeur General de l\u2019entreprise culturel SUD EMBLEMES, la forme r\u00e9nov\u00e9e de Universel Show Biz, producteur de plusieurs artistes. Je suis Consultant en conception, promotion et d\u00e9veloppement de l\u2019\u00e9v\u00e8nementiel des festivals et des carri\u00e8res artistiques, membre de plusieurs, commissions de r\u00e9flexions ou de jury en qualit\u00e9 d\u2019expert, de conf\u00e9rencier ou de sp\u00e9cialiste de la musique burkinab\u00e8.<\/p>\n<p><strong>Comment \u00e9valuez-vous l&rsquo;\u00e9tat actuel du show-biz au Burkina Faso ?<\/strong><\/p>\n<p>D\u2019abord je tiens \u00e0 rappeler la signification du mot Show Business avec pour diminutif Show Biz.\u00a0\u00a0 Le Show Biz est un terme qui d\u00e9signe tous les aspects de l\u2019industrie du divertissement. En musique c\u2019est l\u2019aspect spectacle qui constitue son fondement. Bref, il d\u00e9signe l\u2019industrie du spectacle, l\u2019ensemble des activit\u00e9s commerciales li\u00e9es \u00e0 l\u2019exploitation en spectacle des \u0153uvres musicales.\u00a0 De nos jours, <strong>l\u2019ins\u00e9curit\u00e9 et l\u2019hydre terroriste ont port\u00e9 un coup \u00e9norme au d\u00e9veloppement du Show Biz<\/strong> et constituent de nos jours les principaux probl\u00e8mes. Si je dois \u00e9valuer l\u2019\u00e9tat actuel du Show Biz en d\u00e9pit de l\u2019ins\u00e9curit\u00e9, je dirais qu\u2019il y a eu une avanc\u00e9 substantielle. Mais avec les m\u00eames grandes tares qu\u2019il traine il y a plus de 40 ans notamment li\u00e9es \u00e0 l\u2019absence de salles professionnelles. Nous avons aussi assist\u00e9 \u00e0 une transformation du spectacle. D\u2019antan, les concerts constituaient la forme de cadre d\u2019expression le plus utilis\u00e9. Mais de nos jours, l\u2019animation et les festivals ont pris le pas sur les concerts. Le spectacle live peine toujours \u00e0 s\u2019imposer \u00e0 cause de la faiblesse des cachets propos\u00e9s par les promoteurs d\u00fb aussi entre autres \u00e0 l\u2019inacceptabilit\u00e9 financi\u00e8re de la logistique dont le co\u00fbt reste toujours \u00e9lev\u00e9 par rapport \u00e0 la formalisation de tout grand projet de d\u00e9veloppement de la musique. La ressource humaine reste faible et peu form\u00e9e malgr\u00e9 la naissance de plusieurs centres et d\u2019initiatives de formation artistiques et d\u2019administration culturelles. L\u2019insuffisance du financement du Show biz reste criarde avec une faiblesse du sponsoring et un accompagnement insuffisant de l\u2019Etat. La plus grande des difficult\u00e9s dans tout \u00e7a, c\u2019est l\u2019inexistence d\u2019un m\u00e9canisme structurant, fiable, de la circulation du spectacle dans tout le pays. Ce m\u00e9canisme est capable de contribuer de fa\u00e7on claire \u00e0 l\u2019\u00e9conomie nationale. Les tentatives de l\u2019\u00e9tat de structurer le monde du spectacle par l\u2019adoption d\u2019un certain nombre de textes avec peu de vision porte des r\u00e9sultats mitig\u00e9s. Je peux citer le statut de l\u2019artiste, le d\u00e9cret portant sur la licence d\u2019entrepreneur de spectacle etc. La diffusion effr\u00e9n\u00e9e de la musique d\u2019ailleurs a longtemps et fortement ralenti le respect du Burkinab\u00e8 \u00e0 sa propre culture, mettant en mal la fiert\u00e9 nationale de la jeunesse, d\u2019o\u00f9 l\u2019importance d\u2019instituer un quota de diffusion. La multiplication des organes m\u00e9diatiques qui devrait \u00eatre un atout de d\u00e9veloppement a plut\u00f4t desservi. La mauvaise qualit\u00e9 de nos musiques a toujours \u00e9t\u00e9 l\u2019argument principal servi par un certain nombre de m\u00e9dias et maquis pour ne pas diffuser la musique Burkinab\u00e8.\u00a0 Aujourd\u2019hui, cet argument est et a toujours \u00e9t\u00e9 obsol\u00e8te. Dans une vision \u00e9v\u00e8nementielle du Show biz, on voit des remplissages de stades avec des m\u00e9thodes et des mod\u00e8les \u00e9conomiques douteux, car des fois beaucoup de billets sont distribu\u00e9s par des sponsors et cautions morales (parrains, patrons etc.).<\/p>\n<p><strong>Quels sont les principaux d\u00e9fis auxquels font face les artistes burkinab\u00e8 de nos jours, selon vous ? <\/strong><\/p>\n<p>Les artistes musiciens font face de nos jours \u00e0 3 grands d\u00e9fis, \u00e0 mon avis : la formation, la cr\u00e9ation et la diffusion. Le plus grands des d\u00e9fis restent la diffusion. La diffusion m\u00e9diatique et la diffusion du spectacle. La diffusion dans les m\u00e9dias notamment radio, t\u00e9l\u00e9 ainsi que dans les maquis et bars, des artistes Burkinab\u00e8 bien qu\u2019am\u00e9lior\u00e9e dans ces derni\u00e8res ann\u00e9es reste probl\u00e9matique \u00e0 cause du d\u00e9dain de certains animateurs et DJ pour la musique Burkinab\u00e8, mais aussi du fait que beaucoup sont analphab\u00e8tes de notre musique.\u00a0 De nos jours, au regard de l\u2019inaccessibilit\u00e9 des sc\u00e8nes, plus de 80 % des artistes peuvent passer plus de six mois apr\u00e8s la sortie de leur album sans avoir une sc\u00e8ne fiable. Il joue pour la plupart pour leur \u00ab\u00a0promotion\u00a0\u00bb entre guillemet. Pourtant, la mise en \u0153uvre d\u2019un bon m\u00e9canisme de circulation du spectacle est capable de les employer utilement et de leur permettre de contribuer honorablement \u00e0 l\u2019\u00e9conomie nationale. Tout forcing pour appliquer des taxes dans le secteur de la musique sans ce m\u00e9canisme est une condamnation \u00e0 la pr\u00e9carit\u00e9 du monde culturel et un frein pour notre rayonnement international.<\/p>\n<p><strong>Comment la culture locale influence-t-elle le d\u00e9veloppement de la carri\u00e8re des artistes ?<\/strong><\/p>\n<p>La culture locale, parlant des arts traditionnels, a toujours \u00e9t\u00e9 en g\u00e9n\u00e9rale la base d\u2019appui de la cr\u00e9ation de nos artistes et aussi une bonne source d\u2019originalit\u00e9. Cependant, certains pans de nos cultures actuelles, parlant des traditions, ont fortement jou\u00e9 sur l\u2019accompagnement de la musique parmi ces pans, la place marginale de l\u2019artiste dans nos soci\u00e9t\u00e9s apr\u00e8s la colonisation, le d\u00e9ni de nos propres valeurs entre autres. Longtemps, la musique n\u2019a jamais \u00e9t\u00e9 consid\u00e9r\u00e9e comme une profession et cela persiste toujours chez la plupart des Burkinab\u00e8.<\/p>\n<p><strong>Existe-t-il des opportunit\u00e9s sp\u00e9cifiques que vous observez dans le secteur culturel burkinab\u00e8 ?<\/strong><\/p>\n<p>Dans ce contexte de terrorisme et de manque de m\u00e9canisme rentable de circulation des artistes j\u2019avoue que les opportunit\u00e9s sont rares. N\u00e9anmoins, je pense que l\u2019internet est une grande opportunit\u00e9. Avec ses canaux de diffusion et les opportunit\u00e9s de contacts multiformes, l\u2019internet offre \u00e0 chaque artiste une chance.\u00a0Mais il faut savoir encore la saisir.<\/p>\n<p><strong>Quelles sont les comp\u00e9tences essentielles pour un artiste souhaitant g\u00e9rer sa carri\u00e8re efficacement ? <\/strong><\/p>\n<p>Les grandes comp\u00e9tences essentielles n\u00e9cessaires pour une bonne gestion de carri\u00e8re chez un artiste sont\u00a0: le talent, une capacit\u00e9 de vision et une bonne hygi\u00e8ne de vie.<\/p>\n<p><strong>Quel r\u00f4le joue un manager dans le d\u00e9veloppement de la carri\u00e8re d&rsquo;un artiste au Burkina Faso ?<\/strong><\/p>\n<p><strong>\u00a0<\/strong>Tout sauf chanter. Le manager est le principal point d\u2019acc\u00e8s \u00e0 l\u2019artiste. Il constitue le principal fondement du d\u00e9veloppement de l\u2019artiste car c\u2019est lui qui con\u00e7oit le plan de carri\u00e8re de l\u2019artiste, l\u2019ex\u00e9cute et le g\u00e8re.<\/p>\n<p><strong>Comment les artistes peuvent-ils mieux se positionner sur le march\u00e9 national et international ?<\/strong><\/p>\n<p>Chaque artiste a la possibilit\u00e9 de se positionner sur le plan national et international. Cela va d\u00e9pendre essentiellement de son talent, de sa capacit\u00e9 d\u2019ouverture artistique et surtout, de sa capacit\u00e9 \u00e0 mettre en place une bonne organisation autour de lui. Le talent et la capacit\u00e9 d\u2019ouverture artistique constituent le fondement et un bon plan de carri\u00e8re pour atteindre toutes les cimes artistiques nationales et internationales.<\/p>\n<p><strong>Quelle importance accordez-vous \u00e0 la formation pour les artistes et les managers dans le secteur ? <\/strong><\/p>\n<p>La formation est essentielle dans toutes d\u00e9marches et de gestion artistique. Il y a certes d\u2019autres artistes qui naissent avec leurs talents mais il leur faut une formation scientifique pour mieux arborer la carri\u00e8re d\u2019artiste. Quant au Manager, il peut aussi apprendre dans le tas en autodidacte mais c\u2019est un chemin long. C\u2019est pourquoi je recommande plus la formation, m\u00eame si ce ne serait pas une formation compl\u00e8tement acad\u00e9mique. Il faudrait participer aux sessions de formations ponctuelles qui peuvent donner les rudiments pour un meilleur acc\u00e8s aux diff\u00e9rents paliers du m\u00e9tier. Il faut se dire que dans tous les m\u00e9tiers d\u2019artistes c\u2019est la passion qui te donne l\u2019envie et l\u2019ambition d\u2019apprendre sans la passion tout est difficile.<\/p>\n<p><strong>Quelles formations sp\u00e9cifiques recommandez-vous pour les artistes en herbe ? <\/strong><\/p>\n<p>Cela d\u00e9pendra du choix d\u2019orientation de chaque artiste. Mais ce que je sais qui tr\u00e8s utile pour les artistes d\u00e9butants c\u2019est la formation en pr\u00e9paration de carri\u00e8re. Cette formation permet \u00e0 l\u2019artiste de voir l\u2019univers de la carri\u00e8re artistique et d\u2019op\u00e9rer les choix judicieux de formations n\u00e9cessaires pour sa carri\u00e8re.<\/p>\n<p><strong>Comment sensibiliser les jeunes artistes aux aspects commerciaux de leur carri\u00e8re ?<\/strong><\/p>\n<p>Comment sensibiliser les jeunes artistes aux aspects commerciaux, je pense que c\u2019est \u00e0 travers les formations en pr\u00e9paration de carri\u00e8re. Et plus tard, \u00e0 travers les partenaires qu\u2019il se dotera comme les Managers, les Producteurs etc.<\/p>\n<p><strong>Comment apercevez-vous le show-biz burkinab\u00e8 dans les prochaines ann\u00e9es ? <\/strong><\/p>\n<p>Difficile si nous n\u2019apprenons pas \u00e0 lire le monde. Chaque Pays s\u2019ouvre \u00e0 travers l\u2019internet et se barricade \u00e0 travers des mesures de protection rendant tr\u00e8s difficile les acc\u00e8s au march\u00e9 \u00e0 l\u2019international. <strong>Si le Burkina Faso continue dans cette posture sans prot\u00e9ger son march\u00e9 int\u00e9rieur, les artistes Burkinab\u00e8 continueront de perdre des march\u00e9s \u00e0 l\u2019int\u00e9rieur et se verront bloqu\u00e9s sur le march\u00e9 international<\/strong>. Aussi, d\u2019une autre fa\u00e7on, je vois l\u2019\u00e9volution positive au regard du renforcement des logistiques artistiques, des chutes progressives des barri\u00e8res li\u00e9es \u00e0 des facteurs socioculturelles, la volont\u00e9 politique affich\u00e9e des autorit\u00e9s sur la place de la culture dans la conqu\u00eate de notre souverainet\u00e9 , ce qui peut augurer plus de d\u00e9cisions et d\u2019actions administratives, financi\u00e8res et d\u2019investissements multiformes capables de mieux structurer et cultiver l\u2019\u00e9conomie culturelle, gage d\u2019un avenir radieux porteur d\u2019identit\u00e9 et de devises.<\/p>\n<p><strong>Comment la technologie a-t-elle modifi\u00e9 le paysage du show-biz burkinab\u00e8 ?<\/strong><\/p>\n<p>La technologie a vraiment modifi\u00e9 le paysage du show-biz burkinab\u00e8. Elle a facilit\u00e9 l\u2019acc\u00e8s aux moyens d\u2019enregistrement, effriter l\u2019\u00e9lan d\u2019apprentissage, noy\u00e9 quelque fois nos cultures, ouvert nos cr\u00e9ations au monde, am\u00e9liorer l\u2019acc\u00e8s \u00e0 la musique, \u00e9branler la structuration traditionnelle de la musique, am\u00e9liorer la communication de masse, multiplier \u00e0 plusieurs degr\u00e9 le nombre d\u2019artistes etc. Sur le plan de l\u2019apprentissage, d\u2019antan, seuls les passages dans des orchestres ou l\u2019apprentissage \u00e0 travers un maitre pouvaient ouvrir un artiste au studio d\u2019enregistrement et \u00e0 la sc\u00e8ne. De nos jours, on peut directement partir au studio pr\u00e9parer ses \u0153uvres, ensuite aller \u00e0 l\u2019assaut m\u00e9diatique et des sc\u00e8nes. D\u2019antan il y avait des producteurs. Maintenant tr\u00e8s peu de personnes s\u2019investissent car l\u2019\u00e9volution des supports de musique a fait \u00e9crouler le march\u00e9. Aussi de nos jours un artiste peu se construire sans passer par les m\u00e9dias traditionnels (radio, t\u00e9l\u00e9, journaux \u2026). La technologie a catalys\u00e9 l\u2019information et la communication a permis \u00e0 beaucoup d\u2019artistes de remplir des salles et m\u00eame des stades. Bref la technologie a vraiment modifi\u00e9 le paysage du Show biz.<\/p>\n<p><strong>Quelles plateformes num\u00e9riques sont les plus efficaces pour la promotion des artistes au Burkina Faso ?<\/strong><\/p>\n<p>Toutes ou presque toutes sont efficaces. Seulement, il faut savoir faire les choix et les utiliser. Il faut aussi reconnaitre que certains sont plus populaires que d\u2019autres.\u00a0 Aussi, la port\u00e9e ou l\u2019impact d\u2019une plateforme diff\u00e8re d\u2019un pays \u00e0 un autre. Ce n\u2019est pas qu\u2019une plateforme est plus populaire que l\u2019autre que, si tu l\u2019utilise, tu peux facilement atteindre tes fins. Plusieurs facteurs conditionnent la r\u00e9ussite sur les plateformes.<\/p>\n<p><strong>Quels changements souhaiteriez-vous voir pour am\u00e9liorer le secteur ?<\/strong><\/p>\n<p>La mise en place d\u2019un m\u00e9canisme huil\u00e9 de circulation des artistes sur le plan nationale et international. Ce m\u00e9canisme suscitera la logistique ad\u00e9quate, la ressource humaine n\u00e9cessaire et une meilleure structuration du milieu culturel.<\/p>\n<p><strong>Quels conseils donneriez-vous aux jeunes artistes qui d\u00e9butent dans l&rsquo;industrie ?<\/strong><\/p>\n<p>Moi en tant que Manager, le plus grand conseil que je donne aux jeunes artistes est de suivre des cours de pr\u00e9parations de carri\u00e8re. Les cours de pr\u00e9parations de carri\u00e8re leur donneront une meilleure connaissance du milieu culturel et des rudiments clairs sur ce qui les attend dans une carri\u00e8re.<\/p>\n<p><strong>Avez-vous des remarques ou suggestions suppl\u00e9mentaires concernant la gestion des carri\u00e8res d&rsquo;artistes au Burkina Faso ?<\/strong><\/p>\n<p>Il y a tr\u00e8s peu de Managers pour un tr\u00e8s important nombre d\u2019artistes. Il faudrait davantage de managers. Il faut plus de formations pour les Managers. Il faut aussi que les Manager acceptent de se former. Au Burkina, les gens ont l\u2019habitude de croire que c\u2019est facile d\u2019\u00eatre Manager, puisqu\u2019ils cantonnent le r\u00f4le du Manager \u00e0 quelqu\u2019un qui cherche un contrat pour un artiste. Les artistes eux-m\u00eames ne savent pas le r\u00f4le d\u2019un Manager. Ce qui reste critique. Les Managers que je forme se retrouvent \u00e0 travailler plus dans l\u2019\u00e9v\u00e8nementiel. Si je demande pourquoi ce choix, ils me disent que les artistes en g\u00e9n\u00e9ral ne connaissent pas le r\u00f4le du Manager et il y a trop de conflit. Mais avec l\u2019\u00e9v\u00e8nementiel, l\u2019argent est plus rapide.\u00a0 Tant qu\u2019il n\u2019existera pas un m\u00e9canisme fiable de circulation des artistes, il serait tr\u00e8s difficile que le secteur burkinab\u00e8 soit \u00e9conomiquement fiable.<\/p>\n","protected":false},"excerpt":{"rendered":"<p>Le showbiz burkinab\u00e8 est \u00e0 la crois\u00e9e des chemins depuis plusieurs ann\u00e9es. Il peine \u00e0<\/p>\n","protected":false},"author":2,"featured_media":591,"comment_status":"open","ping_status":"open","sticky":false,"template":"","format":"standard","meta":{"_et_pb_use_builder":"","_et_pb_old_content":"","_et_gb_content_width":"","footnotes":""},"categories":[11],"tags":[18,65,294,339],"class_list":["post-590","post","type-post","status-publish","format-standard","has-post-thumbnail","hentry","category-interview","tag-burkina-faso","tag-culture","tag-musique","tag-show-biz"],"yoast_head":"<!-- This site is optimized with the Yoast SEO plugin v27.5 - https:\/\/yoast.com\/product\/yoast-seo-wordpress\/ -->\n<title>Aboudou Dabo Dabs acteur culturel\u00a0: \u00ab\u00a0Si le Burkina continue dans cette posture sans prot\u00e9ger son march\u00e9 int\u00e9rieur, les artistes Burkinab\u00e8 continueront de perdre des march\u00e9s et se verront bloquer sur le march\u00e9 international\u00a0\u00bb - Vox Sahel<\/title>\n<meta name=\"robots\" content=\"index, follow, max-snippet:-1, max-image-preview:large, max-video-preview:-1\" \/>\n<link rel=\"canonical\" href=\"https:\/\/voxsahel.com\/?p=590\" \/>\n<meta property=\"og:locale\" content=\"fr_FR\" \/>\n<meta property=\"og:type\" content=\"article\" \/>\n<meta property=\"og:title\" content=\"Aboudou Dabo Dabs acteur culturel\u00a0: \u00ab\u00a0Si le Burkina continue dans cette posture sans prot\u00e9ger son march\u00e9 int\u00e9rieur, les artistes Burkinab\u00e8 continueront de perdre des march\u00e9s et se verront bloquer sur le march\u00e9 international\u00a0\u00bb - Vox Sahel\" \/>\n<meta property=\"og:description\" content=\"Le showbiz burkinab\u00e8 est \u00e0 la crois\u00e9e des chemins depuis plusieurs ann\u00e9es. Il peine \u00e0\" \/>\n<meta property=\"og:url\" content=\"https:\/\/voxsahel.com\/?p=590\" \/>\n<meta property=\"og:site_name\" content=\"Vox Sahel\" \/>\n<meta property=\"article:publisher\" content=\"https:\/\/www.facebook.com\/journal.voxsahel\" \/>\n<meta property=\"article:published_time\" content=\"2024-10-12T12:52:37+00:00\" \/>\n<meta property=\"og:image\" content=\"https:\/\/voxsahel.com\/wp-content\/uploads\/2024\/10\/1.jpg\" \/>\n\t<meta property=\"og:image:width\" content=\"960\" \/>\n\t<meta property=\"og:image:height\" content=\"1280\" \/>\n\t<meta property=\"og:image:type\" content=\"image\/jpeg\" \/>\n<meta name=\"author\" content=\"Vox Sahel\" \/>\n<meta name=\"twitter:card\" content=\"summary_large_image\" \/>\n<meta name=\"twitter:label1\" content=\"\u00c9crit par\" \/>\n\t<meta name=\"twitter:data1\" content=\"Vox Sahel\" \/>\n\t<meta name=\"twitter:label2\" content=\"Dur\u00e9e de lecture estim\u00e9e\" \/>\n\t<meta name=\"twitter:data2\" content=\"13 minutes\" \/>\n<script type=\"application\/ld+json\" class=\"yoast-schema-graph\">{\"@context\":\"https:\\\/\\\/schema.org\",\"@graph\":[{\"@type\":\"Article\",\"@id\":\"https:\\\/\\\/voxsahel.com\\\/?p=590#article\",\"isPartOf\":{\"@id\":\"https:\\\/\\\/voxsahel.com\\\/?p=590\"},\"author\":{\"name\":\"Vox Sahel\",\"@id\":\"https:\\\/\\\/voxsahel.com\\\/#\\\/schema\\\/person\\\/b4043608248f8fa227cd760e7ff1e19e\"},\"headline\":\"Aboudou Dabo Dabs acteur culturel\u00a0: \u00ab\u00a0Si le Burkina continue dans cette posture sans prot\u00e9ger son march\u00e9 int\u00e9rieur, les artistes Burkinab\u00e8 continueront de perdre des march\u00e9s et se verront bloquer sur le march\u00e9 international\u00a0\u00bb\",\"datePublished\":\"2024-10-12T12:52:37+00:00\",\"mainEntityOfPage\":{\"@id\":\"https:\\\/\\\/voxsahel.com\\\/?p=590\"},\"wordCount\":2838,\"commentCount\":0,\"publisher\":{\"@id\":\"https:\\\/\\\/voxsahel.com\\\/#organization\"},\"image\":{\"@id\":\"https:\\\/\\\/voxsahel.com\\\/?p=590#primaryimage\"},\"thumbnailUrl\":\"https:\\\/\\\/voxsahel.com\\\/wp-content\\\/uploads\\\/2024\\\/10\\\/1.jpg\",\"keywords\":[\"Burkina Faso\",\"Culture\",\"Musique\",\"show-biz\"],\"articleSection\":[\"INTERVIEW\"],\"inLanguage\":\"fr-FR\",\"potentialAction\":[{\"@type\":\"CommentAction\",\"name\":\"Comment\",\"target\":[\"https:\\\/\\\/voxsahel.com\\\/?p=590#respond\"]}]},{\"@type\":\"WebPage\",\"@id\":\"https:\\\/\\\/voxsahel.com\\\/?p=590\",\"url\":\"https:\\\/\\\/voxsahel.com\\\/?p=590\",\"name\":\"Aboudou Dabo Dabs acteur culturel\u00a0: \u00ab\u00a0Si le Burkina continue dans cette posture sans prot\u00e9ger son march\u00e9 int\u00e9rieur, les artistes Burkinab\u00e8 continueront de perdre des march\u00e9s et se verront bloquer sur le march\u00e9 international\u00a0\u00bb - Vox Sahel\",\"isPartOf\":{\"@id\":\"https:\\\/\\\/voxsahel.com\\\/#website\"},\"primaryImageOfPage\":{\"@id\":\"https:\\\/\\\/voxsahel.com\\\/?p=590#primaryimage\"},\"image\":{\"@id\":\"https:\\\/\\\/voxsahel.com\\\/?p=590#primaryimage\"},\"thumbnailUrl\":\"https:\\\/\\\/voxsahel.com\\\/wp-content\\\/uploads\\\/2024\\\/10\\\/1.jpg\",\"datePublished\":\"2024-10-12T12:52:37+00:00\",\"breadcrumb\":{\"@id\":\"https:\\\/\\\/voxsahel.com\\\/?p=590#breadcrumb\"},\"inLanguage\":\"fr-FR\",\"potentialAction\":[{\"@type\":\"ReadAction\",\"target\":[\"https:\\\/\\\/voxsahel.com\\\/?p=590\"]}]},{\"@type\":\"ImageObject\",\"inLanguage\":\"fr-FR\",\"@id\":\"https:\\\/\\\/voxsahel.com\\\/?p=590#primaryimage\",\"url\":\"https:\\\/\\\/voxsahel.com\\\/wp-content\\\/uploads\\\/2024\\\/10\\\/1.jpg\",\"contentUrl\":\"https:\\\/\\\/voxsahel.com\\\/wp-content\\\/uploads\\\/2024\\\/10\\\/1.jpg\",\"width\":960,\"height\":1280,\"caption\":\"Aboudou Dabo Dabs, Directeur General de l\u2019entreprise culturel SUD EMBLEMES\"},{\"@type\":\"BreadcrumbList\",\"@id\":\"https:\\\/\\\/voxsahel.com\\\/?p=590#breadcrumb\",\"itemListElement\":[{\"@type\":\"ListItem\",\"position\":1,\"name\":\"Home\",\"item\":\"https:\\\/\\\/voxsahel.com\\\/\"},{\"@type\":\"ListItem\",\"position\":2,\"name\":\"Aboudou Dabo Dabs acteur culturel\u00a0: \u00ab\u00a0Si le Burkina continue dans cette posture sans prot\u00e9ger son march\u00e9 int\u00e9rieur, les artistes Burkinab\u00e8 continueront de perdre des march\u00e9s et se verront bloquer sur le march\u00e9 international\u00a0\u00bb\"}]},{\"@type\":\"WebSite\",\"@id\":\"https:\\\/\\\/voxsahel.com\\\/#website\",\"url\":\"https:\\\/\\\/voxsahel.com\\\/\",\"name\":\"Vox Sahel\",\"description\":\"Informez-vous sur le Sahel en un clic\",\"publisher\":{\"@id\":\"https:\\\/\\\/voxsahel.com\\\/#organization\"},\"potentialAction\":[{\"@type\":\"SearchAction\",\"target\":{\"@type\":\"EntryPoint\",\"urlTemplate\":\"https:\\\/\\\/voxsahel.com\\\/?s={search_term_string}\"},\"query-input\":{\"@type\":\"PropertyValueSpecification\",\"valueRequired\":true,\"valueName\":\"search_term_string\"}}],\"inLanguage\":\"fr-FR\"},{\"@type\":\"Organization\",\"@id\":\"https:\\\/\\\/voxsahel.com\\\/#organization\",\"name\":\"Vox Sahel\",\"url\":\"https:\\\/\\\/voxsahel.com\\\/\",\"logo\":{\"@type\":\"ImageObject\",\"inLanguage\":\"fr-FR\",\"@id\":\"https:\\\/\\\/voxsahel.com\\\/#\\\/schema\\\/logo\\\/image\\\/\",\"url\":\"https:\\\/\\\/voxsahel.com\\\/wp-content\\\/uploads\\\/2024\\\/09\\\/Logo-Vox-Sahel.jpg\",\"contentUrl\":\"https:\\\/\\\/voxsahel.com\\\/wp-content\\\/uploads\\\/2024\\\/09\\\/Logo-Vox-Sahel.jpg\",\"width\":1181,\"height\":848,\"caption\":\"Vox Sahel\"},\"image\":{\"@id\":\"https:\\\/\\\/voxsahel.com\\\/#\\\/schema\\\/logo\\\/image\\\/\"},\"sameAs\":[\"https:\\\/\\\/www.facebook.com\\\/journal.voxsahel\"]},{\"@type\":\"Person\",\"@id\":\"https:\\\/\\\/voxsahel.com\\\/#\\\/schema\\\/person\\\/b4043608248f8fa227cd760e7ff1e19e\",\"name\":\"Vox Sahel\",\"image\":{\"@type\":\"ImageObject\",\"inLanguage\":\"fr-FR\",\"@id\":\"https:\\\/\\\/secure.gravatar.com\\\/avatar\\\/f70e7fa0cb9b29d4a7c5788d6eb2e9ab4d3135cbae1c9161810fdf77a8964699?s=96&d=mm&r=g\",\"url\":\"https:\\\/\\\/secure.gravatar.com\\\/avatar\\\/f70e7fa0cb9b29d4a7c5788d6eb2e9ab4d3135cbae1c9161810fdf77a8964699?s=96&d=mm&r=g\",\"contentUrl\":\"https:\\\/\\\/secure.gravatar.com\\\/avatar\\\/f70e7fa0cb9b29d4a7c5788d6eb2e9ab4d3135cbae1c9161810fdf77a8964699?s=96&d=mm&r=g\",\"caption\":\"Vox Sahel\"},\"sameAs\":[\"http:\\\/\\\/www.voxsahel.com\"],\"url\":\"https:\\\/\\\/voxsahel.com\\\/?author=2\"}]}<\/script>\n<!-- \/ Yoast SEO plugin. -->","yoast_head_json":{"title":"Aboudou Dabo Dabs acteur culturel\u00a0: \u00ab\u00a0Si le Burkina continue dans cette posture sans prot\u00e9ger son march\u00e9 int\u00e9rieur, les artistes Burkinab\u00e8 continueront de perdre des march\u00e9s et se verront bloquer sur le march\u00e9 international\u00a0\u00bb - Vox Sahel","robots":{"index":"index","follow":"follow","max-snippet":"max-snippet:-1","max-image-preview":"max-image-preview:large","max-video-preview":"max-video-preview:-1"},"canonical":"https:\/\/voxsahel.com\/?p=590","og_locale":"fr_FR","og_type":"article","og_title":"Aboudou Dabo Dabs acteur culturel\u00a0: \u00ab\u00a0Si le Burkina continue dans cette posture sans prot\u00e9ger son march\u00e9 int\u00e9rieur, les artistes Burkinab\u00e8 continueront de perdre des march\u00e9s et se verront bloquer sur le march\u00e9 international\u00a0\u00bb - Vox Sahel","og_description":"Le showbiz burkinab\u00e8 est \u00e0 la crois\u00e9e des chemins depuis plusieurs ann\u00e9es. Il peine \u00e0","og_url":"https:\/\/voxsahel.com\/?p=590","og_site_name":"Vox Sahel","article_publisher":"https:\/\/www.facebook.com\/journal.voxsahel","article_published_time":"2024-10-12T12:52:37+00:00","og_image":[{"width":960,"height":1280,"url":"https:\/\/voxsahel.com\/wp-content\/uploads\/2024\/10\/1.jpg","type":"image\/jpeg"}],"author":"Vox Sahel","twitter_card":"summary_large_image","twitter_misc":{"\u00c9crit par":"Vox Sahel","Dur\u00e9e de lecture estim\u00e9e":"13 minutes"},"schema":{"@context":"https:\/\/schema.org","@graph":[{"@type":"Article","@id":"https:\/\/voxsahel.com\/?p=590#article","isPartOf":{"@id":"https:\/\/voxsahel.com\/?p=590"},"author":{"name":"Vox Sahel","@id":"https:\/\/voxsahel.com\/#\/schema\/person\/b4043608248f8fa227cd760e7ff1e19e"},"headline":"Aboudou Dabo Dabs acteur culturel\u00a0: \u00ab\u00a0Si le Burkina continue dans cette posture sans prot\u00e9ger son march\u00e9 int\u00e9rieur, les artistes Burkinab\u00e8 continueront de perdre des march\u00e9s et se verront bloquer sur le march\u00e9 international\u00a0\u00bb","datePublished":"2024-10-12T12:52:37+00:00","mainEntityOfPage":{"@id":"https:\/\/voxsahel.com\/?p=590"},"wordCount":2838,"commentCount":0,"publisher":{"@id":"https:\/\/voxsahel.com\/#organization"},"image":{"@id":"https:\/\/voxsahel.com\/?p=590#primaryimage"},"thumbnailUrl":"https:\/\/voxsahel.com\/wp-content\/uploads\/2024\/10\/1.jpg","keywords":["Burkina Faso","Culture","Musique","show-biz"],"articleSection":["INTERVIEW"],"inLanguage":"fr-FR","potentialAction":[{"@type":"CommentAction","name":"Comment","target":["https:\/\/voxsahel.com\/?p=590#respond"]}]},{"@type":"WebPage","@id":"https:\/\/voxsahel.com\/?p=590","url":"https:\/\/voxsahel.com\/?p=590","name":"Aboudou Dabo Dabs acteur culturel\u00a0: \u00ab\u00a0Si le Burkina continue dans cette posture sans prot\u00e9ger son march\u00e9 int\u00e9rieur, les artistes Burkinab\u00e8 continueront de perdre des march\u00e9s et se verront bloquer sur le march\u00e9 international\u00a0\u00bb - Vox Sahel","isPartOf":{"@id":"https:\/\/voxsahel.com\/#website"},"primaryImageOfPage":{"@id":"https:\/\/voxsahel.com\/?p=590#primaryimage"},"image":{"@id":"https:\/\/voxsahel.com\/?p=590#primaryimage"},"thumbnailUrl":"https:\/\/voxsahel.com\/wp-content\/uploads\/2024\/10\/1.jpg","datePublished":"2024-10-12T12:52:37+00:00","breadcrumb":{"@id":"https:\/\/voxsahel.com\/?p=590#breadcrumb"},"inLanguage":"fr-FR","potentialAction":[{"@type":"ReadAction","target":["https:\/\/voxsahel.com\/?p=590"]}]},{"@type":"ImageObject","inLanguage":"fr-FR","@id":"https:\/\/voxsahel.com\/?p=590#primaryimage","url":"https:\/\/voxsahel.com\/wp-content\/uploads\/2024\/10\/1.jpg","contentUrl":"https:\/\/voxsahel.com\/wp-content\/uploads\/2024\/10\/1.jpg","width":960,"height":1280,"caption":"Aboudou Dabo Dabs, Directeur General de l\u2019entreprise culturel SUD EMBLEMES"},{"@type":"BreadcrumbList","@id":"https:\/\/voxsahel.com\/?p=590#breadcrumb","itemListElement":[{"@type":"ListItem","position":1,"name":"Home","item":"https:\/\/voxsahel.com\/"},{"@type":"ListItem","position":2,"name":"Aboudou Dabo Dabs acteur culturel\u00a0: \u00ab\u00a0Si le Burkina continue dans cette posture sans prot\u00e9ger son march\u00e9 int\u00e9rieur, les artistes Burkinab\u00e8 continueront de perdre des march\u00e9s et se verront bloquer sur le march\u00e9 international\u00a0\u00bb"}]},{"@type":"WebSite","@id":"https:\/\/voxsahel.com\/#website","url":"https:\/\/voxsahel.com\/","name":"Vox Sahel","description":"Informez-vous sur le Sahel en un clic","publisher":{"@id":"https:\/\/voxsahel.com\/#organization"},"potentialAction":[{"@type":"SearchAction","target":{"@type":"EntryPoint","urlTemplate":"https:\/\/voxsahel.com\/?s={search_term_string}"},"query-input":{"@type":"PropertyValueSpecification","valueRequired":true,"valueName":"search_term_string"}}],"inLanguage":"fr-FR"},{"@type":"Organization","@id":"https:\/\/voxsahel.com\/#organization","name":"Vox Sahel","url":"https:\/\/voxsahel.com\/","logo":{"@type":"ImageObject","inLanguage":"fr-FR","@id":"https:\/\/voxsahel.com\/#\/schema\/logo\/image\/","url":"https:\/\/voxsahel.com\/wp-content\/uploads\/2024\/09\/Logo-Vox-Sahel.jpg","contentUrl":"https:\/\/voxsahel.com\/wp-content\/uploads\/2024\/09\/Logo-Vox-Sahel.jpg","width":1181,"height":848,"caption":"Vox Sahel"},"image":{"@id":"https:\/\/voxsahel.com\/#\/schema\/logo\/image\/"},"sameAs":["https:\/\/www.facebook.com\/journal.voxsahel"]},{"@type":"Person","@id":"https:\/\/voxsahel.com\/#\/schema\/person\/b4043608248f8fa227cd760e7ff1e19e","name":"Vox Sahel","image":{"@type":"ImageObject","inLanguage":"fr-FR","@id":"https:\/\/secure.gravatar.com\/avatar\/f70e7fa0cb9b29d4a7c5788d6eb2e9ab4d3135cbae1c9161810fdf77a8964699?s=96&d=mm&r=g","url":"https:\/\/secure.gravatar.com\/avatar\/f70e7fa0cb9b29d4a7c5788d6eb2e9ab4d3135cbae1c9161810fdf77a8964699?s=96&d=mm&r=g","contentUrl":"https:\/\/secure.gravatar.com\/avatar\/f70e7fa0cb9b29d4a7c5788d6eb2e9ab4d3135cbae1c9161810fdf77a8964699?s=96&d=mm&r=g","caption":"Vox Sahel"},"sameAs":["http:\/\/www.voxsahel.com"],"url":"https:\/\/voxsahel.com\/?author=2"}]}},"_links":{"self":[{"href":"https:\/\/voxsahel.com\/index.php?rest_route=\/wp\/v2\/posts\/590","targetHints":{"allow":["GET"]}}],"collection":[{"href":"https:\/\/voxsahel.com\/index.php?rest_route=\/wp\/v2\/posts"}],"about":[{"href":"https:\/\/voxsahel.com\/index.php?rest_route=\/wp\/v2\/types\/post"}],"author":[{"embeddable":true,"href":"https:\/\/voxsahel.com\/index.php?rest_route=\/wp\/v2\/users\/2"}],"replies":[{"embeddable":true,"href":"https:\/\/voxsahel.com\/index.php?rest_route=%2Fwp%2Fv2%2Fcomments&post=590"}],"version-history":[{"count":1,"href":"https:\/\/voxsahel.com\/index.php?rest_route=\/wp\/v2\/posts\/590\/revisions"}],"predecessor-version":[{"id":592,"href":"https:\/\/voxsahel.com\/index.php?rest_route=\/wp\/v2\/posts\/590\/revisions\/592"}],"wp:featuredmedia":[{"embeddable":true,"href":"https:\/\/voxsahel.com\/index.php?rest_route=\/wp\/v2\/media\/591"}],"wp:attachment":[{"href":"https:\/\/voxsahel.com\/index.php?rest_route=%2Fwp%2Fv2%2Fmedia&parent=590"}],"wp:term":[{"taxonomy":"category","embeddable":true,"href":"https:\/\/voxsahel.com\/index.php?rest_route=%2Fwp%2Fv2%2Fcategories&post=590"},{"taxonomy":"post_tag","embeddable":true,"href":"https:\/\/voxsahel.com\/index.php?rest_route=%2Fwp%2Fv2%2Ftags&post=590"}],"curies":[{"name":"wp","href":"https:\/\/api.w.org\/{rel}","templated":true}]}}