{"id":573,"date":"2024-10-11T13:19:10","date_gmt":"2024-10-11T13:19:10","guid":{"rendered":"https:\/\/voxsahel.com\/?p=573"},"modified":"2024-10-11T13:19:10","modified_gmt":"2024-10-11T13:19:10","slug":"ouagadougou-demantelement-dun-reseau-criminel-implique-dans-une-serie-de-braquages-a-main-armee","status":"publish","type":"post","link":"https:\/\/voxsahel.com\/?p=573","title":{"rendered":"Ouagadougou : D\u00e9mant\u00e8lement d&rsquo;un r\u00e9seau criminel impliqu\u00e9 dans une s\u00e9rie de braquages \u00e0 main arm\u00e9e"},"content":{"rendered":"<p class=\"p1\">Dans le cadre de sa lutte contre la criminalit\u00e9 urbaine, le Service R\u00e9gional de la Police Judiciaire (SRPJ) du Centre a r\u00e9cemment r\u00e9ussi \u00e0 d\u00e9manteler un r\u00e9seau de pr\u00e9sum\u00e9s d\u00e9linquants impliqu\u00e9s dans plusieurs agressions \u00e0 main arm\u00e9e et cambriolages dans la ville de Ouagadougou.<\/p>\n<p class=\"p1\"><span class=\"s1\">Le groupe, compos\u00e9 de jeunes hommes dans la vingtaine, agissait en ciblant des lieux strat\u00e9giques tels que des boulangeries, des supermarch\u00e9s, ainsi que des passants sur la voie publique. Leur mode op\u00e9ratoire \u00e9tait simple mais efficace : apr\u00e8s avoir rep\u00e9r\u00e9 leurs cibles, ils passaient \u00e0 l&rsquo;acte tard dans la nuit, utilisant des armes \u00e0 feu pour intimider leurs victimes. Avec violence, ils les d\u00e9pouillaient de leurs biens, tels que des t\u00e9l\u00e9phones portables, des v\u00e9lomoteurs et de l&rsquo;argent liquide.<\/span><\/p>\n<p class=\"p1\"><span class=\"s1\">Depuis le d\u00e9but de leurs activit\u00e9s criminelles en janvier 2024, ce gang est soup\u00e7onn\u00e9 d&rsquo;avoir commis pr\u00e8s d&rsquo;une vingtaine de braquages \u00e0 travers la capitale burkinab\u00e8. Le butin total de leurs forfaits inclut plus d&rsquo;une centaine de t\u00e9l\u00e9phones portables vol\u00e9s et une somme estim\u00e9e \u00e0 56 millions de FCFA.<\/span><\/p>\n<p class=\"p1\"><span class=\"s1\">Gr\u00e2ce \u00e0 la vigilance de la population et aux informations fournies aux enqu\u00eateurs, la police a pu mettre la main sur les malfaiteurs. Lors de leur arrestation, plusieurs armes \u00e0 feu, des munitions, des armes blanches, ainsi que des motos et des objets vol\u00e9s ont \u00e9t\u00e9 saisis.<\/span><\/p>\n<p class=\"p1\"><span class=\"s1\">La Police Nationale a exprim\u00e9 sa gratitude envers les citoyens pour leur collaboration, qui a permis ces r\u00e9sultats significatifs. Elle encourage la population \u00e0 continuer \u00e0 faire preuve de vigilance et \u00e0 signaler tout comportement suspect via les num\u00e9ros verts mis \u00e0 disposition : 17, 16 et 1010.<\/span><\/p>\n<p class=\"p1\"><span class=\"s1\">Avec ce d\u00e9mant\u00e8lement, la Police esp\u00e8re renforcer le sentiment de s\u00e9curit\u00e9 dans la capitale et poursuivre ses efforts pour \u00e9radiquer la criminalit\u00e9 urbaine.\u00a0<\/span><\/p>\n<p class=\"p1\" style=\"text-align: right;\"><span class=\"s1\"><b>Par Vox Sahel <\/b><\/span><\/p>\n","protected":false},"excerpt":{"rendered":"<p>Dans le cadre de sa lutte contre la criminalit\u00e9 urbaine, le Service R\u00e9gional de la<\/p>\n","protected":false},"author":2,"featured_media":574,"comment_status":"open","ping_status":"open","sticky":false,"template":"","format":"standard","meta":{"_et_pb_use_builder":"","_et_pb_old_content":"","_et_gb_content_width":"","footnotes":""},"categories":[5],"tags":[334,18,103,335,175,139],"class_list":["post-573","post","type-post","status-publish","format-standard","has-post-thumbnail","hentry","category-societe","tag-banditisme","tag-burkina-faso","tag-ouagadougou","tag-police-judiciaire","tag-police-nationale","tag-securite"],"yoast_head":"<!-- This site is optimized with the Yoast SEO plugin v27.5 - https:\/\/yoast.com\/product\/yoast-seo-wordpress\/ -->\n<title>Ouagadougou : D\u00e9mant\u00e8lement d&#039;un r\u00e9seau criminel impliqu\u00e9 dans une s\u00e9rie de braquages \u00e0 main arm\u00e9e - Vox Sahel<\/title>\n<meta name=\"robots\" content=\"index, follow, max-snippet:-1, max-image-preview:large, max-video-preview:-1\" \/>\n<link rel=\"canonical\" href=\"https:\/\/voxsahel.com\/?p=573\" \/>\n<meta property=\"og:locale\" content=\"fr_FR\" \/>\n<meta property=\"og:type\" content=\"article\" \/>\n<meta property=\"og:title\" content=\"Ouagadougou : D\u00e9mant\u00e8lement d&#039;un r\u00e9seau criminel impliqu\u00e9 dans une s\u00e9rie de braquages \u00e0 main arm\u00e9e - Vox Sahel\" \/>\n<meta property=\"og:description\" content=\"Dans le cadre de sa lutte contre la criminalit\u00e9 urbaine, le Service R\u00e9gional de la\" \/>\n<meta property=\"og:url\" content=\"https:\/\/voxsahel.com\/?p=573\" \/>\n<meta property=\"og:site_name\" content=\"Vox Sahel\" \/>\n<meta property=\"article:publisher\" content=\"https:\/\/www.facebook.com\/journal.voxsahel\" \/>\n<meta property=\"article:published_time\" content=\"2024-10-11T13:19:10+00:00\" \/>\n<meta property=\"og:image\" content=\"https:\/\/voxsahel.com\/wp-content\/uploads\/2024\/10\/IMG_7765.jpeg\" \/>\n\t<meta property=\"og:image:width\" content=\"1573\" \/>\n\t<meta property=\"og:image:height\" content=\"1051\" \/>\n\t<meta property=\"og:image:type\" content=\"image\/jpeg\" \/>\n<meta name=\"author\" content=\"Vox Sahel\" \/>\n<meta name=\"twitter:card\" content=\"summary_large_image\" \/>\n<meta name=\"twitter:label1\" content=\"\u00c9crit par\" \/>\n\t<meta name=\"twitter:data1\" content=\"Vox Sahel\" \/>\n\t<meta name=\"twitter:label2\" content=\"Dur\u00e9e de lecture estim\u00e9e\" \/>\n\t<meta name=\"twitter:data2\" content=\"2 minutes\" \/>\n<script type=\"application\/ld+json\" class=\"yoast-schema-graph\">{\"@context\":\"https:\\\/\\\/schema.org\",\"@graph\":[{\"@type\":\"Article\",\"@id\":\"https:\\\/\\\/voxsahel.com\\\/?p=573#article\",\"isPartOf\":{\"@id\":\"https:\\\/\\\/voxsahel.com\\\/?p=573\"},\"author\":{\"name\":\"Vox Sahel\",\"@id\":\"https:\\\/\\\/voxsahel.com\\\/#\\\/schema\\\/person\\\/b4043608248f8fa227cd760e7ff1e19e\"},\"headline\":\"Ouagadougou : D\u00e9mant\u00e8lement d&rsquo;un r\u00e9seau criminel impliqu\u00e9 dans une s\u00e9rie de braquages \u00e0 main arm\u00e9e\",\"datePublished\":\"2024-10-11T13:19:10+00:00\",\"mainEntityOfPage\":{\"@id\":\"https:\\\/\\\/voxsahel.com\\\/?p=573\"},\"wordCount\":333,\"commentCount\":0,\"publisher\":{\"@id\":\"https:\\\/\\\/voxsahel.com\\\/#organization\"},\"image\":{\"@id\":\"https:\\\/\\\/voxsahel.com\\\/?p=573#primaryimage\"},\"thumbnailUrl\":\"https:\\\/\\\/voxsahel.com\\\/wp-content\\\/uploads\\\/2024\\\/10\\\/IMG_7765.jpeg\",\"keywords\":[\"Banditisme\",\"Burkina Faso\",\"Ouagadougou\",\"Police Judiciaire\",\"Police Nationale\",\"S\u00e9curit\u00e9\"],\"articleSection\":[\"SOCIETE\"],\"inLanguage\":\"fr-FR\",\"potentialAction\":[{\"@type\":\"CommentAction\",\"name\":\"Comment\",\"target\":[\"https:\\\/\\\/voxsahel.com\\\/?p=573#respond\"]}]},{\"@type\":\"WebPage\",\"@id\":\"https:\\\/\\\/voxsahel.com\\\/?p=573\",\"url\":\"https:\\\/\\\/voxsahel.com\\\/?p=573\",\"name\":\"Ouagadougou : D\u00e9mant\u00e8lement d'un r\u00e9seau criminel impliqu\u00e9 dans une s\u00e9rie de braquages \u00e0 main arm\u00e9e - Vox Sahel\",\"isPartOf\":{\"@id\":\"https:\\\/\\\/voxsahel.com\\\/#website\"},\"primaryImageOfPage\":{\"@id\":\"https:\\\/\\\/voxsahel.com\\\/?p=573#primaryimage\"},\"image\":{\"@id\":\"https:\\\/\\\/voxsahel.com\\\/?p=573#primaryimage\"},\"thumbnailUrl\":\"https:\\\/\\\/voxsahel.com\\\/wp-content\\\/uploads\\\/2024\\\/10\\\/IMG_7765.jpeg\",\"datePublished\":\"2024-10-11T13:19:10+00:00\",\"breadcrumb\":{\"@id\":\"https:\\\/\\\/voxsahel.com\\\/?p=573#breadcrumb\"},\"inLanguage\":\"fr-FR\",\"potentialAction\":[{\"@type\":\"ReadAction\",\"target\":[\"https:\\\/\\\/voxsahel.com\\\/?p=573\"]}]},{\"@type\":\"ImageObject\",\"inLanguage\":\"fr-FR\",\"@id\":\"https:\\\/\\\/voxsahel.com\\\/?p=573#primaryimage\",\"url\":\"https:\\\/\\\/voxsahel.com\\\/wp-content\\\/uploads\\\/2024\\\/10\\\/IMG_7765.jpeg\",\"contentUrl\":\"https:\\\/\\\/voxsahel.com\\\/wp-content\\\/uploads\\\/2024\\\/10\\\/IMG_7765.jpeg\",\"width\":1573,\"height\":1051},{\"@type\":\"BreadcrumbList\",\"@id\":\"https:\\\/\\\/voxsahel.com\\\/?p=573#breadcrumb\",\"itemListElement\":[{\"@type\":\"ListItem\",\"position\":1,\"name\":\"Home\",\"item\":\"https:\\\/\\\/voxsahel.com\\\/\"},{\"@type\":\"ListItem\",\"position\":2,\"name\":\"Ouagadougou : D\u00e9mant\u00e8lement d&rsquo;un r\u00e9seau criminel impliqu\u00e9 dans une s\u00e9rie de braquages \u00e0 main arm\u00e9e\"}]},{\"@type\":\"WebSite\",\"@id\":\"https:\\\/\\\/voxsahel.com\\\/#website\",\"url\":\"https:\\\/\\\/voxsahel.com\\\/\",\"name\":\"Vox Sahel\",\"description\":\"Informez-vous sur le Sahel en un clic\",\"publisher\":{\"@id\":\"https:\\\/\\\/voxsahel.com\\\/#organization\"},\"potentialAction\":[{\"@type\":\"SearchAction\",\"target\":{\"@type\":\"EntryPoint\",\"urlTemplate\":\"https:\\\/\\\/voxsahel.com\\\/?s={search_term_string}\"},\"query-input\":{\"@type\":\"PropertyValueSpecification\",\"valueRequired\":true,\"valueName\":\"search_term_string\"}}],\"inLanguage\":\"fr-FR\"},{\"@type\":\"Organization\",\"@id\":\"https:\\\/\\\/voxsahel.com\\\/#organization\",\"name\":\"Vox Sahel\",\"url\":\"https:\\\/\\\/voxsahel.com\\\/\",\"logo\":{\"@type\":\"ImageObject\",\"inLanguage\":\"fr-FR\",\"@id\":\"https:\\\/\\\/voxsahel.com\\\/#\\\/schema\\\/logo\\\/image\\\/\",\"url\":\"https:\\\/\\\/voxsahel.com\\\/wp-content\\\/uploads\\\/2024\\\/09\\\/Logo-Vox-Sahel.jpg\",\"contentUrl\":\"https:\\\/\\\/voxsahel.com\\\/wp-content\\\/uploads\\\/2024\\\/09\\\/Logo-Vox-Sahel.jpg\",\"width\":1181,\"height\":848,\"caption\":\"Vox Sahel\"},\"image\":{\"@id\":\"https:\\\/\\\/voxsahel.com\\\/#\\\/schema\\\/logo\\\/image\\\/\"},\"sameAs\":[\"https:\\\/\\\/www.facebook.com\\\/journal.voxsahel\"]},{\"@type\":\"Person\",\"@id\":\"https:\\\/\\\/voxsahel.com\\\/#\\\/schema\\\/person\\\/b4043608248f8fa227cd760e7ff1e19e\",\"name\":\"Vox Sahel\",\"image\":{\"@type\":\"ImageObject\",\"inLanguage\":\"fr-FR\",\"@id\":\"https:\\\/\\\/secure.gravatar.com\\\/avatar\\\/f70e7fa0cb9b29d4a7c5788d6eb2e9ab4d3135cbae1c9161810fdf77a8964699?s=96&d=mm&r=g\",\"url\":\"https:\\\/\\\/secure.gravatar.com\\\/avatar\\\/f70e7fa0cb9b29d4a7c5788d6eb2e9ab4d3135cbae1c9161810fdf77a8964699?s=96&d=mm&r=g\",\"contentUrl\":\"https:\\\/\\\/secure.gravatar.com\\\/avatar\\\/f70e7fa0cb9b29d4a7c5788d6eb2e9ab4d3135cbae1c9161810fdf77a8964699?s=96&d=mm&r=g\",\"caption\":\"Vox Sahel\"},\"sameAs\":[\"http:\\\/\\\/www.voxsahel.com\"],\"url\":\"https:\\\/\\\/voxsahel.com\\\/?author=2\"}]}<\/script>\n<!-- \/ Yoast SEO plugin. -->","yoast_head_json":{"title":"Ouagadougou : D\u00e9mant\u00e8lement d'un r\u00e9seau criminel impliqu\u00e9 dans une s\u00e9rie de braquages \u00e0 main arm\u00e9e - Vox Sahel","robots":{"index":"index","follow":"follow","max-snippet":"max-snippet:-1","max-image-preview":"max-image-preview:large","max-video-preview":"max-video-preview:-1"},"canonical":"https:\/\/voxsahel.com\/?p=573","og_locale":"fr_FR","og_type":"article","og_title":"Ouagadougou : D\u00e9mant\u00e8lement d'un r\u00e9seau criminel impliqu\u00e9 dans une s\u00e9rie de braquages \u00e0 main arm\u00e9e - Vox Sahel","og_description":"Dans le cadre de sa lutte contre la criminalit\u00e9 urbaine, le Service R\u00e9gional de la","og_url":"https:\/\/voxsahel.com\/?p=573","og_site_name":"Vox Sahel","article_publisher":"https:\/\/www.facebook.com\/journal.voxsahel","article_published_time":"2024-10-11T13:19:10+00:00","og_image":[{"width":1573,"height":1051,"url":"https:\/\/voxsahel.com\/wp-content\/uploads\/2024\/10\/IMG_7765.jpeg","type":"image\/jpeg"}],"author":"Vox Sahel","twitter_card":"summary_large_image","twitter_misc":{"\u00c9crit par":"Vox Sahel","Dur\u00e9e de lecture estim\u00e9e":"2 minutes"},"schema":{"@context":"https:\/\/schema.org","@graph":[{"@type":"Article","@id":"https:\/\/voxsahel.com\/?p=573#article","isPartOf":{"@id":"https:\/\/voxsahel.com\/?p=573"},"author":{"name":"Vox Sahel","@id":"https:\/\/voxsahel.com\/#\/schema\/person\/b4043608248f8fa227cd760e7ff1e19e"},"headline":"Ouagadougou : D\u00e9mant\u00e8lement d&rsquo;un r\u00e9seau criminel impliqu\u00e9 dans une s\u00e9rie de braquages \u00e0 main arm\u00e9e","datePublished":"2024-10-11T13:19:10+00:00","mainEntityOfPage":{"@id":"https:\/\/voxsahel.com\/?p=573"},"wordCount":333,"commentCount":0,"publisher":{"@id":"https:\/\/voxsahel.com\/#organization"},"image":{"@id":"https:\/\/voxsahel.com\/?p=573#primaryimage"},"thumbnailUrl":"https:\/\/voxsahel.com\/wp-content\/uploads\/2024\/10\/IMG_7765.jpeg","keywords":["Banditisme","Burkina Faso","Ouagadougou","Police Judiciaire","Police Nationale","S\u00e9curit\u00e9"],"articleSection":["SOCIETE"],"inLanguage":"fr-FR","potentialAction":[{"@type":"CommentAction","name":"Comment","target":["https:\/\/voxsahel.com\/?p=573#respond"]}]},{"@type":"WebPage","@id":"https:\/\/voxsahel.com\/?p=573","url":"https:\/\/voxsahel.com\/?p=573","name":"Ouagadougou : D\u00e9mant\u00e8lement d'un r\u00e9seau criminel impliqu\u00e9 dans une s\u00e9rie de braquages \u00e0 main arm\u00e9e - Vox Sahel","isPartOf":{"@id":"https:\/\/voxsahel.com\/#website"},"primaryImageOfPage":{"@id":"https:\/\/voxsahel.com\/?p=573#primaryimage"},"image":{"@id":"https:\/\/voxsahel.com\/?p=573#primaryimage"},"thumbnailUrl":"https:\/\/voxsahel.com\/wp-content\/uploads\/2024\/10\/IMG_7765.jpeg","datePublished":"2024-10-11T13:19:10+00:00","breadcrumb":{"@id":"https:\/\/voxsahel.com\/?p=573#breadcrumb"},"inLanguage":"fr-FR","potentialAction":[{"@type":"ReadAction","target":["https:\/\/voxsahel.com\/?p=573"]}]},{"@type":"ImageObject","inLanguage":"fr-FR","@id":"https:\/\/voxsahel.com\/?p=573#primaryimage","url":"https:\/\/voxsahel.com\/wp-content\/uploads\/2024\/10\/IMG_7765.jpeg","contentUrl":"https:\/\/voxsahel.com\/wp-content\/uploads\/2024\/10\/IMG_7765.jpeg","width":1573,"height":1051},{"@type":"BreadcrumbList","@id":"https:\/\/voxsahel.com\/?p=573#breadcrumb","itemListElement":[{"@type":"ListItem","position":1,"name":"Home","item":"https:\/\/voxsahel.com\/"},{"@type":"ListItem","position":2,"name":"Ouagadougou : D\u00e9mant\u00e8lement d&rsquo;un r\u00e9seau criminel impliqu\u00e9 dans une s\u00e9rie de braquages \u00e0 main arm\u00e9e"}]},{"@type":"WebSite","@id":"https:\/\/voxsahel.com\/#website","url":"https:\/\/voxsahel.com\/","name":"Vox Sahel","description":"Informez-vous sur le Sahel en un clic","publisher":{"@id":"https:\/\/voxsahel.com\/#organization"},"potentialAction":[{"@type":"SearchAction","target":{"@type":"EntryPoint","urlTemplate":"https:\/\/voxsahel.com\/?s={search_term_string}"},"query-input":{"@type":"PropertyValueSpecification","valueRequired":true,"valueName":"search_term_string"}}],"inLanguage":"fr-FR"},{"@type":"Organization","@id":"https:\/\/voxsahel.com\/#organization","name":"Vox Sahel","url":"https:\/\/voxsahel.com\/","logo":{"@type":"ImageObject","inLanguage":"fr-FR","@id":"https:\/\/voxsahel.com\/#\/schema\/logo\/image\/","url":"https:\/\/voxsahel.com\/wp-content\/uploads\/2024\/09\/Logo-Vox-Sahel.jpg","contentUrl":"https:\/\/voxsahel.com\/wp-content\/uploads\/2024\/09\/Logo-Vox-Sahel.jpg","width":1181,"height":848,"caption":"Vox Sahel"},"image":{"@id":"https:\/\/voxsahel.com\/#\/schema\/logo\/image\/"},"sameAs":["https:\/\/www.facebook.com\/journal.voxsahel"]},{"@type":"Person","@id":"https:\/\/voxsahel.com\/#\/schema\/person\/b4043608248f8fa227cd760e7ff1e19e","name":"Vox Sahel","image":{"@type":"ImageObject","inLanguage":"fr-FR","@id":"https:\/\/secure.gravatar.com\/avatar\/f70e7fa0cb9b29d4a7c5788d6eb2e9ab4d3135cbae1c9161810fdf77a8964699?s=96&d=mm&r=g","url":"https:\/\/secure.gravatar.com\/avatar\/f70e7fa0cb9b29d4a7c5788d6eb2e9ab4d3135cbae1c9161810fdf77a8964699?s=96&d=mm&r=g","contentUrl":"https:\/\/secure.gravatar.com\/avatar\/f70e7fa0cb9b29d4a7c5788d6eb2e9ab4d3135cbae1c9161810fdf77a8964699?s=96&d=mm&r=g","caption":"Vox Sahel"},"sameAs":["http:\/\/www.voxsahel.com"],"url":"https:\/\/voxsahel.com\/?author=2"}]}},"_links":{"self":[{"href":"https:\/\/voxsahel.com\/index.php?rest_route=\/wp\/v2\/posts\/573","targetHints":{"allow":["GET"]}}],"collection":[{"href":"https:\/\/voxsahel.com\/index.php?rest_route=\/wp\/v2\/posts"}],"about":[{"href":"https:\/\/voxsahel.com\/index.php?rest_route=\/wp\/v2\/types\/post"}],"author":[{"embeddable":true,"href":"https:\/\/voxsahel.com\/index.php?rest_route=\/wp\/v2\/users\/2"}],"replies":[{"embeddable":true,"href":"https:\/\/voxsahel.com\/index.php?rest_route=%2Fwp%2Fv2%2Fcomments&post=573"}],"version-history":[{"count":1,"href":"https:\/\/voxsahel.com\/index.php?rest_route=\/wp\/v2\/posts\/573\/revisions"}],"predecessor-version":[{"id":575,"href":"https:\/\/voxsahel.com\/index.php?rest_route=\/wp\/v2\/posts\/573\/revisions\/575"}],"wp:featuredmedia":[{"embeddable":true,"href":"https:\/\/voxsahel.com\/index.php?rest_route=\/wp\/v2\/media\/574"}],"wp:attachment":[{"href":"https:\/\/voxsahel.com\/index.php?rest_route=%2Fwp%2Fv2%2Fmedia&parent=573"}],"wp:term":[{"taxonomy":"category","embeddable":true,"href":"https:\/\/voxsahel.com\/index.php?rest_route=%2Fwp%2Fv2%2Fcategories&post=573"},{"taxonomy":"post_tag","embeddable":true,"href":"https:\/\/voxsahel.com\/index.php?rest_route=%2Fwp%2Fv2%2Ftags&post=573"}],"curies":[{"name":"wp","href":"https:\/\/api.w.org\/{rel}","templated":true}]}}