{"id":570,"date":"2024-10-11T10:05:08","date_gmt":"2024-10-11T10:05:08","guid":{"rendered":"https:\/\/voxsahel.com\/?p=570"},"modified":"2024-10-11T10:05:08","modified_gmt":"2024-10-11T10:05:08","slug":"eliminatoire-can-maroc-2025-une-lecon-a-retenir-brama-traore","status":"publish","type":"post","link":"https:\/\/voxsahel.com\/?p=570","title":{"rendered":"\u00c9liminatoire CAN Maroc 2025 : \u00ab\u00a0Une le\u00e7on \u00e0 retenir\u00a0\u00bb, Brama Traor\u00e9"},"content":{"rendered":"<p class=\"p1\">Les \u00c9talons du Burkina Faso ont offert une prestation de haute vol\u00e9e en s\u2019imposant 4-1 face au Burundi, lors des \u00e9liminatoires de la Coupe d\u2019Afrique des Nations (CAN Maroc 2025). Cette victoire \u00e9clatante permet aux hommes de Brama Traor\u00e9 de conforter leur place de leader dans leur groupe et de faire un pas de plus vers la qualification pour la CAN 2025 au Maroc.<\/p>\n<p class=\"p1\"><span class=\"s2\">Le match, qui s\u2019est d\u00e9roul\u00e9 dans une ambiance \u00e9lectrique, a pourtant mal commenc\u00e9 pour les Burkinab\u00e8. D\u00e8s la 4e minute, le Burundi a ouvert le score, prenant de court une d\u00e9fense des \u00c9talons encore en rodage. Mais la r\u00e9action des Burkinab\u00e8 ne s\u2019est pas fait attendre. Dango Ouattara a rapidement \u00e9galis\u00e9 d\u2019une frappe imparable, avant que Sacha Bans\u00e9, opportuniste, ne donne l\u2019avantage aux siens \u00e0 peine deux minutes plus tard.<\/span><\/p>\n<p class=\"p1\"><span class=\"s2\">Le Burkina Faso a ensuite pris le contr\u00f4le total du match, avec une d\u00e9monstration de force offensive. Auteur d\u2019un doubl\u00e9, Dango Ouattara a de nouveau fait trembler les filets pour offrir un avantage confortable \u00e0 son \u00e9quipe. Issouf Dayo a ensuite scell\u00e9 le score en inscrivant le quatri\u00e8me but burkinab\u00e8.<\/span><\/p>\n<p class=\"p1\"><span class=\"s2\">Issa Kabor\u00e9, omnipr\u00e9sent sur son aile, a brill\u00e9 en d\u00e9livrant deux passes d\u00e9cisives, tandis que Bertrand Traor\u00e9, de retour apr\u00e8s une absence de sept mois, a \u00e9galement contribu\u00e9 au festival offensif en offrant une passe d\u00e9cisive.<\/span><\/p>\n<p class=\"p1\"><span class=\"s2\">Le s\u00e9lectionneur des \u00c9talons, Brama Traor\u00e9, a salu\u00e9 la r\u00e9action de son \u00e9quipe apr\u00e8s ce d\u00e9but de match difficile : \u00ab On a \u00e9t\u00e9 cueillis \u00e0 froid, mais les joueurs ont su r\u00e9agir. Entrer difficilement dans un match, \u00e7a arrive, mais c&rsquo;est une le\u00e7on pour nous. Sur le plan offensif, on est vraiment brillants. \u00bb<\/span><\/p>\n<p class=\"p1\"><span class=\"s2\">Cette victoire confirme la mont\u00e9e en puissance des \u00c9talons, qui avaient d\u00e9j\u00e0 marqu\u00e9 trois buts lors de leur derni\u00e8re rencontre contre le Malawi. Avec une attaque de plus en plus performante, le Burkina Faso semble bien parti pour d\u00e9crocher son billet pour la CAN.<\/span><\/p>\n<p class=\"p1\" style=\"text-align: center;\"><strong><span class=\"s1\">Bertrand Traor\u00e9 : \u00ab\u00a0Heureux de retrouver l\u2019\u00e9quipe\u00a0\u00bb<\/span><\/strong><\/p>\n<p class=\"p1\"><span class=\"s2\">Pour Bertrand Traor\u00e9, qui retrouvait ses co\u00e9quipiers apr\u00e8s une longue absence, ce match n\u2019\u00e9tait pas sp\u00e9cialement marqu\u00e9 par l\u2019\u00e9motion personnelle, mais par le d\u00e9sir de contribuer \u00e0 la victoire collective : \u00ab Je suis heureux de retrouver des camarades, le coach. Le plus important, c\u2019\u00e9tait les trois points. \u00bb<\/span><\/p>\n<p class=\"p1\"><span class=\"s2\">Les \u00c9talons se pr\u00e9parent d\u00e9sormais \u00e0 retrouver le Burundi ce dimanche 13 octobre pour le match retour. Une nouvelle victoire leur permettrait de quasiment sceller leur qualification pour la CAN 2025 et d\u2019aborder la suite des \u00e9liminatoires avec s\u00e9r\u00e9nit\u00e9.<\/span><\/p>\n<p class=\"p1\"><span class=\"s2\">Les supporters burkinab\u00e8 attendent avec impatience de voir leur \u00e9quipe continuer sur cette lanc\u00e9e et, pourquoi pas, r\u00e9it\u00e9rer l\u2019exploit de 2013, o\u00f9 ils avaient atteint la finale de la CAN.<\/span><\/p>\n<p style=\"text-align: right;\"><b>Par Vox Sahel\u00a0<\/b><\/p>\n","protected":false},"excerpt":{"rendered":"<p>Les \u00c9talons du Burkina Faso ont offert une prestation de haute vol\u00e9e en s\u2019imposant 4-1<\/p>\n","protected":false},"author":2,"featured_media":571,"comment_status":"open","ping_status":"open","sticky":false,"template":"","format":"standard","meta":{"_et_pb_use_builder":"","_et_pb_old_content":"","_et_gb_content_width":"","footnotes":""},"categories":[12],"tags":[18,333,38,37,274,40,35,34],"class_list":["post-570","post","type-post","status-publish","format-standard","has-post-thumbnail","hentry","category-sports","tag-burkina-faso","tag-burundi","tag-can","tag-can-maroc-2025","tag-etalons","tag-federation-burkinabe-de-football","tag-football","tag-sport"],"yoast_head":"<!-- This site is optimized with the Yoast SEO plugin v27.5 - https:\/\/yoast.com\/product\/yoast-seo-wordpress\/ -->\n<title>\u00c9liminatoire CAN Maroc 2025 : &quot;Une le\u00e7on \u00e0 retenir&quot;, Brama Traor\u00e9 - Vox Sahel<\/title>\n<meta name=\"robots\" content=\"index, follow, max-snippet:-1, max-image-preview:large, max-video-preview:-1\" \/>\n<link rel=\"canonical\" href=\"https:\/\/voxsahel.com\/?p=570\" \/>\n<meta property=\"og:locale\" content=\"fr_FR\" \/>\n<meta property=\"og:type\" content=\"article\" \/>\n<meta property=\"og:title\" content=\"\u00c9liminatoire CAN Maroc 2025 : &quot;Une le\u00e7on \u00e0 retenir&quot;, Brama Traor\u00e9 - Vox Sahel\" \/>\n<meta property=\"og:description\" content=\"Les \u00c9talons du Burkina Faso ont offert une prestation de haute vol\u00e9e en s\u2019imposant 4-1\" \/>\n<meta property=\"og:url\" content=\"https:\/\/voxsahel.com\/?p=570\" \/>\n<meta property=\"og:site_name\" content=\"Vox Sahel\" \/>\n<meta property=\"article:publisher\" content=\"https:\/\/www.facebook.com\/journal.voxsahel\" \/>\n<meta property=\"article:published_time\" content=\"2024-10-11T10:05:08+00:00\" \/>\n<meta property=\"og:image\" content=\"https:\/\/voxsahel.com\/wp-content\/uploads\/2024\/10\/IMG_7631.jpeg\" \/>\n\t<meta property=\"og:image:width\" content=\"1080\" \/>\n\t<meta property=\"og:image:height\" content=\"767\" \/>\n\t<meta property=\"og:image:type\" content=\"image\/jpeg\" \/>\n<meta name=\"author\" content=\"Vox Sahel\" \/>\n<meta name=\"twitter:card\" content=\"summary_large_image\" \/>\n<meta name=\"twitter:label1\" content=\"\u00c9crit par\" \/>\n\t<meta name=\"twitter:data1\" content=\"Vox Sahel\" \/>\n\t<meta name=\"twitter:label2\" content=\"Dur\u00e9e de lecture estim\u00e9e\" \/>\n\t<meta name=\"twitter:data2\" content=\"3 minutes\" \/>\n<script type=\"application\/ld+json\" class=\"yoast-schema-graph\">{\"@context\":\"https:\\\/\\\/schema.org\",\"@graph\":[{\"@type\":\"Article\",\"@id\":\"https:\\\/\\\/voxsahel.com\\\/?p=570#article\",\"isPartOf\":{\"@id\":\"https:\\\/\\\/voxsahel.com\\\/?p=570\"},\"author\":{\"name\":\"Vox Sahel\",\"@id\":\"https:\\\/\\\/voxsahel.com\\\/#\\\/schema\\\/person\\\/b4043608248f8fa227cd760e7ff1e19e\"},\"headline\":\"\u00c9liminatoire CAN Maroc 2025 : \u00ab\u00a0Une le\u00e7on \u00e0 retenir\u00a0\u00bb, Brama Traor\u00e9\",\"datePublished\":\"2024-10-11T10:05:08+00:00\",\"mainEntityOfPage\":{\"@id\":\"https:\\\/\\\/voxsahel.com\\\/?p=570\"},\"wordCount\":487,\"commentCount\":0,\"publisher\":{\"@id\":\"https:\\\/\\\/voxsahel.com\\\/#organization\"},\"image\":{\"@id\":\"https:\\\/\\\/voxsahel.com\\\/?p=570#primaryimage\"},\"thumbnailUrl\":\"https:\\\/\\\/voxsahel.com\\\/wp-content\\\/uploads\\\/2024\\\/10\\\/IMG_7631.jpeg\",\"keywords\":[\"Burkina Faso\",\"Burundi\",\"CAN\",\"CAN Maroc 2025\",\"Etalons\",\"F\u00e9d\u00e9ration Burkinab\u00e8 de Football\",\"Football\",\"Sport\"],\"articleSection\":[\"SPORTS\"],\"inLanguage\":\"fr-FR\",\"potentialAction\":[{\"@type\":\"CommentAction\",\"name\":\"Comment\",\"target\":[\"https:\\\/\\\/voxsahel.com\\\/?p=570#respond\"]}]},{\"@type\":\"WebPage\",\"@id\":\"https:\\\/\\\/voxsahel.com\\\/?p=570\",\"url\":\"https:\\\/\\\/voxsahel.com\\\/?p=570\",\"name\":\"\u00c9liminatoire CAN Maroc 2025 : \\\"Une le\u00e7on \u00e0 retenir\\\", Brama Traor\u00e9 - Vox Sahel\",\"isPartOf\":{\"@id\":\"https:\\\/\\\/voxsahel.com\\\/#website\"},\"primaryImageOfPage\":{\"@id\":\"https:\\\/\\\/voxsahel.com\\\/?p=570#primaryimage\"},\"image\":{\"@id\":\"https:\\\/\\\/voxsahel.com\\\/?p=570#primaryimage\"},\"thumbnailUrl\":\"https:\\\/\\\/voxsahel.com\\\/wp-content\\\/uploads\\\/2024\\\/10\\\/IMG_7631.jpeg\",\"datePublished\":\"2024-10-11T10:05:08+00:00\",\"breadcrumb\":{\"@id\":\"https:\\\/\\\/voxsahel.com\\\/?p=570#breadcrumb\"},\"inLanguage\":\"fr-FR\",\"potentialAction\":[{\"@type\":\"ReadAction\",\"target\":[\"https:\\\/\\\/voxsahel.com\\\/?p=570\"]}]},{\"@type\":\"ImageObject\",\"inLanguage\":\"fr-FR\",\"@id\":\"https:\\\/\\\/voxsahel.com\\\/?p=570#primaryimage\",\"url\":\"https:\\\/\\\/voxsahel.com\\\/wp-content\\\/uploads\\\/2024\\\/10\\\/IMG_7631.jpeg\",\"contentUrl\":\"https:\\\/\\\/voxsahel.com\\\/wp-content\\\/uploads\\\/2024\\\/10\\\/IMG_7631.jpeg\",\"width\":1080,\"height\":767},{\"@type\":\"BreadcrumbList\",\"@id\":\"https:\\\/\\\/voxsahel.com\\\/?p=570#breadcrumb\",\"itemListElement\":[{\"@type\":\"ListItem\",\"position\":1,\"name\":\"Home\",\"item\":\"https:\\\/\\\/voxsahel.com\\\/\"},{\"@type\":\"ListItem\",\"position\":2,\"name\":\"\u00c9liminatoire CAN Maroc 2025 : \u00ab\u00a0Une le\u00e7on \u00e0 retenir\u00a0\u00bb, Brama Traor\u00e9\"}]},{\"@type\":\"WebSite\",\"@id\":\"https:\\\/\\\/voxsahel.com\\\/#website\",\"url\":\"https:\\\/\\\/voxsahel.com\\\/\",\"name\":\"Vox Sahel\",\"description\":\"Informez-vous sur le Sahel en un clic\",\"publisher\":{\"@id\":\"https:\\\/\\\/voxsahel.com\\\/#organization\"},\"potentialAction\":[{\"@type\":\"SearchAction\",\"target\":{\"@type\":\"EntryPoint\",\"urlTemplate\":\"https:\\\/\\\/voxsahel.com\\\/?s={search_term_string}\"},\"query-input\":{\"@type\":\"PropertyValueSpecification\",\"valueRequired\":true,\"valueName\":\"search_term_string\"}}],\"inLanguage\":\"fr-FR\"},{\"@type\":\"Organization\",\"@id\":\"https:\\\/\\\/voxsahel.com\\\/#organization\",\"name\":\"Vox Sahel\",\"url\":\"https:\\\/\\\/voxsahel.com\\\/\",\"logo\":{\"@type\":\"ImageObject\",\"inLanguage\":\"fr-FR\",\"@id\":\"https:\\\/\\\/voxsahel.com\\\/#\\\/schema\\\/logo\\\/image\\\/\",\"url\":\"https:\\\/\\\/voxsahel.com\\\/wp-content\\\/uploads\\\/2024\\\/09\\\/Logo-Vox-Sahel.jpg\",\"contentUrl\":\"https:\\\/\\\/voxsahel.com\\\/wp-content\\\/uploads\\\/2024\\\/09\\\/Logo-Vox-Sahel.jpg\",\"width\":1181,\"height\":848,\"caption\":\"Vox Sahel\"},\"image\":{\"@id\":\"https:\\\/\\\/voxsahel.com\\\/#\\\/schema\\\/logo\\\/image\\\/\"},\"sameAs\":[\"https:\\\/\\\/www.facebook.com\\\/journal.voxsahel\"]},{\"@type\":\"Person\",\"@id\":\"https:\\\/\\\/voxsahel.com\\\/#\\\/schema\\\/person\\\/b4043608248f8fa227cd760e7ff1e19e\",\"name\":\"Vox Sahel\",\"image\":{\"@type\":\"ImageObject\",\"inLanguage\":\"fr-FR\",\"@id\":\"https:\\\/\\\/secure.gravatar.com\\\/avatar\\\/f70e7fa0cb9b29d4a7c5788d6eb2e9ab4d3135cbae1c9161810fdf77a8964699?s=96&d=mm&r=g\",\"url\":\"https:\\\/\\\/secure.gravatar.com\\\/avatar\\\/f70e7fa0cb9b29d4a7c5788d6eb2e9ab4d3135cbae1c9161810fdf77a8964699?s=96&d=mm&r=g\",\"contentUrl\":\"https:\\\/\\\/secure.gravatar.com\\\/avatar\\\/f70e7fa0cb9b29d4a7c5788d6eb2e9ab4d3135cbae1c9161810fdf77a8964699?s=96&d=mm&r=g\",\"caption\":\"Vox Sahel\"},\"sameAs\":[\"http:\\\/\\\/www.voxsahel.com\"],\"url\":\"https:\\\/\\\/voxsahel.com\\\/?author=2\"}]}<\/script>\n<!-- \/ Yoast SEO plugin. -->","yoast_head_json":{"title":"\u00c9liminatoire CAN Maroc 2025 : \"Une le\u00e7on \u00e0 retenir\", Brama Traor\u00e9 - Vox Sahel","robots":{"index":"index","follow":"follow","max-snippet":"max-snippet:-1","max-image-preview":"max-image-preview:large","max-video-preview":"max-video-preview:-1"},"canonical":"https:\/\/voxsahel.com\/?p=570","og_locale":"fr_FR","og_type":"article","og_title":"\u00c9liminatoire CAN Maroc 2025 : \"Une le\u00e7on \u00e0 retenir\", Brama Traor\u00e9 - Vox Sahel","og_description":"Les \u00c9talons du Burkina Faso ont offert une prestation de haute vol\u00e9e en s\u2019imposant 4-1","og_url":"https:\/\/voxsahel.com\/?p=570","og_site_name":"Vox Sahel","article_publisher":"https:\/\/www.facebook.com\/journal.voxsahel","article_published_time":"2024-10-11T10:05:08+00:00","og_image":[{"width":1080,"height":767,"url":"https:\/\/voxsahel.com\/wp-content\/uploads\/2024\/10\/IMG_7631.jpeg","type":"image\/jpeg"}],"author":"Vox Sahel","twitter_card":"summary_large_image","twitter_misc":{"\u00c9crit par":"Vox Sahel","Dur\u00e9e de lecture estim\u00e9e":"3 minutes"},"schema":{"@context":"https:\/\/schema.org","@graph":[{"@type":"Article","@id":"https:\/\/voxsahel.com\/?p=570#article","isPartOf":{"@id":"https:\/\/voxsahel.com\/?p=570"},"author":{"name":"Vox Sahel","@id":"https:\/\/voxsahel.com\/#\/schema\/person\/b4043608248f8fa227cd760e7ff1e19e"},"headline":"\u00c9liminatoire CAN Maroc 2025 : \u00ab\u00a0Une le\u00e7on \u00e0 retenir\u00a0\u00bb, Brama Traor\u00e9","datePublished":"2024-10-11T10:05:08+00:00","mainEntityOfPage":{"@id":"https:\/\/voxsahel.com\/?p=570"},"wordCount":487,"commentCount":0,"publisher":{"@id":"https:\/\/voxsahel.com\/#organization"},"image":{"@id":"https:\/\/voxsahel.com\/?p=570#primaryimage"},"thumbnailUrl":"https:\/\/voxsahel.com\/wp-content\/uploads\/2024\/10\/IMG_7631.jpeg","keywords":["Burkina Faso","Burundi","CAN","CAN Maroc 2025","Etalons","F\u00e9d\u00e9ration Burkinab\u00e8 de Football","Football","Sport"],"articleSection":["SPORTS"],"inLanguage":"fr-FR","potentialAction":[{"@type":"CommentAction","name":"Comment","target":["https:\/\/voxsahel.com\/?p=570#respond"]}]},{"@type":"WebPage","@id":"https:\/\/voxsahel.com\/?p=570","url":"https:\/\/voxsahel.com\/?p=570","name":"\u00c9liminatoire CAN Maroc 2025 : \"Une le\u00e7on \u00e0 retenir\", Brama Traor\u00e9 - Vox Sahel","isPartOf":{"@id":"https:\/\/voxsahel.com\/#website"},"primaryImageOfPage":{"@id":"https:\/\/voxsahel.com\/?p=570#primaryimage"},"image":{"@id":"https:\/\/voxsahel.com\/?p=570#primaryimage"},"thumbnailUrl":"https:\/\/voxsahel.com\/wp-content\/uploads\/2024\/10\/IMG_7631.jpeg","datePublished":"2024-10-11T10:05:08+00:00","breadcrumb":{"@id":"https:\/\/voxsahel.com\/?p=570#breadcrumb"},"inLanguage":"fr-FR","potentialAction":[{"@type":"ReadAction","target":["https:\/\/voxsahel.com\/?p=570"]}]},{"@type":"ImageObject","inLanguage":"fr-FR","@id":"https:\/\/voxsahel.com\/?p=570#primaryimage","url":"https:\/\/voxsahel.com\/wp-content\/uploads\/2024\/10\/IMG_7631.jpeg","contentUrl":"https:\/\/voxsahel.com\/wp-content\/uploads\/2024\/10\/IMG_7631.jpeg","width":1080,"height":767},{"@type":"BreadcrumbList","@id":"https:\/\/voxsahel.com\/?p=570#breadcrumb","itemListElement":[{"@type":"ListItem","position":1,"name":"Home","item":"https:\/\/voxsahel.com\/"},{"@type":"ListItem","position":2,"name":"\u00c9liminatoire CAN Maroc 2025 : \u00ab\u00a0Une le\u00e7on \u00e0 retenir\u00a0\u00bb, Brama Traor\u00e9"}]},{"@type":"WebSite","@id":"https:\/\/voxsahel.com\/#website","url":"https:\/\/voxsahel.com\/","name":"Vox Sahel","description":"Informez-vous sur le Sahel en un clic","publisher":{"@id":"https:\/\/voxsahel.com\/#organization"},"potentialAction":[{"@type":"SearchAction","target":{"@type":"EntryPoint","urlTemplate":"https:\/\/voxsahel.com\/?s={search_term_string}"},"query-input":{"@type":"PropertyValueSpecification","valueRequired":true,"valueName":"search_term_string"}}],"inLanguage":"fr-FR"},{"@type":"Organization","@id":"https:\/\/voxsahel.com\/#organization","name":"Vox Sahel","url":"https:\/\/voxsahel.com\/","logo":{"@type":"ImageObject","inLanguage":"fr-FR","@id":"https:\/\/voxsahel.com\/#\/schema\/logo\/image\/","url":"https:\/\/voxsahel.com\/wp-content\/uploads\/2024\/09\/Logo-Vox-Sahel.jpg","contentUrl":"https:\/\/voxsahel.com\/wp-content\/uploads\/2024\/09\/Logo-Vox-Sahel.jpg","width":1181,"height":848,"caption":"Vox Sahel"},"image":{"@id":"https:\/\/voxsahel.com\/#\/schema\/logo\/image\/"},"sameAs":["https:\/\/www.facebook.com\/journal.voxsahel"]},{"@type":"Person","@id":"https:\/\/voxsahel.com\/#\/schema\/person\/b4043608248f8fa227cd760e7ff1e19e","name":"Vox Sahel","image":{"@type":"ImageObject","inLanguage":"fr-FR","@id":"https:\/\/secure.gravatar.com\/avatar\/f70e7fa0cb9b29d4a7c5788d6eb2e9ab4d3135cbae1c9161810fdf77a8964699?s=96&d=mm&r=g","url":"https:\/\/secure.gravatar.com\/avatar\/f70e7fa0cb9b29d4a7c5788d6eb2e9ab4d3135cbae1c9161810fdf77a8964699?s=96&d=mm&r=g","contentUrl":"https:\/\/secure.gravatar.com\/avatar\/f70e7fa0cb9b29d4a7c5788d6eb2e9ab4d3135cbae1c9161810fdf77a8964699?s=96&d=mm&r=g","caption":"Vox Sahel"},"sameAs":["http:\/\/www.voxsahel.com"],"url":"https:\/\/voxsahel.com\/?author=2"}]}},"_links":{"self":[{"href":"https:\/\/voxsahel.com\/index.php?rest_route=\/wp\/v2\/posts\/570","targetHints":{"allow":["GET"]}}],"collection":[{"href":"https:\/\/voxsahel.com\/index.php?rest_route=\/wp\/v2\/posts"}],"about":[{"href":"https:\/\/voxsahel.com\/index.php?rest_route=\/wp\/v2\/types\/post"}],"author":[{"embeddable":true,"href":"https:\/\/voxsahel.com\/index.php?rest_route=\/wp\/v2\/users\/2"}],"replies":[{"embeddable":true,"href":"https:\/\/voxsahel.com\/index.php?rest_route=%2Fwp%2Fv2%2Fcomments&post=570"}],"version-history":[{"count":1,"href":"https:\/\/voxsahel.com\/index.php?rest_route=\/wp\/v2\/posts\/570\/revisions"}],"predecessor-version":[{"id":572,"href":"https:\/\/voxsahel.com\/index.php?rest_route=\/wp\/v2\/posts\/570\/revisions\/572"}],"wp:featuredmedia":[{"embeddable":true,"href":"https:\/\/voxsahel.com\/index.php?rest_route=\/wp\/v2\/media\/571"}],"wp:attachment":[{"href":"https:\/\/voxsahel.com\/index.php?rest_route=%2Fwp%2Fv2%2Fmedia&parent=570"}],"wp:term":[{"taxonomy":"category","embeddable":true,"href":"https:\/\/voxsahel.com\/index.php?rest_route=%2Fwp%2Fv2%2Fcategories&post=570"},{"taxonomy":"post_tag","embeddable":true,"href":"https:\/\/voxsahel.com\/index.php?rest_route=%2Fwp%2Fv2%2Ftags&post=570"}],"curies":[{"name":"wp","href":"https:\/\/api.w.org\/{rel}","templated":true}]}}