{"id":564,"date":"2024-10-11T07:58:26","date_gmt":"2024-10-11T07:58:26","guid":{"rendered":"https:\/\/voxsahel.com\/?p=564"},"modified":"2024-10-11T07:58:26","modified_gmt":"2024-10-11T07:58:26","slug":"niger-decheance-de-nationalite-pour-neuf-figures-politiques-et-militaires-accusees-de-trahison","status":"publish","type":"post","link":"https:\/\/voxsahel.com\/?p=564","title":{"rendered":"Niger : D\u00e9ch\u00e9ance de nationalit\u00e9 pour neuf figures politiques et militaires accus\u00e9es de trahison"},"content":{"rendered":"<p class=\"p1\">Le gouvernement de la transition au Niger a annonc\u00e9 la d\u00e9ch\u00e9ance de la nationalit\u00e9 de neuf personnalit\u00e9s politiques et anciens responsables militaires proches de l&rsquo;ancien r\u00e9gime du pr\u00e9sident d\u00e9chu Mohamed Bazoum. Cette d\u00e9cision a \u00e9t\u00e9 officialis\u00e9e par un d\u00e9cret sign\u00e9 par le pr\u00e9sident du Conseil National pour la Sauvegarde de la Patrie (CNSP), le G\u00e9n\u00e9ral de Brigade Abdourahamane Tiani.<\/p>\n<p class=\"p1\"><span class=\"s1\">Dans un communiqu\u00e9 publi\u00e9 par le secr\u00e9tariat g\u00e9n\u00e9ral du gouvernement et relay\u00e9 par l&rsquo;Agence Nig\u00e9rienne de Presse (ANP), il est pr\u00e9cis\u00e9 que ces individus sont d\u00e9chus de leur nationalit\u00e9 pour avoir commis \u00ab diverses infractions \u00bb affectant la s\u00e9curit\u00e9 nationale et les int\u00e9r\u00eats strat\u00e9giques du paie.<\/span><\/p>\n<p class=\"p1\"><span class=\"s1\">Selon les termes du communiqu\u00e9, la d\u00e9ch\u00e9ance de nationalit\u00e9 intervient conform\u00e9ment \u00e0 l&rsquo;ordonnance n\u00b0 2024-43 du 27 ao\u00fbt 2024, modifi\u00e9e et compl\u00e9t\u00e9e par l&rsquo;ordonnance n\u00b0 2024-46 du 7 octobre 2024. Ce cadre l\u00e9gal instaure un fichier des personnes et entit\u00e9s impliqu\u00e9es dans des actes de terrorisme ou dans toute autre infraction portant atteinte aux int\u00e9r\u00eats fondamentaux de la Nation.<\/span><\/p>\n<p class=\"p1\"><span class=\"s1\">Ces personnes sont accus\u00e9es d&rsquo;activit\u00e9s mettant en danger la s\u00e9curit\u00e9 et la stabilit\u00e9 du pays, notamment des actes de complot, de trahison et d&rsquo;intelligence avec des puissances \u00e9trang\u00e8res. Elles sont \u00e9galement suspect\u00e9es d&rsquo;avoir particip\u00e9 \u00e0 des entreprises visant \u00e0 d\u00e9moraliser l&rsquo;arm\u00e9e nig\u00e9rienne et la nation dans le mais de nuire \u00e0 la d\u00e9fense nationale.<\/span><\/p>\n<p class=\"p1\"><span class=\"s1\">Le communiqu\u00e9 mentionne \u00e9galement des accusations de diffusion de proposition troublant l&rsquo;ordre public et de facilitation de l&rsquo;entr\u00e9e de forces \u00e9trang\u00e8res sur le territoire nig\u00e9rien, autant d&rsquo;infractions graves qui ont motiv\u00e9 cette d\u00e9cision.<\/span><\/p>\n<p class=\"p1\"><span class=\"s1\">La d\u00e9ch\u00e9ance de nationalit\u00e9 est l&rsquo;une des mesures les plus s\u00e9v\u00e8res prises par le gouvernement de transition pour garantir la s\u00e9curit\u00e9 nationale. Depuis la prise de pouvoir par le CNSP en juillet 2023, le Niger traverse une p\u00e9riode de tensions, notamment en raison de la mont\u00e9e des menaces s\u00e9curitaires dans la r\u00e9gion du Sahel.<\/span><\/p>\n<p class=\"p1\"><span class=\"s1\">Cette d\u00e9cision s&rsquo;inscrit dans le cadre de la politique du CNSP visant \u00e0 renforcer la souverainet\u00e9 et la s\u00e9curit\u00e9 du pays face \u00e0 ce qu&rsquo;il consid\u00e8re comme des menaces internes et externes.<\/span><\/p>\n<p class=\"p1\"><span class=\"s1\">Le gouvernement de transition assure que d&rsquo;autres mesures similaires pourraient \u00eatre prises \u00e0 la rencontre de personnes ou de groupes dont les actions mettent en p\u00e9ril la stabilit\u00e9 du Niger.<\/span><\/p>\n<p class=\"p1\"><strong><span class=\"s2\">Les personnes concern\u00e9es<\/span><\/strong><\/p>\n<p class=\"p1\"><span class=\"s1\">Les neuf personnalit\u00e9s dont la nationalit\u00e9 a \u00e9t\u00e9 retir\u00e9e sont les suivantes :<\/span><\/p>\n<ol class=\"ol1\">\n<li class=\"li1\"><span class=\"s2\">Rhissa Ag Boulla<\/span><span class=\"s1\"> , n\u00e9e le 1er janvier 1957 \u00e0 If\u00e9rouane (Arlit)<\/span><\/li>\n<li class=\"li1\"><span class=\"s2\">Pagoui Hamidine Abdou<\/span><span class=\"s1\"> , n\u00e9 le 1er janvier 1973 \u00e0 Ingall (Agadez)<\/span><\/li>\n<li class=\"li1\"><span class=\"s2\">Amadou Ngade Hamid<\/span><span class=\"s1\"> , n\u00e9 le 30 juin 1981 \u00e0 Niamey<\/span><\/li>\n<li class=\"li1\"><span class=\"s2\">Abdoul Kader Mohamed<\/span><span class=\"s1\"> , n\u00e9 le 6 avril 1973 \u00e0 Agadez<\/span><\/li>\n<li class=\"li1\"><span class=\"s2\">Abou Mahamadou Tarka<\/span><span class=\"s1\"> , n\u00e9 le 7 avril 1950 \u00e0 Belb\u00e9dji\/Zongo<\/span><\/li>\n<li class=\"li1\"><span class=\"s2\">Daouda Djibo Takoubakoye<\/span><span class=\"s1\"> , n\u00e9 le 27 novembre 1975 \u00e0 Latakabia (Kollo)<\/span><\/li>\n<li class=\"li1\"><span class=\"s2\">Karingama Wali Ibrahim<\/span><span class=\"s1\"> , n\u00e9 le 29 ao\u00fbt 1963 \u00e0 Zinder<\/span><\/li>\n<li class=\"li1\"><span class=\"s2\">Harouna Gazobi Souleymane<\/span><span class=\"s1\"> , n\u00e9 le 10 janvier 1974 \u00e0 Malbaza<\/span><\/li>\n<li class=\"li1\"><span class=\"s2\">Moussa Moumouni<\/span><span class=\"s1\"> , n\u00e9 le 1er janvier 1985 \u00e0 Tchibba Tombo\u00a0<\/span><\/li>\n<\/ol>\n<p class=\"p1\" style=\"text-align: right;\"><strong><span class=\"s1\">Par Vox Sahel <\/span><\/strong><\/p>\n","protected":false},"excerpt":{"rendered":"<p>Le gouvernement de la transition au Niger a annonc\u00e9 la d\u00e9ch\u00e9ance de la nationalit\u00e9 de<\/p>\n","protected":false},"author":2,"featured_media":565,"comment_status":"open","ping_status":"open","sticky":false,"template":"","format":"standard","meta":{"_et_pb_use_builder":"","_et_pb_old_content":"","_et_gb_content_width":"","footnotes":""},"categories":[15],"tags":[173,60],"class_list":["post-564","post","type-post","status-publish","format-standard","has-post-thumbnail","hentry","category-international","tag-abdramane-tiani","tag-niger"],"yoast_head":"<!-- This site is optimized with the Yoast SEO plugin v27.5 - https:\/\/yoast.com\/product\/yoast-seo-wordpress\/ -->\n<title>Niger : D\u00e9ch\u00e9ance de nationalit\u00e9 pour neuf figures politiques et militaires accus\u00e9es de trahison - Vox Sahel<\/title>\n<meta name=\"robots\" content=\"index, follow, max-snippet:-1, max-image-preview:large, max-video-preview:-1\" \/>\n<link rel=\"canonical\" href=\"https:\/\/voxsahel.com\/?p=564\" \/>\n<meta property=\"og:locale\" content=\"fr_FR\" \/>\n<meta property=\"og:type\" content=\"article\" \/>\n<meta property=\"og:title\" content=\"Niger : D\u00e9ch\u00e9ance de nationalit\u00e9 pour neuf figures politiques et militaires accus\u00e9es de trahison - Vox Sahel\" \/>\n<meta property=\"og:description\" content=\"Le gouvernement de la transition au Niger a annonc\u00e9 la d\u00e9ch\u00e9ance de la nationalit\u00e9 de\" \/>\n<meta property=\"og:url\" content=\"https:\/\/voxsahel.com\/?p=564\" \/>\n<meta property=\"og:site_name\" content=\"Vox Sahel\" \/>\n<meta property=\"article:publisher\" content=\"https:\/\/www.facebook.com\/journal.voxsahel\" \/>\n<meta property=\"article:published_time\" content=\"2024-10-11T07:58:26+00:00\" \/>\n<meta property=\"og:image\" content=\"https:\/\/voxsahel.com\/wp-content\/uploads\/2024\/10\/IMG_7590.jpeg\" \/>\n\t<meta property=\"og:image:width\" content=\"640\" \/>\n\t<meta property=\"og:image:height\" content=\"640\" \/>\n\t<meta property=\"og:image:type\" content=\"image\/jpeg\" \/>\n<meta name=\"author\" content=\"Vox Sahel\" \/>\n<meta name=\"twitter:card\" content=\"summary_large_image\" \/>\n<meta name=\"twitter:label1\" content=\"\u00c9crit par\" \/>\n\t<meta name=\"twitter:data1\" content=\"Vox Sahel\" \/>\n\t<meta name=\"twitter:label2\" content=\"Dur\u00e9e de lecture estim\u00e9e\" \/>\n\t<meta name=\"twitter:data2\" content=\"3 minutes\" \/>\n<script type=\"application\/ld+json\" class=\"yoast-schema-graph\">{\"@context\":\"https:\\\/\\\/schema.org\",\"@graph\":[{\"@type\":\"Article\",\"@id\":\"https:\\\/\\\/voxsahel.com\\\/?p=564#article\",\"isPartOf\":{\"@id\":\"https:\\\/\\\/voxsahel.com\\\/?p=564\"},\"author\":{\"name\":\"Vox Sahel\",\"@id\":\"https:\\\/\\\/voxsahel.com\\\/#\\\/schema\\\/person\\\/b4043608248f8fa227cd760e7ff1e19e\"},\"headline\":\"Niger : D\u00e9ch\u00e9ance de nationalit\u00e9 pour neuf figures politiques et militaires accus\u00e9es de trahison\",\"datePublished\":\"2024-10-11T07:58:26+00:00\",\"mainEntityOfPage\":{\"@id\":\"https:\\\/\\\/voxsahel.com\\\/?p=564\"},\"wordCount\":539,\"commentCount\":0,\"publisher\":{\"@id\":\"https:\\\/\\\/voxsahel.com\\\/#organization\"},\"image\":{\"@id\":\"https:\\\/\\\/voxsahel.com\\\/?p=564#primaryimage\"},\"thumbnailUrl\":\"https:\\\/\\\/voxsahel.com\\\/wp-content\\\/uploads\\\/2024\\\/10\\\/IMG_7590.jpeg\",\"keywords\":[\"Abdramane Tiani\",\"Niger\"],\"articleSection\":[\"INTERNATIONAL\"],\"inLanguage\":\"fr-FR\",\"potentialAction\":[{\"@type\":\"CommentAction\",\"name\":\"Comment\",\"target\":[\"https:\\\/\\\/voxsahel.com\\\/?p=564#respond\"]}]},{\"@type\":\"WebPage\",\"@id\":\"https:\\\/\\\/voxsahel.com\\\/?p=564\",\"url\":\"https:\\\/\\\/voxsahel.com\\\/?p=564\",\"name\":\"Niger : D\u00e9ch\u00e9ance de nationalit\u00e9 pour neuf figures politiques et militaires accus\u00e9es de trahison - Vox Sahel\",\"isPartOf\":{\"@id\":\"https:\\\/\\\/voxsahel.com\\\/#website\"},\"primaryImageOfPage\":{\"@id\":\"https:\\\/\\\/voxsahel.com\\\/?p=564#primaryimage\"},\"image\":{\"@id\":\"https:\\\/\\\/voxsahel.com\\\/?p=564#primaryimage\"},\"thumbnailUrl\":\"https:\\\/\\\/voxsahel.com\\\/wp-content\\\/uploads\\\/2024\\\/10\\\/IMG_7590.jpeg\",\"datePublished\":\"2024-10-11T07:58:26+00:00\",\"breadcrumb\":{\"@id\":\"https:\\\/\\\/voxsahel.com\\\/?p=564#breadcrumb\"},\"inLanguage\":\"fr-FR\",\"potentialAction\":[{\"@type\":\"ReadAction\",\"target\":[\"https:\\\/\\\/voxsahel.com\\\/?p=564\"]}]},{\"@type\":\"ImageObject\",\"inLanguage\":\"fr-FR\",\"@id\":\"https:\\\/\\\/voxsahel.com\\\/?p=564#primaryimage\",\"url\":\"https:\\\/\\\/voxsahel.com\\\/wp-content\\\/uploads\\\/2024\\\/10\\\/IMG_7590.jpeg\",\"contentUrl\":\"https:\\\/\\\/voxsahel.com\\\/wp-content\\\/uploads\\\/2024\\\/10\\\/IMG_7590.jpeg\",\"width\":640,\"height\":640},{\"@type\":\"BreadcrumbList\",\"@id\":\"https:\\\/\\\/voxsahel.com\\\/?p=564#breadcrumb\",\"itemListElement\":[{\"@type\":\"ListItem\",\"position\":1,\"name\":\"Home\",\"item\":\"https:\\\/\\\/voxsahel.com\\\/\"},{\"@type\":\"ListItem\",\"position\":2,\"name\":\"Niger : D\u00e9ch\u00e9ance de nationalit\u00e9 pour neuf figures politiques et militaires accus\u00e9es de trahison\"}]},{\"@type\":\"WebSite\",\"@id\":\"https:\\\/\\\/voxsahel.com\\\/#website\",\"url\":\"https:\\\/\\\/voxsahel.com\\\/\",\"name\":\"Vox Sahel\",\"description\":\"Informez-vous sur le Sahel en un clic\",\"publisher\":{\"@id\":\"https:\\\/\\\/voxsahel.com\\\/#organization\"},\"potentialAction\":[{\"@type\":\"SearchAction\",\"target\":{\"@type\":\"EntryPoint\",\"urlTemplate\":\"https:\\\/\\\/voxsahel.com\\\/?s={search_term_string}\"},\"query-input\":{\"@type\":\"PropertyValueSpecification\",\"valueRequired\":true,\"valueName\":\"search_term_string\"}}],\"inLanguage\":\"fr-FR\"},{\"@type\":\"Organization\",\"@id\":\"https:\\\/\\\/voxsahel.com\\\/#organization\",\"name\":\"Vox Sahel\",\"url\":\"https:\\\/\\\/voxsahel.com\\\/\",\"logo\":{\"@type\":\"ImageObject\",\"inLanguage\":\"fr-FR\",\"@id\":\"https:\\\/\\\/voxsahel.com\\\/#\\\/schema\\\/logo\\\/image\\\/\",\"url\":\"https:\\\/\\\/voxsahel.com\\\/wp-content\\\/uploads\\\/2024\\\/09\\\/Logo-Vox-Sahel.jpg\",\"contentUrl\":\"https:\\\/\\\/voxsahel.com\\\/wp-content\\\/uploads\\\/2024\\\/09\\\/Logo-Vox-Sahel.jpg\",\"width\":1181,\"height\":848,\"caption\":\"Vox Sahel\"},\"image\":{\"@id\":\"https:\\\/\\\/voxsahel.com\\\/#\\\/schema\\\/logo\\\/image\\\/\"},\"sameAs\":[\"https:\\\/\\\/www.facebook.com\\\/journal.voxsahel\"]},{\"@type\":\"Person\",\"@id\":\"https:\\\/\\\/voxsahel.com\\\/#\\\/schema\\\/person\\\/b4043608248f8fa227cd760e7ff1e19e\",\"name\":\"Vox Sahel\",\"image\":{\"@type\":\"ImageObject\",\"inLanguage\":\"fr-FR\",\"@id\":\"https:\\\/\\\/secure.gravatar.com\\\/avatar\\\/f70e7fa0cb9b29d4a7c5788d6eb2e9ab4d3135cbae1c9161810fdf77a8964699?s=96&d=mm&r=g\",\"url\":\"https:\\\/\\\/secure.gravatar.com\\\/avatar\\\/f70e7fa0cb9b29d4a7c5788d6eb2e9ab4d3135cbae1c9161810fdf77a8964699?s=96&d=mm&r=g\",\"contentUrl\":\"https:\\\/\\\/secure.gravatar.com\\\/avatar\\\/f70e7fa0cb9b29d4a7c5788d6eb2e9ab4d3135cbae1c9161810fdf77a8964699?s=96&d=mm&r=g\",\"caption\":\"Vox Sahel\"},\"sameAs\":[\"http:\\\/\\\/www.voxsahel.com\"],\"url\":\"https:\\\/\\\/voxsahel.com\\\/?author=2\"}]}<\/script>\n<!-- \/ Yoast SEO plugin. -->","yoast_head_json":{"title":"Niger : D\u00e9ch\u00e9ance de nationalit\u00e9 pour neuf figures politiques et militaires accus\u00e9es de trahison - Vox Sahel","robots":{"index":"index","follow":"follow","max-snippet":"max-snippet:-1","max-image-preview":"max-image-preview:large","max-video-preview":"max-video-preview:-1"},"canonical":"https:\/\/voxsahel.com\/?p=564","og_locale":"fr_FR","og_type":"article","og_title":"Niger : D\u00e9ch\u00e9ance de nationalit\u00e9 pour neuf figures politiques et militaires accus\u00e9es de trahison - Vox Sahel","og_description":"Le gouvernement de la transition au Niger a annonc\u00e9 la d\u00e9ch\u00e9ance de la nationalit\u00e9 de","og_url":"https:\/\/voxsahel.com\/?p=564","og_site_name":"Vox Sahel","article_publisher":"https:\/\/www.facebook.com\/journal.voxsahel","article_published_time":"2024-10-11T07:58:26+00:00","og_image":[{"width":640,"height":640,"url":"https:\/\/voxsahel.com\/wp-content\/uploads\/2024\/10\/IMG_7590.jpeg","type":"image\/jpeg"}],"author":"Vox Sahel","twitter_card":"summary_large_image","twitter_misc":{"\u00c9crit par":"Vox Sahel","Dur\u00e9e de lecture estim\u00e9e":"3 minutes"},"schema":{"@context":"https:\/\/schema.org","@graph":[{"@type":"Article","@id":"https:\/\/voxsahel.com\/?p=564#article","isPartOf":{"@id":"https:\/\/voxsahel.com\/?p=564"},"author":{"name":"Vox Sahel","@id":"https:\/\/voxsahel.com\/#\/schema\/person\/b4043608248f8fa227cd760e7ff1e19e"},"headline":"Niger : D\u00e9ch\u00e9ance de nationalit\u00e9 pour neuf figures politiques et militaires accus\u00e9es de trahison","datePublished":"2024-10-11T07:58:26+00:00","mainEntityOfPage":{"@id":"https:\/\/voxsahel.com\/?p=564"},"wordCount":539,"commentCount":0,"publisher":{"@id":"https:\/\/voxsahel.com\/#organization"},"image":{"@id":"https:\/\/voxsahel.com\/?p=564#primaryimage"},"thumbnailUrl":"https:\/\/voxsahel.com\/wp-content\/uploads\/2024\/10\/IMG_7590.jpeg","keywords":["Abdramane Tiani","Niger"],"articleSection":["INTERNATIONAL"],"inLanguage":"fr-FR","potentialAction":[{"@type":"CommentAction","name":"Comment","target":["https:\/\/voxsahel.com\/?p=564#respond"]}]},{"@type":"WebPage","@id":"https:\/\/voxsahel.com\/?p=564","url":"https:\/\/voxsahel.com\/?p=564","name":"Niger : D\u00e9ch\u00e9ance de nationalit\u00e9 pour neuf figures politiques et militaires accus\u00e9es de trahison - Vox Sahel","isPartOf":{"@id":"https:\/\/voxsahel.com\/#website"},"primaryImageOfPage":{"@id":"https:\/\/voxsahel.com\/?p=564#primaryimage"},"image":{"@id":"https:\/\/voxsahel.com\/?p=564#primaryimage"},"thumbnailUrl":"https:\/\/voxsahel.com\/wp-content\/uploads\/2024\/10\/IMG_7590.jpeg","datePublished":"2024-10-11T07:58:26+00:00","breadcrumb":{"@id":"https:\/\/voxsahel.com\/?p=564#breadcrumb"},"inLanguage":"fr-FR","potentialAction":[{"@type":"ReadAction","target":["https:\/\/voxsahel.com\/?p=564"]}]},{"@type":"ImageObject","inLanguage":"fr-FR","@id":"https:\/\/voxsahel.com\/?p=564#primaryimage","url":"https:\/\/voxsahel.com\/wp-content\/uploads\/2024\/10\/IMG_7590.jpeg","contentUrl":"https:\/\/voxsahel.com\/wp-content\/uploads\/2024\/10\/IMG_7590.jpeg","width":640,"height":640},{"@type":"BreadcrumbList","@id":"https:\/\/voxsahel.com\/?p=564#breadcrumb","itemListElement":[{"@type":"ListItem","position":1,"name":"Home","item":"https:\/\/voxsahel.com\/"},{"@type":"ListItem","position":2,"name":"Niger : D\u00e9ch\u00e9ance de nationalit\u00e9 pour neuf figures politiques et militaires accus\u00e9es de trahison"}]},{"@type":"WebSite","@id":"https:\/\/voxsahel.com\/#website","url":"https:\/\/voxsahel.com\/","name":"Vox Sahel","description":"Informez-vous sur le Sahel en un clic","publisher":{"@id":"https:\/\/voxsahel.com\/#organization"},"potentialAction":[{"@type":"SearchAction","target":{"@type":"EntryPoint","urlTemplate":"https:\/\/voxsahel.com\/?s={search_term_string}"},"query-input":{"@type":"PropertyValueSpecification","valueRequired":true,"valueName":"search_term_string"}}],"inLanguage":"fr-FR"},{"@type":"Organization","@id":"https:\/\/voxsahel.com\/#organization","name":"Vox Sahel","url":"https:\/\/voxsahel.com\/","logo":{"@type":"ImageObject","inLanguage":"fr-FR","@id":"https:\/\/voxsahel.com\/#\/schema\/logo\/image\/","url":"https:\/\/voxsahel.com\/wp-content\/uploads\/2024\/09\/Logo-Vox-Sahel.jpg","contentUrl":"https:\/\/voxsahel.com\/wp-content\/uploads\/2024\/09\/Logo-Vox-Sahel.jpg","width":1181,"height":848,"caption":"Vox Sahel"},"image":{"@id":"https:\/\/voxsahel.com\/#\/schema\/logo\/image\/"},"sameAs":["https:\/\/www.facebook.com\/journal.voxsahel"]},{"@type":"Person","@id":"https:\/\/voxsahel.com\/#\/schema\/person\/b4043608248f8fa227cd760e7ff1e19e","name":"Vox Sahel","image":{"@type":"ImageObject","inLanguage":"fr-FR","@id":"https:\/\/secure.gravatar.com\/avatar\/f70e7fa0cb9b29d4a7c5788d6eb2e9ab4d3135cbae1c9161810fdf77a8964699?s=96&d=mm&r=g","url":"https:\/\/secure.gravatar.com\/avatar\/f70e7fa0cb9b29d4a7c5788d6eb2e9ab4d3135cbae1c9161810fdf77a8964699?s=96&d=mm&r=g","contentUrl":"https:\/\/secure.gravatar.com\/avatar\/f70e7fa0cb9b29d4a7c5788d6eb2e9ab4d3135cbae1c9161810fdf77a8964699?s=96&d=mm&r=g","caption":"Vox Sahel"},"sameAs":["http:\/\/www.voxsahel.com"],"url":"https:\/\/voxsahel.com\/?author=2"}]}},"_links":{"self":[{"href":"https:\/\/voxsahel.com\/index.php?rest_route=\/wp\/v2\/posts\/564","targetHints":{"allow":["GET"]}}],"collection":[{"href":"https:\/\/voxsahel.com\/index.php?rest_route=\/wp\/v2\/posts"}],"about":[{"href":"https:\/\/voxsahel.com\/index.php?rest_route=\/wp\/v2\/types\/post"}],"author":[{"embeddable":true,"href":"https:\/\/voxsahel.com\/index.php?rest_route=\/wp\/v2\/users\/2"}],"replies":[{"embeddable":true,"href":"https:\/\/voxsahel.com\/index.php?rest_route=%2Fwp%2Fv2%2Fcomments&post=564"}],"version-history":[{"count":1,"href":"https:\/\/voxsahel.com\/index.php?rest_route=\/wp\/v2\/posts\/564\/revisions"}],"predecessor-version":[{"id":566,"href":"https:\/\/voxsahel.com\/index.php?rest_route=\/wp\/v2\/posts\/564\/revisions\/566"}],"wp:featuredmedia":[{"embeddable":true,"href":"https:\/\/voxsahel.com\/index.php?rest_route=\/wp\/v2\/media\/565"}],"wp:attachment":[{"href":"https:\/\/voxsahel.com\/index.php?rest_route=%2Fwp%2Fv2%2Fmedia&parent=564"}],"wp:term":[{"taxonomy":"category","embeddable":true,"href":"https:\/\/voxsahel.com\/index.php?rest_route=%2Fwp%2Fv2%2Fcategories&post=564"},{"taxonomy":"post_tag","embeddable":true,"href":"https:\/\/voxsahel.com\/index.php?rest_route=%2Fwp%2Fv2%2Ftags&post=564"}],"curies":[{"name":"wp","href":"https:\/\/api.w.org\/{rel}","templated":true}]}}