{"id":561,"date":"2024-10-11T06:57:19","date_gmt":"2024-10-11T06:57:19","guid":{"rendered":"https:\/\/voxsahel.com\/?p=561"},"modified":"2024-10-11T06:57:19","modified_gmt":"2024-10-11T06:57:19","slug":"solidarite-regionale-le-senegal-exprime-son-soutien-au-burkina-faso-face-aux-defis-securitaires","status":"publish","type":"post","link":"https:\/\/voxsahel.com\/?p=561","title":{"rendered":"Solidarit\u00e9 r\u00e9gionale : le S\u00e9n\u00e9gal exprime son soutien au Burkina Faso face aux d\u00e9fis s\u00e9curitaires"},"content":{"rendered":"<p class=\"p1\">Le Pr\u00e9sident du Faso, Chef de l\u2019Etat, le Capitaine Ibrahim TRAORE a re\u00e7u en audience, ce jeudi en fin de matin\u00e9e, un envoy\u00e9 sp\u00e9cial du Pr\u00e9sident de la R\u00e9publique du S\u00e9n\u00e9gal, Abdoulaye BATHILY. Il est porteur d\u2019un message du Pr\u00e9sident Bassirou Diomaye FAYE \u00e0 son homologue le Capitaine Ibrahim TRAORE.<\/p>\n<p class=\"p1\"><span class=\"s1\">\u00ab Je suis venu au Burkina Faso, porteur d&rsquo;un message du Pr\u00e9sident Diomaye FAYE dont je suis l&rsquo;envoy\u00e9 sp\u00e9cial. (&#8230;) Ce message porte sur l&rsquo;expression de la solidarit\u00e9 du Pr\u00e9sident Diomaye FAYE, de son gouvernement et du peuple s\u00e9n\u00e9galais \u00e0 l&rsquo;\u00e9gard du peuple du Burkina Faso dans les circonstances actuelles marqu\u00e9es par des attaques terroristes \u00bb, a indiqu\u00e9 Abdoulaye BATHILY \u00e0 sa sortie d\u2019audience.<\/span><\/p>\n<p class=\"p1\"><span class=\"s1\">Abdoulaye BATHILY a exprim\u00e9 les pr\u00e9occupations de son pays face \u00e0 la situation s\u00e9curitaire que traversent le Sahel et l\u2019Afrique de l\u2019Ouest tout enti\u00e8re. \u00ab Les peuples de notre r\u00e9gion aspirent depuis tr\u00e8s longtemps \u00e0 l&rsquo;unit\u00e9, au d\u00e9veloppement, au progr\u00e8s, \u00e0 la s\u00e9curit\u00e9. Lorsqu&rsquo;on voit le spectacle aujourd&rsquo;hui de ce qui se passe dans cette r\u00e9gion, nous sommes profond\u00e9ment afflig\u00e9s \u00bb, a-t-il soutenu.<\/span><\/p>\n<p class=\"p1\"><span class=\"s1\">L\u2019envoy\u00e9 sp\u00e9cial du Pr\u00e9sident FAYE est convaincu que cette page difficile ne peut \u00eatre tourn\u00e9e que dans une synergie d\u2019actions entre les peuples, l&rsquo;unit\u00e9 et la solidarit\u00e9 \u00e0 l&rsquo;int\u00e9rieur des pays et entre eux. \u00ab Il n&rsquo;y a pas un autre avenir pour nous que cette marche vers le progr\u00e8s, ce d\u00e9sir d&rsquo;\u00e9mancipation des peuples africains \u00bb, a affirm\u00e9 M. BATHILY.<\/span><\/p>\n<p class=\"p1\"><span class=\"s1\">Il s\u2019agit, selon lui, de voir \u00ab comment mettre en synergie nos intelligences, comment mettre en commun nos ressources humaines, nos r\u00e9flexions de mani\u00e8re cr\u00e9atrice pour ouvrir une nouvelle p\u00e9riode de relations, de relations qualitatives, apais\u00e9es \u00e0 l&rsquo;int\u00e9rieur des pays, entre les pays \u00bb.<\/span><\/p>\n<p class=\"p1\"><span class=\"s1\">Sur la cr\u00e9ation de la Conf\u00e9d\u00e9ration \u00ab Alliance des Etats du Sahel (AES) \u00bb et les ambitions de ses Etats membres, l\u2019envoy\u00e9 sp\u00e9cial du Pr\u00e9sident FAYE a indiqu\u00e9 qu\u2019\u00e0 \u00ab chaque fois qu&rsquo;un groupe d&rsquo;Etats estime qu&rsquo;ils peuvent s&rsquo;engager ensemble pour des objectifs qu&rsquo;ils ont en commun, c&rsquo;est une tr\u00e8s bonne chose \u00bb.<\/span><\/p>\n<p class=\"p1\"><span class=\"s1\">\u00ab Nous devons pouvoir explorer toutes les possibilit\u00e9s qui peuvent nous faire avancer sur le chemin de nos objectifs strat\u00e9giques, c&rsquo;est-\u00e0-dire l&rsquo;\u00e9mancipation \u00e9conomique, l&rsquo;\u00e9mancipation politique, menant au progr\u00e8s de nos peuples \u00bb, a ajout\u00e9 Abdoulaye BATHILY.<\/span><\/p>\n<p class=\"p1\" style=\"text-align: right;\"><span class=\"s1\"><b>Direction de la communication de la Pr\u00e9sidence du Faso<\/b><\/span><\/p>\n","protected":false},"excerpt":{"rendered":"<p>Le Pr\u00e9sident du Faso, Chef de l\u2019Etat, le Capitaine Ibrahim TRAORE a re\u00e7u en audience,<\/p>\n","protected":false},"author":2,"featured_media":562,"comment_status":"open","ping_status":"open","sticky":false,"template":"","format":"standard","meta":{"_et_pb_use_builder":"","_et_pb_old_content":"","_et_gb_content_width":"","footnotes":""},"categories":[6],"tags":[76,18,174,328,74],"class_list":["post-561","post","type-post","status-publish","format-standard","has-post-thumbnail","hentry","category-politique","tag-bassirou-diomaye-faye","tag-burkina-faso","tag-capitaine-ibrahim-traore","tag-ousmane-sonko","tag-senegal"],"yoast_head":"<!-- This site is optimized with the Yoast SEO plugin v27.5 - https:\/\/yoast.com\/product\/yoast-seo-wordpress\/ -->\n<title>Solidarit\u00e9 r\u00e9gionale : le S\u00e9n\u00e9gal exprime son soutien au Burkina Faso face aux d\u00e9fis s\u00e9curitaires - Vox Sahel<\/title>\n<meta name=\"robots\" content=\"index, follow, max-snippet:-1, max-image-preview:large, max-video-preview:-1\" \/>\n<link rel=\"canonical\" href=\"https:\/\/voxsahel.com\/?p=561\" \/>\n<meta property=\"og:locale\" content=\"fr_FR\" \/>\n<meta property=\"og:type\" content=\"article\" \/>\n<meta property=\"og:title\" content=\"Solidarit\u00e9 r\u00e9gionale : le S\u00e9n\u00e9gal exprime son soutien au Burkina Faso face aux d\u00e9fis s\u00e9curitaires - Vox Sahel\" \/>\n<meta property=\"og:description\" content=\"Le Pr\u00e9sident du Faso, Chef de l\u2019Etat, le Capitaine Ibrahim TRAORE a re\u00e7u en audience,\" \/>\n<meta property=\"og:url\" content=\"https:\/\/voxsahel.com\/?p=561\" \/>\n<meta property=\"og:site_name\" content=\"Vox Sahel\" \/>\n<meta property=\"article:publisher\" content=\"https:\/\/www.facebook.com\/journal.voxsahel\" \/>\n<meta property=\"article:published_time\" content=\"2024-10-11T06:57:19+00:00\" \/>\n<meta property=\"og:image\" content=\"https:\/\/voxsahel.com\/wp-content\/uploads\/2024\/10\/bede0e0d-bcd4-49c0-b724-52125be3fd6a.jpeg\" \/>\n\t<meta property=\"og:image:width\" content=\"1596\" \/>\n\t<meta property=\"og:image:height\" content=\"1600\" \/>\n\t<meta property=\"og:image:type\" content=\"image\/jpeg\" \/>\n<meta name=\"author\" content=\"Vox Sahel\" \/>\n<meta name=\"twitter:card\" content=\"summary_large_image\" \/>\n<meta name=\"twitter:label1\" content=\"\u00c9crit par\" \/>\n\t<meta name=\"twitter:data1\" content=\"Vox Sahel\" \/>\n\t<meta name=\"twitter:label2\" content=\"Dur\u00e9e de lecture estim\u00e9e\" \/>\n\t<meta name=\"twitter:data2\" content=\"3 minutes\" \/>\n<script type=\"application\/ld+json\" class=\"yoast-schema-graph\">{\"@context\":\"https:\\\/\\\/schema.org\",\"@graph\":[{\"@type\":\"Article\",\"@id\":\"https:\\\/\\\/voxsahel.com\\\/?p=561#article\",\"isPartOf\":{\"@id\":\"https:\\\/\\\/voxsahel.com\\\/?p=561\"},\"author\":{\"name\":\"Vox Sahel\",\"@id\":\"https:\\\/\\\/voxsahel.com\\\/#\\\/schema\\\/person\\\/b4043608248f8fa227cd760e7ff1e19e\"},\"headline\":\"Solidarit\u00e9 r\u00e9gionale : le S\u00e9n\u00e9gal exprime son soutien au Burkina Faso face aux d\u00e9fis s\u00e9curitaires\",\"datePublished\":\"2024-10-11T06:57:19+00:00\",\"mainEntityOfPage\":{\"@id\":\"https:\\\/\\\/voxsahel.com\\\/?p=561\"},\"wordCount\":455,\"commentCount\":0,\"publisher\":{\"@id\":\"https:\\\/\\\/voxsahel.com\\\/#organization\"},\"image\":{\"@id\":\"https:\\\/\\\/voxsahel.com\\\/?p=561#primaryimage\"},\"thumbnailUrl\":\"https:\\\/\\\/voxsahel.com\\\/wp-content\\\/uploads\\\/2024\\\/10\\\/bede0e0d-bcd4-49c0-b724-52125be3fd6a.jpeg\",\"keywords\":[\"Bassirou Diomaye Faye\",\"Burkina Faso\",\"Capitaine Ibrahim Traor\u00e9\",\"Ousmane Sonko\",\"S\u00e9n\u00e9gal\"],\"articleSection\":[\"POLITIQUE\"],\"inLanguage\":\"fr-FR\",\"potentialAction\":[{\"@type\":\"CommentAction\",\"name\":\"Comment\",\"target\":[\"https:\\\/\\\/voxsahel.com\\\/?p=561#respond\"]}]},{\"@type\":\"WebPage\",\"@id\":\"https:\\\/\\\/voxsahel.com\\\/?p=561\",\"url\":\"https:\\\/\\\/voxsahel.com\\\/?p=561\",\"name\":\"Solidarit\u00e9 r\u00e9gionale : le S\u00e9n\u00e9gal exprime son soutien au Burkina Faso face aux d\u00e9fis s\u00e9curitaires - Vox Sahel\",\"isPartOf\":{\"@id\":\"https:\\\/\\\/voxsahel.com\\\/#website\"},\"primaryImageOfPage\":{\"@id\":\"https:\\\/\\\/voxsahel.com\\\/?p=561#primaryimage\"},\"image\":{\"@id\":\"https:\\\/\\\/voxsahel.com\\\/?p=561#primaryimage\"},\"thumbnailUrl\":\"https:\\\/\\\/voxsahel.com\\\/wp-content\\\/uploads\\\/2024\\\/10\\\/bede0e0d-bcd4-49c0-b724-52125be3fd6a.jpeg\",\"datePublished\":\"2024-10-11T06:57:19+00:00\",\"breadcrumb\":{\"@id\":\"https:\\\/\\\/voxsahel.com\\\/?p=561#breadcrumb\"},\"inLanguage\":\"fr-FR\",\"potentialAction\":[{\"@type\":\"ReadAction\",\"target\":[\"https:\\\/\\\/voxsahel.com\\\/?p=561\"]}]},{\"@type\":\"ImageObject\",\"inLanguage\":\"fr-FR\",\"@id\":\"https:\\\/\\\/voxsahel.com\\\/?p=561#primaryimage\",\"url\":\"https:\\\/\\\/voxsahel.com\\\/wp-content\\\/uploads\\\/2024\\\/10\\\/bede0e0d-bcd4-49c0-b724-52125be3fd6a.jpeg\",\"contentUrl\":\"https:\\\/\\\/voxsahel.com\\\/wp-content\\\/uploads\\\/2024\\\/10\\\/bede0e0d-bcd4-49c0-b724-52125be3fd6a.jpeg\",\"width\":1596,\"height\":1600},{\"@type\":\"BreadcrumbList\",\"@id\":\"https:\\\/\\\/voxsahel.com\\\/?p=561#breadcrumb\",\"itemListElement\":[{\"@type\":\"ListItem\",\"position\":1,\"name\":\"Home\",\"item\":\"https:\\\/\\\/voxsahel.com\\\/\"},{\"@type\":\"ListItem\",\"position\":2,\"name\":\"Solidarit\u00e9 r\u00e9gionale : le S\u00e9n\u00e9gal exprime son soutien au Burkina Faso face aux d\u00e9fis s\u00e9curitaires\"}]},{\"@type\":\"WebSite\",\"@id\":\"https:\\\/\\\/voxsahel.com\\\/#website\",\"url\":\"https:\\\/\\\/voxsahel.com\\\/\",\"name\":\"Vox Sahel\",\"description\":\"Informez-vous sur le Sahel en un clic\",\"publisher\":{\"@id\":\"https:\\\/\\\/voxsahel.com\\\/#organization\"},\"potentialAction\":[{\"@type\":\"SearchAction\",\"target\":{\"@type\":\"EntryPoint\",\"urlTemplate\":\"https:\\\/\\\/voxsahel.com\\\/?s={search_term_string}\"},\"query-input\":{\"@type\":\"PropertyValueSpecification\",\"valueRequired\":true,\"valueName\":\"search_term_string\"}}],\"inLanguage\":\"fr-FR\"},{\"@type\":\"Organization\",\"@id\":\"https:\\\/\\\/voxsahel.com\\\/#organization\",\"name\":\"Vox Sahel\",\"url\":\"https:\\\/\\\/voxsahel.com\\\/\",\"logo\":{\"@type\":\"ImageObject\",\"inLanguage\":\"fr-FR\",\"@id\":\"https:\\\/\\\/voxsahel.com\\\/#\\\/schema\\\/logo\\\/image\\\/\",\"url\":\"https:\\\/\\\/voxsahel.com\\\/wp-content\\\/uploads\\\/2024\\\/09\\\/Logo-Vox-Sahel.jpg\",\"contentUrl\":\"https:\\\/\\\/voxsahel.com\\\/wp-content\\\/uploads\\\/2024\\\/09\\\/Logo-Vox-Sahel.jpg\",\"width\":1181,\"height\":848,\"caption\":\"Vox Sahel\"},\"image\":{\"@id\":\"https:\\\/\\\/voxsahel.com\\\/#\\\/schema\\\/logo\\\/image\\\/\"},\"sameAs\":[\"https:\\\/\\\/www.facebook.com\\\/journal.voxsahel\"]},{\"@type\":\"Person\",\"@id\":\"https:\\\/\\\/voxsahel.com\\\/#\\\/schema\\\/person\\\/b4043608248f8fa227cd760e7ff1e19e\",\"name\":\"Vox Sahel\",\"image\":{\"@type\":\"ImageObject\",\"inLanguage\":\"fr-FR\",\"@id\":\"https:\\\/\\\/secure.gravatar.com\\\/avatar\\\/f70e7fa0cb9b29d4a7c5788d6eb2e9ab4d3135cbae1c9161810fdf77a8964699?s=96&d=mm&r=g\",\"url\":\"https:\\\/\\\/secure.gravatar.com\\\/avatar\\\/f70e7fa0cb9b29d4a7c5788d6eb2e9ab4d3135cbae1c9161810fdf77a8964699?s=96&d=mm&r=g\",\"contentUrl\":\"https:\\\/\\\/secure.gravatar.com\\\/avatar\\\/f70e7fa0cb9b29d4a7c5788d6eb2e9ab4d3135cbae1c9161810fdf77a8964699?s=96&d=mm&r=g\",\"caption\":\"Vox Sahel\"},\"sameAs\":[\"http:\\\/\\\/www.voxsahel.com\"],\"url\":\"https:\\\/\\\/voxsahel.com\\\/?author=2\"}]}<\/script>\n<!-- \/ Yoast SEO plugin. -->","yoast_head_json":{"title":"Solidarit\u00e9 r\u00e9gionale : le S\u00e9n\u00e9gal exprime son soutien au Burkina Faso face aux d\u00e9fis s\u00e9curitaires - Vox Sahel","robots":{"index":"index","follow":"follow","max-snippet":"max-snippet:-1","max-image-preview":"max-image-preview:large","max-video-preview":"max-video-preview:-1"},"canonical":"https:\/\/voxsahel.com\/?p=561","og_locale":"fr_FR","og_type":"article","og_title":"Solidarit\u00e9 r\u00e9gionale : le S\u00e9n\u00e9gal exprime son soutien au Burkina Faso face aux d\u00e9fis s\u00e9curitaires - Vox Sahel","og_description":"Le Pr\u00e9sident du Faso, Chef de l\u2019Etat, le Capitaine Ibrahim TRAORE a re\u00e7u en audience,","og_url":"https:\/\/voxsahel.com\/?p=561","og_site_name":"Vox Sahel","article_publisher":"https:\/\/www.facebook.com\/journal.voxsahel","article_published_time":"2024-10-11T06:57:19+00:00","og_image":[{"width":1596,"height":1600,"url":"https:\/\/voxsahel.com\/wp-content\/uploads\/2024\/10\/bede0e0d-bcd4-49c0-b724-52125be3fd6a.jpeg","type":"image\/jpeg"}],"author":"Vox Sahel","twitter_card":"summary_large_image","twitter_misc":{"\u00c9crit par":"Vox Sahel","Dur\u00e9e de lecture estim\u00e9e":"3 minutes"},"schema":{"@context":"https:\/\/schema.org","@graph":[{"@type":"Article","@id":"https:\/\/voxsahel.com\/?p=561#article","isPartOf":{"@id":"https:\/\/voxsahel.com\/?p=561"},"author":{"name":"Vox Sahel","@id":"https:\/\/voxsahel.com\/#\/schema\/person\/b4043608248f8fa227cd760e7ff1e19e"},"headline":"Solidarit\u00e9 r\u00e9gionale : le S\u00e9n\u00e9gal exprime son soutien au Burkina Faso face aux d\u00e9fis s\u00e9curitaires","datePublished":"2024-10-11T06:57:19+00:00","mainEntityOfPage":{"@id":"https:\/\/voxsahel.com\/?p=561"},"wordCount":455,"commentCount":0,"publisher":{"@id":"https:\/\/voxsahel.com\/#organization"},"image":{"@id":"https:\/\/voxsahel.com\/?p=561#primaryimage"},"thumbnailUrl":"https:\/\/voxsahel.com\/wp-content\/uploads\/2024\/10\/bede0e0d-bcd4-49c0-b724-52125be3fd6a.jpeg","keywords":["Bassirou Diomaye Faye","Burkina Faso","Capitaine Ibrahim Traor\u00e9","Ousmane Sonko","S\u00e9n\u00e9gal"],"articleSection":["POLITIQUE"],"inLanguage":"fr-FR","potentialAction":[{"@type":"CommentAction","name":"Comment","target":["https:\/\/voxsahel.com\/?p=561#respond"]}]},{"@type":"WebPage","@id":"https:\/\/voxsahel.com\/?p=561","url":"https:\/\/voxsahel.com\/?p=561","name":"Solidarit\u00e9 r\u00e9gionale : le S\u00e9n\u00e9gal exprime son soutien au Burkina Faso face aux d\u00e9fis s\u00e9curitaires - Vox Sahel","isPartOf":{"@id":"https:\/\/voxsahel.com\/#website"},"primaryImageOfPage":{"@id":"https:\/\/voxsahel.com\/?p=561#primaryimage"},"image":{"@id":"https:\/\/voxsahel.com\/?p=561#primaryimage"},"thumbnailUrl":"https:\/\/voxsahel.com\/wp-content\/uploads\/2024\/10\/bede0e0d-bcd4-49c0-b724-52125be3fd6a.jpeg","datePublished":"2024-10-11T06:57:19+00:00","breadcrumb":{"@id":"https:\/\/voxsahel.com\/?p=561#breadcrumb"},"inLanguage":"fr-FR","potentialAction":[{"@type":"ReadAction","target":["https:\/\/voxsahel.com\/?p=561"]}]},{"@type":"ImageObject","inLanguage":"fr-FR","@id":"https:\/\/voxsahel.com\/?p=561#primaryimage","url":"https:\/\/voxsahel.com\/wp-content\/uploads\/2024\/10\/bede0e0d-bcd4-49c0-b724-52125be3fd6a.jpeg","contentUrl":"https:\/\/voxsahel.com\/wp-content\/uploads\/2024\/10\/bede0e0d-bcd4-49c0-b724-52125be3fd6a.jpeg","width":1596,"height":1600},{"@type":"BreadcrumbList","@id":"https:\/\/voxsahel.com\/?p=561#breadcrumb","itemListElement":[{"@type":"ListItem","position":1,"name":"Home","item":"https:\/\/voxsahel.com\/"},{"@type":"ListItem","position":2,"name":"Solidarit\u00e9 r\u00e9gionale : le S\u00e9n\u00e9gal exprime son soutien au Burkina Faso face aux d\u00e9fis s\u00e9curitaires"}]},{"@type":"WebSite","@id":"https:\/\/voxsahel.com\/#website","url":"https:\/\/voxsahel.com\/","name":"Vox Sahel","description":"Informez-vous sur le Sahel en un clic","publisher":{"@id":"https:\/\/voxsahel.com\/#organization"},"potentialAction":[{"@type":"SearchAction","target":{"@type":"EntryPoint","urlTemplate":"https:\/\/voxsahel.com\/?s={search_term_string}"},"query-input":{"@type":"PropertyValueSpecification","valueRequired":true,"valueName":"search_term_string"}}],"inLanguage":"fr-FR"},{"@type":"Organization","@id":"https:\/\/voxsahel.com\/#organization","name":"Vox Sahel","url":"https:\/\/voxsahel.com\/","logo":{"@type":"ImageObject","inLanguage":"fr-FR","@id":"https:\/\/voxsahel.com\/#\/schema\/logo\/image\/","url":"https:\/\/voxsahel.com\/wp-content\/uploads\/2024\/09\/Logo-Vox-Sahel.jpg","contentUrl":"https:\/\/voxsahel.com\/wp-content\/uploads\/2024\/09\/Logo-Vox-Sahel.jpg","width":1181,"height":848,"caption":"Vox Sahel"},"image":{"@id":"https:\/\/voxsahel.com\/#\/schema\/logo\/image\/"},"sameAs":["https:\/\/www.facebook.com\/journal.voxsahel"]},{"@type":"Person","@id":"https:\/\/voxsahel.com\/#\/schema\/person\/b4043608248f8fa227cd760e7ff1e19e","name":"Vox Sahel","image":{"@type":"ImageObject","inLanguage":"fr-FR","@id":"https:\/\/secure.gravatar.com\/avatar\/f70e7fa0cb9b29d4a7c5788d6eb2e9ab4d3135cbae1c9161810fdf77a8964699?s=96&d=mm&r=g","url":"https:\/\/secure.gravatar.com\/avatar\/f70e7fa0cb9b29d4a7c5788d6eb2e9ab4d3135cbae1c9161810fdf77a8964699?s=96&d=mm&r=g","contentUrl":"https:\/\/secure.gravatar.com\/avatar\/f70e7fa0cb9b29d4a7c5788d6eb2e9ab4d3135cbae1c9161810fdf77a8964699?s=96&d=mm&r=g","caption":"Vox Sahel"},"sameAs":["http:\/\/www.voxsahel.com"],"url":"https:\/\/voxsahel.com\/?author=2"}]}},"_links":{"self":[{"href":"https:\/\/voxsahel.com\/index.php?rest_route=\/wp\/v2\/posts\/561","targetHints":{"allow":["GET"]}}],"collection":[{"href":"https:\/\/voxsahel.com\/index.php?rest_route=\/wp\/v2\/posts"}],"about":[{"href":"https:\/\/voxsahel.com\/index.php?rest_route=\/wp\/v2\/types\/post"}],"author":[{"embeddable":true,"href":"https:\/\/voxsahel.com\/index.php?rest_route=\/wp\/v2\/users\/2"}],"replies":[{"embeddable":true,"href":"https:\/\/voxsahel.com\/index.php?rest_route=%2Fwp%2Fv2%2Fcomments&post=561"}],"version-history":[{"count":1,"href":"https:\/\/voxsahel.com\/index.php?rest_route=\/wp\/v2\/posts\/561\/revisions"}],"predecessor-version":[{"id":563,"href":"https:\/\/voxsahel.com\/index.php?rest_route=\/wp\/v2\/posts\/561\/revisions\/563"}],"wp:featuredmedia":[{"embeddable":true,"href":"https:\/\/voxsahel.com\/index.php?rest_route=\/wp\/v2\/media\/562"}],"wp:attachment":[{"href":"https:\/\/voxsahel.com\/index.php?rest_route=%2Fwp%2Fv2%2Fmedia&parent=561"}],"wp:term":[{"taxonomy":"category","embeddable":true,"href":"https:\/\/voxsahel.com\/index.php?rest_route=%2Fwp%2Fv2%2Fcategories&post=561"},{"taxonomy":"post_tag","embeddable":true,"href":"https:\/\/voxsahel.com\/index.php?rest_route=%2Fwp%2Fv2%2Ftags&post=561"}],"curies":[{"name":"wp","href":"https:\/\/api.w.org\/{rel}","templated":true}]}}