{"id":555,"date":"2024-10-10T16:19:03","date_gmt":"2024-10-10T16:19:03","guid":{"rendered":"https:\/\/voxsahel.com\/?p=555"},"modified":"2024-10-10T16:19:03","modified_gmt":"2024-10-10T16:19:03","slug":"premiere-montee-des-couleurs-a-ouagadougou-un-signal-fort-de-lunite-des-forces-de-defense-burkinabe-face-au-terrorisme","status":"publish","type":"post","link":"https:\/\/voxsahel.com\/?p=555","title":{"rendered":"Premi\u00e8re mont\u00e9e des couleurs \u00e0 Ouagadougou : Un signal fort de l&rsquo;unit\u00e9 des forces de d\u00e9fense burkinab\u00e8 face au terrorisme"},"content":{"rendered":"<p class=\"p1\">L&rsquo;Etat-Major de l&rsquo;Arm\u00e9e de Terre a accueilli, le jeudi 10 octobre 2024, une c\u00e9r\u00e9monie historique : la premi\u00e8re mont\u00e9e des couleurs des Forces de D\u00e9fense et de S\u00e9curit\u00e9 (FDS) de la garnison de Ouagadougou. Cette initiative, pr\u00e9sid\u00e9e par le G\u00e9n\u00e9ral de Brigade Kassoum Coulibaly, ministre d&rsquo;\u00c9tat, ministre de la D\u00e9fense et des Anciens Combattants, marque une nouvelle \u00e9tape dans la consolidation de l&rsquo;esprit de collaboration entre les forces arm\u00e9es burkinab\u00e8.<\/p>\n<p class=\"p1\"><span class=\"s1\">Cet \u00e9v\u00e9nement solennel a vu la participation de plusieurs membres du gouvernement, de la hi\u00e9rarchie militaire, des Forces de S\u00e9curit\u00e9 Int\u00e9rieure ainsi que des Volontaires pour la D\u00e9fense de la Patrie (VDP). Institu\u00e9e pour renforcer les liens entre les diff\u00e9rentes forces combattantes, cette c\u00e9r\u00e9monie symbolise l&rsquo;unit\u00e9 nationale face aux menaces terroristes qui p\u00e8sent sur le pays.<\/span><\/p>\n<p class=\"p1\"><span class=\"s1\">Lors de son allocution, le Chef d&rsquo;\u00c9tat-Major G\u00e9n\u00e9ral des Arm\u00e9es (CEMGA), le G\u00e9n\u00e9ral de Brigade C\u00e9lestin Simpor\u00e9, a salu\u00e9 les nombreuses victoires obtenues gr\u00e2ce \u00e0 la synergie des actions entre les diff\u00e9rentes unit\u00e9s des FDS. Il a tenu \u00e0 exprimer sa gratitude envers le gouvernement et le peuple burkinab\u00e8 pour leur soutien continu, notamment dans les efforts de recrutement et d&rsquo;\u00e9quipement des forces arm\u00e9es. \u00ab Ces victoires, a-t-il affirm\u00e9, sont le fruit d&rsquo;un engagement collectif et d&rsquo;une solidarit\u00e9 sans faille \u00bb.<\/span><\/p>\n<p class=\"p1\"><span class=\"s1\">Le ministre a \u00e9galement insist\u00e9 sur l&rsquo;int\u00e9grit\u00e9 et la dignit\u00e9 attendues des forces combattantes, les appelants \u00e0 respecter l&rsquo;obligation de r\u00e9serve et \u00e0 l&rsquo;utilisateur des r\u00e9seaux sociaux avec responsabilit\u00e9. \u00ab Restez unis avec les populations pour former un seul bloc au service de la Nation \u00bb, at-il conclu.<\/span><\/p>\n<p class=\"p1\"><span class=\"s1\">Cette premi\u00e8re mont\u00e9e des couleurs symbolise la d\u00e9termination des FDS et des VDP \u00e0 lutter contre le terrorisme et \u00e0 assurer la s\u00e9curit\u00e9 du Burkina Faso dans un esprit d&rsquo;unit\u00e9 et de coh\u00e9sion nationale.\u00a0<\/span><\/p>\n<p style=\"text-align: right;\"><b>Par Vox Sahel\u00a0<\/b><\/p>\n","protected":false},"excerpt":{"rendered":"<p>L&rsquo;Etat-Major de l&rsquo;Arm\u00e9e de Terre a accueilli, le jeudi 10 octobre 2024, une c\u00e9r\u00e9monie historique<\/p>\n","protected":false},"author":2,"featured_media":556,"comment_status":"open","ping_status":"open","sticky":false,"template":"","format":"standard","meta":{"_et_pb_use_builder":"","_et_pb_old_content":"","_et_gb_content_width":"","footnotes":""},"categories":[6],"tags":[18,146,180,305],"class_list":["post-555","post","type-post","status-publish","format-standard","has-post-thumbnail","hentry","category-politique","tag-burkina-faso","tag-douanes-du-burkina-faso","tag-fds","tag-forces-armees-nationales-du-burkina-faso"],"yoast_head":"<!-- This site is optimized with the Yoast SEO plugin v27.5 - https:\/\/yoast.com\/product\/yoast-seo-wordpress\/ -->\n<title>Premi\u00e8re mont\u00e9e des couleurs \u00e0 Ouagadougou : Un signal fort de l&#039;unit\u00e9 des forces de d\u00e9fense burkinab\u00e8 face au terrorisme - Vox Sahel<\/title>\n<meta name=\"robots\" content=\"index, follow, max-snippet:-1, max-image-preview:large, max-video-preview:-1\" \/>\n<link rel=\"canonical\" href=\"https:\/\/voxsahel.com\/?p=555\" \/>\n<meta property=\"og:locale\" content=\"fr_FR\" \/>\n<meta property=\"og:type\" content=\"article\" \/>\n<meta property=\"og:title\" content=\"Premi\u00e8re mont\u00e9e des couleurs \u00e0 Ouagadougou : Un signal fort de l&#039;unit\u00e9 des forces de d\u00e9fense burkinab\u00e8 face au terrorisme - Vox Sahel\" \/>\n<meta property=\"og:description\" content=\"L&rsquo;Etat-Major de l&rsquo;Arm\u00e9e de Terre a accueilli, le jeudi 10 octobre 2024, une c\u00e9r\u00e9monie historique\" \/>\n<meta property=\"og:url\" content=\"https:\/\/voxsahel.com\/?p=555\" \/>\n<meta property=\"og:site_name\" content=\"Vox Sahel\" \/>\n<meta property=\"article:publisher\" content=\"https:\/\/www.facebook.com\/journal.voxsahel\" \/>\n<meta property=\"article:published_time\" content=\"2024-10-10T16:19:03+00:00\" \/>\n<meta property=\"og:image\" content=\"https:\/\/voxsahel.com\/wp-content\/uploads\/2024\/10\/IMG_7446.jpeg\" \/>\n\t<meta property=\"og:image:width\" content=\"1280\" \/>\n\t<meta property=\"og:image:height\" content=\"960\" \/>\n\t<meta property=\"og:image:type\" content=\"image\/jpeg\" \/>\n<meta name=\"author\" content=\"Vox Sahel\" \/>\n<meta name=\"twitter:card\" content=\"summary_large_image\" \/>\n<meta name=\"twitter:label1\" content=\"\u00c9crit par\" \/>\n\t<meta name=\"twitter:data1\" content=\"Vox Sahel\" \/>\n\t<meta name=\"twitter:label2\" content=\"Dur\u00e9e de lecture estim\u00e9e\" \/>\n\t<meta name=\"twitter:data2\" content=\"2 minutes\" \/>\n<script type=\"application\/ld+json\" class=\"yoast-schema-graph\">{\"@context\":\"https:\\\/\\\/schema.org\",\"@graph\":[{\"@type\":\"Article\",\"@id\":\"https:\\\/\\\/voxsahel.com\\\/?p=555#article\",\"isPartOf\":{\"@id\":\"https:\\\/\\\/voxsahel.com\\\/?p=555\"},\"author\":{\"name\":\"Vox Sahel\",\"@id\":\"https:\\\/\\\/voxsahel.com\\\/#\\\/schema\\\/person\\\/b4043608248f8fa227cd760e7ff1e19e\"},\"headline\":\"Premi\u00e8re mont\u00e9e des couleurs \u00e0 Ouagadougou : Un signal fort de l&rsquo;unit\u00e9 des forces de d\u00e9fense burkinab\u00e8 face au terrorisme\",\"datePublished\":\"2024-10-10T16:19:03+00:00\",\"mainEntityOfPage\":{\"@id\":\"https:\\\/\\\/voxsahel.com\\\/?p=555\"},\"wordCount\":355,\"commentCount\":0,\"publisher\":{\"@id\":\"https:\\\/\\\/voxsahel.com\\\/#organization\"},\"image\":{\"@id\":\"https:\\\/\\\/voxsahel.com\\\/?p=555#primaryimage\"},\"thumbnailUrl\":\"https:\\\/\\\/voxsahel.com\\\/wp-content\\\/uploads\\\/2024\\\/10\\\/IMG_7446.jpeg\",\"keywords\":[\"Burkina Faso\",\"Douanes du Burkina Faso\",\"FDS\",\"Forces arm\u00e9es nationales du Burkina Faso\"],\"articleSection\":[\"POLITIQUE\"],\"inLanguage\":\"fr-FR\",\"potentialAction\":[{\"@type\":\"CommentAction\",\"name\":\"Comment\",\"target\":[\"https:\\\/\\\/voxsahel.com\\\/?p=555#respond\"]}]},{\"@type\":\"WebPage\",\"@id\":\"https:\\\/\\\/voxsahel.com\\\/?p=555\",\"url\":\"https:\\\/\\\/voxsahel.com\\\/?p=555\",\"name\":\"Premi\u00e8re mont\u00e9e des couleurs \u00e0 Ouagadougou : Un signal fort de l'unit\u00e9 des forces de d\u00e9fense burkinab\u00e8 face au terrorisme - Vox Sahel\",\"isPartOf\":{\"@id\":\"https:\\\/\\\/voxsahel.com\\\/#website\"},\"primaryImageOfPage\":{\"@id\":\"https:\\\/\\\/voxsahel.com\\\/?p=555#primaryimage\"},\"image\":{\"@id\":\"https:\\\/\\\/voxsahel.com\\\/?p=555#primaryimage\"},\"thumbnailUrl\":\"https:\\\/\\\/voxsahel.com\\\/wp-content\\\/uploads\\\/2024\\\/10\\\/IMG_7446.jpeg\",\"datePublished\":\"2024-10-10T16:19:03+00:00\",\"breadcrumb\":{\"@id\":\"https:\\\/\\\/voxsahel.com\\\/?p=555#breadcrumb\"},\"inLanguage\":\"fr-FR\",\"potentialAction\":[{\"@type\":\"ReadAction\",\"target\":[\"https:\\\/\\\/voxsahel.com\\\/?p=555\"]}]},{\"@type\":\"ImageObject\",\"inLanguage\":\"fr-FR\",\"@id\":\"https:\\\/\\\/voxsahel.com\\\/?p=555#primaryimage\",\"url\":\"https:\\\/\\\/voxsahel.com\\\/wp-content\\\/uploads\\\/2024\\\/10\\\/IMG_7446.jpeg\",\"contentUrl\":\"https:\\\/\\\/voxsahel.com\\\/wp-content\\\/uploads\\\/2024\\\/10\\\/IMG_7446.jpeg\",\"width\":1280,\"height\":960},{\"@type\":\"BreadcrumbList\",\"@id\":\"https:\\\/\\\/voxsahel.com\\\/?p=555#breadcrumb\",\"itemListElement\":[{\"@type\":\"ListItem\",\"position\":1,\"name\":\"Home\",\"item\":\"https:\\\/\\\/voxsahel.com\\\/\"},{\"@type\":\"ListItem\",\"position\":2,\"name\":\"Premi\u00e8re mont\u00e9e des couleurs \u00e0 Ouagadougou : Un signal fort de l&rsquo;unit\u00e9 des forces de d\u00e9fense burkinab\u00e8 face au terrorisme\"}]},{\"@type\":\"WebSite\",\"@id\":\"https:\\\/\\\/voxsahel.com\\\/#website\",\"url\":\"https:\\\/\\\/voxsahel.com\\\/\",\"name\":\"Vox Sahel\",\"description\":\"Informez-vous sur le Sahel en un clic\",\"publisher\":{\"@id\":\"https:\\\/\\\/voxsahel.com\\\/#organization\"},\"potentialAction\":[{\"@type\":\"SearchAction\",\"target\":{\"@type\":\"EntryPoint\",\"urlTemplate\":\"https:\\\/\\\/voxsahel.com\\\/?s={search_term_string}\"},\"query-input\":{\"@type\":\"PropertyValueSpecification\",\"valueRequired\":true,\"valueName\":\"search_term_string\"}}],\"inLanguage\":\"fr-FR\"},{\"@type\":\"Organization\",\"@id\":\"https:\\\/\\\/voxsahel.com\\\/#organization\",\"name\":\"Vox Sahel\",\"url\":\"https:\\\/\\\/voxsahel.com\\\/\",\"logo\":{\"@type\":\"ImageObject\",\"inLanguage\":\"fr-FR\",\"@id\":\"https:\\\/\\\/voxsahel.com\\\/#\\\/schema\\\/logo\\\/image\\\/\",\"url\":\"https:\\\/\\\/voxsahel.com\\\/wp-content\\\/uploads\\\/2024\\\/09\\\/Logo-Vox-Sahel.jpg\",\"contentUrl\":\"https:\\\/\\\/voxsahel.com\\\/wp-content\\\/uploads\\\/2024\\\/09\\\/Logo-Vox-Sahel.jpg\",\"width\":1181,\"height\":848,\"caption\":\"Vox Sahel\"},\"image\":{\"@id\":\"https:\\\/\\\/voxsahel.com\\\/#\\\/schema\\\/logo\\\/image\\\/\"},\"sameAs\":[\"https:\\\/\\\/www.facebook.com\\\/journal.voxsahel\"]},{\"@type\":\"Person\",\"@id\":\"https:\\\/\\\/voxsahel.com\\\/#\\\/schema\\\/person\\\/b4043608248f8fa227cd760e7ff1e19e\",\"name\":\"Vox Sahel\",\"image\":{\"@type\":\"ImageObject\",\"inLanguage\":\"fr-FR\",\"@id\":\"https:\\\/\\\/secure.gravatar.com\\\/avatar\\\/f70e7fa0cb9b29d4a7c5788d6eb2e9ab4d3135cbae1c9161810fdf77a8964699?s=96&d=mm&r=g\",\"url\":\"https:\\\/\\\/secure.gravatar.com\\\/avatar\\\/f70e7fa0cb9b29d4a7c5788d6eb2e9ab4d3135cbae1c9161810fdf77a8964699?s=96&d=mm&r=g\",\"contentUrl\":\"https:\\\/\\\/secure.gravatar.com\\\/avatar\\\/f70e7fa0cb9b29d4a7c5788d6eb2e9ab4d3135cbae1c9161810fdf77a8964699?s=96&d=mm&r=g\",\"caption\":\"Vox Sahel\"},\"sameAs\":[\"http:\\\/\\\/www.voxsahel.com\"],\"url\":\"https:\\\/\\\/voxsahel.com\\\/?author=2\"}]}<\/script>\n<!-- \/ Yoast SEO plugin. -->","yoast_head_json":{"title":"Premi\u00e8re mont\u00e9e des couleurs \u00e0 Ouagadougou : Un signal fort de l'unit\u00e9 des forces de d\u00e9fense burkinab\u00e8 face au terrorisme - Vox Sahel","robots":{"index":"index","follow":"follow","max-snippet":"max-snippet:-1","max-image-preview":"max-image-preview:large","max-video-preview":"max-video-preview:-1"},"canonical":"https:\/\/voxsahel.com\/?p=555","og_locale":"fr_FR","og_type":"article","og_title":"Premi\u00e8re mont\u00e9e des couleurs \u00e0 Ouagadougou : Un signal fort de l'unit\u00e9 des forces de d\u00e9fense burkinab\u00e8 face au terrorisme - Vox Sahel","og_description":"L&rsquo;Etat-Major de l&rsquo;Arm\u00e9e de Terre a accueilli, le jeudi 10 octobre 2024, une c\u00e9r\u00e9monie historique","og_url":"https:\/\/voxsahel.com\/?p=555","og_site_name":"Vox Sahel","article_publisher":"https:\/\/www.facebook.com\/journal.voxsahel","article_published_time":"2024-10-10T16:19:03+00:00","og_image":[{"width":1280,"height":960,"url":"https:\/\/voxsahel.com\/wp-content\/uploads\/2024\/10\/IMG_7446.jpeg","type":"image\/jpeg"}],"author":"Vox Sahel","twitter_card":"summary_large_image","twitter_misc":{"\u00c9crit par":"Vox Sahel","Dur\u00e9e de lecture estim\u00e9e":"2 minutes"},"schema":{"@context":"https:\/\/schema.org","@graph":[{"@type":"Article","@id":"https:\/\/voxsahel.com\/?p=555#article","isPartOf":{"@id":"https:\/\/voxsahel.com\/?p=555"},"author":{"name":"Vox Sahel","@id":"https:\/\/voxsahel.com\/#\/schema\/person\/b4043608248f8fa227cd760e7ff1e19e"},"headline":"Premi\u00e8re mont\u00e9e des couleurs \u00e0 Ouagadougou : Un signal fort de l&rsquo;unit\u00e9 des forces de d\u00e9fense burkinab\u00e8 face au terrorisme","datePublished":"2024-10-10T16:19:03+00:00","mainEntityOfPage":{"@id":"https:\/\/voxsahel.com\/?p=555"},"wordCount":355,"commentCount":0,"publisher":{"@id":"https:\/\/voxsahel.com\/#organization"},"image":{"@id":"https:\/\/voxsahel.com\/?p=555#primaryimage"},"thumbnailUrl":"https:\/\/voxsahel.com\/wp-content\/uploads\/2024\/10\/IMG_7446.jpeg","keywords":["Burkina Faso","Douanes du Burkina Faso","FDS","Forces arm\u00e9es nationales du Burkina Faso"],"articleSection":["POLITIQUE"],"inLanguage":"fr-FR","potentialAction":[{"@type":"CommentAction","name":"Comment","target":["https:\/\/voxsahel.com\/?p=555#respond"]}]},{"@type":"WebPage","@id":"https:\/\/voxsahel.com\/?p=555","url":"https:\/\/voxsahel.com\/?p=555","name":"Premi\u00e8re mont\u00e9e des couleurs \u00e0 Ouagadougou : Un signal fort de l'unit\u00e9 des forces de d\u00e9fense burkinab\u00e8 face au terrorisme - Vox Sahel","isPartOf":{"@id":"https:\/\/voxsahel.com\/#website"},"primaryImageOfPage":{"@id":"https:\/\/voxsahel.com\/?p=555#primaryimage"},"image":{"@id":"https:\/\/voxsahel.com\/?p=555#primaryimage"},"thumbnailUrl":"https:\/\/voxsahel.com\/wp-content\/uploads\/2024\/10\/IMG_7446.jpeg","datePublished":"2024-10-10T16:19:03+00:00","breadcrumb":{"@id":"https:\/\/voxsahel.com\/?p=555#breadcrumb"},"inLanguage":"fr-FR","potentialAction":[{"@type":"ReadAction","target":["https:\/\/voxsahel.com\/?p=555"]}]},{"@type":"ImageObject","inLanguage":"fr-FR","@id":"https:\/\/voxsahel.com\/?p=555#primaryimage","url":"https:\/\/voxsahel.com\/wp-content\/uploads\/2024\/10\/IMG_7446.jpeg","contentUrl":"https:\/\/voxsahel.com\/wp-content\/uploads\/2024\/10\/IMG_7446.jpeg","width":1280,"height":960},{"@type":"BreadcrumbList","@id":"https:\/\/voxsahel.com\/?p=555#breadcrumb","itemListElement":[{"@type":"ListItem","position":1,"name":"Home","item":"https:\/\/voxsahel.com\/"},{"@type":"ListItem","position":2,"name":"Premi\u00e8re mont\u00e9e des couleurs \u00e0 Ouagadougou : Un signal fort de l&rsquo;unit\u00e9 des forces de d\u00e9fense burkinab\u00e8 face au terrorisme"}]},{"@type":"WebSite","@id":"https:\/\/voxsahel.com\/#website","url":"https:\/\/voxsahel.com\/","name":"Vox Sahel","description":"Informez-vous sur le Sahel en un clic","publisher":{"@id":"https:\/\/voxsahel.com\/#organization"},"potentialAction":[{"@type":"SearchAction","target":{"@type":"EntryPoint","urlTemplate":"https:\/\/voxsahel.com\/?s={search_term_string}"},"query-input":{"@type":"PropertyValueSpecification","valueRequired":true,"valueName":"search_term_string"}}],"inLanguage":"fr-FR"},{"@type":"Organization","@id":"https:\/\/voxsahel.com\/#organization","name":"Vox Sahel","url":"https:\/\/voxsahel.com\/","logo":{"@type":"ImageObject","inLanguage":"fr-FR","@id":"https:\/\/voxsahel.com\/#\/schema\/logo\/image\/","url":"https:\/\/voxsahel.com\/wp-content\/uploads\/2024\/09\/Logo-Vox-Sahel.jpg","contentUrl":"https:\/\/voxsahel.com\/wp-content\/uploads\/2024\/09\/Logo-Vox-Sahel.jpg","width":1181,"height":848,"caption":"Vox Sahel"},"image":{"@id":"https:\/\/voxsahel.com\/#\/schema\/logo\/image\/"},"sameAs":["https:\/\/www.facebook.com\/journal.voxsahel"]},{"@type":"Person","@id":"https:\/\/voxsahel.com\/#\/schema\/person\/b4043608248f8fa227cd760e7ff1e19e","name":"Vox Sahel","image":{"@type":"ImageObject","inLanguage":"fr-FR","@id":"https:\/\/secure.gravatar.com\/avatar\/f70e7fa0cb9b29d4a7c5788d6eb2e9ab4d3135cbae1c9161810fdf77a8964699?s=96&d=mm&r=g","url":"https:\/\/secure.gravatar.com\/avatar\/f70e7fa0cb9b29d4a7c5788d6eb2e9ab4d3135cbae1c9161810fdf77a8964699?s=96&d=mm&r=g","contentUrl":"https:\/\/secure.gravatar.com\/avatar\/f70e7fa0cb9b29d4a7c5788d6eb2e9ab4d3135cbae1c9161810fdf77a8964699?s=96&d=mm&r=g","caption":"Vox Sahel"},"sameAs":["http:\/\/www.voxsahel.com"],"url":"https:\/\/voxsahel.com\/?author=2"}]}},"_links":{"self":[{"href":"https:\/\/voxsahel.com\/index.php?rest_route=\/wp\/v2\/posts\/555","targetHints":{"allow":["GET"]}}],"collection":[{"href":"https:\/\/voxsahel.com\/index.php?rest_route=\/wp\/v2\/posts"}],"about":[{"href":"https:\/\/voxsahel.com\/index.php?rest_route=\/wp\/v2\/types\/post"}],"author":[{"embeddable":true,"href":"https:\/\/voxsahel.com\/index.php?rest_route=\/wp\/v2\/users\/2"}],"replies":[{"embeddable":true,"href":"https:\/\/voxsahel.com\/index.php?rest_route=%2Fwp%2Fv2%2Fcomments&post=555"}],"version-history":[{"count":1,"href":"https:\/\/voxsahel.com\/index.php?rest_route=\/wp\/v2\/posts\/555\/revisions"}],"predecessor-version":[{"id":557,"href":"https:\/\/voxsahel.com\/index.php?rest_route=\/wp\/v2\/posts\/555\/revisions\/557"}],"wp:featuredmedia":[{"embeddable":true,"href":"https:\/\/voxsahel.com\/index.php?rest_route=\/wp\/v2\/media\/556"}],"wp:attachment":[{"href":"https:\/\/voxsahel.com\/index.php?rest_route=%2Fwp%2Fv2%2Fmedia&parent=555"}],"wp:term":[{"taxonomy":"category","embeddable":true,"href":"https:\/\/voxsahel.com\/index.php?rest_route=%2Fwp%2Fv2%2Fcategories&post=555"},{"taxonomy":"post_tag","embeddable":true,"href":"https:\/\/voxsahel.com\/index.php?rest_route=%2Fwp%2Fv2%2Ftags&post=555"}],"curies":[{"name":"wp","href":"https:\/\/api.w.org\/{rel}","templated":true}]}}