{"id":549,"date":"2024-10-10T09:28:31","date_gmt":"2024-10-10T09:28:31","guid":{"rendered":"https:\/\/voxsahel.com\/?p=549"},"modified":"2024-10-10T09:28:31","modified_gmt":"2024-10-10T09:28:31","slug":"suspension-de-la-voix-de-lamerique-une-nouvelle-mesure-du-conseil-superieur-de-la-communication-au-burkina-faso","status":"publish","type":"post","link":"https:\/\/voxsahel.com\/?p=549","title":{"rendered":"Suspension de la Voix de l\u2019Am\u00e9rique : Une nouvelle mesure du Conseil sup\u00e9rieur de la Communication au Burkina Faso"},"content":{"rendered":"<p class=\"p1\"><span class=\"s1\">Le Conseil Sup\u00e9rieur de la Communication (CSC) du Burkina Faso a suspendu la diffusion de La Voix de l\u2019Am\u00e9rique (VOA) pour une p\u00e9riode de trois mois. Cette d\u00e9cision fait suite \u00e0 la diffusion d\u2019une \u00e9mission jug\u00e9e nuisible pour le moral des forces arm\u00e9es burkinab\u00e8 et maliennes. Selon l\u2019Agence d\u2019information du Burkina, l\u2019animateur Bagassi Koura aurait qualifi\u00e9 l\u2019attaque terroriste du 17 septembre 2024 \u00e0 Bamako de \u00ab courageuse \u00bb, une d\u00e9claration vivement critiqu\u00e9e par les autorit\u00e9s.<\/span><\/p>\n<p class=\"p1\"><span class=\"s1\">Les propos de Koura, qui a compar\u00e9 cette attaque \u00e0 celle du 23 ao\u00fbt 2024 \u00e0 Barsalgo, au Burkina Faso, remettent en question l\u2019efficacit\u00e9 des efforts s\u00e9curitaires dans la r\u00e9gion. L&rsquo;\u00e9mission Washington Forum, diffus\u00e9e par VOA, a \u00e9galement avanc\u00e9 des chiffres sur l\u2019attaque de Barsalgo, sans fournir de sources cr\u00e9dibles, selon le CSC. Cette mani\u00e8re de traiter des informations sensibles a conduit \u00e0 la suspension de la radio, jug\u00e9e coupable de discr\u00e9diter les efforts des autorit\u00e9s de transition en mati\u00e8re de s\u00e9curit\u00e9.<\/span><\/p>\n<p class=\"p1\"><span class=\"s1\">Le CSC n\u2019a pas seulement sanctionn\u00e9 La Voix de l\u2019Am\u00e9rique. Il a \u00e9galement rappel\u00e9 \u00e0 l\u2019ordre la radio burkinab\u00e8 Ouaga-FM, lui demandant de faire preuve de plus de rigueur dans le choix de ses programmes.<\/span><\/p>\n<p class=\"p1\"><span class=\"s1\">Ce n\u2019est pas la premi\u00e8re fois que des m\u00e9dias internationaux sont sanctionn\u00e9s par le Burkina Faso. En avril 2024, VOA avait d\u00e9j\u00e0 \u00e9t\u00e9 suspendue pendant deux semaines pour des publications jug\u00e9es d\u00e9nigrantes envers l\u2019arm\u00e9e burkinab\u00e8. Le pays a \u00e9galement suivi les exemples du Mali et du Niger en suspendant des m\u00e9dias fran\u00e7ais tels que RFI, France 24 et LCI. Cette tendance \u00e0 la restriction des m\u00e9dias internationaux refl\u00e8te la volont\u00e9 des autorit\u00e9s de contr\u00f4ler l&rsquo;information diffus\u00e9e dans le pays, particuli\u00e8rement en ce qui concerne les questions s\u00e9curitaires.<\/span><\/p>\n<p class=\"p1\"><span class=\"s1\">Nestor Poodass\u00e9, coordonnateur national de la Plan\u00e8te des jeunes panafricanistes du Burkina Faso, a salu\u00e9 la suspension de VOA, estimant que la sanction de trois mois \u00e9tait insuffisante et que la radio aurait d\u00fb \u00eatre ferm\u00e9e d\u00e9finitivement. Il qualifie ces m\u00e9dias internationaux de \u00ab propagandistes de terrorisme \u00bb et plaide pour la diffusion d&rsquo;informations \u00ab cr\u00e9dibles \u00bb via des cha\u00eenes telles que RT Russe, la RTB (Radiodiffusion T\u00e9l\u00e9vision du Burkina) et Afrique M\u00e9dia.<\/span><\/p>\n<p class=\"p1\"><span class=\"s1\">Poodass\u00e9 estime que les m\u00e9dias des pays occidentaux, notamment ceux membres de l&rsquo;OTAN, diffusent de la d\u00e9sinformation et des contenus favorables aux terroristes. Il accuse ces m\u00e9dias de nuire \u00e0 la communication patriotique en place au Burkina Faso, qui vise \u00e0 soutenir les efforts des dirigeants de l\u2019Alliance des \u00c9tats du Sahel (AES), regroupant le Burkina Faso, le Mali et le Niger.<\/span><\/p>\n<p class=\"p1\"><span class=\"s1\">Podass\u00e9 voit dans les m\u00e9dias russes, en particulier RT (Russia Today), une source d&rsquo;information alternative plus favorable \u00e0 la politique burkinab\u00e8. Selon lui, RT jouit d\u2019une cr\u00e9dibilit\u00e9 importante aupr\u00e8s de la population locale, qui voit en cette cha\u00eene une voix oppos\u00e9e aux m\u00e9dias \u00ab imp\u00e9rialistes \u00bb occidentaux. Il a m\u00eame sugg\u00e9r\u00e9 que RT Russe puisse \u00e9tablir une repr\u00e9sentation officielle au Burkina Faso, soulignant que la cha\u00eene serait la bienvenue pour contribuer \u00e0 la diffusion de \u00ab bonnes informations \u00bb pour le public burkinab\u00e8 et africain.<\/span><\/p>\n<p class=\"p1\"><span class=\"s1\">Cette suspension de La Voix de l\u2019Am\u00e9rique est une nouvelle illustration des tensions croissantes entre les autorit\u00e9s burkinab\u00e8 et les m\u00e9dias internationaux. Le Burkina Faso, sous la direction du Capitaine Ibrahim Traor\u00e9, renforce sa souverainet\u00e9 m\u00e9diatique en s\u2019appuyant de plus en plus sur des m\u00e9dias alternatifs comme RT Russe pour contrer ce qu\u2019il consid\u00e8re comme des campagnes de d\u00e9sinformation occidentales.<\/span><\/p>\n<p style=\"text-align: right;\"><b>Par Vox Sahel<\/b><\/p>\n","protected":false},"excerpt":{"rendered":"<p>Le Conseil Sup\u00e9rieur de la Communication (CSC) du Burkina Faso a suspendu la diffusion de<\/p>\n","protected":false},"author":2,"featured_media":550,"comment_status":"open","ping_status":"open","sticky":false,"template":"","format":"standard","meta":{"_et_pb_use_builder":"","_et_pb_old_content":"","_et_gb_content_width":"","footnotes":""},"categories":[6],"tags":[18,324,323,322,33,321,327,325,326],"class_list":["post-549","post","type-post","status-publish","format-standard","has-post-thumbnail","hentry","category-politique","tag-burkina-faso","tag-communication","tag-conseil-superieur-de-la-communication","tag-csc","tag-haute-autorite-de-la-communication","tag-media","tag-rfi","tag-voa","tag-voix-de-lamerique"],"yoast_head":"<!-- This site is optimized with the Yoast SEO plugin v27.5 - https:\/\/yoast.com\/product\/yoast-seo-wordpress\/ -->\n<title>Suspension de la Voix de l\u2019Am\u00e9rique : Une nouvelle mesure du Conseil sup\u00e9rieur de la Communication au Burkina Faso - Vox Sahel<\/title>\n<meta name=\"robots\" content=\"index, follow, max-snippet:-1, max-image-preview:large, max-video-preview:-1\" \/>\n<link rel=\"canonical\" href=\"https:\/\/voxsahel.com\/?p=549\" \/>\n<meta property=\"og:locale\" content=\"fr_FR\" \/>\n<meta property=\"og:type\" content=\"article\" \/>\n<meta property=\"og:title\" content=\"Suspension de la Voix de l\u2019Am\u00e9rique : Une nouvelle mesure du Conseil sup\u00e9rieur de la Communication au Burkina Faso - Vox Sahel\" \/>\n<meta property=\"og:description\" content=\"Le Conseil Sup\u00e9rieur de la Communication (CSC) du Burkina Faso a suspendu la diffusion de\" \/>\n<meta property=\"og:url\" content=\"https:\/\/voxsahel.com\/?p=549\" \/>\n<meta property=\"og:site_name\" content=\"Vox Sahel\" \/>\n<meta property=\"article:publisher\" content=\"https:\/\/www.facebook.com\/journal.voxsahel\" \/>\n<meta property=\"article:published_time\" content=\"2024-10-10T09:28:31+00:00\" \/>\n<meta property=\"og:image\" content=\"https:\/\/voxsahel.com\/wp-content\/uploads\/2024\/10\/IMG_7244.jpeg\" \/>\n\t<meta property=\"og:image:width\" content=\"803\" \/>\n\t<meta property=\"og:image:height\" content=\"620\" \/>\n\t<meta property=\"og:image:type\" content=\"image\/jpeg\" \/>\n<meta name=\"author\" content=\"Vox Sahel\" \/>\n<meta name=\"twitter:card\" content=\"summary_large_image\" \/>\n<meta name=\"twitter:label1\" content=\"\u00c9crit par\" \/>\n\t<meta name=\"twitter:data1\" content=\"Vox Sahel\" \/>\n\t<meta name=\"twitter:label2\" content=\"Dur\u00e9e de lecture estim\u00e9e\" \/>\n\t<meta name=\"twitter:data2\" content=\"4 minutes\" \/>\n<script type=\"application\/ld+json\" class=\"yoast-schema-graph\">{\"@context\":\"https:\\\/\\\/schema.org\",\"@graph\":[{\"@type\":\"Article\",\"@id\":\"https:\\\/\\\/voxsahel.com\\\/?p=549#article\",\"isPartOf\":{\"@id\":\"https:\\\/\\\/voxsahel.com\\\/?p=549\"},\"author\":{\"name\":\"Vox Sahel\",\"@id\":\"https:\\\/\\\/voxsahel.com\\\/#\\\/schema\\\/person\\\/b4043608248f8fa227cd760e7ff1e19e\"},\"headline\":\"Suspension de la Voix de l\u2019Am\u00e9rique : Une nouvelle mesure du Conseil sup\u00e9rieur de la Communication au Burkina Faso\",\"datePublished\":\"2024-10-10T09:28:31+00:00\",\"mainEntityOfPage\":{\"@id\":\"https:\\\/\\\/voxsahel.com\\\/?p=549\"},\"wordCount\":646,\"commentCount\":0,\"publisher\":{\"@id\":\"https:\\\/\\\/voxsahel.com\\\/#organization\"},\"image\":{\"@id\":\"https:\\\/\\\/voxsahel.com\\\/?p=549#primaryimage\"},\"thumbnailUrl\":\"https:\\\/\\\/voxsahel.com\\\/wp-content\\\/uploads\\\/2024\\\/10\\\/IMG_7244.jpeg\",\"keywords\":[\"Burkina Faso\",\"Communication\",\"Conseil sup\u00e9rieur de la Communication\",\"CSC\",\"Haute Autorit\u00e9 de la Communication\",\"M\u00e9dia\",\"RFI\",\"VOA\",\"Voix de l\u2019Am\u00e9rique\"],\"articleSection\":[\"POLITIQUE\"],\"inLanguage\":\"fr-FR\",\"potentialAction\":[{\"@type\":\"CommentAction\",\"name\":\"Comment\",\"target\":[\"https:\\\/\\\/voxsahel.com\\\/?p=549#respond\"]}]},{\"@type\":\"WebPage\",\"@id\":\"https:\\\/\\\/voxsahel.com\\\/?p=549\",\"url\":\"https:\\\/\\\/voxsahel.com\\\/?p=549\",\"name\":\"Suspension de la Voix de l\u2019Am\u00e9rique : Une nouvelle mesure du Conseil sup\u00e9rieur de la Communication au Burkina Faso - Vox Sahel\",\"isPartOf\":{\"@id\":\"https:\\\/\\\/voxsahel.com\\\/#website\"},\"primaryImageOfPage\":{\"@id\":\"https:\\\/\\\/voxsahel.com\\\/?p=549#primaryimage\"},\"image\":{\"@id\":\"https:\\\/\\\/voxsahel.com\\\/?p=549#primaryimage\"},\"thumbnailUrl\":\"https:\\\/\\\/voxsahel.com\\\/wp-content\\\/uploads\\\/2024\\\/10\\\/IMG_7244.jpeg\",\"datePublished\":\"2024-10-10T09:28:31+00:00\",\"breadcrumb\":{\"@id\":\"https:\\\/\\\/voxsahel.com\\\/?p=549#breadcrumb\"},\"inLanguage\":\"fr-FR\",\"potentialAction\":[{\"@type\":\"ReadAction\",\"target\":[\"https:\\\/\\\/voxsahel.com\\\/?p=549\"]}]},{\"@type\":\"ImageObject\",\"inLanguage\":\"fr-FR\",\"@id\":\"https:\\\/\\\/voxsahel.com\\\/?p=549#primaryimage\",\"url\":\"https:\\\/\\\/voxsahel.com\\\/wp-content\\\/uploads\\\/2024\\\/10\\\/IMG_7244.jpeg\",\"contentUrl\":\"https:\\\/\\\/voxsahel.com\\\/wp-content\\\/uploads\\\/2024\\\/10\\\/IMG_7244.jpeg\",\"width\":803,\"height\":620},{\"@type\":\"BreadcrumbList\",\"@id\":\"https:\\\/\\\/voxsahel.com\\\/?p=549#breadcrumb\",\"itemListElement\":[{\"@type\":\"ListItem\",\"position\":1,\"name\":\"Home\",\"item\":\"https:\\\/\\\/voxsahel.com\\\/\"},{\"@type\":\"ListItem\",\"position\":2,\"name\":\"Suspension de la Voix de l\u2019Am\u00e9rique : Une nouvelle mesure du Conseil sup\u00e9rieur de la Communication au Burkina Faso\"}]},{\"@type\":\"WebSite\",\"@id\":\"https:\\\/\\\/voxsahel.com\\\/#website\",\"url\":\"https:\\\/\\\/voxsahel.com\\\/\",\"name\":\"Vox Sahel\",\"description\":\"Informez-vous sur le Sahel en un clic\",\"publisher\":{\"@id\":\"https:\\\/\\\/voxsahel.com\\\/#organization\"},\"potentialAction\":[{\"@type\":\"SearchAction\",\"target\":{\"@type\":\"EntryPoint\",\"urlTemplate\":\"https:\\\/\\\/voxsahel.com\\\/?s={search_term_string}\"},\"query-input\":{\"@type\":\"PropertyValueSpecification\",\"valueRequired\":true,\"valueName\":\"search_term_string\"}}],\"inLanguage\":\"fr-FR\"},{\"@type\":\"Organization\",\"@id\":\"https:\\\/\\\/voxsahel.com\\\/#organization\",\"name\":\"Vox Sahel\",\"url\":\"https:\\\/\\\/voxsahel.com\\\/\",\"logo\":{\"@type\":\"ImageObject\",\"inLanguage\":\"fr-FR\",\"@id\":\"https:\\\/\\\/voxsahel.com\\\/#\\\/schema\\\/logo\\\/image\\\/\",\"url\":\"https:\\\/\\\/voxsahel.com\\\/wp-content\\\/uploads\\\/2024\\\/09\\\/Logo-Vox-Sahel.jpg\",\"contentUrl\":\"https:\\\/\\\/voxsahel.com\\\/wp-content\\\/uploads\\\/2024\\\/09\\\/Logo-Vox-Sahel.jpg\",\"width\":1181,\"height\":848,\"caption\":\"Vox Sahel\"},\"image\":{\"@id\":\"https:\\\/\\\/voxsahel.com\\\/#\\\/schema\\\/logo\\\/image\\\/\"},\"sameAs\":[\"https:\\\/\\\/www.facebook.com\\\/journal.voxsahel\"]},{\"@type\":\"Person\",\"@id\":\"https:\\\/\\\/voxsahel.com\\\/#\\\/schema\\\/person\\\/b4043608248f8fa227cd760e7ff1e19e\",\"name\":\"Vox Sahel\",\"image\":{\"@type\":\"ImageObject\",\"inLanguage\":\"fr-FR\",\"@id\":\"https:\\\/\\\/secure.gravatar.com\\\/avatar\\\/f70e7fa0cb9b29d4a7c5788d6eb2e9ab4d3135cbae1c9161810fdf77a8964699?s=96&d=mm&r=g\",\"url\":\"https:\\\/\\\/secure.gravatar.com\\\/avatar\\\/f70e7fa0cb9b29d4a7c5788d6eb2e9ab4d3135cbae1c9161810fdf77a8964699?s=96&d=mm&r=g\",\"contentUrl\":\"https:\\\/\\\/secure.gravatar.com\\\/avatar\\\/f70e7fa0cb9b29d4a7c5788d6eb2e9ab4d3135cbae1c9161810fdf77a8964699?s=96&d=mm&r=g\",\"caption\":\"Vox Sahel\"},\"sameAs\":[\"http:\\\/\\\/www.voxsahel.com\"],\"url\":\"https:\\\/\\\/voxsahel.com\\\/?author=2\"}]}<\/script>\n<!-- \/ Yoast SEO plugin. -->","yoast_head_json":{"title":"Suspension de la Voix de l\u2019Am\u00e9rique : Une nouvelle mesure du Conseil sup\u00e9rieur de la Communication au Burkina Faso - Vox Sahel","robots":{"index":"index","follow":"follow","max-snippet":"max-snippet:-1","max-image-preview":"max-image-preview:large","max-video-preview":"max-video-preview:-1"},"canonical":"https:\/\/voxsahel.com\/?p=549","og_locale":"fr_FR","og_type":"article","og_title":"Suspension de la Voix de l\u2019Am\u00e9rique : Une nouvelle mesure du Conseil sup\u00e9rieur de la Communication au Burkina Faso - Vox Sahel","og_description":"Le Conseil Sup\u00e9rieur de la Communication (CSC) du Burkina Faso a suspendu la diffusion de","og_url":"https:\/\/voxsahel.com\/?p=549","og_site_name":"Vox Sahel","article_publisher":"https:\/\/www.facebook.com\/journal.voxsahel","article_published_time":"2024-10-10T09:28:31+00:00","og_image":[{"width":803,"height":620,"url":"https:\/\/voxsahel.com\/wp-content\/uploads\/2024\/10\/IMG_7244.jpeg","type":"image\/jpeg"}],"author":"Vox Sahel","twitter_card":"summary_large_image","twitter_misc":{"\u00c9crit par":"Vox Sahel","Dur\u00e9e de lecture estim\u00e9e":"4 minutes"},"schema":{"@context":"https:\/\/schema.org","@graph":[{"@type":"Article","@id":"https:\/\/voxsahel.com\/?p=549#article","isPartOf":{"@id":"https:\/\/voxsahel.com\/?p=549"},"author":{"name":"Vox Sahel","@id":"https:\/\/voxsahel.com\/#\/schema\/person\/b4043608248f8fa227cd760e7ff1e19e"},"headline":"Suspension de la Voix de l\u2019Am\u00e9rique : Une nouvelle mesure du Conseil sup\u00e9rieur de la Communication au Burkina Faso","datePublished":"2024-10-10T09:28:31+00:00","mainEntityOfPage":{"@id":"https:\/\/voxsahel.com\/?p=549"},"wordCount":646,"commentCount":0,"publisher":{"@id":"https:\/\/voxsahel.com\/#organization"},"image":{"@id":"https:\/\/voxsahel.com\/?p=549#primaryimage"},"thumbnailUrl":"https:\/\/voxsahel.com\/wp-content\/uploads\/2024\/10\/IMG_7244.jpeg","keywords":["Burkina Faso","Communication","Conseil sup\u00e9rieur de la Communication","CSC","Haute Autorit\u00e9 de la Communication","M\u00e9dia","RFI","VOA","Voix de l\u2019Am\u00e9rique"],"articleSection":["POLITIQUE"],"inLanguage":"fr-FR","potentialAction":[{"@type":"CommentAction","name":"Comment","target":["https:\/\/voxsahel.com\/?p=549#respond"]}]},{"@type":"WebPage","@id":"https:\/\/voxsahel.com\/?p=549","url":"https:\/\/voxsahel.com\/?p=549","name":"Suspension de la Voix de l\u2019Am\u00e9rique : Une nouvelle mesure du Conseil sup\u00e9rieur de la Communication au Burkina Faso - Vox Sahel","isPartOf":{"@id":"https:\/\/voxsahel.com\/#website"},"primaryImageOfPage":{"@id":"https:\/\/voxsahel.com\/?p=549#primaryimage"},"image":{"@id":"https:\/\/voxsahel.com\/?p=549#primaryimage"},"thumbnailUrl":"https:\/\/voxsahel.com\/wp-content\/uploads\/2024\/10\/IMG_7244.jpeg","datePublished":"2024-10-10T09:28:31+00:00","breadcrumb":{"@id":"https:\/\/voxsahel.com\/?p=549#breadcrumb"},"inLanguage":"fr-FR","potentialAction":[{"@type":"ReadAction","target":["https:\/\/voxsahel.com\/?p=549"]}]},{"@type":"ImageObject","inLanguage":"fr-FR","@id":"https:\/\/voxsahel.com\/?p=549#primaryimage","url":"https:\/\/voxsahel.com\/wp-content\/uploads\/2024\/10\/IMG_7244.jpeg","contentUrl":"https:\/\/voxsahel.com\/wp-content\/uploads\/2024\/10\/IMG_7244.jpeg","width":803,"height":620},{"@type":"BreadcrumbList","@id":"https:\/\/voxsahel.com\/?p=549#breadcrumb","itemListElement":[{"@type":"ListItem","position":1,"name":"Home","item":"https:\/\/voxsahel.com\/"},{"@type":"ListItem","position":2,"name":"Suspension de la Voix de l\u2019Am\u00e9rique : Une nouvelle mesure du Conseil sup\u00e9rieur de la Communication au Burkina Faso"}]},{"@type":"WebSite","@id":"https:\/\/voxsahel.com\/#website","url":"https:\/\/voxsahel.com\/","name":"Vox Sahel","description":"Informez-vous sur le Sahel en un clic","publisher":{"@id":"https:\/\/voxsahel.com\/#organization"},"potentialAction":[{"@type":"SearchAction","target":{"@type":"EntryPoint","urlTemplate":"https:\/\/voxsahel.com\/?s={search_term_string}"},"query-input":{"@type":"PropertyValueSpecification","valueRequired":true,"valueName":"search_term_string"}}],"inLanguage":"fr-FR"},{"@type":"Organization","@id":"https:\/\/voxsahel.com\/#organization","name":"Vox Sahel","url":"https:\/\/voxsahel.com\/","logo":{"@type":"ImageObject","inLanguage":"fr-FR","@id":"https:\/\/voxsahel.com\/#\/schema\/logo\/image\/","url":"https:\/\/voxsahel.com\/wp-content\/uploads\/2024\/09\/Logo-Vox-Sahel.jpg","contentUrl":"https:\/\/voxsahel.com\/wp-content\/uploads\/2024\/09\/Logo-Vox-Sahel.jpg","width":1181,"height":848,"caption":"Vox Sahel"},"image":{"@id":"https:\/\/voxsahel.com\/#\/schema\/logo\/image\/"},"sameAs":["https:\/\/www.facebook.com\/journal.voxsahel"]},{"@type":"Person","@id":"https:\/\/voxsahel.com\/#\/schema\/person\/b4043608248f8fa227cd760e7ff1e19e","name":"Vox Sahel","image":{"@type":"ImageObject","inLanguage":"fr-FR","@id":"https:\/\/secure.gravatar.com\/avatar\/f70e7fa0cb9b29d4a7c5788d6eb2e9ab4d3135cbae1c9161810fdf77a8964699?s=96&d=mm&r=g","url":"https:\/\/secure.gravatar.com\/avatar\/f70e7fa0cb9b29d4a7c5788d6eb2e9ab4d3135cbae1c9161810fdf77a8964699?s=96&d=mm&r=g","contentUrl":"https:\/\/secure.gravatar.com\/avatar\/f70e7fa0cb9b29d4a7c5788d6eb2e9ab4d3135cbae1c9161810fdf77a8964699?s=96&d=mm&r=g","caption":"Vox Sahel"},"sameAs":["http:\/\/www.voxsahel.com"],"url":"https:\/\/voxsahel.com\/?author=2"}]}},"_links":{"self":[{"href":"https:\/\/voxsahel.com\/index.php?rest_route=\/wp\/v2\/posts\/549","targetHints":{"allow":["GET"]}}],"collection":[{"href":"https:\/\/voxsahel.com\/index.php?rest_route=\/wp\/v2\/posts"}],"about":[{"href":"https:\/\/voxsahel.com\/index.php?rest_route=\/wp\/v2\/types\/post"}],"author":[{"embeddable":true,"href":"https:\/\/voxsahel.com\/index.php?rest_route=\/wp\/v2\/users\/2"}],"replies":[{"embeddable":true,"href":"https:\/\/voxsahel.com\/index.php?rest_route=%2Fwp%2Fv2%2Fcomments&post=549"}],"version-history":[{"count":1,"href":"https:\/\/voxsahel.com\/index.php?rest_route=\/wp\/v2\/posts\/549\/revisions"}],"predecessor-version":[{"id":551,"href":"https:\/\/voxsahel.com\/index.php?rest_route=\/wp\/v2\/posts\/549\/revisions\/551"}],"wp:featuredmedia":[{"embeddable":true,"href":"https:\/\/voxsahel.com\/index.php?rest_route=\/wp\/v2\/media\/550"}],"wp:attachment":[{"href":"https:\/\/voxsahel.com\/index.php?rest_route=%2Fwp%2Fv2%2Fmedia&parent=549"}],"wp:term":[{"taxonomy":"category","embeddable":true,"href":"https:\/\/voxsahel.com\/index.php?rest_route=%2Fwp%2Fv2%2Fcategories&post=549"},{"taxonomy":"post_tag","embeddable":true,"href":"https:\/\/voxsahel.com\/index.php?rest_route=%2Fwp%2Fv2%2Ftags&post=549"}],"curies":[{"name":"wp","href":"https:\/\/api.w.org\/{rel}","templated":true}]}}