{"id":544,"date":"2024-10-09T17:38:32","date_gmt":"2024-10-09T17:38:32","guid":{"rendered":"https:\/\/voxsahel.com\/?p=544"},"modified":"2024-10-09T17:38:32","modified_gmt":"2024-10-09T17:38:32","slug":"rencontre-entre-le-ministere-de-la-culture-et-lassociation-racines-vers-une-formalisation-de-la-chefferie-traditionnelle-et-la-promotion-des-valeurs-culturelles-au-burkina-faso","status":"publish","type":"post","link":"https:\/\/voxsahel.com\/?p=544","title":{"rendered":"Rencontre entre le Minist\u00e8re de la Culture et l&rsquo;Association RACINES : Vers une formalisation de la chefferie traditionnelle et la promotion des valeurs culturelles au Burkina Faso"},"content":{"rendered":"<p class=\"p1\"><span class=\"s1\">Rencontre entre le Minist\u00e8re de la Culture et l&rsquo;Association RACINES : Vers une formalisation de la chefferie traditionnelle et la promotion des valeurs culturelles au Burkina Faso<\/span><\/p>\n<p class=\"p1\"><span class=\"s1\">Ce mardi 8 octobre 2024, le Ministre d&rsquo;\u00c9tat, Ministre de la Communication, de la Culture, des Arts et du Tourisme, Jean Emmanuel Ou\u00e9draogo, a re\u00e7u en audience une d\u00e9l\u00e9gation de l&rsquo;Association RACINES, conduite par son pr\u00e9sident, sa Majest\u00e9 le Naaba Baongo de Gourcy. Cette rencontre s&rsquo;inscrit dans le cadre d&rsquo;un \u00e9change constructif autour de la convention de partenariat sign\u00e9e en 2020 entre l&rsquo;Association et le minist\u00e8re de la Culture.<\/span><\/p>\n<p class=\"p1\"><span class=\"s1\">Au c\u0153ur des discussions, la mise en \u0153uvre des initiatives conjointes visant la promotion des valeurs culturelles, la gestion des conflits communautaires et la sensibilisation \u00e0 l&rsquo;inclusion sociale. Le Pr Albert Ou\u00e9draogo, porte-parole de l&rsquo;Association, a exprim\u00e9 sa satisfaction quant aux engagements du gouvernement en faveur de la culture et de la chefferie traditionnelle.<\/span><\/p>\n<p class=\"p1\"><span class=\"s1\">L&rsquo;Association RACINES, profond\u00e9ment engag\u00e9e dans la valorisation des traditions, a r\u00e9affirm\u00e9 son souhait de voir la chefferie traditionnelle poss\u00e8de un statut formel au Burkina Faso. \u00ab La chefferie est une institution ancienne qui ne peut rester dans l&rsquo;informel. Les chefs traditionnels peuvent jouer un r\u00f4le cl\u00e9 dans la pr\u00e9vention des conflits et la promotion de la coh\u00e9sion sociale \u00bb, a soulign\u00e9 le Pr Albert Ou\u00e9draogo.<\/span><\/p>\n<p class=\"p1\"><span class=\"s1\">Le Ministre Jean Emmanuel Ou\u00e9draogo a, pour sa part, exprim\u00e9 sa gratitude envers l&rsquo;Association RACINES pour sa contribution active \u00e0 la pr\u00e9servation et \u00e0 la promotion de la culture burkinab\u00e8. Il a rappel\u00e9 que le gouvernement de transition entend b\u00e2tir une soci\u00e9t\u00e9 ancr\u00e9e sur les valeurs endog\u00e8nes et que plusieurs initiatives sont en cours pour renforcer l&rsquo;expression culturelle nationale.<\/span><\/p>\n<p class=\"p1\"><span class=\"s1\">En marge de cette audience, la d\u00e9l\u00e9gation a remis au Ministre des ouvrages r\u00e9alis\u00e9s par des membres de l&rsquo;Association, t\u00e9moignant de leur engagement constant pour la pr\u00e9servation du patrimoine culturel du Burkina Faso.<\/span><\/p>\n<p class=\"p1\"><span class=\"s1\">Cette rencontre marque une \u00e9tape significative dans le renforcement des collaborations entre le minist\u00e8re et l&rsquo;Association RACINES, dans une commune dynamique de valorisation et de pr\u00e9servation des traditions culturelles burkinab\u00e8.\u00a0<\/span><\/p>\n<p style=\"text-align: right;\"><b>Par Vox Sahel\u00a0<\/b><\/p>\n","protected":false},"excerpt":{"rendered":"<p>Rencontre entre le Minist\u00e8re de la Culture et l&rsquo;Association RACINES : Vers une formalisation de<\/p>\n","protected":false},"author":2,"featured_media":545,"comment_status":"open","ping_status":"open","sticky":false,"template":"","format":"standard","meta":{"_et_pb_use_builder":"","_et_pb_old_content":"","_et_gb_content_width":"","footnotes":""},"categories":[13],"tags":[18,65,320],"class_list":["post-544","post","type-post","status-publish","format-standard","has-post-thumbnail","hentry","category-culture","tag-burkina-faso","tag-culture","tag-tradition"],"yoast_head":"<!-- This site is optimized with the Yoast SEO plugin v27.5 - https:\/\/yoast.com\/product\/yoast-seo-wordpress\/ -->\n<title>Rencontre entre le Minist\u00e8re de la Culture et l&#039;Association RACINES : Vers une formalisation de la chefferie traditionnelle et la promotion des valeurs culturelles au Burkina Faso - Vox Sahel<\/title>\n<meta name=\"robots\" content=\"index, follow, max-snippet:-1, max-image-preview:large, max-video-preview:-1\" \/>\n<link rel=\"canonical\" href=\"https:\/\/voxsahel.com\/?p=544\" \/>\n<meta property=\"og:locale\" content=\"fr_FR\" \/>\n<meta property=\"og:type\" content=\"article\" \/>\n<meta property=\"og:title\" content=\"Rencontre entre le Minist\u00e8re de la Culture et l&#039;Association RACINES : Vers une formalisation de la chefferie traditionnelle et la promotion des valeurs culturelles au Burkina Faso - Vox Sahel\" \/>\n<meta property=\"og:description\" content=\"Rencontre entre le Minist\u00e8re de la Culture et l&rsquo;Association RACINES : Vers une formalisation de\" \/>\n<meta property=\"og:url\" content=\"https:\/\/voxsahel.com\/?p=544\" \/>\n<meta property=\"og:site_name\" content=\"Vox Sahel\" \/>\n<meta property=\"article:publisher\" content=\"https:\/\/www.facebook.com\/journal.voxsahel\" \/>\n<meta property=\"article:published_time\" content=\"2024-10-09T17:38:32+00:00\" \/>\n<meta property=\"og:image\" content=\"https:\/\/voxsahel.com\/wp-content\/uploads\/2024\/10\/IMG_7057.jpeg\" \/>\n\t<meta property=\"og:image:width\" content=\"2048\" \/>\n\t<meta property=\"og:image:height\" content=\"1365\" \/>\n\t<meta property=\"og:image:type\" content=\"image\/jpeg\" \/>\n<meta name=\"author\" content=\"Vox Sahel\" \/>\n<meta name=\"twitter:card\" content=\"summary_large_image\" \/>\n<meta name=\"twitter:label1\" content=\"\u00c9crit par\" \/>\n\t<meta name=\"twitter:data1\" content=\"Vox Sahel\" \/>\n\t<meta name=\"twitter:label2\" content=\"Dur\u00e9e de lecture estim\u00e9e\" \/>\n\t<meta name=\"twitter:data2\" content=\"2 minutes\" \/>\n<script type=\"application\/ld+json\" class=\"yoast-schema-graph\">{\"@context\":\"https:\\\/\\\/schema.org\",\"@graph\":[{\"@type\":\"Article\",\"@id\":\"https:\\\/\\\/voxsahel.com\\\/?p=544#article\",\"isPartOf\":{\"@id\":\"https:\\\/\\\/voxsahel.com\\\/?p=544\"},\"author\":{\"name\":\"Vox Sahel\",\"@id\":\"https:\\\/\\\/voxsahel.com\\\/#\\\/schema\\\/person\\\/b4043608248f8fa227cd760e7ff1e19e\"},\"headline\":\"Rencontre entre le Minist\u00e8re de la Culture et l&rsquo;Association RACINES : Vers une formalisation de la chefferie traditionnelle et la promotion des valeurs culturelles au Burkina Faso\",\"datePublished\":\"2024-10-09T17:38:32+00:00\",\"mainEntityOfPage\":{\"@id\":\"https:\\\/\\\/voxsahel.com\\\/?p=544\"},\"wordCount\":405,\"commentCount\":0,\"publisher\":{\"@id\":\"https:\\\/\\\/voxsahel.com\\\/#organization\"},\"image\":{\"@id\":\"https:\\\/\\\/voxsahel.com\\\/?p=544#primaryimage\"},\"thumbnailUrl\":\"https:\\\/\\\/voxsahel.com\\\/wp-content\\\/uploads\\\/2024\\\/10\\\/IMG_7057.jpeg\",\"keywords\":[\"Burkina Faso\",\"Culture\",\"Tradition\"],\"articleSection\":[\"CULTURE\"],\"inLanguage\":\"fr-FR\",\"potentialAction\":[{\"@type\":\"CommentAction\",\"name\":\"Comment\",\"target\":[\"https:\\\/\\\/voxsahel.com\\\/?p=544#respond\"]}]},{\"@type\":\"WebPage\",\"@id\":\"https:\\\/\\\/voxsahel.com\\\/?p=544\",\"url\":\"https:\\\/\\\/voxsahel.com\\\/?p=544\",\"name\":\"Rencontre entre le Minist\u00e8re de la Culture et l'Association RACINES : Vers une formalisation de la chefferie traditionnelle et la promotion des valeurs culturelles au Burkina Faso - Vox Sahel\",\"isPartOf\":{\"@id\":\"https:\\\/\\\/voxsahel.com\\\/#website\"},\"primaryImageOfPage\":{\"@id\":\"https:\\\/\\\/voxsahel.com\\\/?p=544#primaryimage\"},\"image\":{\"@id\":\"https:\\\/\\\/voxsahel.com\\\/?p=544#primaryimage\"},\"thumbnailUrl\":\"https:\\\/\\\/voxsahel.com\\\/wp-content\\\/uploads\\\/2024\\\/10\\\/IMG_7057.jpeg\",\"datePublished\":\"2024-10-09T17:38:32+00:00\",\"breadcrumb\":{\"@id\":\"https:\\\/\\\/voxsahel.com\\\/?p=544#breadcrumb\"},\"inLanguage\":\"fr-FR\",\"potentialAction\":[{\"@type\":\"ReadAction\",\"target\":[\"https:\\\/\\\/voxsahel.com\\\/?p=544\"]}]},{\"@type\":\"ImageObject\",\"inLanguage\":\"fr-FR\",\"@id\":\"https:\\\/\\\/voxsahel.com\\\/?p=544#primaryimage\",\"url\":\"https:\\\/\\\/voxsahel.com\\\/wp-content\\\/uploads\\\/2024\\\/10\\\/IMG_7057.jpeg\",\"contentUrl\":\"https:\\\/\\\/voxsahel.com\\\/wp-content\\\/uploads\\\/2024\\\/10\\\/IMG_7057.jpeg\",\"width\":2048,\"height\":1365},{\"@type\":\"BreadcrumbList\",\"@id\":\"https:\\\/\\\/voxsahel.com\\\/?p=544#breadcrumb\",\"itemListElement\":[{\"@type\":\"ListItem\",\"position\":1,\"name\":\"Home\",\"item\":\"https:\\\/\\\/voxsahel.com\\\/\"},{\"@type\":\"ListItem\",\"position\":2,\"name\":\"Rencontre entre le Minist\u00e8re de la Culture et l&rsquo;Association RACINES : Vers une formalisation de la chefferie traditionnelle et la promotion des valeurs culturelles au Burkina Faso\"}]},{\"@type\":\"WebSite\",\"@id\":\"https:\\\/\\\/voxsahel.com\\\/#website\",\"url\":\"https:\\\/\\\/voxsahel.com\\\/\",\"name\":\"Vox Sahel\",\"description\":\"Informez-vous sur le Sahel en un clic\",\"publisher\":{\"@id\":\"https:\\\/\\\/voxsahel.com\\\/#organization\"},\"potentialAction\":[{\"@type\":\"SearchAction\",\"target\":{\"@type\":\"EntryPoint\",\"urlTemplate\":\"https:\\\/\\\/voxsahel.com\\\/?s={search_term_string}\"},\"query-input\":{\"@type\":\"PropertyValueSpecification\",\"valueRequired\":true,\"valueName\":\"search_term_string\"}}],\"inLanguage\":\"fr-FR\"},{\"@type\":\"Organization\",\"@id\":\"https:\\\/\\\/voxsahel.com\\\/#organization\",\"name\":\"Vox Sahel\",\"url\":\"https:\\\/\\\/voxsahel.com\\\/\",\"logo\":{\"@type\":\"ImageObject\",\"inLanguage\":\"fr-FR\",\"@id\":\"https:\\\/\\\/voxsahel.com\\\/#\\\/schema\\\/logo\\\/image\\\/\",\"url\":\"https:\\\/\\\/voxsahel.com\\\/wp-content\\\/uploads\\\/2024\\\/09\\\/Logo-Vox-Sahel.jpg\",\"contentUrl\":\"https:\\\/\\\/voxsahel.com\\\/wp-content\\\/uploads\\\/2024\\\/09\\\/Logo-Vox-Sahel.jpg\",\"width\":1181,\"height\":848,\"caption\":\"Vox Sahel\"},\"image\":{\"@id\":\"https:\\\/\\\/voxsahel.com\\\/#\\\/schema\\\/logo\\\/image\\\/\"},\"sameAs\":[\"https:\\\/\\\/www.facebook.com\\\/journal.voxsahel\"]},{\"@type\":\"Person\",\"@id\":\"https:\\\/\\\/voxsahel.com\\\/#\\\/schema\\\/person\\\/b4043608248f8fa227cd760e7ff1e19e\",\"name\":\"Vox Sahel\",\"image\":{\"@type\":\"ImageObject\",\"inLanguage\":\"fr-FR\",\"@id\":\"https:\\\/\\\/secure.gravatar.com\\\/avatar\\\/f70e7fa0cb9b29d4a7c5788d6eb2e9ab4d3135cbae1c9161810fdf77a8964699?s=96&d=mm&r=g\",\"url\":\"https:\\\/\\\/secure.gravatar.com\\\/avatar\\\/f70e7fa0cb9b29d4a7c5788d6eb2e9ab4d3135cbae1c9161810fdf77a8964699?s=96&d=mm&r=g\",\"contentUrl\":\"https:\\\/\\\/secure.gravatar.com\\\/avatar\\\/f70e7fa0cb9b29d4a7c5788d6eb2e9ab4d3135cbae1c9161810fdf77a8964699?s=96&d=mm&r=g\",\"caption\":\"Vox Sahel\"},\"sameAs\":[\"http:\\\/\\\/www.voxsahel.com\"],\"url\":\"https:\\\/\\\/voxsahel.com\\\/?author=2\"}]}<\/script>\n<!-- \/ Yoast SEO plugin. -->","yoast_head_json":{"title":"Rencontre entre le Minist\u00e8re de la Culture et l'Association RACINES : Vers une formalisation de la chefferie traditionnelle et la promotion des valeurs culturelles au Burkina Faso - Vox Sahel","robots":{"index":"index","follow":"follow","max-snippet":"max-snippet:-1","max-image-preview":"max-image-preview:large","max-video-preview":"max-video-preview:-1"},"canonical":"https:\/\/voxsahel.com\/?p=544","og_locale":"fr_FR","og_type":"article","og_title":"Rencontre entre le Minist\u00e8re de la Culture et l'Association RACINES : Vers une formalisation de la chefferie traditionnelle et la promotion des valeurs culturelles au Burkina Faso - Vox Sahel","og_description":"Rencontre entre le Minist\u00e8re de la Culture et l&rsquo;Association RACINES : Vers une formalisation de","og_url":"https:\/\/voxsahel.com\/?p=544","og_site_name":"Vox Sahel","article_publisher":"https:\/\/www.facebook.com\/journal.voxsahel","article_published_time":"2024-10-09T17:38:32+00:00","og_image":[{"width":2048,"height":1365,"url":"https:\/\/voxsahel.com\/wp-content\/uploads\/2024\/10\/IMG_7057.jpeg","type":"image\/jpeg"}],"author":"Vox Sahel","twitter_card":"summary_large_image","twitter_misc":{"\u00c9crit par":"Vox Sahel","Dur\u00e9e de lecture estim\u00e9e":"2 minutes"},"schema":{"@context":"https:\/\/schema.org","@graph":[{"@type":"Article","@id":"https:\/\/voxsahel.com\/?p=544#article","isPartOf":{"@id":"https:\/\/voxsahel.com\/?p=544"},"author":{"name":"Vox Sahel","@id":"https:\/\/voxsahel.com\/#\/schema\/person\/b4043608248f8fa227cd760e7ff1e19e"},"headline":"Rencontre entre le Minist\u00e8re de la Culture et l&rsquo;Association RACINES : Vers une formalisation de la chefferie traditionnelle et la promotion des valeurs culturelles au Burkina Faso","datePublished":"2024-10-09T17:38:32+00:00","mainEntityOfPage":{"@id":"https:\/\/voxsahel.com\/?p=544"},"wordCount":405,"commentCount":0,"publisher":{"@id":"https:\/\/voxsahel.com\/#organization"},"image":{"@id":"https:\/\/voxsahel.com\/?p=544#primaryimage"},"thumbnailUrl":"https:\/\/voxsahel.com\/wp-content\/uploads\/2024\/10\/IMG_7057.jpeg","keywords":["Burkina Faso","Culture","Tradition"],"articleSection":["CULTURE"],"inLanguage":"fr-FR","potentialAction":[{"@type":"CommentAction","name":"Comment","target":["https:\/\/voxsahel.com\/?p=544#respond"]}]},{"@type":"WebPage","@id":"https:\/\/voxsahel.com\/?p=544","url":"https:\/\/voxsahel.com\/?p=544","name":"Rencontre entre le Minist\u00e8re de la Culture et l'Association RACINES : Vers une formalisation de la chefferie traditionnelle et la promotion des valeurs culturelles au Burkina Faso - Vox Sahel","isPartOf":{"@id":"https:\/\/voxsahel.com\/#website"},"primaryImageOfPage":{"@id":"https:\/\/voxsahel.com\/?p=544#primaryimage"},"image":{"@id":"https:\/\/voxsahel.com\/?p=544#primaryimage"},"thumbnailUrl":"https:\/\/voxsahel.com\/wp-content\/uploads\/2024\/10\/IMG_7057.jpeg","datePublished":"2024-10-09T17:38:32+00:00","breadcrumb":{"@id":"https:\/\/voxsahel.com\/?p=544#breadcrumb"},"inLanguage":"fr-FR","potentialAction":[{"@type":"ReadAction","target":["https:\/\/voxsahel.com\/?p=544"]}]},{"@type":"ImageObject","inLanguage":"fr-FR","@id":"https:\/\/voxsahel.com\/?p=544#primaryimage","url":"https:\/\/voxsahel.com\/wp-content\/uploads\/2024\/10\/IMG_7057.jpeg","contentUrl":"https:\/\/voxsahel.com\/wp-content\/uploads\/2024\/10\/IMG_7057.jpeg","width":2048,"height":1365},{"@type":"BreadcrumbList","@id":"https:\/\/voxsahel.com\/?p=544#breadcrumb","itemListElement":[{"@type":"ListItem","position":1,"name":"Home","item":"https:\/\/voxsahel.com\/"},{"@type":"ListItem","position":2,"name":"Rencontre entre le Minist\u00e8re de la Culture et l&rsquo;Association RACINES : Vers une formalisation de la chefferie traditionnelle et la promotion des valeurs culturelles au Burkina Faso"}]},{"@type":"WebSite","@id":"https:\/\/voxsahel.com\/#website","url":"https:\/\/voxsahel.com\/","name":"Vox Sahel","description":"Informez-vous sur le Sahel en un clic","publisher":{"@id":"https:\/\/voxsahel.com\/#organization"},"potentialAction":[{"@type":"SearchAction","target":{"@type":"EntryPoint","urlTemplate":"https:\/\/voxsahel.com\/?s={search_term_string}"},"query-input":{"@type":"PropertyValueSpecification","valueRequired":true,"valueName":"search_term_string"}}],"inLanguage":"fr-FR"},{"@type":"Organization","@id":"https:\/\/voxsahel.com\/#organization","name":"Vox Sahel","url":"https:\/\/voxsahel.com\/","logo":{"@type":"ImageObject","inLanguage":"fr-FR","@id":"https:\/\/voxsahel.com\/#\/schema\/logo\/image\/","url":"https:\/\/voxsahel.com\/wp-content\/uploads\/2024\/09\/Logo-Vox-Sahel.jpg","contentUrl":"https:\/\/voxsahel.com\/wp-content\/uploads\/2024\/09\/Logo-Vox-Sahel.jpg","width":1181,"height":848,"caption":"Vox Sahel"},"image":{"@id":"https:\/\/voxsahel.com\/#\/schema\/logo\/image\/"},"sameAs":["https:\/\/www.facebook.com\/journal.voxsahel"]},{"@type":"Person","@id":"https:\/\/voxsahel.com\/#\/schema\/person\/b4043608248f8fa227cd760e7ff1e19e","name":"Vox Sahel","image":{"@type":"ImageObject","inLanguage":"fr-FR","@id":"https:\/\/secure.gravatar.com\/avatar\/f70e7fa0cb9b29d4a7c5788d6eb2e9ab4d3135cbae1c9161810fdf77a8964699?s=96&d=mm&r=g","url":"https:\/\/secure.gravatar.com\/avatar\/f70e7fa0cb9b29d4a7c5788d6eb2e9ab4d3135cbae1c9161810fdf77a8964699?s=96&d=mm&r=g","contentUrl":"https:\/\/secure.gravatar.com\/avatar\/f70e7fa0cb9b29d4a7c5788d6eb2e9ab4d3135cbae1c9161810fdf77a8964699?s=96&d=mm&r=g","caption":"Vox Sahel"},"sameAs":["http:\/\/www.voxsahel.com"],"url":"https:\/\/voxsahel.com\/?author=2"}]}},"_links":{"self":[{"href":"https:\/\/voxsahel.com\/index.php?rest_route=\/wp\/v2\/posts\/544","targetHints":{"allow":["GET"]}}],"collection":[{"href":"https:\/\/voxsahel.com\/index.php?rest_route=\/wp\/v2\/posts"}],"about":[{"href":"https:\/\/voxsahel.com\/index.php?rest_route=\/wp\/v2\/types\/post"}],"author":[{"embeddable":true,"href":"https:\/\/voxsahel.com\/index.php?rest_route=\/wp\/v2\/users\/2"}],"replies":[{"embeddable":true,"href":"https:\/\/voxsahel.com\/index.php?rest_route=%2Fwp%2Fv2%2Fcomments&post=544"}],"version-history":[{"count":1,"href":"https:\/\/voxsahel.com\/index.php?rest_route=\/wp\/v2\/posts\/544\/revisions"}],"predecessor-version":[{"id":546,"href":"https:\/\/voxsahel.com\/index.php?rest_route=\/wp\/v2\/posts\/544\/revisions\/546"}],"wp:featuredmedia":[{"embeddable":true,"href":"https:\/\/voxsahel.com\/index.php?rest_route=\/wp\/v2\/media\/545"}],"wp:attachment":[{"href":"https:\/\/voxsahel.com\/index.php?rest_route=%2Fwp%2Fv2%2Fmedia&parent=544"}],"wp:term":[{"taxonomy":"category","embeddable":true,"href":"https:\/\/voxsahel.com\/index.php?rest_route=%2Fwp%2Fv2%2Fcategories&post=544"},{"taxonomy":"post_tag","embeddable":true,"href":"https:\/\/voxsahel.com\/index.php?rest_route=%2Fwp%2Fv2%2Ftags&post=544"}],"curies":[{"name":"wp","href":"https:\/\/api.w.org\/{rel}","templated":true}]}}