{"id":529,"date":"2024-10-07T19:11:14","date_gmt":"2024-10-07T19:11:14","guid":{"rendered":"https:\/\/voxsahel.com\/?p=529"},"modified":"2024-10-07T19:11:14","modified_gmt":"2024-10-07T19:11:14","slug":"tunisie-kais-saied-reelu-a-la-presidence-avec-9069-des-voix","status":"publish","type":"post","link":"https:\/\/voxsahel.com\/?p=529","title":{"rendered":"Tunisie : Ka\u00efs Sa\u00efed r\u00e9\u00e9lu \u00e0 la pr\u00e9sidence avec 90,69 % des voix"},"content":{"rendered":"<p class=\"p1\"><span class=\"s1\">Le pr\u00e9sident en exercice Ka\u00efs Sa\u00efed a \u00e9t\u00e9 r\u00e9\u00e9lu lors de la pr\u00e9sidentielle du 6 octobre, remportant 90,69 % des voix, selon les r\u00e9sultats annonc\u00e9s par l\u2019Instance Sup\u00e9rieure Ind\u00e9pendante pour les \u00c9lections. Sa\u00efed a recueilli un total de 2.438.954 voix.<\/span><\/p>\n<p class=\"p1\"><span class=\"s1\">Son principal adversaire, l\u2019homme d\u2019affaires Ayachi Zammel, a obtenu 7,35 % des suffrages, soit 197.551 voix, tandis que le d\u00e9put\u00e9 de la gauche panarabe, Zouhair Maghzaoui, a totalis\u00e9 1,97 % avec 52.903 voix.<br \/>\n<\/span><\/p>\n<p class=\"p1\"><span class=\"s1\">Cette large victoire confirme le soutien populaire dont b\u00e9n\u00e9ficie le pr\u00e9sident, qui a pris des mesures controvers\u00e9es pour consolider son pouvoir depuis son arriv\u00e9e au pouvoir.<\/span><\/p>\n<p class=\"p1\"><span class=\"s1\">Les observateurs s\u2019interrogent d\u00e9sormais sur l\u2019avenir politique de la Tunisie et les r\u00e9percussions de cette r\u00e9\u00e9lection sur la dynamique d\u00e9mocratique du pays.<\/span><\/p>\n<p>Par Vox Sahel<\/p>\n","protected":false},"excerpt":{"rendered":"<p>Le pr\u00e9sident en exercice Ka\u00efs Sa\u00efed a \u00e9t\u00e9 r\u00e9\u00e9lu lors de la pr\u00e9sidentielle du 6<\/p>\n","protected":false},"author":2,"featured_media":530,"comment_status":"open","ping_status":"open","sticky":false,"template":"","format":"standard","meta":{"_et_pb_use_builder":"","_et_pb_old_content":"","_et_gb_content_width":"","footnotes":""},"categories":[15],"tags":[312,49,314,313,75,311],"class_list":["post-529","post","type-post","status-publish","format-standard","has-post-thumbnail","hentry","category-international","tag-election-presidentielle","tag-geopolitique","tag-kais-saied","tag-maghreb","tag-politique","tag-tunisie"],"yoast_head":"<!-- This site is optimized with the Yoast SEO plugin v27.5 - https:\/\/yoast.com\/product\/yoast-seo-wordpress\/ -->\n<title>Tunisie : Ka\u00efs Sa\u00efed r\u00e9\u00e9lu \u00e0 la pr\u00e9sidence avec 90,69 % des voix - Vox Sahel<\/title>\n<meta name=\"robots\" content=\"index, follow, max-snippet:-1, max-image-preview:large, max-video-preview:-1\" \/>\n<link rel=\"canonical\" href=\"https:\/\/voxsahel.com\/?p=529\" \/>\n<meta property=\"og:locale\" content=\"fr_FR\" \/>\n<meta property=\"og:type\" content=\"article\" \/>\n<meta property=\"og:title\" content=\"Tunisie : Ka\u00efs Sa\u00efed r\u00e9\u00e9lu \u00e0 la pr\u00e9sidence avec 90,69 % des voix - Vox Sahel\" \/>\n<meta property=\"og:description\" content=\"Le pr\u00e9sident en exercice Ka\u00efs Sa\u00efed a \u00e9t\u00e9 r\u00e9\u00e9lu lors de la pr\u00e9sidentielle du 6\" \/>\n<meta property=\"og:url\" content=\"https:\/\/voxsahel.com\/?p=529\" \/>\n<meta property=\"og:site_name\" content=\"Vox Sahel\" \/>\n<meta property=\"article:publisher\" content=\"https:\/\/www.facebook.com\/journal.voxsahel\" \/>\n<meta property=\"article:published_time\" content=\"2024-10-07T19:11:14+00:00\" \/>\n<meta property=\"og:image\" content=\"https:\/\/voxsahel.com\/wp-content\/uploads\/2024\/10\/IMG_5898.jpeg\" \/>\n\t<meta property=\"og:image:width\" content=\"1170\" \/>\n\t<meta property=\"og:image:height\" content=\"799\" \/>\n\t<meta property=\"og:image:type\" content=\"image\/jpeg\" \/>\n<meta name=\"author\" content=\"Vox Sahel\" \/>\n<meta name=\"twitter:card\" content=\"summary_large_image\" \/>\n<meta name=\"twitter:label1\" content=\"\u00c9crit par\" \/>\n\t<meta name=\"twitter:data1\" content=\"Vox Sahel\" \/>\n\t<meta name=\"twitter:label2\" content=\"Dur\u00e9e de lecture estim\u00e9e\" \/>\n\t<meta name=\"twitter:data2\" content=\"1 minute\" \/>\n<script type=\"application\/ld+json\" class=\"yoast-schema-graph\">{\"@context\":\"https:\\\/\\\/schema.org\",\"@graph\":[{\"@type\":\"Article\",\"@id\":\"https:\\\/\\\/voxsahel.com\\\/?p=529#article\",\"isPartOf\":{\"@id\":\"https:\\\/\\\/voxsahel.com\\\/?p=529\"},\"author\":{\"name\":\"Vox Sahel\",\"@id\":\"https:\\\/\\\/voxsahel.com\\\/#\\\/schema\\\/person\\\/b4043608248f8fa227cd760e7ff1e19e\"},\"headline\":\"Tunisie : Ka\u00efs Sa\u00efed r\u00e9\u00e9lu \u00e0 la pr\u00e9sidence avec 90,69 % des voix\",\"datePublished\":\"2024-10-07T19:11:14+00:00\",\"mainEntityOfPage\":{\"@id\":\"https:\\\/\\\/voxsahel.com\\\/?p=529\"},\"wordCount\":152,\"commentCount\":0,\"publisher\":{\"@id\":\"https:\\\/\\\/voxsahel.com\\\/#organization\"},\"image\":{\"@id\":\"https:\\\/\\\/voxsahel.com\\\/?p=529#primaryimage\"},\"thumbnailUrl\":\"https:\\\/\\\/voxsahel.com\\\/wp-content\\\/uploads\\\/2024\\\/10\\\/IMG_5898.jpeg\",\"keywords\":[\"\u00c9lection pr\u00e9sidentielle\",\"G\u00e9opolitique\",\"Ka\u00efs Sa\u00efed\",\"Maghreb\",\"Politique\",\"Tunisie\"],\"articleSection\":[\"INTERNATIONAL\"],\"inLanguage\":\"fr-FR\",\"potentialAction\":[{\"@type\":\"CommentAction\",\"name\":\"Comment\",\"target\":[\"https:\\\/\\\/voxsahel.com\\\/?p=529#respond\"]}]},{\"@type\":\"WebPage\",\"@id\":\"https:\\\/\\\/voxsahel.com\\\/?p=529\",\"url\":\"https:\\\/\\\/voxsahel.com\\\/?p=529\",\"name\":\"Tunisie : Ka\u00efs Sa\u00efed r\u00e9\u00e9lu \u00e0 la pr\u00e9sidence avec 90,69 % des voix - Vox Sahel\",\"isPartOf\":{\"@id\":\"https:\\\/\\\/voxsahel.com\\\/#website\"},\"primaryImageOfPage\":{\"@id\":\"https:\\\/\\\/voxsahel.com\\\/?p=529#primaryimage\"},\"image\":{\"@id\":\"https:\\\/\\\/voxsahel.com\\\/?p=529#primaryimage\"},\"thumbnailUrl\":\"https:\\\/\\\/voxsahel.com\\\/wp-content\\\/uploads\\\/2024\\\/10\\\/IMG_5898.jpeg\",\"datePublished\":\"2024-10-07T19:11:14+00:00\",\"breadcrumb\":{\"@id\":\"https:\\\/\\\/voxsahel.com\\\/?p=529#breadcrumb\"},\"inLanguage\":\"fr-FR\",\"potentialAction\":[{\"@type\":\"ReadAction\",\"target\":[\"https:\\\/\\\/voxsahel.com\\\/?p=529\"]}]},{\"@type\":\"ImageObject\",\"inLanguage\":\"fr-FR\",\"@id\":\"https:\\\/\\\/voxsahel.com\\\/?p=529#primaryimage\",\"url\":\"https:\\\/\\\/voxsahel.com\\\/wp-content\\\/uploads\\\/2024\\\/10\\\/IMG_5898.jpeg\",\"contentUrl\":\"https:\\\/\\\/voxsahel.com\\\/wp-content\\\/uploads\\\/2024\\\/10\\\/IMG_5898.jpeg\",\"width\":1170,\"height\":799},{\"@type\":\"BreadcrumbList\",\"@id\":\"https:\\\/\\\/voxsahel.com\\\/?p=529#breadcrumb\",\"itemListElement\":[{\"@type\":\"ListItem\",\"position\":1,\"name\":\"Home\",\"item\":\"https:\\\/\\\/voxsahel.com\\\/\"},{\"@type\":\"ListItem\",\"position\":2,\"name\":\"Tunisie : Ka\u00efs Sa\u00efed r\u00e9\u00e9lu \u00e0 la pr\u00e9sidence avec 90,69 % des voix\"}]},{\"@type\":\"WebSite\",\"@id\":\"https:\\\/\\\/voxsahel.com\\\/#website\",\"url\":\"https:\\\/\\\/voxsahel.com\\\/\",\"name\":\"Vox Sahel\",\"description\":\"Informez-vous sur le Sahel en un clic\",\"publisher\":{\"@id\":\"https:\\\/\\\/voxsahel.com\\\/#organization\"},\"potentialAction\":[{\"@type\":\"SearchAction\",\"target\":{\"@type\":\"EntryPoint\",\"urlTemplate\":\"https:\\\/\\\/voxsahel.com\\\/?s={search_term_string}\"},\"query-input\":{\"@type\":\"PropertyValueSpecification\",\"valueRequired\":true,\"valueName\":\"search_term_string\"}}],\"inLanguage\":\"fr-FR\"},{\"@type\":\"Organization\",\"@id\":\"https:\\\/\\\/voxsahel.com\\\/#organization\",\"name\":\"Vox Sahel\",\"url\":\"https:\\\/\\\/voxsahel.com\\\/\",\"logo\":{\"@type\":\"ImageObject\",\"inLanguage\":\"fr-FR\",\"@id\":\"https:\\\/\\\/voxsahel.com\\\/#\\\/schema\\\/logo\\\/image\\\/\",\"url\":\"https:\\\/\\\/voxsahel.com\\\/wp-content\\\/uploads\\\/2024\\\/09\\\/Logo-Vox-Sahel.jpg\",\"contentUrl\":\"https:\\\/\\\/voxsahel.com\\\/wp-content\\\/uploads\\\/2024\\\/09\\\/Logo-Vox-Sahel.jpg\",\"width\":1181,\"height\":848,\"caption\":\"Vox Sahel\"},\"image\":{\"@id\":\"https:\\\/\\\/voxsahel.com\\\/#\\\/schema\\\/logo\\\/image\\\/\"},\"sameAs\":[\"https:\\\/\\\/www.facebook.com\\\/journal.voxsahel\"]},{\"@type\":\"Person\",\"@id\":\"https:\\\/\\\/voxsahel.com\\\/#\\\/schema\\\/person\\\/b4043608248f8fa227cd760e7ff1e19e\",\"name\":\"Vox Sahel\",\"image\":{\"@type\":\"ImageObject\",\"inLanguage\":\"fr-FR\",\"@id\":\"https:\\\/\\\/secure.gravatar.com\\\/avatar\\\/f70e7fa0cb9b29d4a7c5788d6eb2e9ab4d3135cbae1c9161810fdf77a8964699?s=96&d=mm&r=g\",\"url\":\"https:\\\/\\\/secure.gravatar.com\\\/avatar\\\/f70e7fa0cb9b29d4a7c5788d6eb2e9ab4d3135cbae1c9161810fdf77a8964699?s=96&d=mm&r=g\",\"contentUrl\":\"https:\\\/\\\/secure.gravatar.com\\\/avatar\\\/f70e7fa0cb9b29d4a7c5788d6eb2e9ab4d3135cbae1c9161810fdf77a8964699?s=96&d=mm&r=g\",\"caption\":\"Vox Sahel\"},\"sameAs\":[\"http:\\\/\\\/www.voxsahel.com\"],\"url\":\"https:\\\/\\\/voxsahel.com\\\/?author=2\"}]}<\/script>\n<!-- \/ Yoast SEO plugin. -->","yoast_head_json":{"title":"Tunisie : Ka\u00efs Sa\u00efed r\u00e9\u00e9lu \u00e0 la pr\u00e9sidence avec 90,69 % des voix - Vox Sahel","robots":{"index":"index","follow":"follow","max-snippet":"max-snippet:-1","max-image-preview":"max-image-preview:large","max-video-preview":"max-video-preview:-1"},"canonical":"https:\/\/voxsahel.com\/?p=529","og_locale":"fr_FR","og_type":"article","og_title":"Tunisie : Ka\u00efs Sa\u00efed r\u00e9\u00e9lu \u00e0 la pr\u00e9sidence avec 90,69 % des voix - Vox Sahel","og_description":"Le pr\u00e9sident en exercice Ka\u00efs Sa\u00efed a \u00e9t\u00e9 r\u00e9\u00e9lu lors de la pr\u00e9sidentielle du 6","og_url":"https:\/\/voxsahel.com\/?p=529","og_site_name":"Vox Sahel","article_publisher":"https:\/\/www.facebook.com\/journal.voxsahel","article_published_time":"2024-10-07T19:11:14+00:00","og_image":[{"width":1170,"height":799,"url":"https:\/\/voxsahel.com\/wp-content\/uploads\/2024\/10\/IMG_5898.jpeg","type":"image\/jpeg"}],"author":"Vox Sahel","twitter_card":"summary_large_image","twitter_misc":{"\u00c9crit par":"Vox Sahel","Dur\u00e9e de lecture estim\u00e9e":"1 minute"},"schema":{"@context":"https:\/\/schema.org","@graph":[{"@type":"Article","@id":"https:\/\/voxsahel.com\/?p=529#article","isPartOf":{"@id":"https:\/\/voxsahel.com\/?p=529"},"author":{"name":"Vox Sahel","@id":"https:\/\/voxsahel.com\/#\/schema\/person\/b4043608248f8fa227cd760e7ff1e19e"},"headline":"Tunisie : Ka\u00efs Sa\u00efed r\u00e9\u00e9lu \u00e0 la pr\u00e9sidence avec 90,69 % des voix","datePublished":"2024-10-07T19:11:14+00:00","mainEntityOfPage":{"@id":"https:\/\/voxsahel.com\/?p=529"},"wordCount":152,"commentCount":0,"publisher":{"@id":"https:\/\/voxsahel.com\/#organization"},"image":{"@id":"https:\/\/voxsahel.com\/?p=529#primaryimage"},"thumbnailUrl":"https:\/\/voxsahel.com\/wp-content\/uploads\/2024\/10\/IMG_5898.jpeg","keywords":["\u00c9lection pr\u00e9sidentielle","G\u00e9opolitique","Ka\u00efs Sa\u00efed","Maghreb","Politique","Tunisie"],"articleSection":["INTERNATIONAL"],"inLanguage":"fr-FR","potentialAction":[{"@type":"CommentAction","name":"Comment","target":["https:\/\/voxsahel.com\/?p=529#respond"]}]},{"@type":"WebPage","@id":"https:\/\/voxsahel.com\/?p=529","url":"https:\/\/voxsahel.com\/?p=529","name":"Tunisie : Ka\u00efs Sa\u00efed r\u00e9\u00e9lu \u00e0 la pr\u00e9sidence avec 90,69 % des voix - Vox Sahel","isPartOf":{"@id":"https:\/\/voxsahel.com\/#website"},"primaryImageOfPage":{"@id":"https:\/\/voxsahel.com\/?p=529#primaryimage"},"image":{"@id":"https:\/\/voxsahel.com\/?p=529#primaryimage"},"thumbnailUrl":"https:\/\/voxsahel.com\/wp-content\/uploads\/2024\/10\/IMG_5898.jpeg","datePublished":"2024-10-07T19:11:14+00:00","breadcrumb":{"@id":"https:\/\/voxsahel.com\/?p=529#breadcrumb"},"inLanguage":"fr-FR","potentialAction":[{"@type":"ReadAction","target":["https:\/\/voxsahel.com\/?p=529"]}]},{"@type":"ImageObject","inLanguage":"fr-FR","@id":"https:\/\/voxsahel.com\/?p=529#primaryimage","url":"https:\/\/voxsahel.com\/wp-content\/uploads\/2024\/10\/IMG_5898.jpeg","contentUrl":"https:\/\/voxsahel.com\/wp-content\/uploads\/2024\/10\/IMG_5898.jpeg","width":1170,"height":799},{"@type":"BreadcrumbList","@id":"https:\/\/voxsahel.com\/?p=529#breadcrumb","itemListElement":[{"@type":"ListItem","position":1,"name":"Home","item":"https:\/\/voxsahel.com\/"},{"@type":"ListItem","position":2,"name":"Tunisie : Ka\u00efs Sa\u00efed r\u00e9\u00e9lu \u00e0 la pr\u00e9sidence avec 90,69 % des voix"}]},{"@type":"WebSite","@id":"https:\/\/voxsahel.com\/#website","url":"https:\/\/voxsahel.com\/","name":"Vox Sahel","description":"Informez-vous sur le Sahel en un clic","publisher":{"@id":"https:\/\/voxsahel.com\/#organization"},"potentialAction":[{"@type":"SearchAction","target":{"@type":"EntryPoint","urlTemplate":"https:\/\/voxsahel.com\/?s={search_term_string}"},"query-input":{"@type":"PropertyValueSpecification","valueRequired":true,"valueName":"search_term_string"}}],"inLanguage":"fr-FR"},{"@type":"Organization","@id":"https:\/\/voxsahel.com\/#organization","name":"Vox Sahel","url":"https:\/\/voxsahel.com\/","logo":{"@type":"ImageObject","inLanguage":"fr-FR","@id":"https:\/\/voxsahel.com\/#\/schema\/logo\/image\/","url":"https:\/\/voxsahel.com\/wp-content\/uploads\/2024\/09\/Logo-Vox-Sahel.jpg","contentUrl":"https:\/\/voxsahel.com\/wp-content\/uploads\/2024\/09\/Logo-Vox-Sahel.jpg","width":1181,"height":848,"caption":"Vox Sahel"},"image":{"@id":"https:\/\/voxsahel.com\/#\/schema\/logo\/image\/"},"sameAs":["https:\/\/www.facebook.com\/journal.voxsahel"]},{"@type":"Person","@id":"https:\/\/voxsahel.com\/#\/schema\/person\/b4043608248f8fa227cd760e7ff1e19e","name":"Vox Sahel","image":{"@type":"ImageObject","inLanguage":"fr-FR","@id":"https:\/\/secure.gravatar.com\/avatar\/f70e7fa0cb9b29d4a7c5788d6eb2e9ab4d3135cbae1c9161810fdf77a8964699?s=96&d=mm&r=g","url":"https:\/\/secure.gravatar.com\/avatar\/f70e7fa0cb9b29d4a7c5788d6eb2e9ab4d3135cbae1c9161810fdf77a8964699?s=96&d=mm&r=g","contentUrl":"https:\/\/secure.gravatar.com\/avatar\/f70e7fa0cb9b29d4a7c5788d6eb2e9ab4d3135cbae1c9161810fdf77a8964699?s=96&d=mm&r=g","caption":"Vox Sahel"},"sameAs":["http:\/\/www.voxsahel.com"],"url":"https:\/\/voxsahel.com\/?author=2"}]}},"_links":{"self":[{"href":"https:\/\/voxsahel.com\/index.php?rest_route=\/wp\/v2\/posts\/529","targetHints":{"allow":["GET"]}}],"collection":[{"href":"https:\/\/voxsahel.com\/index.php?rest_route=\/wp\/v2\/posts"}],"about":[{"href":"https:\/\/voxsahel.com\/index.php?rest_route=\/wp\/v2\/types\/post"}],"author":[{"embeddable":true,"href":"https:\/\/voxsahel.com\/index.php?rest_route=\/wp\/v2\/users\/2"}],"replies":[{"embeddable":true,"href":"https:\/\/voxsahel.com\/index.php?rest_route=%2Fwp%2Fv2%2Fcomments&post=529"}],"version-history":[{"count":1,"href":"https:\/\/voxsahel.com\/index.php?rest_route=\/wp\/v2\/posts\/529\/revisions"}],"predecessor-version":[{"id":531,"href":"https:\/\/voxsahel.com\/index.php?rest_route=\/wp\/v2\/posts\/529\/revisions\/531"}],"wp:featuredmedia":[{"embeddable":true,"href":"https:\/\/voxsahel.com\/index.php?rest_route=\/wp\/v2\/media\/530"}],"wp:attachment":[{"href":"https:\/\/voxsahel.com\/index.php?rest_route=%2Fwp%2Fv2%2Fmedia&parent=529"}],"wp:term":[{"taxonomy":"category","embeddable":true,"href":"https:\/\/voxsahel.com\/index.php?rest_route=%2Fwp%2Fv2%2Fcategories&post=529"},{"taxonomy":"post_tag","embeddable":true,"href":"https:\/\/voxsahel.com\/index.php?rest_route=%2Fwp%2Fv2%2Ftags&post=529"}],"curies":[{"name":"wp","href":"https:\/\/api.w.org\/{rel}","templated":true}]}}