{"id":521,"date":"2024-10-07T09:43:17","date_gmt":"2024-10-07T09:43:17","guid":{"rendered":"https:\/\/voxsahel.com\/?p=521"},"modified":"2024-10-07T09:43:17","modified_gmt":"2024-10-07T09:43:17","slug":"grand-oral-du-president-du-faso-les-promesses-du-capitaine-ibrahim-traore-qui-suscitent-de-lespoir","status":"publish","type":"post","link":"https:\/\/voxsahel.com\/?p=521","title":{"rendered":"Grand oral du Pr\u00e9sident du Faso: Les promesses du capitaine Ibrahim Traor\u00e9 qui suscitent de l\u2019espoir !"},"content":{"rendered":"<p class=\"p1\">Depuis son accession au pouvoir , le capitaine Ibrahim Traor\u00e9 s&rsquo;est engag\u00e9 dans une dynamique qui vise \u00e0 restaurer l&rsquo;int\u00e9grit\u00e9 et la souverainet\u00e9 du Burkina Faso face \u00e0 des d\u00e9fis complexes, notamment le terrorisme, la corruption et le ch\u00f4mage.<\/p>\n<p class=\"p1\"><span class=\"s1\">Dans son discours, tenu le 5 octobre dernier, il a clairement affirm\u00e9 son refus de toute n\u00e9gociation avec les terroristes, les enjoignant \u00e0 d\u00e9poser les armes ou \u00e0 p\u00e9rir. C\u2019est donc dire que le chef de l\u2019Etat ne veut laisser aucun r\u00e9pit aux groupes terroristes qui continuent d\u2019\u00e9cumer des vies burkinab\u00e8. Cela montre sa d\u00e9termination \u00e0 finir avec cette guerre au plus vite. <\/span><\/p>\n<p class=\"p1\"><span class=\"s1\">Pour ce faire, il n\u2019a pas peur des chiffres et des dates. Il a annonc\u00e9 qu\u2019en 2025, il compte r\u00e9cup\u00e9rer les 30% du territoire sous occupation terroriste. Le chef de l\u2019Etat donne un signal fort \u00e0 ceux qui douteraient de sa volont\u00e9 d\u2019en finir avec l\u2019hydre terroriste. Sur la question de la r\u00e9conciliation, le pr\u00e9sident du Faso pr\u00f4ne une approche bas\u00e9e sur la justice et la responsabilit\u00e9. <\/span><\/p>\n<p class=\"p1\"><span class=\"s1\">Une position qui vise bien s\u00fbr \u00e0 r\u00e9instaurer l\u2019\u00e9quit\u00e9 et la justice dans la gestion du pouvoir. L\u2019extradition de l\u2019ancien pr\u00e9sident Damiba, dans ce cadre, semble \u00eatre un acte symbolique fort, marquant un tournant dans la gestion des affaires de l&rsquo;Etat. Toutefois, la prudence s&rsquo;impose.<\/span><\/p>\n<p class=\"p1\"><span class=\"s1\">L&rsquo;attente entourant cette d\u00e9cision est palpable et laisse pr\u00e9sager des r\u00e9percussions politiques qui pourraient influencer la stabilit\u00e9 du pays. Au-del\u00e0 de la justice, le pr\u00e9sident Traor\u00e9 met \u00e9galement l&rsquo;accent sur la n\u00e9cessit\u00e9 de revitaliser le secteur ferroviaire et de lutter contre le ch\u00f4mage, deux \u00e9l\u00e9ments cruciaux pour le d\u00e9veloppement \u00e9conomique. <\/span><\/p>\n<p class=\"p1\"><span class=\"s1\">Le r\u00e9seau ferroviaire, souvent n\u00e9glig\u00e9, pourrait jouer un r\u00f4le central dans la relance de l\u2019\u00e9conomie nationale, facilitant le transport de biens et de personnes. En parall\u00e8le, la cr\u00e9ation d&#8217;emplois est une priorit\u00e9, car le ch\u00f4mage est l\u2019un des principaux facteurs de vuln\u00e9rabilit\u00e9 face aux discours extr\u00e9mistes. La promesse de redynamisation du secteur doit cependant \u00eatre accompagn\u00e9e de mesures concr\u00e8tes pour assurer la formation et l&rsquo;insertion des jeunes.La souverainet\u00e9 mini\u00e8re est un autre chantier crucial. <\/span><\/p>\n<p class=\"p1\"><span class=\"s1\">Le pr\u00e9sident Traor\u00e9 a soulign\u00e9 la n\u00e9cessit\u00e9 d\u2019une gestion transparente des ressources naturelles, un combat contre la corruption qui gangr\u00e8ne souvent ce secteur. La lutte pour la souverainet\u00e9 mini\u00e8re ne doit pas seulement se limiter \u00e0 la r\u00e9glementation, mais doit \u00e9galement impliquer une redistribution \u00e9quitable des ressources au profit des populations locales, afin de garantir une v\u00e9ritable justice sociale. Sur le plan militaire, la coop\u00e9ration avec l&rsquo;AES et le recrutement massif dans l&rsquo;arm\u00e9e visent \u00e0 renforcer les capacit\u00e9s de d\u00e9fense du pays. <\/span><\/p>\n<p class=\"p1\"><span class=\"s1\">La lutte contre le terrorisme est annonc\u00e9e comme une priorit\u00e9 majeure en 2025, avec des promesses d&rsquo;am\u00e9lioration des conditions de travail des forces arm\u00e9es. Cependant, ces initiatives doivent s&rsquo;accompagner d&rsquo;une strat\u00e9gie globale qui inclut la formation et le soutien psychologique des soldats, souvent expos\u00e9s \u00e0 des conditions extr\u00eames. <\/span><\/p>\n<p class=\"p1\"><span class=\"s1\">Le capitaine Ibrahim Traor\u00e9 s&rsquo;est engag\u00e9 \u00e0 b\u00e2tir une nation r\u00e9siliente, mais les d\u00e9fis sont nombreux et complexes. La lutte contre le terrorisme ne peut se r\u00e9sumer \u00e0 des op\u00e9rations militaires. Elle doit s&rsquo;accompagner d\u2019une approche inclusive, int\u00e9grant la soci\u00e9t\u00e9 civile, et favorisant le dialogue et la r\u00e9conciliation au sein des communaut\u00e9s. La promesse de justice doit se traduire par des actes tangibles, permettant \u00e0 chaque citoyen de se sentir impliqu\u00e9 dans le processus de reconstruction nationale. <\/span><\/p>\n<p class=\"p1\"><span class=\"s1\">A travers ces promesses, le chef de l&rsquo;Etat semble conscient des attentes de la population. Cependant, la mise en \u0153uvre de ces projets ambitieux sera le v\u00e9ritable test de son leadership. <\/span><\/p>\n<p class=\"p1\"><span class=\"s1\">Le Burkina Faso a besoin de r\u00e9sultats concrets pour esp\u00e9rer un avenir pacifi\u00e9 et prosp\u00e8re. C&rsquo;est \u00e0 ce prix que la r\u00e9conciliation nationale pourra devenir une r\u00e9alit\u00e9, et non un simple slogan.<\/span><\/p>\n<p class=\"p1\" style=\"text-align: right;\"><span class=\"s1\"><b>Par La R\u00e9daction<\/b><\/span><\/p>\n","protected":false},"excerpt":{"rendered":"<p>Depuis son accession au pouvoir , le capitaine Ibrahim Traor\u00e9 s&rsquo;est engag\u00e9 dans une dynamique<\/p>\n","protected":false},"author":2,"featured_media":390,"comment_status":"open","ping_status":"open","sticky":false,"template":"","format":"standard","meta":{"_et_pb_use_builder":"","_et_pb_old_content":"","_et_gb_content_width":"","footnotes":""},"categories":[6],"tags":[101,18,174,151,49,216,150,75,120,20],"class_list":["post-521","post","type-post","status-publish","format-standard","has-post-thumbnail","hentry","category-politique","tag-barsalogho","tag-burkina-faso","tag-capitaine-ibrahim-traore","tag-carrieres","tag-geopolitique","tag-insecurite","tag-mines","tag-politique","tag-sante","tag-terrorisme"],"yoast_head":"<!-- This site is optimized with the Yoast SEO plugin v27.5 - https:\/\/yoast.com\/product\/yoast-seo-wordpress\/ -->\n<title>Grand oral du Pr\u00e9sident du Faso: Les promesses du capitaine Ibrahim Traor\u00e9 qui suscitent de l\u2019espoir ! - Vox Sahel<\/title>\n<meta name=\"robots\" content=\"index, follow, max-snippet:-1, max-image-preview:large, max-video-preview:-1\" \/>\n<link rel=\"canonical\" href=\"https:\/\/voxsahel.com\/?p=521\" \/>\n<meta property=\"og:locale\" content=\"fr_FR\" \/>\n<meta property=\"og:type\" content=\"article\" \/>\n<meta property=\"og:title\" content=\"Grand oral du Pr\u00e9sident du Faso: Les promesses du capitaine Ibrahim Traor\u00e9 qui suscitent de l\u2019espoir ! - Vox Sahel\" \/>\n<meta property=\"og:description\" content=\"Depuis son accession au pouvoir , le capitaine Ibrahim Traor\u00e9 s&rsquo;est engag\u00e9 dans une dynamique\" \/>\n<meta property=\"og:url\" content=\"https:\/\/voxsahel.com\/?p=521\" \/>\n<meta property=\"og:site_name\" content=\"Vox Sahel\" \/>\n<meta property=\"article:publisher\" content=\"https:\/\/www.facebook.com\/journal.voxsahel\" \/>\n<meta property=\"article:published_time\" content=\"2024-10-07T09:43:17+00:00\" \/>\n<meta property=\"og:image\" content=\"https:\/\/voxsahel.com\/wp-content\/uploads\/2024\/09\/IMG_2073.jpeg\" \/>\n\t<meta property=\"og:image:width\" content=\"2500\" \/>\n\t<meta property=\"og:image:height\" content=\"2000\" \/>\n\t<meta property=\"og:image:type\" content=\"image\/jpeg\" \/>\n<meta name=\"author\" content=\"Vox Sahel\" \/>\n<meta name=\"twitter:card\" content=\"summary_large_image\" \/>\n<meta name=\"twitter:label1\" content=\"\u00c9crit par\" \/>\n\t<meta name=\"twitter:data1\" content=\"Vox Sahel\" \/>\n\t<meta name=\"twitter:label2\" content=\"Dur\u00e9e de lecture estim\u00e9e\" \/>\n\t<meta name=\"twitter:data2\" content=\"4 minutes\" \/>\n<script type=\"application\/ld+json\" class=\"yoast-schema-graph\">{\"@context\":\"https:\\\/\\\/schema.org\",\"@graph\":[{\"@type\":\"Article\",\"@id\":\"https:\\\/\\\/voxsahel.com\\\/?p=521#article\",\"isPartOf\":{\"@id\":\"https:\\\/\\\/voxsahel.com\\\/?p=521\"},\"author\":{\"name\":\"Vox Sahel\",\"@id\":\"https:\\\/\\\/voxsahel.com\\\/#\\\/schema\\\/person\\\/b4043608248f8fa227cd760e7ff1e19e\"},\"headline\":\"Grand oral du Pr\u00e9sident du Faso: Les promesses du capitaine Ibrahim Traor\u00e9 qui suscitent de l\u2019espoir !\",\"datePublished\":\"2024-10-07T09:43:17+00:00\",\"mainEntityOfPage\":{\"@id\":\"https:\\\/\\\/voxsahel.com\\\/?p=521\"},\"wordCount\":711,\"commentCount\":0,\"publisher\":{\"@id\":\"https:\\\/\\\/voxsahel.com\\\/#organization\"},\"image\":{\"@id\":\"https:\\\/\\\/voxsahel.com\\\/?p=521#primaryimage\"},\"thumbnailUrl\":\"https:\\\/\\\/voxsahel.com\\\/wp-content\\\/uploads\\\/2024\\\/09\\\/IMG_2073.jpeg\",\"keywords\":[\"Barsalogho\",\"Burkina Faso\",\"Capitaine Ibrahim Traor\u00e9\",\"Carri\u00e8res\",\"G\u00e9opolitique\",\"Ins\u00e9curit\u00e9\",\"Mines\",\"Politique\",\"Sant\u00e9\",\"Terrorisme\"],\"articleSection\":[\"POLITIQUE\"],\"inLanguage\":\"fr-FR\",\"potentialAction\":[{\"@type\":\"CommentAction\",\"name\":\"Comment\",\"target\":[\"https:\\\/\\\/voxsahel.com\\\/?p=521#respond\"]}]},{\"@type\":\"WebPage\",\"@id\":\"https:\\\/\\\/voxsahel.com\\\/?p=521\",\"url\":\"https:\\\/\\\/voxsahel.com\\\/?p=521\",\"name\":\"Grand oral du Pr\u00e9sident du Faso: Les promesses du capitaine Ibrahim Traor\u00e9 qui suscitent de l\u2019espoir ! - Vox Sahel\",\"isPartOf\":{\"@id\":\"https:\\\/\\\/voxsahel.com\\\/#website\"},\"primaryImageOfPage\":{\"@id\":\"https:\\\/\\\/voxsahel.com\\\/?p=521#primaryimage\"},\"image\":{\"@id\":\"https:\\\/\\\/voxsahel.com\\\/?p=521#primaryimage\"},\"thumbnailUrl\":\"https:\\\/\\\/voxsahel.com\\\/wp-content\\\/uploads\\\/2024\\\/09\\\/IMG_2073.jpeg\",\"datePublished\":\"2024-10-07T09:43:17+00:00\",\"breadcrumb\":{\"@id\":\"https:\\\/\\\/voxsahel.com\\\/?p=521#breadcrumb\"},\"inLanguage\":\"fr-FR\",\"potentialAction\":[{\"@type\":\"ReadAction\",\"target\":[\"https:\\\/\\\/voxsahel.com\\\/?p=521\"]}]},{\"@type\":\"ImageObject\",\"inLanguage\":\"fr-FR\",\"@id\":\"https:\\\/\\\/voxsahel.com\\\/?p=521#primaryimage\",\"url\":\"https:\\\/\\\/voxsahel.com\\\/wp-content\\\/uploads\\\/2024\\\/09\\\/IMG_2073.jpeg\",\"contentUrl\":\"https:\\\/\\\/voxsahel.com\\\/wp-content\\\/uploads\\\/2024\\\/09\\\/IMG_2073.jpeg\",\"width\":2500,\"height\":2000},{\"@type\":\"BreadcrumbList\",\"@id\":\"https:\\\/\\\/voxsahel.com\\\/?p=521#breadcrumb\",\"itemListElement\":[{\"@type\":\"ListItem\",\"position\":1,\"name\":\"Home\",\"item\":\"https:\\\/\\\/voxsahel.com\\\/\"},{\"@type\":\"ListItem\",\"position\":2,\"name\":\"Grand oral du Pr\u00e9sident du Faso: Les promesses du capitaine Ibrahim Traor\u00e9 qui suscitent de l\u2019espoir !\"}]},{\"@type\":\"WebSite\",\"@id\":\"https:\\\/\\\/voxsahel.com\\\/#website\",\"url\":\"https:\\\/\\\/voxsahel.com\\\/\",\"name\":\"Vox Sahel\",\"description\":\"Informez-vous sur le Sahel en un clic\",\"publisher\":{\"@id\":\"https:\\\/\\\/voxsahel.com\\\/#organization\"},\"potentialAction\":[{\"@type\":\"SearchAction\",\"target\":{\"@type\":\"EntryPoint\",\"urlTemplate\":\"https:\\\/\\\/voxsahel.com\\\/?s={search_term_string}\"},\"query-input\":{\"@type\":\"PropertyValueSpecification\",\"valueRequired\":true,\"valueName\":\"search_term_string\"}}],\"inLanguage\":\"fr-FR\"},{\"@type\":\"Organization\",\"@id\":\"https:\\\/\\\/voxsahel.com\\\/#organization\",\"name\":\"Vox Sahel\",\"url\":\"https:\\\/\\\/voxsahel.com\\\/\",\"logo\":{\"@type\":\"ImageObject\",\"inLanguage\":\"fr-FR\",\"@id\":\"https:\\\/\\\/voxsahel.com\\\/#\\\/schema\\\/logo\\\/image\\\/\",\"url\":\"https:\\\/\\\/voxsahel.com\\\/wp-content\\\/uploads\\\/2024\\\/09\\\/Logo-Vox-Sahel.jpg\",\"contentUrl\":\"https:\\\/\\\/voxsahel.com\\\/wp-content\\\/uploads\\\/2024\\\/09\\\/Logo-Vox-Sahel.jpg\",\"width\":1181,\"height\":848,\"caption\":\"Vox Sahel\"},\"image\":{\"@id\":\"https:\\\/\\\/voxsahel.com\\\/#\\\/schema\\\/logo\\\/image\\\/\"},\"sameAs\":[\"https:\\\/\\\/www.facebook.com\\\/journal.voxsahel\"]},{\"@type\":\"Person\",\"@id\":\"https:\\\/\\\/voxsahel.com\\\/#\\\/schema\\\/person\\\/b4043608248f8fa227cd760e7ff1e19e\",\"name\":\"Vox Sahel\",\"image\":{\"@type\":\"ImageObject\",\"inLanguage\":\"fr-FR\",\"@id\":\"https:\\\/\\\/secure.gravatar.com\\\/avatar\\\/f70e7fa0cb9b29d4a7c5788d6eb2e9ab4d3135cbae1c9161810fdf77a8964699?s=96&d=mm&r=g\",\"url\":\"https:\\\/\\\/secure.gravatar.com\\\/avatar\\\/f70e7fa0cb9b29d4a7c5788d6eb2e9ab4d3135cbae1c9161810fdf77a8964699?s=96&d=mm&r=g\",\"contentUrl\":\"https:\\\/\\\/secure.gravatar.com\\\/avatar\\\/f70e7fa0cb9b29d4a7c5788d6eb2e9ab4d3135cbae1c9161810fdf77a8964699?s=96&d=mm&r=g\",\"caption\":\"Vox Sahel\"},\"sameAs\":[\"http:\\\/\\\/www.voxsahel.com\"],\"url\":\"https:\\\/\\\/voxsahel.com\\\/?author=2\"}]}<\/script>\n<!-- \/ Yoast SEO plugin. -->","yoast_head_json":{"title":"Grand oral du Pr\u00e9sident du Faso: Les promesses du capitaine Ibrahim Traor\u00e9 qui suscitent de l\u2019espoir ! - Vox Sahel","robots":{"index":"index","follow":"follow","max-snippet":"max-snippet:-1","max-image-preview":"max-image-preview:large","max-video-preview":"max-video-preview:-1"},"canonical":"https:\/\/voxsahel.com\/?p=521","og_locale":"fr_FR","og_type":"article","og_title":"Grand oral du Pr\u00e9sident du Faso: Les promesses du capitaine Ibrahim Traor\u00e9 qui suscitent de l\u2019espoir ! - Vox Sahel","og_description":"Depuis son accession au pouvoir , le capitaine Ibrahim Traor\u00e9 s&rsquo;est engag\u00e9 dans une dynamique","og_url":"https:\/\/voxsahel.com\/?p=521","og_site_name":"Vox Sahel","article_publisher":"https:\/\/www.facebook.com\/journal.voxsahel","article_published_time":"2024-10-07T09:43:17+00:00","og_image":[{"width":2500,"height":2000,"url":"https:\/\/voxsahel.com\/wp-content\/uploads\/2024\/09\/IMG_2073.jpeg","type":"image\/jpeg"}],"author":"Vox Sahel","twitter_card":"summary_large_image","twitter_misc":{"\u00c9crit par":"Vox Sahel","Dur\u00e9e de lecture estim\u00e9e":"4 minutes"},"schema":{"@context":"https:\/\/schema.org","@graph":[{"@type":"Article","@id":"https:\/\/voxsahel.com\/?p=521#article","isPartOf":{"@id":"https:\/\/voxsahel.com\/?p=521"},"author":{"name":"Vox Sahel","@id":"https:\/\/voxsahel.com\/#\/schema\/person\/b4043608248f8fa227cd760e7ff1e19e"},"headline":"Grand oral du Pr\u00e9sident du Faso: Les promesses du capitaine Ibrahim Traor\u00e9 qui suscitent de l\u2019espoir !","datePublished":"2024-10-07T09:43:17+00:00","mainEntityOfPage":{"@id":"https:\/\/voxsahel.com\/?p=521"},"wordCount":711,"commentCount":0,"publisher":{"@id":"https:\/\/voxsahel.com\/#organization"},"image":{"@id":"https:\/\/voxsahel.com\/?p=521#primaryimage"},"thumbnailUrl":"https:\/\/voxsahel.com\/wp-content\/uploads\/2024\/09\/IMG_2073.jpeg","keywords":["Barsalogho","Burkina Faso","Capitaine Ibrahim Traor\u00e9","Carri\u00e8res","G\u00e9opolitique","Ins\u00e9curit\u00e9","Mines","Politique","Sant\u00e9","Terrorisme"],"articleSection":["POLITIQUE"],"inLanguage":"fr-FR","potentialAction":[{"@type":"CommentAction","name":"Comment","target":["https:\/\/voxsahel.com\/?p=521#respond"]}]},{"@type":"WebPage","@id":"https:\/\/voxsahel.com\/?p=521","url":"https:\/\/voxsahel.com\/?p=521","name":"Grand oral du Pr\u00e9sident du Faso: Les promesses du capitaine Ibrahim Traor\u00e9 qui suscitent de l\u2019espoir ! - Vox Sahel","isPartOf":{"@id":"https:\/\/voxsahel.com\/#website"},"primaryImageOfPage":{"@id":"https:\/\/voxsahel.com\/?p=521#primaryimage"},"image":{"@id":"https:\/\/voxsahel.com\/?p=521#primaryimage"},"thumbnailUrl":"https:\/\/voxsahel.com\/wp-content\/uploads\/2024\/09\/IMG_2073.jpeg","datePublished":"2024-10-07T09:43:17+00:00","breadcrumb":{"@id":"https:\/\/voxsahel.com\/?p=521#breadcrumb"},"inLanguage":"fr-FR","potentialAction":[{"@type":"ReadAction","target":["https:\/\/voxsahel.com\/?p=521"]}]},{"@type":"ImageObject","inLanguage":"fr-FR","@id":"https:\/\/voxsahel.com\/?p=521#primaryimage","url":"https:\/\/voxsahel.com\/wp-content\/uploads\/2024\/09\/IMG_2073.jpeg","contentUrl":"https:\/\/voxsahel.com\/wp-content\/uploads\/2024\/09\/IMG_2073.jpeg","width":2500,"height":2000},{"@type":"BreadcrumbList","@id":"https:\/\/voxsahel.com\/?p=521#breadcrumb","itemListElement":[{"@type":"ListItem","position":1,"name":"Home","item":"https:\/\/voxsahel.com\/"},{"@type":"ListItem","position":2,"name":"Grand oral du Pr\u00e9sident du Faso: Les promesses du capitaine Ibrahim Traor\u00e9 qui suscitent de l\u2019espoir !"}]},{"@type":"WebSite","@id":"https:\/\/voxsahel.com\/#website","url":"https:\/\/voxsahel.com\/","name":"Vox Sahel","description":"Informez-vous sur le Sahel en un clic","publisher":{"@id":"https:\/\/voxsahel.com\/#organization"},"potentialAction":[{"@type":"SearchAction","target":{"@type":"EntryPoint","urlTemplate":"https:\/\/voxsahel.com\/?s={search_term_string}"},"query-input":{"@type":"PropertyValueSpecification","valueRequired":true,"valueName":"search_term_string"}}],"inLanguage":"fr-FR"},{"@type":"Organization","@id":"https:\/\/voxsahel.com\/#organization","name":"Vox Sahel","url":"https:\/\/voxsahel.com\/","logo":{"@type":"ImageObject","inLanguage":"fr-FR","@id":"https:\/\/voxsahel.com\/#\/schema\/logo\/image\/","url":"https:\/\/voxsahel.com\/wp-content\/uploads\/2024\/09\/Logo-Vox-Sahel.jpg","contentUrl":"https:\/\/voxsahel.com\/wp-content\/uploads\/2024\/09\/Logo-Vox-Sahel.jpg","width":1181,"height":848,"caption":"Vox Sahel"},"image":{"@id":"https:\/\/voxsahel.com\/#\/schema\/logo\/image\/"},"sameAs":["https:\/\/www.facebook.com\/journal.voxsahel"]},{"@type":"Person","@id":"https:\/\/voxsahel.com\/#\/schema\/person\/b4043608248f8fa227cd760e7ff1e19e","name":"Vox Sahel","image":{"@type":"ImageObject","inLanguage":"fr-FR","@id":"https:\/\/secure.gravatar.com\/avatar\/f70e7fa0cb9b29d4a7c5788d6eb2e9ab4d3135cbae1c9161810fdf77a8964699?s=96&d=mm&r=g","url":"https:\/\/secure.gravatar.com\/avatar\/f70e7fa0cb9b29d4a7c5788d6eb2e9ab4d3135cbae1c9161810fdf77a8964699?s=96&d=mm&r=g","contentUrl":"https:\/\/secure.gravatar.com\/avatar\/f70e7fa0cb9b29d4a7c5788d6eb2e9ab4d3135cbae1c9161810fdf77a8964699?s=96&d=mm&r=g","caption":"Vox Sahel"},"sameAs":["http:\/\/www.voxsahel.com"],"url":"https:\/\/voxsahel.com\/?author=2"}]}},"_links":{"self":[{"href":"https:\/\/voxsahel.com\/index.php?rest_route=\/wp\/v2\/posts\/521","targetHints":{"allow":["GET"]}}],"collection":[{"href":"https:\/\/voxsahel.com\/index.php?rest_route=\/wp\/v2\/posts"}],"about":[{"href":"https:\/\/voxsahel.com\/index.php?rest_route=\/wp\/v2\/types\/post"}],"author":[{"embeddable":true,"href":"https:\/\/voxsahel.com\/index.php?rest_route=\/wp\/v2\/users\/2"}],"replies":[{"embeddable":true,"href":"https:\/\/voxsahel.com\/index.php?rest_route=%2Fwp%2Fv2%2Fcomments&post=521"}],"version-history":[{"count":1,"href":"https:\/\/voxsahel.com\/index.php?rest_route=\/wp\/v2\/posts\/521\/revisions"}],"predecessor-version":[{"id":522,"href":"https:\/\/voxsahel.com\/index.php?rest_route=\/wp\/v2\/posts\/521\/revisions\/522"}],"wp:featuredmedia":[{"embeddable":true,"href":"https:\/\/voxsahel.com\/index.php?rest_route=\/wp\/v2\/media\/390"}],"wp:attachment":[{"href":"https:\/\/voxsahel.com\/index.php?rest_route=%2Fwp%2Fv2%2Fmedia&parent=521"}],"wp:term":[{"taxonomy":"category","embeddable":true,"href":"https:\/\/voxsahel.com\/index.php?rest_route=%2Fwp%2Fv2%2Fcategories&post=521"},{"taxonomy":"post_tag","embeddable":true,"href":"https:\/\/voxsahel.com\/index.php?rest_route=%2Fwp%2Fv2%2Ftags&post=521"}],"curies":[{"name":"wp","href":"https:\/\/api.w.org\/{rel}","templated":true}]}}