{"id":516,"date":"2024-10-06T08:07:11","date_gmt":"2024-10-06T08:07:11","guid":{"rendered":"https:\/\/voxsahel.com\/?p=516"},"modified":"2024-10-06T13:06:26","modified_gmt":"2024-10-06T13:06:26","slug":"absence-remarquee-des-dirigeants-africains-au-xixe-sommet-de-la-francophonie-un-tournant-diplomatique","status":"publish","type":"post","link":"https:\/\/voxsahel.com\/?p=516","title":{"rendered":"Absence remarqu\u00e9e des dirigeants africains au XIXe Sommet de la Francophonie : un tournant diplomatique ?"},"content":{"rendered":"<p class=\"p1\">Le XIXe Sommet de la Francophonie, qui s&rsquo;est d\u00e9roul\u00e9 en France apr\u00e8s 33 ans d&rsquo;absence, a r\u00e9uni une trentaine de chefs d&rsquo;\u00c9tat \u00e0 Villers-Cotter\u00eats et au Grand Palais, du 4 au 5 octobre. Cependant, malgr\u00e9 la pr\u00e9sence de plusieurs figures de premier plan comme le pr\u00e9sident rwandais Paul Kagame et le pr\u00e9sident congolais F\u00e9lix Tshisekedi, les absences de nombreux dirigeants africains ont suscit\u00e9 une attention particuli\u00e8re, laissant entrevoir un \u00e9ventuel repositionnement diplomatique entre la France et certaines nations francophones.<\/p>\n<p class=\"p1\"><span class=\"s1\">Absences notables des dirigeants africains<\/span><span class=\"s2\"><br \/>\nParmi les absences les plus remarqu\u00e9es figurent celles des chefs d&rsquo;\u00c9tat du Cameroun, du Congo, du S\u00e9n\u00e9gal ainsi que des pays du Maghreb et de l\u2019AES ( Burkina Faso, Mali, Niger). Alors que seuls trois chefs d&rsquo;\u00c9tat de la Communaut\u00e9 \u00e9conomique et mon\u00e9taire de l&rsquo;Afrique centrale (Cemac) \u2014 Mahatma D\u00e9by du Tchad, Faustin-Archange Touad\u00e9ra de la Centrafrique et Clotaire Oligui Nguema du Gabon \u2014 \u00e9taient pr\u00e9sents, les dirigeants du Cameroun ( Paul Biya), du Congo (Denis Sassou Nguesso) et de la Guin\u00e9e \u00e9quatoriale (Teodoro Obiang Nguema) ont brill\u00e9 par leur absence.<\/span><\/p>\n<p class=\"p1\"><span class=\"s2\">Le S\u00e9n\u00e9gal, traditionnellement repr\u00e9sent\u00e9 \u00e0 ces sommets, a \u00e9galement marqu\u00e9 un coup d&rsquo;arr\u00eat. L&rsquo;absence du pr\u00e9sident s\u00e9n\u00e9galais Bassirou Diomaye Faye surprend le nombre de participants, puisqu&rsquo;il s&rsquo;agit de la premi\u00e8re fois qu&rsquo;un chef d&rsquo;\u00c9tat s\u00e9n\u00e9galais ne participe pas \u00e0 un sommet de la Francophonie. Le retrait de ces dirigeants africains semble d&rsquo;autant plus significatif qu&rsquo;ils avaient r\u00e9cemment pris part aux sommets Chine-Afrique et Russie-Afrique.<\/span><\/p>\n<p class=\"p1\" style=\"text-align: center;\"><strong><span class=\"s1\">Un glissement vers d\u2019autres puissances ?<\/span><\/strong><\/p>\n<p class=\"p1\"><span class=\"s2\">Ces absences mettent en lumi\u00e8re une reconfiguration des relations diplomatiques entre certains \u00c9tats africains et la France. Alors que ces dirigeants se sont tourn\u00e9s vers des puissances comme la Chine et la Russie, lors de sommets r\u00e9cents, leur absence \u00e0 Villers-Cotter\u00eats pourrait refl\u00e9ter une \u00e9volution des priorit\u00e9s diplomatiques. En juillet 2023, lors du Sommet Russie-Afrique \u00e0 Saint-P\u00e9tersbourg, malgr\u00e9 les tensions g\u00e9opolitiques li\u00e9es \u00e0 la guerre en Ukraine, 17 chefs d&rsquo;\u00c9tat africains avaient fait le d\u00e9placement. De m\u00eame, le Sommet Chine-Afrique a renforc\u00e9 les liens \u00e9conomiques et strat\u00e9giques entre l&rsquo;Afrique et P\u00e9kin.<\/span><\/p>\n<p class=\"p1\" style=\"text-align: center;\"><strong><span class=\"s1\">Une influence fran\u00e7aise en d\u00e9clin ?<\/span><\/strong><\/p>\n<p class=\"p1\"><span class=\"s2\">L&rsquo;absence des dirigeants de pays \u00e0 forte population francophone comme l&rsquo;Alg\u00e9rie, le Maroc et le Cameroun, pays comptant parmi les plus grands contingents de francophones au monde, est un signal fort. Cette d\u00e9fection contraste avec l&rsquo;importance historique que ces nations ont toujours accord\u00e9e \u00e0 la francophonie, offrant peut-\u00eatre une volont\u00e9 de diversifier leurs partenariats internationaux.<\/span><\/p>\n<p class=\"p1\"><span class=\"s2\">Cependant, ces absences n\u2019ont pas \u00e9clips\u00e9 l\u2019ampleur de l\u2019\u00e9v\u00e9nement. Le Sommet de la Francophonie a attir\u00e9 160 d\u00e9l\u00e9gations et environ 200 exposants, avec des rencontres d&rsquo;affaires couvrant cinq grands th\u00e8mes : l&rsquo;intelligence artificielle, la transition \u00e9nerg\u00e9tique, le capital humain, le d\u00e9veloppement et le financement de l&rsquo;innovation. Parmi les personnalit\u00e9s pr\u00e9sentes, le Prince Albert II de Monaco, le roi du Cambodge Norodom Sihamoni, et le pr\u00e9sident rwandais Paul Kagame ont marqu\u00e9 de leur pr\u00e9sence cet \u00e9v\u00e9nement international.<\/span><\/p>\n<p class=\"p1\" style=\"text-align: center;\"><strong><span class=\"s1\">Vers une red\u00e9finition des alliances ?<\/span><\/strong><\/p>\n<p class=\"p1\"><span class=\"s2\">Le XIXe Sommet de la Francophonie, bien que riche en \u00e9changes et en opportunit\u00e9s \u00e9conomiques, soul\u00e8ve des questions sur la place future de la France en Afrique. Alors que les liens historiques et culturels restent solides, l\u2019int\u00e9r\u00eat croissant de l\u2019Afrique pour d\u2019autres puissances laisse entrevoir un nouvel ordre diplomatique. Seule l&rsquo;avenir dira si cette tendance s&rsquo;inscrit dans la dur\u00e9e, ou si la Francophonie saura se r\u00e9inventer pour regagner son influence aupr\u00e8s de ses partenaires africains.<\/span><\/p>\n<p class=\"p1\" style=\"text-align: right;\"><strong><span class=\"s2\">Par Vox Sahel <\/span><\/strong><\/p>\n","protected":false},"excerpt":{"rendered":"<p>Le XIXe Sommet de la Francophonie, qui s&rsquo;est d\u00e9roul\u00e9 en France apr\u00e8s 33 ans d&rsquo;absence,<\/p>\n","protected":false},"author":2,"featured_media":517,"comment_status":"open","ping_status":"open","sticky":false,"template":"","format":"standard","meta":{"_et_pb_use_builder":"","_et_pb_old_content":"","_et_gb_content_width":"","footnotes":""},"categories":[15],"tags":[61,62,18,278,279,49,31,60,280,75],"class_list":["post-516","post","type-post","status-publish","format-standard","has-post-thumbnail","hentry","category-international","tag-aes","tag-alliance-des-etats-du-sahel","tag-burkina-faso","tag-france","tag-francophonie","tag-geopolitique","tag-mali","tag-niger","tag-organisation-internationale-de-la-francophonie","tag-politique"],"yoast_head":"<!-- This site is optimized with the Yoast SEO plugin v27.5 - https:\/\/yoast.com\/product\/yoast-seo-wordpress\/ -->\n<title>Absence remarqu\u00e9e des dirigeants africains au XIXe Sommet de la Francophonie : un tournant diplomatique ? - Vox Sahel<\/title>\n<meta name=\"robots\" content=\"index, follow, max-snippet:-1, max-image-preview:large, max-video-preview:-1\" \/>\n<link rel=\"canonical\" href=\"https:\/\/voxsahel.com\/?p=516\" \/>\n<meta property=\"og:locale\" content=\"fr_FR\" \/>\n<meta property=\"og:type\" content=\"article\" \/>\n<meta property=\"og:title\" content=\"Absence remarqu\u00e9e des dirigeants africains au XIXe Sommet de la Francophonie : un tournant diplomatique ? - Vox Sahel\" \/>\n<meta property=\"og:description\" content=\"Le XIXe Sommet de la Francophonie, qui s&rsquo;est d\u00e9roul\u00e9 en France apr\u00e8s 33 ans d&rsquo;absence,\" \/>\n<meta property=\"og:url\" content=\"https:\/\/voxsahel.com\/?p=516\" \/>\n<meta property=\"og:site_name\" content=\"Vox Sahel\" \/>\n<meta property=\"article:publisher\" content=\"https:\/\/www.facebook.com\/journal.voxsahel\" \/>\n<meta property=\"article:published_time\" content=\"2024-10-06T08:07:11+00:00\" \/>\n<meta property=\"article:modified_time\" content=\"2024-10-06T13:06:26+00:00\" \/>\n<meta property=\"og:image\" content=\"https:\/\/voxsahel.com\/wp-content\/uploads\/2024\/10\/IMG_5413.jpeg\" \/>\n\t<meta property=\"og:image:width\" content=\"900\" \/>\n\t<meta property=\"og:image:height\" content=\"459\" \/>\n\t<meta property=\"og:image:type\" content=\"image\/jpeg\" \/>\n<meta name=\"author\" content=\"Vox Sahel\" \/>\n<meta name=\"twitter:card\" content=\"summary_large_image\" \/>\n<meta name=\"twitter:label1\" content=\"\u00c9crit par\" \/>\n\t<meta name=\"twitter:data1\" content=\"Vox Sahel\" \/>\n\t<meta name=\"twitter:label2\" content=\"Dur\u00e9e de lecture estim\u00e9e\" \/>\n\t<meta name=\"twitter:data2\" content=\"4 minutes\" \/>\n<script type=\"application\/ld+json\" class=\"yoast-schema-graph\">{\"@context\":\"https:\\\/\\\/schema.org\",\"@graph\":[{\"@type\":\"Article\",\"@id\":\"https:\\\/\\\/voxsahel.com\\\/?p=516#article\",\"isPartOf\":{\"@id\":\"https:\\\/\\\/voxsahel.com\\\/?p=516\"},\"author\":{\"name\":\"Vox Sahel\",\"@id\":\"https:\\\/\\\/voxsahel.com\\\/#\\\/schema\\\/person\\\/b4043608248f8fa227cd760e7ff1e19e\"},\"headline\":\"Absence remarqu\u00e9e des dirigeants africains au XIXe Sommet de la Francophonie : un tournant diplomatique ?\",\"datePublished\":\"2024-10-06T08:07:11+00:00\",\"dateModified\":\"2024-10-06T13:06:26+00:00\",\"mainEntityOfPage\":{\"@id\":\"https:\\\/\\\/voxsahel.com\\\/?p=516\"},\"wordCount\":647,\"commentCount\":0,\"publisher\":{\"@id\":\"https:\\\/\\\/voxsahel.com\\\/#organization\"},\"image\":{\"@id\":\"https:\\\/\\\/voxsahel.com\\\/?p=516#primaryimage\"},\"thumbnailUrl\":\"https:\\\/\\\/voxsahel.com\\\/wp-content\\\/uploads\\\/2024\\\/10\\\/IMG_5413.jpeg\",\"keywords\":[\"AES\",\"Alliance des \u00c9tats du Sahel\",\"Burkina Faso\",\"France\",\"Francophonie\",\"G\u00e9opolitique\",\"Mali\",\"Niger\",\"Organisation Internationale de la Francophonie\",\"Politique\"],\"articleSection\":[\"INTERNATIONAL\"],\"inLanguage\":\"fr-FR\",\"potentialAction\":[{\"@type\":\"CommentAction\",\"name\":\"Comment\",\"target\":[\"https:\\\/\\\/voxsahel.com\\\/?p=516#respond\"]}]},{\"@type\":\"WebPage\",\"@id\":\"https:\\\/\\\/voxsahel.com\\\/?p=516\",\"url\":\"https:\\\/\\\/voxsahel.com\\\/?p=516\",\"name\":\"Absence remarqu\u00e9e des dirigeants africains au XIXe Sommet de la Francophonie : un tournant diplomatique ? - Vox Sahel\",\"isPartOf\":{\"@id\":\"https:\\\/\\\/voxsahel.com\\\/#website\"},\"primaryImageOfPage\":{\"@id\":\"https:\\\/\\\/voxsahel.com\\\/?p=516#primaryimage\"},\"image\":{\"@id\":\"https:\\\/\\\/voxsahel.com\\\/?p=516#primaryimage\"},\"thumbnailUrl\":\"https:\\\/\\\/voxsahel.com\\\/wp-content\\\/uploads\\\/2024\\\/10\\\/IMG_5413.jpeg\",\"datePublished\":\"2024-10-06T08:07:11+00:00\",\"dateModified\":\"2024-10-06T13:06:26+00:00\",\"breadcrumb\":{\"@id\":\"https:\\\/\\\/voxsahel.com\\\/?p=516#breadcrumb\"},\"inLanguage\":\"fr-FR\",\"potentialAction\":[{\"@type\":\"ReadAction\",\"target\":[\"https:\\\/\\\/voxsahel.com\\\/?p=516\"]}]},{\"@type\":\"ImageObject\",\"inLanguage\":\"fr-FR\",\"@id\":\"https:\\\/\\\/voxsahel.com\\\/?p=516#primaryimage\",\"url\":\"https:\\\/\\\/voxsahel.com\\\/wp-content\\\/uploads\\\/2024\\\/10\\\/IMG_5413.jpeg\",\"contentUrl\":\"https:\\\/\\\/voxsahel.com\\\/wp-content\\\/uploads\\\/2024\\\/10\\\/IMG_5413.jpeg\",\"width\":900,\"height\":459},{\"@type\":\"BreadcrumbList\",\"@id\":\"https:\\\/\\\/voxsahel.com\\\/?p=516#breadcrumb\",\"itemListElement\":[{\"@type\":\"ListItem\",\"position\":1,\"name\":\"Home\",\"item\":\"https:\\\/\\\/voxsahel.com\\\/\"},{\"@type\":\"ListItem\",\"position\":2,\"name\":\"Absence remarqu\u00e9e des dirigeants africains au XIXe Sommet de la Francophonie : un tournant diplomatique ?\"}]},{\"@type\":\"WebSite\",\"@id\":\"https:\\\/\\\/voxsahel.com\\\/#website\",\"url\":\"https:\\\/\\\/voxsahel.com\\\/\",\"name\":\"Vox Sahel\",\"description\":\"Informez-vous sur le Sahel en un clic\",\"publisher\":{\"@id\":\"https:\\\/\\\/voxsahel.com\\\/#organization\"},\"potentialAction\":[{\"@type\":\"SearchAction\",\"target\":{\"@type\":\"EntryPoint\",\"urlTemplate\":\"https:\\\/\\\/voxsahel.com\\\/?s={search_term_string}\"},\"query-input\":{\"@type\":\"PropertyValueSpecification\",\"valueRequired\":true,\"valueName\":\"search_term_string\"}}],\"inLanguage\":\"fr-FR\"},{\"@type\":\"Organization\",\"@id\":\"https:\\\/\\\/voxsahel.com\\\/#organization\",\"name\":\"Vox Sahel\",\"url\":\"https:\\\/\\\/voxsahel.com\\\/\",\"logo\":{\"@type\":\"ImageObject\",\"inLanguage\":\"fr-FR\",\"@id\":\"https:\\\/\\\/voxsahel.com\\\/#\\\/schema\\\/logo\\\/image\\\/\",\"url\":\"https:\\\/\\\/voxsahel.com\\\/wp-content\\\/uploads\\\/2024\\\/09\\\/Logo-Vox-Sahel.jpg\",\"contentUrl\":\"https:\\\/\\\/voxsahel.com\\\/wp-content\\\/uploads\\\/2024\\\/09\\\/Logo-Vox-Sahel.jpg\",\"width\":1181,\"height\":848,\"caption\":\"Vox Sahel\"},\"image\":{\"@id\":\"https:\\\/\\\/voxsahel.com\\\/#\\\/schema\\\/logo\\\/image\\\/\"},\"sameAs\":[\"https:\\\/\\\/www.facebook.com\\\/journal.voxsahel\"]},{\"@type\":\"Person\",\"@id\":\"https:\\\/\\\/voxsahel.com\\\/#\\\/schema\\\/person\\\/b4043608248f8fa227cd760e7ff1e19e\",\"name\":\"Vox Sahel\",\"image\":{\"@type\":\"ImageObject\",\"inLanguage\":\"fr-FR\",\"@id\":\"https:\\\/\\\/secure.gravatar.com\\\/avatar\\\/f70e7fa0cb9b29d4a7c5788d6eb2e9ab4d3135cbae1c9161810fdf77a8964699?s=96&d=mm&r=g\",\"url\":\"https:\\\/\\\/secure.gravatar.com\\\/avatar\\\/f70e7fa0cb9b29d4a7c5788d6eb2e9ab4d3135cbae1c9161810fdf77a8964699?s=96&d=mm&r=g\",\"contentUrl\":\"https:\\\/\\\/secure.gravatar.com\\\/avatar\\\/f70e7fa0cb9b29d4a7c5788d6eb2e9ab4d3135cbae1c9161810fdf77a8964699?s=96&d=mm&r=g\",\"caption\":\"Vox Sahel\"},\"sameAs\":[\"http:\\\/\\\/www.voxsahel.com\"],\"url\":\"https:\\\/\\\/voxsahel.com\\\/?author=2\"}]}<\/script>\n<!-- \/ Yoast SEO plugin. -->","yoast_head_json":{"title":"Absence remarqu\u00e9e des dirigeants africains au XIXe Sommet de la Francophonie : un tournant diplomatique ? - Vox Sahel","robots":{"index":"index","follow":"follow","max-snippet":"max-snippet:-1","max-image-preview":"max-image-preview:large","max-video-preview":"max-video-preview:-1"},"canonical":"https:\/\/voxsahel.com\/?p=516","og_locale":"fr_FR","og_type":"article","og_title":"Absence remarqu\u00e9e des dirigeants africains au XIXe Sommet de la Francophonie : un tournant diplomatique ? - Vox Sahel","og_description":"Le XIXe Sommet de la Francophonie, qui s&rsquo;est d\u00e9roul\u00e9 en France apr\u00e8s 33 ans d&rsquo;absence,","og_url":"https:\/\/voxsahel.com\/?p=516","og_site_name":"Vox Sahel","article_publisher":"https:\/\/www.facebook.com\/journal.voxsahel","article_published_time":"2024-10-06T08:07:11+00:00","article_modified_time":"2024-10-06T13:06:26+00:00","og_image":[{"width":900,"height":459,"url":"https:\/\/voxsahel.com\/wp-content\/uploads\/2024\/10\/IMG_5413.jpeg","type":"image\/jpeg"}],"author":"Vox Sahel","twitter_card":"summary_large_image","twitter_misc":{"\u00c9crit par":"Vox Sahel","Dur\u00e9e de lecture estim\u00e9e":"4 minutes"},"schema":{"@context":"https:\/\/schema.org","@graph":[{"@type":"Article","@id":"https:\/\/voxsahel.com\/?p=516#article","isPartOf":{"@id":"https:\/\/voxsahel.com\/?p=516"},"author":{"name":"Vox Sahel","@id":"https:\/\/voxsahel.com\/#\/schema\/person\/b4043608248f8fa227cd760e7ff1e19e"},"headline":"Absence remarqu\u00e9e des dirigeants africains au XIXe Sommet de la Francophonie : un tournant diplomatique ?","datePublished":"2024-10-06T08:07:11+00:00","dateModified":"2024-10-06T13:06:26+00:00","mainEntityOfPage":{"@id":"https:\/\/voxsahel.com\/?p=516"},"wordCount":647,"commentCount":0,"publisher":{"@id":"https:\/\/voxsahel.com\/#organization"},"image":{"@id":"https:\/\/voxsahel.com\/?p=516#primaryimage"},"thumbnailUrl":"https:\/\/voxsahel.com\/wp-content\/uploads\/2024\/10\/IMG_5413.jpeg","keywords":["AES","Alliance des \u00c9tats du Sahel","Burkina Faso","France","Francophonie","G\u00e9opolitique","Mali","Niger","Organisation Internationale de la Francophonie","Politique"],"articleSection":["INTERNATIONAL"],"inLanguage":"fr-FR","potentialAction":[{"@type":"CommentAction","name":"Comment","target":["https:\/\/voxsahel.com\/?p=516#respond"]}]},{"@type":"WebPage","@id":"https:\/\/voxsahel.com\/?p=516","url":"https:\/\/voxsahel.com\/?p=516","name":"Absence remarqu\u00e9e des dirigeants africains au XIXe Sommet de la Francophonie : un tournant diplomatique ? - Vox Sahel","isPartOf":{"@id":"https:\/\/voxsahel.com\/#website"},"primaryImageOfPage":{"@id":"https:\/\/voxsahel.com\/?p=516#primaryimage"},"image":{"@id":"https:\/\/voxsahel.com\/?p=516#primaryimage"},"thumbnailUrl":"https:\/\/voxsahel.com\/wp-content\/uploads\/2024\/10\/IMG_5413.jpeg","datePublished":"2024-10-06T08:07:11+00:00","dateModified":"2024-10-06T13:06:26+00:00","breadcrumb":{"@id":"https:\/\/voxsahel.com\/?p=516#breadcrumb"},"inLanguage":"fr-FR","potentialAction":[{"@type":"ReadAction","target":["https:\/\/voxsahel.com\/?p=516"]}]},{"@type":"ImageObject","inLanguage":"fr-FR","@id":"https:\/\/voxsahel.com\/?p=516#primaryimage","url":"https:\/\/voxsahel.com\/wp-content\/uploads\/2024\/10\/IMG_5413.jpeg","contentUrl":"https:\/\/voxsahel.com\/wp-content\/uploads\/2024\/10\/IMG_5413.jpeg","width":900,"height":459},{"@type":"BreadcrumbList","@id":"https:\/\/voxsahel.com\/?p=516#breadcrumb","itemListElement":[{"@type":"ListItem","position":1,"name":"Home","item":"https:\/\/voxsahel.com\/"},{"@type":"ListItem","position":2,"name":"Absence remarqu\u00e9e des dirigeants africains au XIXe Sommet de la Francophonie : un tournant diplomatique ?"}]},{"@type":"WebSite","@id":"https:\/\/voxsahel.com\/#website","url":"https:\/\/voxsahel.com\/","name":"Vox Sahel","description":"Informez-vous sur le Sahel en un clic","publisher":{"@id":"https:\/\/voxsahel.com\/#organization"},"potentialAction":[{"@type":"SearchAction","target":{"@type":"EntryPoint","urlTemplate":"https:\/\/voxsahel.com\/?s={search_term_string}"},"query-input":{"@type":"PropertyValueSpecification","valueRequired":true,"valueName":"search_term_string"}}],"inLanguage":"fr-FR"},{"@type":"Organization","@id":"https:\/\/voxsahel.com\/#organization","name":"Vox Sahel","url":"https:\/\/voxsahel.com\/","logo":{"@type":"ImageObject","inLanguage":"fr-FR","@id":"https:\/\/voxsahel.com\/#\/schema\/logo\/image\/","url":"https:\/\/voxsahel.com\/wp-content\/uploads\/2024\/09\/Logo-Vox-Sahel.jpg","contentUrl":"https:\/\/voxsahel.com\/wp-content\/uploads\/2024\/09\/Logo-Vox-Sahel.jpg","width":1181,"height":848,"caption":"Vox Sahel"},"image":{"@id":"https:\/\/voxsahel.com\/#\/schema\/logo\/image\/"},"sameAs":["https:\/\/www.facebook.com\/journal.voxsahel"]},{"@type":"Person","@id":"https:\/\/voxsahel.com\/#\/schema\/person\/b4043608248f8fa227cd760e7ff1e19e","name":"Vox Sahel","image":{"@type":"ImageObject","inLanguage":"fr-FR","@id":"https:\/\/secure.gravatar.com\/avatar\/f70e7fa0cb9b29d4a7c5788d6eb2e9ab4d3135cbae1c9161810fdf77a8964699?s=96&d=mm&r=g","url":"https:\/\/secure.gravatar.com\/avatar\/f70e7fa0cb9b29d4a7c5788d6eb2e9ab4d3135cbae1c9161810fdf77a8964699?s=96&d=mm&r=g","contentUrl":"https:\/\/secure.gravatar.com\/avatar\/f70e7fa0cb9b29d4a7c5788d6eb2e9ab4d3135cbae1c9161810fdf77a8964699?s=96&d=mm&r=g","caption":"Vox Sahel"},"sameAs":["http:\/\/www.voxsahel.com"],"url":"https:\/\/voxsahel.com\/?author=2"}]}},"_links":{"self":[{"href":"https:\/\/voxsahel.com\/index.php?rest_route=\/wp\/v2\/posts\/516","targetHints":{"allow":["GET"]}}],"collection":[{"href":"https:\/\/voxsahel.com\/index.php?rest_route=\/wp\/v2\/posts"}],"about":[{"href":"https:\/\/voxsahel.com\/index.php?rest_route=\/wp\/v2\/types\/post"}],"author":[{"embeddable":true,"href":"https:\/\/voxsahel.com\/index.php?rest_route=\/wp\/v2\/users\/2"}],"replies":[{"embeddable":true,"href":"https:\/\/voxsahel.com\/index.php?rest_route=%2Fwp%2Fv2%2Fcomments&post=516"}],"version-history":[{"count":2,"href":"https:\/\/voxsahel.com\/index.php?rest_route=\/wp\/v2\/posts\/516\/revisions"}],"predecessor-version":[{"id":519,"href":"https:\/\/voxsahel.com\/index.php?rest_route=\/wp\/v2\/posts\/516\/revisions\/519"}],"wp:featuredmedia":[{"embeddable":true,"href":"https:\/\/voxsahel.com\/index.php?rest_route=\/wp\/v2\/media\/517"}],"wp:attachment":[{"href":"https:\/\/voxsahel.com\/index.php?rest_route=%2Fwp%2Fv2%2Fmedia&parent=516"}],"wp:term":[{"taxonomy":"category","embeddable":true,"href":"https:\/\/voxsahel.com\/index.php?rest_route=%2Fwp%2Fv2%2Fcategories&post=516"},{"taxonomy":"post_tag","embeddable":true,"href":"https:\/\/voxsahel.com\/index.php?rest_route=%2Fwp%2Fv2%2Ftags&post=516"}],"curies":[{"name":"wp","href":"https:\/\/api.w.org\/{rel}","templated":true}]}}