{"id":51,"date":"2024-09-10T12:08:40","date_gmt":"2024-09-10T12:08:40","guid":{"rendered":"https:\/\/voxsahel.com\/?p=51"},"modified":"2024-09-10T12:08:41","modified_gmt":"2024-09-10T12:08:41","slug":"burkina-journee-des-chauves-ambroise-zongo-couronne-roi-des-chauves-de-la-commune-de-laye","status":"publish","type":"post","link":"https:\/\/voxsahel.com\/?p=51","title":{"rendered":"Burkina \/ Journ\u00e9e des chauves\u00a0: Ambroise Zongo couronn\u00e9 \u00ab\u00a0roi des chauves\u00a0\u00bb de la commune de Laye"},"content":{"rendered":"\n<h3 class=\"wp-block-heading\"><strong>Des id\u00e9es pour promouvoir la coh\u00e9sion sociale, il y en a \u00e0 foison. Et pour renforcer le tissu social de sa commune, Laye n\u2019a visiblement pas manqu\u00e9 d\u2019initiatives. Rendre hommage aux chauves, voil\u00e0 l\u2019activit\u00e9 que les habitants de cette localit\u00e9 situ\u00e9e \u00e0 une trentaine de kilom\u00e8tres au nord de Ouagadougou a trouv\u00e9 pour se rassembler et partager des moments de joie. Le dimanche 8 septembre 2024, s\u2019est tenue \u00e0 cet effet la journ\u00e9e des chauves. \u00c0 l\u2019issue des confrontations, c\u2019est Pierre Tapsoba qui a \u00e9t\u00e9 d\u00e9sign\u00e9 comme \u00ab&nbsp;l\u2019homme le plus chauve de Laye&nbsp;\u00bb.<\/strong><\/h3>\n\n\n\n<p>Il est 15h et les rayons de soleil sont encore luisants. Dans la commune de Laye, hommes, femmes, enfants se r\u00e9unissent apr\u00e8s avoir vaqu\u00e9 \u00e0 leurs occupations et fini leur journ\u00e9e au champ, pour la journ\u00e9e des chauves. Si certains peuvent voir en cette activit\u00e9 un non-sens, les populations de Laye, elles, y voit un v\u00e9ritable facteur de coh\u00e9sion sociale, un moment festif, un moment de joie, un instant pour se d\u00e9fouler, d\u00e9stresser, oublier un tant soit peu la pression et les charges que la vie leur impose.<\/p>\n\n\n\n<figure class=\"wp-block-image\"><a href=\"https:\/\/lefaso.net\/IMG\/jpg\/2-8384.jpg\"><img decoding=\"async\" src=\"https:\/\/lefaso.net\/local\/cache-vignettes\/L600xH402\/2-8384-b2a42.jpg?1725902203\" alt=\"\"\/><\/a><figcaption class=\"wp-element-caption\"><em>La population de Laye, observant une minute de silence en la m\u00e9moire des victimes du terrorisme<\/em><\/figcaption><\/figure>\n\n\n\n<p>Venus donc des quatre coins de la commune, des villages voisins et m\u00eame de la ville, ils \u00e9taient nombreux \u00e0 rejoindre le point de rendez-vous pour assister \u00e0 cette activit\u00e9 devenue culturelle, qui sort de l\u2019ordinaire. Les participants de cette ann\u00e9e sont tous des personnes du troisi\u00e8me \u00e2ge et essentiellement des hommes. Il n\u2019y a jusque-l\u00e0 pas eu de femme qui a particip\u00e9 \u00e0 la comp\u00e9tition. Manque de courage ou honte de faire voir sa calvitie&nbsp;? \u00ab&nbsp;On les encourage \u00e0 s\u2019inscrire. Mais les inscriptions sont libres. On ne force personne. Avec le temps, nous pensons qu\u2019une viendra de son plein gr\u00e9 et \u00e7a ouvrira la porte aux autres&nbsp;\u00bb, nous r\u00e9pond le pr\u00e9sident du jury de la comp\u00e9tition, Jo\u00ebl Zongo.<\/p>\n\n\n\n<figure class=\"wp-block-image\"><a href=\"https:\/\/lefaso.net\/IMG\/jpg\/3-7288.jpg\"><img decoding=\"async\" src=\"https:\/\/lefaso.net\/local\/cache-vignettes\/L600xH634\/3-7288-cbe10.jpg?1725902203\" alt=\"\"\/><\/a><figcaption class=\"wp-element-caption\"><em>\u00ab&nbsp;C\u2019est aussi une mani\u00e8re pour les populations de Laye d\u2019\u00eatre solidaire&nbsp;\u00bb, Jo\u00ebl Zongo<\/em><\/figcaption><\/figure>\n\n\n\n<p><strong>Jug\u00e9s sur le \u00ab&nbsp;frontal et la nuque&nbsp;\u00bb<\/strong><\/p>\n\n\n\n<p>15h30. Le site qui abrite la comp\u00e9tition est plein de monde. Le ma\u00eetre de c\u00e9r\u00e9monie, annon\u00e7ant le d\u00e9but des hostilit\u00e9s, passe le micro au pr\u00e9sident du jury qui explique les crit\u00e8res sur lesquels seront \u00e9valu\u00e9s les comp\u00e9titeurs du jour. Sur 21 inscrits, onze ont r\u00e9pondu pr\u00e9sents pour h\u00e9riter du titre \u00ab&nbsp;d\u2019homme le plus chauve de la commune de Laye&nbsp;\u00bb. \u00ab&nbsp;Vous serez jug\u00e9s sur la base de deux crit\u00e8res. Le premier, c\u2019est le frontal. Le second, la nuque. Quand vous arrivez devant nous, vous vous abaissez pour qu\u2019on regarde la forme de votre t\u00eate \u00e0 l\u2019avant, et vous vous retournez pour qu\u2019on voit la nuque. Cela nous permettra de voir l\u2019\u00e9tendue de la calvitie et savoir si elle est r\u00e9elle ou si vous vous \u00eates juste ras\u00e9s pour la circonstance&nbsp;\u00bb, a-t-il d\u00e9taill\u00e9 avant de d\u00e9clarer ouverte la comp\u00e9tition.<\/p>\n\n\n\n<figure class=\"wp-block-image\"><a href=\"https:\/\/lefaso.net\/IMG\/jpg\/4-4991.jpg\"><img decoding=\"async\" src=\"https:\/\/lefaso.net\/local\/cache-vignettes\/L600xH597\/4-4991-a43e3.jpg?1725902203\" alt=\"\"\/><\/a><figcaption class=\"wp-element-caption\"><em>Un candidat faisant appr\u00e9cier l\u2019avant de sa t\u00eate par les jur\u00e9s<\/em><\/figcaption><\/figure>\n\n\n\n<p>Ainsi, \u00e0 l\u2019appel de son nom, chaque candidat s\u2019avance sous la r\u00e9sonnance d\u2019une musique du terroir et les acclamations de la foule. Puis, se pr\u00e9sentant devant les jur\u00e9s, il d\u00e9veloppe sa propre strat\u00e9gie pour non seulement plaire au public et susciter des applaudissements, mais aussi montrer aux jur\u00e9s toute la surface de sa t\u00eate, allant de l\u2019avant \u00e0 l\u2019arri\u00e8re. Debout, accroupi, de profil, remuant la t\u00eate, esquissant des pas de danse ou effectuant des grimaces qui suscitaient des \u00e9clats de rire, chacun y va de son ing\u00e9niosit\u00e9 pour faire d\u00e9couvrir au monde \u00ab&nbsp;ce don de Dieu qui lui a \u00e9t\u00e9 fait&nbsp;\u00bb.<\/p>\n\n\n\n<figure class=\"wp-block-image\"><a href=\"https:\/\/lefaso.net\/IMG\/jpg\/5-2828.jpg\"><img decoding=\"async\" src=\"https:\/\/lefaso.net\/local\/cache-vignettes\/L600xH557\/5-2828-077a9.jpg?1725902203\" alt=\"\"\/><\/a><figcaption class=\"wp-element-caption\"><em>Un comp\u00e9titeur, pr\u00e9sentant sa nuque pour appr\u00e9ciation<\/em><\/figcaption><\/figure>\n\n\n\n<p><strong>\u00ab&nbsp;\u00c7a fait trois fois que je gagne, je pr\u00e9f\u00e8re c\u00e9der ma place cette fois-ci&nbsp;\u00bb<\/strong><\/p>\n\n\n\n<p>Apr\u00e8s la d\u00e9monstration de chaque candidat, le septuag\u00e9naire Pierre Tapsoba est retenu comme \u00ab&nbsp;homme le plus chauve de la commune de Laye&nbsp;\u00bb. S\u2019avan\u00e7ant dans le m\u00eame temps, les bras lev\u00e9s comme un politicien pour dire merci \u00e0 la foule qui l\u2019applaudit \u00e0 s\u2019en rompre les phalanges, l\u2019homme dit se r\u00e9jouir de cette distinction. \u00ab&nbsp;Je suis content de remporter cette comp\u00e9tition. Je remercie tous ceux qui m\u2019ont soutenu. Mais \u00e7a fait la troisi\u00e8me fois que je gagne. Cette ann\u00e9e-l\u00e0, je crois que je vais laisser ma place au deuxi\u00e8me, monsieur Ambroise Zongo, pour le soutenir lui aussi. C\u2019est un fr\u00e8re \u00e0 moi et on se suit tout le temps. Comme \u00e7a chacun gagne de son c\u00f4t\u00e9, et on peut continuer \u00e0 avancer ensemble&nbsp;\u00bb.<\/p>\n\n\n\n<figure class=\"wp-block-image\"><a href=\"https:\/\/lefaso.net\/IMG\/jpg\/6-1422.jpg\"><img decoding=\"async\" src=\"https:\/\/lefaso.net\/local\/cache-vignettes\/L600xH501\/6-1422-8a1b6.jpg?1725902203\" alt=\"\"\/><\/a><figcaption class=\"wp-element-caption\"><em>Pierre Tapsoba, r\u00e9compens\u00e9 par des billets de banque par la foule, pour son geste de solidarit\u00e9 vis-\u00e0-vis de son ami<\/em><\/figcaption><\/figure>\n\n\n\n<p>Un geste qui a suscit\u00e9 \u00e0 nouveau un tonnerre d\u2019applaudissements pour l\u2019\u00e9lu du jour, qui a d\u00e9cid\u00e9 de faire briller un autre \u00e0 sa place. Pour saluer cet acte de solidarit\u00e9 et de g\u00e9n\u00e9rosit\u00e9, des dons, offert \u00e7\u00e0 et l\u00e0, ont raccompagn\u00e9 l\u2019homme chez lui, visiblement tout heureux de partager sa joie avec les autres. \u00ab&nbsp;Je suis tr\u00e8s content. Et je voudrais remercier mon ami qui m\u2019a donn\u00e9 sa place aujourd\u2019hui. Que Dieu le b\u00e9nisse&nbsp;! Que Dieu b\u00e9nisse les organisateurs&nbsp;! Que chaque ann\u00e9e, la comp\u00e9tition puisse se tenir encore et encore&nbsp;! Je suis vraiment content&nbsp;!&nbsp;\u00bb s\u2019est exclam\u00e9 Ambroise Zongo.<\/p>\n\n\n\n<figure class=\"wp-block-image\"><a href=\"https:\/\/lefaso.net\/IMG\/jpg\/7-777.jpg\"><img decoding=\"async\" src=\"https:\/\/lefaso.net\/local\/cache-vignettes\/L600xH462\/7-777-d14bf.jpg?1725902204\" alt=\"\"\/><\/a><figcaption class=\"wp-element-caption\"><em>Le vainqueur de la comp\u00e9tition, Ambroise Zongo, a re\u00e7u un v\u00e9lo panier et des dons en esp\u00e8ce de la part des spectateurs<\/em><\/figcaption><\/figure>\n\n\n\n<p>\u00ab&nbsp;C\u2019est \u00e7a le Burkina&nbsp;! C\u2019est ce qu\u2019on veut&nbsp;! C\u2019est un geste de sagesse&nbsp;! Un geste qui prouve que la commune est unie. C\u2019est ce dont le Burkina a besoin&#8230; On voit que cette activit\u00e9 contribue \u00e0 promouvoir la commune de Laye. Les populations devraient se l\u2019approprier encore et encore&nbsp;; que les autorit\u00e9s coutumi\u00e8res, politiques s\u2019y impliquent davantage et soutiennent le projet pour accompagner nos grands-parents. On peut voir qu\u2019ils sont contents. Et \u00e7a, \u00e7a fait la fiert\u00e9 aussi de tout un chacun. C\u2019est le plus important&nbsp;\u00bb, a laiss\u00e9 entendre Rasman\u00e9 Compaor\u00e9, parrain de cette neuvi\u00e8me \u00e9dition.<\/p>\n\n\n\n<figure class=\"wp-block-image\"><a href=\"https:\/\/lefaso.net\/IMG\/jpg\/8-501.jpg\"><img decoding=\"async\" src=\"https:\/\/lefaso.net\/local\/cache-vignettes\/L600xH526\/8-501-e411e.jpg?1725902204\" alt=\"\"\/><\/a><figcaption class=\"wp-element-caption\"><em>\u00ab&nbsp;Cette activit\u00e9 fait une projection sur Laye et \u00e7a fait du bien \u00e0 la commune&nbsp;\u00bb Rasman\u00e9 Compaor\u00e9<\/em><\/figcaption><\/figure>\n\n\n\n<p><strong>La d\u00e9rision, utilis\u00e9e pour surmonter une situation<\/strong><\/p>\n\n\n\n<p>Si cette activit\u00e9 se tenait en ville, beaucoup aurait r\u00e9fl\u00e9chi par deux fois avant de s\u2019y inscrire. Les villages sont connus pour \u00eatre assez conservateurs, et les activit\u00e9s qui favorisent la coh\u00e9sion sociale y sont toujours pratiqu\u00e9es, quoiqu\u2019elles puissent \u00eatre jug\u00e9es d\u00e9valorisantes par ceux qui n\u2019en connaissent pas la port\u00e9e. Pour Adiza Wando, cette activit\u00e9 n\u2019a rien de rabaissant et n\u2019\u00e9corche en aucun cas la dignit\u00e9 des comp\u00e9titeurs, quand bien m\u00eame elle provoque des moqueries vis-\u00e0-vis du sujet qui l\u2019exerce. Pour elle cela constitue une partie de la culture burkinab\u00e8&nbsp;: \u00ab&nbsp;c\u2019est ce qui fait la force de nos cultures&nbsp;\u00bb.<\/p>\n\n\n\n<figure class=\"wp-block-image\"><a href=\"https:\/\/lefaso.net\/IMG\/jpg\/9-351.jpg\"><img decoding=\"async\" src=\"https:\/\/lefaso.net\/local\/cache-vignettes\/L600xH449\/9-351-22cc0.jpg?1725902204\" alt=\"\"\/><\/a><figcaption class=\"wp-element-caption\"><em>Adiza Wando (en foulard), r\u00e9compensant la femme vainqueur de la course cycliste, organis\u00e9e en introduction \u00e0 la journ\u00e9e des chauves<\/em><\/figcaption><\/figure>\n\n\n\n<p>\u00ab&nbsp;On peut se moquer de ses propres insuffisances. Cela fait partie des cultures burkinab\u00e8. Utiliser l\u2019humour, la d\u00e9rision, l\u2019autod\u00e9rision, pour arriver \u00e0 surmonter une situation et faire de cette situation un atout, une force. Dans nos soci\u00e9t\u00e9s, un homme qui est chauve est consid\u00e9r\u00e9 comme un a\u00een\u00e9, un sage, un mod\u00e8le sur qui la jeunesse peut s\u2019appuyer pour grandir. Et m\u00eame si la personne n\u2019est pas \u00e2g\u00e9e, cela l\u2019emm\u00e8ne \u00e0 s\u2019assagir davantage car il sait que d\u00e9sormais, la soci\u00e9t\u00e9 \u00e0 un \u0153il sur elle&nbsp;\u00bb, a-t-elle ajout\u00e9.<\/p>\n\n\n\n<figure class=\"wp-block-image\"><a href=\"https:\/\/lefaso.net\/IMG\/jpg\/10-264.jpg\"><img decoding=\"async\" src=\"https:\/\/lefaso.net\/local\/cache-vignettes\/L600xH594\/10-264-846d6.jpg?1725902204\" alt=\"\"\/><\/a><figcaption class=\"wp-element-caption\"><em>La repr\u00e9sentante du PDS de la colline a salu\u00e9 cette initiative qui fraternise les populations de Laye<\/em><\/figcaption><\/figure>\n\n\n\n<p>Celle qui est aussi \u00e9valuateur de projet explique que dans son domaine, il y a, pour toute activit\u00e9, ce qu\u2019on appelle les r\u00e9sultats non-planifi\u00e9s. Ici, le r\u00e9sultat non-planifi\u00e9, dit-elle, c\u2019est l\u2019acte du champion de la soir\u00e9e, Pierre Tapsoba. \u00ab&nbsp;Je suis venue avec ma petite-fille qui est adolescente. \u00c0 travers ce geste, je lui ai dit que c\u2019est une le\u00e7on de vie, une le\u00e7on de g\u00e9n\u00e9rosit\u00e9. Je lui ai dit que l\u2019esprit de comp\u00e9tition qui pr\u00e9vaut dans notre soci\u00e9t\u00e9 n\u2019est pas ce que l\u2019on devrait suivre. Mais qu\u2019on devrait avancer ensemble, tirer ceux qui sont derri\u00e8re vers le haut. C\u2019est cela qui fera avancer le Burkina&nbsp;\u00bb, se convainc-t-elle.<\/p>\n\n\n\n<figure class=\"wp-block-image\"><a href=\"https:\/\/lefaso.net\/IMG\/jpg\/11-203.jpg\"><img decoding=\"async\" src=\"https:\/\/lefaso.net\/local\/cache-vignettes\/L600xH568\/11-203-2489e.jpg?1725902204\" alt=\"\"\/><\/a><figcaption class=\"wp-element-caption\"><em>Le repr\u00e9sentant du chef de Laye a prononc\u00e9 des b\u00e9n\u00e9dictions \u00e0 l\u2019endroit du comit\u00e9 d\u2019organisation et souhait\u00e9 que la paix revienne au Faso<\/em><\/figcaption><\/figure>\n\n\n\n<p><strong>\u00ab\u00a0Apr\u00e8s neuf ans, le bilan est satisfaisant\u00a0\u00bb<\/strong><\/p>\n\n\n\n<p>\u00ab\u00a0Apr\u00e8s neuf ans, le bilan est satisfaisant\u00a0\u00bb estime Narcisse Ou\u00e9draogo, promoteur de cette comp\u00e9tition, qui vit \u00e0 Laye depuis maintenant treize ans. \u00ab&nbsp;Au d\u00e9part, il n\u2019y avait pas d\u2019engouement. Dire de quelqu\u2019un qu\u2019il est chauve \u00e9tait per\u00e7u comme une injure. Certains m\u00eame pensaient que c\u2019\u00e9tait une maladie. Mais avec les sensibilisations, les gens ont compris le message. Aujourd\u2019hui, ils adh\u00e9rent facilement \u00e0 l\u2019activit\u00e9. Et chaque ann\u00e9e, quand la date de la comp\u00e9tition approche, la population est concentr\u00e9e pour attendre le jour J&nbsp;\u00bb, a-t-il laiss\u00e9 entendre.<\/p>\n\n\n\n<figure class=\"wp-block-image\"><a href=\"https:\/\/lefaso.net\/IMG\/jpg\/12-169.jpg\"><img decoding=\"async\" src=\"https:\/\/lefaso.net\/local\/cache-vignettes\/L600xH522\/12-169-ba662.jpg?1725902204\" alt=\"\"\/><\/a><figcaption class=\"wp-element-caption\"><em>\u00ab\u00a0Je suis tr\u00e8s content de la mobilisation. Je remercie ceux qui ont apport\u00e9 leur pierre pour la r\u00e9ussite de l\u2019\u00e9v\u00e9nement\u00a0\u00bb Narcisse Ou\u00e9draogo<\/em><\/figcaption><\/figure>\n\n\n\n<p>En 2025, cette activit\u00e9 sera \u00e0 sa dixi\u00e8me \u00e9dition. Et le promoteur promet des innovations pour rehausser encore l\u2019\u00e9clat de la comp\u00e9tition.<\/p>\n\n\n\n<p><strong>Erwan Compaor\u00e9<br>Lefaso.net<\/strong><\/p>\n","protected":false},"excerpt":{"rendered":"<p>Des id\u00e9es pour promouvoir la coh\u00e9sion sociale, il y en a \u00e0 foison. Et pour<\/p>\n","protected":false},"author":1,"featured_media":52,"comment_status":"open","ping_status":"open","sticky":false,"template":"","format":"standard","meta":{"_et_pb_use_builder":"off","_et_pb_old_content":"","_et_gb_content_width":"","footnotes":""},"categories":[5],"tags":[],"class_list":["post-51","post","type-post","status-publish","format-standard","has-post-thumbnail","hentry","category-societe"],"yoast_head":"<!-- This site is optimized with the Yoast SEO plugin v27.5 - https:\/\/yoast.com\/product\/yoast-seo-wordpress\/ -->\n<title>Burkina \/ Journ\u00e9e des chauves\u00a0: Ambroise Zongo couronn\u00e9 &quot;roi des chauves&quot; de la commune de Laye - Vox Sahel<\/title>\n<meta name=\"robots\" content=\"index, follow, max-snippet:-1, max-image-preview:large, max-video-preview:-1\" \/>\n<link rel=\"canonical\" href=\"https:\/\/voxsahel.com\/?p=51\" \/>\n<meta property=\"og:locale\" content=\"fr_FR\" \/>\n<meta property=\"og:type\" content=\"article\" \/>\n<meta property=\"og:title\" content=\"Burkina \/ Journ\u00e9e des chauves\u00a0: Ambroise Zongo couronn\u00e9 &quot;roi des chauves&quot; de la commune de Laye - Vox Sahel\" \/>\n<meta property=\"og:description\" content=\"Des id\u00e9es pour promouvoir la coh\u00e9sion sociale, il y en a \u00e0 foison. Et pour\" \/>\n<meta property=\"og:url\" content=\"https:\/\/voxsahel.com\/?p=51\" \/>\n<meta property=\"og:site_name\" content=\"Vox Sahel\" \/>\n<meta property=\"article:publisher\" content=\"https:\/\/www.facebook.com\/journal.voxsahel\" \/>\n<meta property=\"article:published_time\" content=\"2024-09-10T12:08:40+00:00\" \/>\n<meta property=\"article:modified_time\" content=\"2024-09-10T12:08:41+00:00\" \/>\n<meta property=\"og:image\" content=\"https:\/\/voxsahel.com\/wp-content\/uploads\/2024\/09\/chauve.jpg\" \/>\n\t<meta property=\"og:image:width\" content=\"636\" \/>\n\t<meta property=\"og:image:height\" content=\"520\" \/>\n\t<meta property=\"og:image:type\" content=\"image\/jpeg\" \/>\n<meta name=\"author\" content=\"admin\" \/>\n<meta name=\"twitter:card\" content=\"summary_large_image\" \/>\n<meta name=\"twitter:label1\" content=\"\u00c9crit par\" \/>\n\t<meta name=\"twitter:data1\" content=\"admin\" \/>\n\t<meta name=\"twitter:label2\" content=\"Dur\u00e9e de lecture estim\u00e9e\" \/>\n\t<meta name=\"twitter:data2\" content=\"10 minutes\" \/>\n<script type=\"application\/ld+json\" class=\"yoast-schema-graph\">{\"@context\":\"https:\\\/\\\/schema.org\",\"@graph\":[{\"@type\":\"Article\",\"@id\":\"https:\\\/\\\/voxsahel.com\\\/?p=51#article\",\"isPartOf\":{\"@id\":\"https:\\\/\\\/voxsahel.com\\\/?p=51\"},\"author\":{\"name\":\"admin\",\"@id\":\"https:\\\/\\\/voxsahel.com\\\/#\\\/schema\\\/person\\\/172b328be54b39f049a1e0360f28d3c3\"},\"headline\":\"Burkina \\\/ Journ\u00e9e des chauves\u00a0: Ambroise Zongo couronn\u00e9 \u00ab\u00a0roi des chauves\u00a0\u00bb de la commune de Laye\",\"datePublished\":\"2024-09-10T12:08:40+00:00\",\"dateModified\":\"2024-09-10T12:08:41+00:00\",\"mainEntityOfPage\":{\"@id\":\"https:\\\/\\\/voxsahel.com\\\/?p=51\"},\"wordCount\":1745,\"commentCount\":0,\"publisher\":{\"@id\":\"https:\\\/\\\/voxsahel.com\\\/#organization\"},\"image\":{\"@id\":\"https:\\\/\\\/voxsahel.com\\\/?p=51#primaryimage\"},\"thumbnailUrl\":\"https:\\\/\\\/voxsahel.com\\\/wp-content\\\/uploads\\\/2024\\\/09\\\/chauve.jpg\",\"articleSection\":[\"SOCIETE\"],\"inLanguage\":\"fr-FR\",\"potentialAction\":[{\"@type\":\"CommentAction\",\"name\":\"Comment\",\"target\":[\"https:\\\/\\\/voxsahel.com\\\/?p=51#respond\"]}]},{\"@type\":\"WebPage\",\"@id\":\"https:\\\/\\\/voxsahel.com\\\/?p=51\",\"url\":\"https:\\\/\\\/voxsahel.com\\\/?p=51\",\"name\":\"Burkina \\\/ Journ\u00e9e des chauves\u00a0: Ambroise Zongo couronn\u00e9 \\\"roi des chauves\\\" de la commune de Laye - Vox Sahel\",\"isPartOf\":{\"@id\":\"https:\\\/\\\/voxsahel.com\\\/#website\"},\"primaryImageOfPage\":{\"@id\":\"https:\\\/\\\/voxsahel.com\\\/?p=51#primaryimage\"},\"image\":{\"@id\":\"https:\\\/\\\/voxsahel.com\\\/?p=51#primaryimage\"},\"thumbnailUrl\":\"https:\\\/\\\/voxsahel.com\\\/wp-content\\\/uploads\\\/2024\\\/09\\\/chauve.jpg\",\"datePublished\":\"2024-09-10T12:08:40+00:00\",\"dateModified\":\"2024-09-10T12:08:41+00:00\",\"breadcrumb\":{\"@id\":\"https:\\\/\\\/voxsahel.com\\\/?p=51#breadcrumb\"},\"inLanguage\":\"fr-FR\",\"potentialAction\":[{\"@type\":\"ReadAction\",\"target\":[\"https:\\\/\\\/voxsahel.com\\\/?p=51\"]}]},{\"@type\":\"ImageObject\",\"inLanguage\":\"fr-FR\",\"@id\":\"https:\\\/\\\/voxsahel.com\\\/?p=51#primaryimage\",\"url\":\"https:\\\/\\\/voxsahel.com\\\/wp-content\\\/uploads\\\/2024\\\/09\\\/chauve.jpg\",\"contentUrl\":\"https:\\\/\\\/voxsahel.com\\\/wp-content\\\/uploads\\\/2024\\\/09\\\/chauve.jpg\",\"width\":636,\"height\":520},{\"@type\":\"BreadcrumbList\",\"@id\":\"https:\\\/\\\/voxsahel.com\\\/?p=51#breadcrumb\",\"itemListElement\":[{\"@type\":\"ListItem\",\"position\":1,\"name\":\"Home\",\"item\":\"https:\\\/\\\/voxsahel.com\\\/\"},{\"@type\":\"ListItem\",\"position\":2,\"name\":\"Burkina \\\/ Journ\u00e9e des chauves\u00a0: Ambroise Zongo couronn\u00e9 \u00ab\u00a0roi des chauves\u00a0\u00bb de la commune de Laye\"}]},{\"@type\":\"WebSite\",\"@id\":\"https:\\\/\\\/voxsahel.com\\\/#website\",\"url\":\"https:\\\/\\\/voxsahel.com\\\/\",\"name\":\"Vox Sahel\",\"description\":\"Informez-vous sur le Sahel en un clic\",\"publisher\":{\"@id\":\"https:\\\/\\\/voxsahel.com\\\/#organization\"},\"potentialAction\":[{\"@type\":\"SearchAction\",\"target\":{\"@type\":\"EntryPoint\",\"urlTemplate\":\"https:\\\/\\\/voxsahel.com\\\/?s={search_term_string}\"},\"query-input\":{\"@type\":\"PropertyValueSpecification\",\"valueRequired\":true,\"valueName\":\"search_term_string\"}}],\"inLanguage\":\"fr-FR\"},{\"@type\":\"Organization\",\"@id\":\"https:\\\/\\\/voxsahel.com\\\/#organization\",\"name\":\"Vox Sahel\",\"url\":\"https:\\\/\\\/voxsahel.com\\\/\",\"logo\":{\"@type\":\"ImageObject\",\"inLanguage\":\"fr-FR\",\"@id\":\"https:\\\/\\\/voxsahel.com\\\/#\\\/schema\\\/logo\\\/image\\\/\",\"url\":\"https:\\\/\\\/voxsahel.com\\\/wp-content\\\/uploads\\\/2024\\\/09\\\/Logo-Vox-Sahel.jpg\",\"contentUrl\":\"https:\\\/\\\/voxsahel.com\\\/wp-content\\\/uploads\\\/2024\\\/09\\\/Logo-Vox-Sahel.jpg\",\"width\":1181,\"height\":848,\"caption\":\"Vox Sahel\"},\"image\":{\"@id\":\"https:\\\/\\\/voxsahel.com\\\/#\\\/schema\\\/logo\\\/image\\\/\"},\"sameAs\":[\"https:\\\/\\\/www.facebook.com\\\/journal.voxsahel\"]},{\"@type\":\"Person\",\"@id\":\"https:\\\/\\\/voxsahel.com\\\/#\\\/schema\\\/person\\\/172b328be54b39f049a1e0360f28d3c3\",\"name\":\"admin\",\"image\":{\"@type\":\"ImageObject\",\"inLanguage\":\"fr-FR\",\"@id\":\"https:\\\/\\\/secure.gravatar.com\\\/avatar\\\/80ee9e38cf080d6de2bc5ade7eae71c709dee38b736f27d7d1cb524de2146505?s=96&d=mm&r=g\",\"url\":\"https:\\\/\\\/secure.gravatar.com\\\/avatar\\\/80ee9e38cf080d6de2bc5ade7eae71c709dee38b736f27d7d1cb524de2146505?s=96&d=mm&r=g\",\"contentUrl\":\"https:\\\/\\\/secure.gravatar.com\\\/avatar\\\/80ee9e38cf080d6de2bc5ade7eae71c709dee38b736f27d7d1cb524de2146505?s=96&d=mm&r=g\",\"caption\":\"admin\"},\"sameAs\":[\"https:\\\/\\\/voxsahel.com\"],\"url\":\"https:\\\/\\\/voxsahel.com\\\/?author=1\"}]}<\/script>\n<!-- \/ Yoast SEO plugin. -->","yoast_head_json":{"title":"Burkina \/ Journ\u00e9e des chauves\u00a0: Ambroise Zongo couronn\u00e9 \"roi des chauves\" de la commune de Laye - Vox Sahel","robots":{"index":"index","follow":"follow","max-snippet":"max-snippet:-1","max-image-preview":"max-image-preview:large","max-video-preview":"max-video-preview:-1"},"canonical":"https:\/\/voxsahel.com\/?p=51","og_locale":"fr_FR","og_type":"article","og_title":"Burkina \/ Journ\u00e9e des chauves\u00a0: Ambroise Zongo couronn\u00e9 \"roi des chauves\" de la commune de Laye - Vox Sahel","og_description":"Des id\u00e9es pour promouvoir la coh\u00e9sion sociale, il y en a \u00e0 foison. Et pour","og_url":"https:\/\/voxsahel.com\/?p=51","og_site_name":"Vox Sahel","article_publisher":"https:\/\/www.facebook.com\/journal.voxsahel","article_published_time":"2024-09-10T12:08:40+00:00","article_modified_time":"2024-09-10T12:08:41+00:00","og_image":[{"width":636,"height":520,"url":"https:\/\/voxsahel.com\/wp-content\/uploads\/2024\/09\/chauve.jpg","type":"image\/jpeg"}],"author":"admin","twitter_card":"summary_large_image","twitter_misc":{"\u00c9crit par":"admin","Dur\u00e9e de lecture estim\u00e9e":"10 minutes"},"schema":{"@context":"https:\/\/schema.org","@graph":[{"@type":"Article","@id":"https:\/\/voxsahel.com\/?p=51#article","isPartOf":{"@id":"https:\/\/voxsahel.com\/?p=51"},"author":{"name":"admin","@id":"https:\/\/voxsahel.com\/#\/schema\/person\/172b328be54b39f049a1e0360f28d3c3"},"headline":"Burkina \/ Journ\u00e9e des chauves\u00a0: Ambroise Zongo couronn\u00e9 \u00ab\u00a0roi des chauves\u00a0\u00bb de la commune de Laye","datePublished":"2024-09-10T12:08:40+00:00","dateModified":"2024-09-10T12:08:41+00:00","mainEntityOfPage":{"@id":"https:\/\/voxsahel.com\/?p=51"},"wordCount":1745,"commentCount":0,"publisher":{"@id":"https:\/\/voxsahel.com\/#organization"},"image":{"@id":"https:\/\/voxsahel.com\/?p=51#primaryimage"},"thumbnailUrl":"https:\/\/voxsahel.com\/wp-content\/uploads\/2024\/09\/chauve.jpg","articleSection":["SOCIETE"],"inLanguage":"fr-FR","potentialAction":[{"@type":"CommentAction","name":"Comment","target":["https:\/\/voxsahel.com\/?p=51#respond"]}]},{"@type":"WebPage","@id":"https:\/\/voxsahel.com\/?p=51","url":"https:\/\/voxsahel.com\/?p=51","name":"Burkina \/ Journ\u00e9e des chauves\u00a0: Ambroise Zongo couronn\u00e9 \"roi des chauves\" de la commune de Laye - Vox Sahel","isPartOf":{"@id":"https:\/\/voxsahel.com\/#website"},"primaryImageOfPage":{"@id":"https:\/\/voxsahel.com\/?p=51#primaryimage"},"image":{"@id":"https:\/\/voxsahel.com\/?p=51#primaryimage"},"thumbnailUrl":"https:\/\/voxsahel.com\/wp-content\/uploads\/2024\/09\/chauve.jpg","datePublished":"2024-09-10T12:08:40+00:00","dateModified":"2024-09-10T12:08:41+00:00","breadcrumb":{"@id":"https:\/\/voxsahel.com\/?p=51#breadcrumb"},"inLanguage":"fr-FR","potentialAction":[{"@type":"ReadAction","target":["https:\/\/voxsahel.com\/?p=51"]}]},{"@type":"ImageObject","inLanguage":"fr-FR","@id":"https:\/\/voxsahel.com\/?p=51#primaryimage","url":"https:\/\/voxsahel.com\/wp-content\/uploads\/2024\/09\/chauve.jpg","contentUrl":"https:\/\/voxsahel.com\/wp-content\/uploads\/2024\/09\/chauve.jpg","width":636,"height":520},{"@type":"BreadcrumbList","@id":"https:\/\/voxsahel.com\/?p=51#breadcrumb","itemListElement":[{"@type":"ListItem","position":1,"name":"Home","item":"https:\/\/voxsahel.com\/"},{"@type":"ListItem","position":2,"name":"Burkina \/ Journ\u00e9e des chauves\u00a0: Ambroise Zongo couronn\u00e9 \u00ab\u00a0roi des chauves\u00a0\u00bb de la commune de Laye"}]},{"@type":"WebSite","@id":"https:\/\/voxsahel.com\/#website","url":"https:\/\/voxsahel.com\/","name":"Vox Sahel","description":"Informez-vous sur le Sahel en un clic","publisher":{"@id":"https:\/\/voxsahel.com\/#organization"},"potentialAction":[{"@type":"SearchAction","target":{"@type":"EntryPoint","urlTemplate":"https:\/\/voxsahel.com\/?s={search_term_string}"},"query-input":{"@type":"PropertyValueSpecification","valueRequired":true,"valueName":"search_term_string"}}],"inLanguage":"fr-FR"},{"@type":"Organization","@id":"https:\/\/voxsahel.com\/#organization","name":"Vox Sahel","url":"https:\/\/voxsahel.com\/","logo":{"@type":"ImageObject","inLanguage":"fr-FR","@id":"https:\/\/voxsahel.com\/#\/schema\/logo\/image\/","url":"https:\/\/voxsahel.com\/wp-content\/uploads\/2024\/09\/Logo-Vox-Sahel.jpg","contentUrl":"https:\/\/voxsahel.com\/wp-content\/uploads\/2024\/09\/Logo-Vox-Sahel.jpg","width":1181,"height":848,"caption":"Vox Sahel"},"image":{"@id":"https:\/\/voxsahel.com\/#\/schema\/logo\/image\/"},"sameAs":["https:\/\/www.facebook.com\/journal.voxsahel"]},{"@type":"Person","@id":"https:\/\/voxsahel.com\/#\/schema\/person\/172b328be54b39f049a1e0360f28d3c3","name":"admin","image":{"@type":"ImageObject","inLanguage":"fr-FR","@id":"https:\/\/secure.gravatar.com\/avatar\/80ee9e38cf080d6de2bc5ade7eae71c709dee38b736f27d7d1cb524de2146505?s=96&d=mm&r=g","url":"https:\/\/secure.gravatar.com\/avatar\/80ee9e38cf080d6de2bc5ade7eae71c709dee38b736f27d7d1cb524de2146505?s=96&d=mm&r=g","contentUrl":"https:\/\/secure.gravatar.com\/avatar\/80ee9e38cf080d6de2bc5ade7eae71c709dee38b736f27d7d1cb524de2146505?s=96&d=mm&r=g","caption":"admin"},"sameAs":["https:\/\/voxsahel.com"],"url":"https:\/\/voxsahel.com\/?author=1"}]}},"_links":{"self":[{"href":"https:\/\/voxsahel.com\/index.php?rest_route=\/wp\/v2\/posts\/51","targetHints":{"allow":["GET"]}}],"collection":[{"href":"https:\/\/voxsahel.com\/index.php?rest_route=\/wp\/v2\/posts"}],"about":[{"href":"https:\/\/voxsahel.com\/index.php?rest_route=\/wp\/v2\/types\/post"}],"author":[{"embeddable":true,"href":"https:\/\/voxsahel.com\/index.php?rest_route=\/wp\/v2\/users\/1"}],"replies":[{"embeddable":true,"href":"https:\/\/voxsahel.com\/index.php?rest_route=%2Fwp%2Fv2%2Fcomments&post=51"}],"version-history":[{"count":1,"href":"https:\/\/voxsahel.com\/index.php?rest_route=\/wp\/v2\/posts\/51\/revisions"}],"predecessor-version":[{"id":53,"href":"https:\/\/voxsahel.com\/index.php?rest_route=\/wp\/v2\/posts\/51\/revisions\/53"}],"wp:featuredmedia":[{"embeddable":true,"href":"https:\/\/voxsahel.com\/index.php?rest_route=\/wp\/v2\/media\/52"}],"wp:attachment":[{"href":"https:\/\/voxsahel.com\/index.php?rest_route=%2Fwp%2Fv2%2Fmedia&parent=51"}],"wp:term":[{"taxonomy":"category","embeddable":true,"href":"https:\/\/voxsahel.com\/index.php?rest_route=%2Fwp%2Fv2%2Fcategories&post=51"},{"taxonomy":"post_tag","embeddable":true,"href":"https:\/\/voxsahel.com\/index.php?rest_route=%2Fwp%2Fv2%2Ftags&post=51"}],"curies":[{"name":"wp","href":"https:\/\/api.w.org\/{rel}","templated":true}]}}