{"id":500,"date":"2024-10-05T16:38:17","date_gmt":"2024-10-05T16:38:17","guid":{"rendered":"https:\/\/voxsahel.com\/?p=500"},"modified":"2024-10-05T16:38:17","modified_gmt":"2024-10-05T16:38:17","slug":"visite-de-terrain-du-dg-des-douanes-dans-le-centre-est-77-motos-offertes-aux-fds-pour-renforcer-la-securite","status":"publish","type":"post","link":"https:\/\/voxsahel.com\/?p=500","title":{"rendered":"Visite de terrain du DG des Douanes dans le Centre-Est : 77 motos offertes aux FDS pour renforcer la s\u00e9curit\u00e9"},"content":{"rendered":"<p>Ce jeudi 1er ao\u00fbt 2024, le Directeur g\u00e9n\u00e9ral des douanes, l\u2019Inspecteur divisionnaire des douanes Adama Ilboudo, accompagn\u00e9 d\u2019une forte d\u00e9l\u00e9gation, a entam\u00e9 une tourn\u00e9e dans la r\u00e9gion douani\u00e8re du Centre-Est. Il a \u00e9t\u00e9 accueilli par le Directeur r\u00e9gional des douanes de la circonscription, fier de cette visite de terrain qui tombe bien \u00e0 propos. Le DG saisira cette opportunit\u00e9 pour rendre visite aux autorit\u00e9s de la r\u00e9gion dont Monsieur le Gouverneur, le Colonel Aboudou Karim Lamizana.<\/p>\n<p>Apr\u00e8s ses tourn\u00e9es dans la r\u00e9gion douani\u00e8re de l\u2019Ouest en fin avril, de l\u2019Est et du Centre-Sud \u00e0 la mi-mai, le Directeur g\u00e9n\u00e9ral des douanes du Burkina continue son p\u00e9riple dans la r\u00e9gion du Centre-Est. L\u2019objectif vis\u00e9 est toujours le m\u00eame : se rendre disponible, \u00eatre \u00e0 l\u2019\u00e9coute des hommes de terrain et encourager les FDS \u00e0 r\u00e9sister et ne point c\u00e9der.<\/p>\n<p>Au menu de cette tourn\u00e9e, il y aura une visite de la plateforme d\u00e9douanement de Cinkans\u00e9 en pr\u00e9sence du gouverneur, des \u00e9changes avec la douane du poste juxtapos\u00e9 c\u00f4t\u00e9 Togo, des \u00e9changes avec le personnel douanier et les CDA, visite au bureau de Bittou et remise de motos aux Forces de D\u00e9fense et de S\u00e9curit\u00e9.<\/p>\n<p>Il faut noter que la rencontre d\u2019\u00e9changes avec le personnel de la R\u00e9gion douani\u00e8re du Centre-Est a permis \u00e0 Monsieur le Directeur G\u00e9n\u00e9ral de s\u2019impr\u00e9gner des difficult\u00e9s auxquelles cette r\u00e9gion du Faso est confront\u00e9e. Mais avant tout, \u00e0 ce conclave, le Directeur r\u00e9gional a, au nom de son \u00e9quipe, exprim\u00e9 la reconnaissance de tout son personnel \u00e0 Monsieur le Directeur G\u00e9n\u00e9ral pour les efforts faits par la Direction afin de cr\u00e9er de bonnes conditions de travail malgr\u00e9 le contexte de crise s\u00e9curitaire que vit sa r\u00e9gion douani\u00e8re.<\/p>\n<p>Prenant la parole, le DGD a salu\u00e9 les efforts constants du personnel de la r\u00e9gion douani\u00e8re du Centre-Est. Il les a encourag\u00e9s \u00e0 rester mobilis\u00e9s et \u00e0 travailler en parfaite collaboration avec les autres FDS pour une lutte efficace contre le terro.risme.<\/p>\n<p>Justement, pour joindre l\u2019acte \u00e0 la parole dans notre contexte marqu\u00e9 par l\u2019ins\u00e9curit\u00e9, la Direction g\u00e9n\u00e9rale des douanes a proc\u00e9d\u00e9 \u00e0 une op\u00e9ration de don aux Forces de D\u00e9fense et de S\u00e9curit\u00e9 de la r\u00e9gion du Centre-Est.<\/p>\n<p>Plac\u00e9e sous la pr\u00e9sidence de Monsieur le Gouverneur de la r\u00e9gion du Centre-Est, cette op\u00e9ration vise \u00e0 f\u00e9liciter et \u00e0 accompagner les FDS engag\u00e9s au quotidien dans la lutte contre le terro.risme et la lib\u00e9ration de l\u2019ensemble du territoire national. En effet, l\u2019axe Cinkans\u00e9-Tenkodogo est strat\u00e9gique pour les pays de l&rsquo;AES car il facilite les op\u00e9rations de transit vers le Mali et le Niger. Pour ce faire, les motos vont contribuer davantage \u00e0 s\u00e9curiser la RN16, contribuer \u00e0 la lutte contre le terror.isme tout en s\u00e9curisant la chaine logistique.<\/p>\n<p>\ud835\udc04\ud835\udc27 \ud835\udc2b\ud835\udc1a\ud835\udc29\ud835\udc29\ud835\udc1e\ud835\udc25, \ud835\udc25\ud835\udc1e\ud835\udc2c \ud835\udfd5\ud835\udfd5 \ud835\udc26\ud835\udc28\ud835\udc2d\ud835\udc28\ud835\udc2c \ud835\udc28\ud835\udc27\ud835\udc2d \ud835\udc1e\u0301\ud835\udc2d\ud835\udc1e\u0301 \ud835\udc2b\ud835\udc1e\u0301\ud835\udc29\ud835\udc1a\ud835\udc2b\ud835\udc2d\ud835\udc22\ud835\udc1e\ud835\udc2c \ud835\udc1c\ud835\udc28\ud835\udc26\ud835\udc26\ud835\udc1e \ud835\udc2c\ud835\udc2e\ud835\udc22\ud835\udc2d :<\/p>\n<ul>\n<li>\ud835\udfd1\ud835\udfcf\ud835\udc1e\u0300\ud835\udc26\ud835\udc1e \ud835\udc11\ud835\udc1e\u0301\ud835\udc20\ud835\udc22\ud835\udc26\ud835\udc1e\ud835\udc27\ud835\udc2d \ud835\udc03\u2019\ud835\udc22\ud835\udc27\ud835\udc1f\ud835\udc1a\ud835\udc27\ud835\udc2d\ud835\udc1e\ud835\udc2b\ud835\udc22\ud835\udc1e \ud835\udc02\ud835\udc28\ud835\udc26\ud835\udc26\ud835\udc1a\ud835\udc27\ud835\udc1d\ud835\udc28: \ud835\udfd2\ud835\udfcf \ud835\udc26\ud835\udc28\ud835\udc2d\ud835\udc28\ud835\udc2c<\/li>\n<li>\ud835\udc06\ud835\udc1e\ud835\udc27\ud835\udc1d\ud835\udc1a\ud835\udc2b\ud835\udc26\ud835\udc1e\ud835\udc2b\ud835\udc22\ud835\udc1e : \ud835\udfcf\ud835\udfd4 \ud835\udc26\ud835\udc28\ud835\udc2d\ud835\udc28\ud835\udc2c<\/li>\n<li>\ud835\udc0f\ud835\udc28\ud835\udc25\ud835\udc22\ud835\udc1c\ud835\udc1e \ud835\udc0d\ud835\udc1a\ud835\udc2d\ud835\udc22\ud835\udc28\ud835\udc27\ud835\udc1a\ud835\udc25\ud835\udc1e : \ud835\udfcf\ud835\udfcf \ud835\udc26\ud835\udc28\ud835\udc2d\ud835\udc28\ud835\udc2c<\/li>\n<li>\ud835\udc0f\ud835\udc28\ud835\udc25\ud835\udc22\ud835\udc1c\ud835\udc1e \ud835\udc0c\ud835\udc2e\ud835\udc27\ud835\udc22\ud835\udc1c\ud835\udc22\ud835\udc29\ud835\udc1a\ud835\udc25\ud835\udc1e : \ud835\udfd3 \ud835\udc26\ud835\udc28\ud835\udc2d\ud835\udc28\ud835\udc2c<\/li>\n<li>\ud835\udc04\ud835\udc27\ud835\udc2f\ud835\udc22\ud835\udc2b\ud835\udc28\ud835\udc27\ud835\udc27\ud835\udc1e\ud835\udc26\ud835\udc1e\ud835\udc27\ud835\udc2d : \ud835\udfd2 \ud835\udc26\ud835\udc28\ud835\udc2d\ud835\udc28\ud835\udc2c<\/li>\n<\/ul>\n<p>Le DG des douanes du Burkina, l\u2019Inspecteur divisionnaire, Adama ILBOUDO a reconnu \u00e0 cette occasion, l\u2019engagement des FDS au quotidien pour \u00abvaincre les forces du mal\u00bb. \u00ab Je salue le r\u00f4le central des Forces de D\u00e9fense et de S\u00e9curit\u00e9 dans la lutte contre les groupes terro.ristes \u00bb, a-t-il dit avant d\u2019inviter \u00e0 travailler ensemble, main dans main afin d\u2019engranger de bons r\u00e9sultats.<\/p>\n<p>Quant \u00e0 Monsieur le Gouverneur, il a appr\u00e9ci\u00e9 \u00e0 juste titre la solidarit\u00e9 de l\u2019administration douani\u00e8re pour avoir mis \u00e0 la disposition des FDS les 77 motos.<\/p>\n<p>Apr\u00e8s la remise du mat\u00e9riel, le Directeur g\u00e9n\u00e9ral des douanes a souhait\u00e9 que les uns et les autres en fassent un bon usage.<\/p>\n<p>Il faut noter que lors de sa visite, le DGD a tenu \u00e0 remercier les autorit\u00e9s r\u00e9gionales pour leur soutien constant aux unit\u00e9s douani\u00e8res. Les autorit\u00e9s r\u00e9gionales ont \u00e9galement salu\u00e9 la coh\u00e9sion de toutes les FDS dans la s\u00e9curisation de la r\u00e9gion du Centre-Est et assur\u00e9 la Douane de tout leur soutien.\u00a0\u00bb, produire un titre\u00a0 \u00e0 l\u2019article<\/p>\n<p style=\"text-align: right;\">\ud835\udc0b\ud835\udc1a \ud835\udc03\ud835\udc28\ud835\udc2e\ud835\udc1a\ud835\udc27\ud835\udc1e : \ud835\udc07\ud835\udc28\ud835\udc27\ud835\udc27\ud835\udc1e\ud835\udc2e\ud835\udc2b-\ud835\udc03\ud835\udc1e\u0301\ud835\udc2f\ud835\udc28\ud835\udc2e\ud835\udc1e\ud835\udc26\ud835\udc1e\ud835\udc27\ud835\udc2d-\ud835\udc15\ud835\udc22\ud835\udc20\ud835\udc22\ud835\udc25\ud835\udc1a\ud835\udc27\ud835\udc1c\ud835\udc1e !<\/p>\n<p style=\"text-align: right;\">\ud835\udc12\ud835\udc02\ud835\udc11\ud835\udc0f\/\ud835\udc03\ud835\udc06\ud835\udc03<\/p>\n","protected":false},"excerpt":{"rendered":"<p>Ce jeudi 1er ao\u00fbt 2024, le Directeur g\u00e9n\u00e9ral des douanes, l\u2019Inspecteur divisionnaire des douanes Adama<\/p>\n","protected":false},"author":2,"featured_media":501,"comment_status":"open","ping_status":"open","sticky":false,"template":"","format":"standard","meta":{"_et_pb_use_builder":"","_et_pb_old_content":"","_et_gb_content_width":"","footnotes":""},"categories":[5],"tags":[],"class_list":["post-500","post","type-post","status-publish","format-standard","has-post-thumbnail","hentry","category-societe"],"yoast_head":"<!-- This site is optimized with the Yoast SEO plugin v27.5 - https:\/\/yoast.com\/product\/yoast-seo-wordpress\/ -->\n<title>Visite de terrain du DG des Douanes dans le Centre-Est : 77 motos offertes aux FDS pour renforcer la s\u00e9curit\u00e9 - Vox Sahel<\/title>\n<meta name=\"robots\" content=\"index, follow, max-snippet:-1, max-image-preview:large, max-video-preview:-1\" \/>\n<link rel=\"canonical\" href=\"https:\/\/voxsahel.com\/?p=500\" \/>\n<meta property=\"og:locale\" content=\"fr_FR\" \/>\n<meta property=\"og:type\" content=\"article\" \/>\n<meta property=\"og:title\" content=\"Visite de terrain du DG des Douanes dans le Centre-Est : 77 motos offertes aux FDS pour renforcer la s\u00e9curit\u00e9 - Vox Sahel\" \/>\n<meta property=\"og:description\" content=\"Ce jeudi 1er ao\u00fbt 2024, le Directeur g\u00e9n\u00e9ral des douanes, l\u2019Inspecteur divisionnaire des douanes Adama\" \/>\n<meta property=\"og:url\" content=\"https:\/\/voxsahel.com\/?p=500\" \/>\n<meta property=\"og:site_name\" content=\"Vox Sahel\" \/>\n<meta property=\"article:publisher\" content=\"https:\/\/www.facebook.com\/journal.voxsahel\" \/>\n<meta property=\"article:published_time\" content=\"2024-10-05T16:38:17+00:00\" \/>\n<meta property=\"og:image\" content=\"https:\/\/voxsahel.com\/wp-content\/uploads\/2024\/10\/Don-Douane.jpg\" \/>\n\t<meta property=\"og:image:width\" content=\"1280\" \/>\n\t<meta property=\"og:image:height\" content=\"630\" \/>\n\t<meta property=\"og:image:type\" content=\"image\/jpeg\" \/>\n<meta name=\"author\" content=\"Vox Sahel\" \/>\n<meta name=\"twitter:card\" content=\"summary_large_image\" \/>\n<meta name=\"twitter:label1\" content=\"\u00c9crit par\" \/>\n\t<meta name=\"twitter:data1\" content=\"Vox Sahel\" \/>\n\t<meta name=\"twitter:label2\" content=\"Dur\u00e9e de lecture estim\u00e9e\" \/>\n\t<meta name=\"twitter:data2\" content=\"4 minutes\" \/>\n<script type=\"application\/ld+json\" class=\"yoast-schema-graph\">{\"@context\":\"https:\\\/\\\/schema.org\",\"@graph\":[{\"@type\":\"Article\",\"@id\":\"https:\\\/\\\/voxsahel.com\\\/?p=500#article\",\"isPartOf\":{\"@id\":\"https:\\\/\\\/voxsahel.com\\\/?p=500\"},\"author\":{\"name\":\"Vox Sahel\",\"@id\":\"https:\\\/\\\/voxsahel.com\\\/#\\\/schema\\\/person\\\/b4043608248f8fa227cd760e7ff1e19e\"},\"headline\":\"Visite de terrain du DG des Douanes dans le Centre-Est : 77 motos offertes aux FDS pour renforcer la s\u00e9curit\u00e9\",\"datePublished\":\"2024-10-05T16:38:17+00:00\",\"mainEntityOfPage\":{\"@id\":\"https:\\\/\\\/voxsahel.com\\\/?p=500\"},\"wordCount\":720,\"commentCount\":0,\"publisher\":{\"@id\":\"https:\\\/\\\/voxsahel.com\\\/#organization\"},\"image\":{\"@id\":\"https:\\\/\\\/voxsahel.com\\\/?p=500#primaryimage\"},\"thumbnailUrl\":\"https:\\\/\\\/voxsahel.com\\\/wp-content\\\/uploads\\\/2024\\\/10\\\/Don-Douane.jpg\",\"articleSection\":[\"SOCIETE\"],\"inLanguage\":\"fr-FR\",\"potentialAction\":[{\"@type\":\"CommentAction\",\"name\":\"Comment\",\"target\":[\"https:\\\/\\\/voxsahel.com\\\/?p=500#respond\"]}]},{\"@type\":\"WebPage\",\"@id\":\"https:\\\/\\\/voxsahel.com\\\/?p=500\",\"url\":\"https:\\\/\\\/voxsahel.com\\\/?p=500\",\"name\":\"Visite de terrain du DG des Douanes dans le Centre-Est : 77 motos offertes aux FDS pour renforcer la s\u00e9curit\u00e9 - Vox Sahel\",\"isPartOf\":{\"@id\":\"https:\\\/\\\/voxsahel.com\\\/#website\"},\"primaryImageOfPage\":{\"@id\":\"https:\\\/\\\/voxsahel.com\\\/?p=500#primaryimage\"},\"image\":{\"@id\":\"https:\\\/\\\/voxsahel.com\\\/?p=500#primaryimage\"},\"thumbnailUrl\":\"https:\\\/\\\/voxsahel.com\\\/wp-content\\\/uploads\\\/2024\\\/10\\\/Don-Douane.jpg\",\"datePublished\":\"2024-10-05T16:38:17+00:00\",\"breadcrumb\":{\"@id\":\"https:\\\/\\\/voxsahel.com\\\/?p=500#breadcrumb\"},\"inLanguage\":\"fr-FR\",\"potentialAction\":[{\"@type\":\"ReadAction\",\"target\":[\"https:\\\/\\\/voxsahel.com\\\/?p=500\"]}]},{\"@type\":\"ImageObject\",\"inLanguage\":\"fr-FR\",\"@id\":\"https:\\\/\\\/voxsahel.com\\\/?p=500#primaryimage\",\"url\":\"https:\\\/\\\/voxsahel.com\\\/wp-content\\\/uploads\\\/2024\\\/10\\\/Don-Douane.jpg\",\"contentUrl\":\"https:\\\/\\\/voxsahel.com\\\/wp-content\\\/uploads\\\/2024\\\/10\\\/Don-Douane.jpg\",\"width\":1280,\"height\":630},{\"@type\":\"BreadcrumbList\",\"@id\":\"https:\\\/\\\/voxsahel.com\\\/?p=500#breadcrumb\",\"itemListElement\":[{\"@type\":\"ListItem\",\"position\":1,\"name\":\"Home\",\"item\":\"https:\\\/\\\/voxsahel.com\\\/\"},{\"@type\":\"ListItem\",\"position\":2,\"name\":\"Visite de terrain du DG des Douanes dans le Centre-Est : 77 motos offertes aux FDS pour renforcer la s\u00e9curit\u00e9\"}]},{\"@type\":\"WebSite\",\"@id\":\"https:\\\/\\\/voxsahel.com\\\/#website\",\"url\":\"https:\\\/\\\/voxsahel.com\\\/\",\"name\":\"Vox Sahel\",\"description\":\"Informez-vous sur le Sahel en un clic\",\"publisher\":{\"@id\":\"https:\\\/\\\/voxsahel.com\\\/#organization\"},\"potentialAction\":[{\"@type\":\"SearchAction\",\"target\":{\"@type\":\"EntryPoint\",\"urlTemplate\":\"https:\\\/\\\/voxsahel.com\\\/?s={search_term_string}\"},\"query-input\":{\"@type\":\"PropertyValueSpecification\",\"valueRequired\":true,\"valueName\":\"search_term_string\"}}],\"inLanguage\":\"fr-FR\"},{\"@type\":\"Organization\",\"@id\":\"https:\\\/\\\/voxsahel.com\\\/#organization\",\"name\":\"Vox Sahel\",\"url\":\"https:\\\/\\\/voxsahel.com\\\/\",\"logo\":{\"@type\":\"ImageObject\",\"inLanguage\":\"fr-FR\",\"@id\":\"https:\\\/\\\/voxsahel.com\\\/#\\\/schema\\\/logo\\\/image\\\/\",\"url\":\"https:\\\/\\\/voxsahel.com\\\/wp-content\\\/uploads\\\/2024\\\/09\\\/Logo-Vox-Sahel.jpg\",\"contentUrl\":\"https:\\\/\\\/voxsahel.com\\\/wp-content\\\/uploads\\\/2024\\\/09\\\/Logo-Vox-Sahel.jpg\",\"width\":1181,\"height\":848,\"caption\":\"Vox Sahel\"},\"image\":{\"@id\":\"https:\\\/\\\/voxsahel.com\\\/#\\\/schema\\\/logo\\\/image\\\/\"},\"sameAs\":[\"https:\\\/\\\/www.facebook.com\\\/journal.voxsahel\"]},{\"@type\":\"Person\",\"@id\":\"https:\\\/\\\/voxsahel.com\\\/#\\\/schema\\\/person\\\/b4043608248f8fa227cd760e7ff1e19e\",\"name\":\"Vox Sahel\",\"image\":{\"@type\":\"ImageObject\",\"inLanguage\":\"fr-FR\",\"@id\":\"https:\\\/\\\/secure.gravatar.com\\\/avatar\\\/f70e7fa0cb9b29d4a7c5788d6eb2e9ab4d3135cbae1c9161810fdf77a8964699?s=96&d=mm&r=g\",\"url\":\"https:\\\/\\\/secure.gravatar.com\\\/avatar\\\/f70e7fa0cb9b29d4a7c5788d6eb2e9ab4d3135cbae1c9161810fdf77a8964699?s=96&d=mm&r=g\",\"contentUrl\":\"https:\\\/\\\/secure.gravatar.com\\\/avatar\\\/f70e7fa0cb9b29d4a7c5788d6eb2e9ab4d3135cbae1c9161810fdf77a8964699?s=96&d=mm&r=g\",\"caption\":\"Vox Sahel\"},\"sameAs\":[\"http:\\\/\\\/www.voxsahel.com\"],\"url\":\"https:\\\/\\\/voxsahel.com\\\/?author=2\"}]}<\/script>\n<!-- \/ Yoast SEO plugin. -->","yoast_head_json":{"title":"Visite de terrain du DG des Douanes dans le Centre-Est : 77 motos offertes aux FDS pour renforcer la s\u00e9curit\u00e9 - Vox Sahel","robots":{"index":"index","follow":"follow","max-snippet":"max-snippet:-1","max-image-preview":"max-image-preview:large","max-video-preview":"max-video-preview:-1"},"canonical":"https:\/\/voxsahel.com\/?p=500","og_locale":"fr_FR","og_type":"article","og_title":"Visite de terrain du DG des Douanes dans le Centre-Est : 77 motos offertes aux FDS pour renforcer la s\u00e9curit\u00e9 - Vox Sahel","og_description":"Ce jeudi 1er ao\u00fbt 2024, le Directeur g\u00e9n\u00e9ral des douanes, l\u2019Inspecteur divisionnaire des douanes Adama","og_url":"https:\/\/voxsahel.com\/?p=500","og_site_name":"Vox Sahel","article_publisher":"https:\/\/www.facebook.com\/journal.voxsahel","article_published_time":"2024-10-05T16:38:17+00:00","og_image":[{"width":1280,"height":630,"url":"https:\/\/voxsahel.com\/wp-content\/uploads\/2024\/10\/Don-Douane.jpg","type":"image\/jpeg"}],"author":"Vox Sahel","twitter_card":"summary_large_image","twitter_misc":{"\u00c9crit par":"Vox Sahel","Dur\u00e9e de lecture estim\u00e9e":"4 minutes"},"schema":{"@context":"https:\/\/schema.org","@graph":[{"@type":"Article","@id":"https:\/\/voxsahel.com\/?p=500#article","isPartOf":{"@id":"https:\/\/voxsahel.com\/?p=500"},"author":{"name":"Vox Sahel","@id":"https:\/\/voxsahel.com\/#\/schema\/person\/b4043608248f8fa227cd760e7ff1e19e"},"headline":"Visite de terrain du DG des Douanes dans le Centre-Est : 77 motos offertes aux FDS pour renforcer la s\u00e9curit\u00e9","datePublished":"2024-10-05T16:38:17+00:00","mainEntityOfPage":{"@id":"https:\/\/voxsahel.com\/?p=500"},"wordCount":720,"commentCount":0,"publisher":{"@id":"https:\/\/voxsahel.com\/#organization"},"image":{"@id":"https:\/\/voxsahel.com\/?p=500#primaryimage"},"thumbnailUrl":"https:\/\/voxsahel.com\/wp-content\/uploads\/2024\/10\/Don-Douane.jpg","articleSection":["SOCIETE"],"inLanguage":"fr-FR","potentialAction":[{"@type":"CommentAction","name":"Comment","target":["https:\/\/voxsahel.com\/?p=500#respond"]}]},{"@type":"WebPage","@id":"https:\/\/voxsahel.com\/?p=500","url":"https:\/\/voxsahel.com\/?p=500","name":"Visite de terrain du DG des Douanes dans le Centre-Est : 77 motos offertes aux FDS pour renforcer la s\u00e9curit\u00e9 - Vox Sahel","isPartOf":{"@id":"https:\/\/voxsahel.com\/#website"},"primaryImageOfPage":{"@id":"https:\/\/voxsahel.com\/?p=500#primaryimage"},"image":{"@id":"https:\/\/voxsahel.com\/?p=500#primaryimage"},"thumbnailUrl":"https:\/\/voxsahel.com\/wp-content\/uploads\/2024\/10\/Don-Douane.jpg","datePublished":"2024-10-05T16:38:17+00:00","breadcrumb":{"@id":"https:\/\/voxsahel.com\/?p=500#breadcrumb"},"inLanguage":"fr-FR","potentialAction":[{"@type":"ReadAction","target":["https:\/\/voxsahel.com\/?p=500"]}]},{"@type":"ImageObject","inLanguage":"fr-FR","@id":"https:\/\/voxsahel.com\/?p=500#primaryimage","url":"https:\/\/voxsahel.com\/wp-content\/uploads\/2024\/10\/Don-Douane.jpg","contentUrl":"https:\/\/voxsahel.com\/wp-content\/uploads\/2024\/10\/Don-Douane.jpg","width":1280,"height":630},{"@type":"BreadcrumbList","@id":"https:\/\/voxsahel.com\/?p=500#breadcrumb","itemListElement":[{"@type":"ListItem","position":1,"name":"Home","item":"https:\/\/voxsahel.com\/"},{"@type":"ListItem","position":2,"name":"Visite de terrain du DG des Douanes dans le Centre-Est : 77 motos offertes aux FDS pour renforcer la s\u00e9curit\u00e9"}]},{"@type":"WebSite","@id":"https:\/\/voxsahel.com\/#website","url":"https:\/\/voxsahel.com\/","name":"Vox Sahel","description":"Informez-vous sur le Sahel en un clic","publisher":{"@id":"https:\/\/voxsahel.com\/#organization"},"potentialAction":[{"@type":"SearchAction","target":{"@type":"EntryPoint","urlTemplate":"https:\/\/voxsahel.com\/?s={search_term_string}"},"query-input":{"@type":"PropertyValueSpecification","valueRequired":true,"valueName":"search_term_string"}}],"inLanguage":"fr-FR"},{"@type":"Organization","@id":"https:\/\/voxsahel.com\/#organization","name":"Vox Sahel","url":"https:\/\/voxsahel.com\/","logo":{"@type":"ImageObject","inLanguage":"fr-FR","@id":"https:\/\/voxsahel.com\/#\/schema\/logo\/image\/","url":"https:\/\/voxsahel.com\/wp-content\/uploads\/2024\/09\/Logo-Vox-Sahel.jpg","contentUrl":"https:\/\/voxsahel.com\/wp-content\/uploads\/2024\/09\/Logo-Vox-Sahel.jpg","width":1181,"height":848,"caption":"Vox Sahel"},"image":{"@id":"https:\/\/voxsahel.com\/#\/schema\/logo\/image\/"},"sameAs":["https:\/\/www.facebook.com\/journal.voxsahel"]},{"@type":"Person","@id":"https:\/\/voxsahel.com\/#\/schema\/person\/b4043608248f8fa227cd760e7ff1e19e","name":"Vox Sahel","image":{"@type":"ImageObject","inLanguage":"fr-FR","@id":"https:\/\/secure.gravatar.com\/avatar\/f70e7fa0cb9b29d4a7c5788d6eb2e9ab4d3135cbae1c9161810fdf77a8964699?s=96&d=mm&r=g","url":"https:\/\/secure.gravatar.com\/avatar\/f70e7fa0cb9b29d4a7c5788d6eb2e9ab4d3135cbae1c9161810fdf77a8964699?s=96&d=mm&r=g","contentUrl":"https:\/\/secure.gravatar.com\/avatar\/f70e7fa0cb9b29d4a7c5788d6eb2e9ab4d3135cbae1c9161810fdf77a8964699?s=96&d=mm&r=g","caption":"Vox Sahel"},"sameAs":["http:\/\/www.voxsahel.com"],"url":"https:\/\/voxsahel.com\/?author=2"}]}},"_links":{"self":[{"href":"https:\/\/voxsahel.com\/index.php?rest_route=\/wp\/v2\/posts\/500","targetHints":{"allow":["GET"]}}],"collection":[{"href":"https:\/\/voxsahel.com\/index.php?rest_route=\/wp\/v2\/posts"}],"about":[{"href":"https:\/\/voxsahel.com\/index.php?rest_route=\/wp\/v2\/types\/post"}],"author":[{"embeddable":true,"href":"https:\/\/voxsahel.com\/index.php?rest_route=\/wp\/v2\/users\/2"}],"replies":[{"embeddable":true,"href":"https:\/\/voxsahel.com\/index.php?rest_route=%2Fwp%2Fv2%2Fcomments&post=500"}],"version-history":[{"count":1,"href":"https:\/\/voxsahel.com\/index.php?rest_route=\/wp\/v2\/posts\/500\/revisions"}],"predecessor-version":[{"id":502,"href":"https:\/\/voxsahel.com\/index.php?rest_route=\/wp\/v2\/posts\/500\/revisions\/502"}],"wp:featuredmedia":[{"embeddable":true,"href":"https:\/\/voxsahel.com\/index.php?rest_route=\/wp\/v2\/media\/501"}],"wp:attachment":[{"href":"https:\/\/voxsahel.com\/index.php?rest_route=%2Fwp%2Fv2%2Fmedia&parent=500"}],"wp:term":[{"taxonomy":"category","embeddable":true,"href":"https:\/\/voxsahel.com\/index.php?rest_route=%2Fwp%2Fv2%2Fcategories&post=500"},{"taxonomy":"post_tag","embeddable":true,"href":"https:\/\/voxsahel.com\/index.php?rest_route=%2Fwp%2Fv2%2Ftags&post=500"}],"curies":[{"name":"wp","href":"https:\/\/api.w.org\/{rel}","templated":true}]}}