{"id":473,"date":"2024-10-04T11:51:09","date_gmt":"2024-10-04T11:51:09","guid":{"rendered":"https:\/\/voxsahel.com\/?p=473"},"modified":"2024-10-04T11:51:09","modified_gmt":"2024-10-04T11:51:09","slug":"11e-reunion-de-la-coalition-contre-daesh-lenigmatique-absence-des-pays-de-laes-une-strategie-a-double-visage","status":"publish","type":"post","link":"https:\/\/voxsahel.com\/?p=473","title":{"rendered":"11e r\u00e9union de la Coalition contre Daesh : L&rsquo;\u00e9nigmatique absence des pays de l&rsquo;AES, une strat\u00e9gie \u00e0 double visage ?"},"content":{"rendered":"<p><strong>Une approche \u00e0 g\u00e9om\u00e9trie variable ?<\/strong><\/p>\n<p><strong>Une lutte contre le terrorisme int\u00e9gral sans le Sahel<\/strong><\/p>\n<p><strong>Une absence remarqu\u00e9e et controvers\u00e9e<\/strong><\/p>\n<p><strong>Une participation limit\u00e9e des pays africains<\/strong><\/p>\n<p>Lors de la 11e r\u00e9union minist\u00e9rielle de la Coalition mondiale contre Daesh, le Togo a vivement r\u00e9agi \u00e0 l&rsquo;absence des pays de l&rsquo;Alliance des \u00c9tats du Sahel (AES) au sein de cette rencontre strat\u00e9gique. Le ministre des Affaires \u00e9trang\u00e8res togolais, Robert Duss\u00e9, a exprim\u00e9 sa surprise et son indignation face \u00e0 l&rsquo;absence de cette r\u00e9gion cl\u00e9 dans la lutte contre le terrorisme, particuli\u00e8rement en Afrique de l&rsquo;Ouest.<\/p>\n<p>\u00ab\u00a0Nous ne pouvons pas r\u00e9ussir la lutte contre le terrorisme, particuli\u00e8rement en Afrique de l&rsquo;Ouest, sans l&rsquo;implication des pays du Sahel\u00a0\u00bb, a d\u00e9clar\u00e9 Robert Duss\u00e9, distinctif que les nations du Togo, du B\u00e9nin, de la C\u00f4te d&rsquo; L&rsquo;Ivoire et le Ghana, bien que repr\u00e9sent\u00e9s \u00e0 cette r\u00e9union, sont confront\u00e9s \u00e0 des attaques terroristes venant principalement du Sahel. Il a ajout\u00e9 que les pays d&rsquo;o\u00f9 \u00e9mergent les groupes terroristes, comme le Mali, le Burkina Faso et l&rsquo;\u00c9gypte, constituant l&rsquo;Alliance des \u00c9tats du Sahel (AES) et qu&rsquo;il est paradoxal de les exclure des discussions internationales.<\/p>\n<p>La Coalition mondiale contre Daesh, cr\u00e9\u00e9e en 2014 sous la pr\u00e9sidence des \u00c9tats-Unis, compte aujourd&rsquo;hui 87 membres, dont des puissances telles que les \u00c9tats-Unis, la France, le Royaume-Uni, le Canada et l&rsquo;Allemagne. Pourtant, les relations de plusieurs pays occidentaux avec les \u00c9tats du Sahel se sont d\u00e9t\u00e9rior\u00e9es \u00e0 la suite des transitions militaires successives dans cette r\u00e9gion, de la rupture des accords militaires et du rapprochement de ces \u00c9tats avec la Russie. Cette situation explique probablement l&rsquo;absence de l&rsquo;AES lors de cette r\u00e9union de haut niveau \u00e0 Washington.<\/p>\n<p>Bien que l&rsquo;Afrique soit au c\u0153ur des pr\u00e9occupations en mati\u00e8re de lutte contre le terrorisme, notamment avec la mont\u00e9e en puissance de Daesh sur le continent, l&rsquo;exclusion des pays du Sahel suscite des interrogations. Certains pays africains, comme le Togo, la Tunisie, le Nigeria, l&rsquo;\u00c9gypte et le Maroc, sont membres de la coalition, avec une participation notable dans le domaine du renseignement. En 2021, les \u00c9tats-Unis, l&rsquo;Italie et le Maroc ont form\u00e9 l&rsquo;Africa Focus Group, une initiative visant \u00e0 coordonner les efforts de lutte contre le terrorisme en Afrique.<\/p>\n<p>L&rsquo;exclusion des pays de l&rsquo;AES de cette rencontre pourrait renforcer les soup\u00e7ons de ces nations qui accusent certains pays occidentaux de soutenir le terrorisme. Malgr\u00e9 les appels r\u00e9p\u00e9t\u00e9s \u00e0 une approche plus inclusive et globale, les int\u00e9r\u00eats g\u00e9opolitiques et les jeux d&rsquo;influence au Sahel semblent l&#8217;emporter sur l&rsquo;urgence s\u00e9curitaire.<\/p>\n<p>Les groupes terroristes, affili\u00e9s \u00e0 Daesh, continuent d&rsquo;\u00e9tendre leur influence en Afrique, particuli\u00e8rement dans le bassin du lac Tchad, le Sahel et la Somalie, qui sont aujourd&rsquo;hui identifi\u00e9s comme les points chauds de l&rsquo;\u00c9tat islamique sur le continent, selon les Nations Unies. Il devient donc primordial d&rsquo;inclure tous les acteurs r\u00e9gionaux, notamment les pays du Sahel, dans les efforts internationaux pour \u00e9radiquer le terrorisme en Afrique.<\/p>\n<p style=\"text-align: right;\"><strong>Par Vox Sahel<\/strong><\/p>\n","protected":false},"excerpt":{"rendered":"<p>Une approche \u00e0 g\u00e9om\u00e9trie variable ? Une lutte contre le terrorisme int\u00e9gral sans le Sahel<\/p>\n","protected":false},"author":2,"featured_media":474,"comment_status":"open","ping_status":"open","sticky":false,"template":"","format":"standard","meta":{"_et_pb_use_builder":"","_et_pb_old_content":"","_et_gb_content_width":"","footnotes":""},"categories":[6],"tags":[61,62,18,298,299,31,60,301,172,20,300],"class_list":["post-473","post","type-post","status-publish","format-standard","has-post-thumbnail","hentry","category-politique","tag-aes","tag-alliance-des-etats-du-sahel","tag-burkina-faso","tag-coalition-mondiale-contre-daesh","tag-daesh","tag-mali","tag-niger","tag-robert-dusse","tag-sahel","tag-terrorisme","tag-togo"],"yoast_head":"<!-- This site is optimized with the Yoast SEO plugin v27.5 - https:\/\/yoast.com\/product\/yoast-seo-wordpress\/ -->\n<title>11e r\u00e9union de la Coalition contre Daesh : L&#039;\u00e9nigmatique absence des pays de l&#039;AES, une strat\u00e9gie \u00e0 double visage ? - Vox Sahel<\/title>\n<meta name=\"robots\" content=\"index, follow, max-snippet:-1, max-image-preview:large, max-video-preview:-1\" \/>\n<link rel=\"canonical\" href=\"https:\/\/voxsahel.com\/?p=473\" \/>\n<meta property=\"og:locale\" content=\"fr_FR\" \/>\n<meta property=\"og:type\" content=\"article\" \/>\n<meta property=\"og:title\" content=\"11e r\u00e9union de la Coalition contre Daesh : L&#039;\u00e9nigmatique absence des pays de l&#039;AES, une strat\u00e9gie \u00e0 double visage ? - Vox Sahel\" \/>\n<meta property=\"og:description\" content=\"Une approche \u00e0 g\u00e9om\u00e9trie variable ? Une lutte contre le terrorisme int\u00e9gral sans le Sahel\" \/>\n<meta property=\"og:url\" content=\"https:\/\/voxsahel.com\/?p=473\" \/>\n<meta property=\"og:site_name\" content=\"Vox Sahel\" \/>\n<meta property=\"article:publisher\" content=\"https:\/\/www.facebook.com\/journal.voxsahel\" \/>\n<meta property=\"article:published_time\" content=\"2024-10-04T11:51:09+00:00\" \/>\n<meta property=\"og:image\" content=\"https:\/\/voxsahel.com\/wp-content\/uploads\/2024\/10\/thumbs_b_c_5a4893baa31e7d2ea2526b8e65d8fdbd.jpg\" \/>\n\t<meta property=\"og:image:width\" content=\"864\" \/>\n\t<meta property=\"og:image:height\" content=\"486\" \/>\n\t<meta property=\"og:image:type\" content=\"image\/jpeg\" \/>\n<meta name=\"author\" content=\"Vox Sahel\" \/>\n<meta name=\"twitter:card\" content=\"summary_large_image\" \/>\n<meta name=\"twitter:label1\" content=\"\u00c9crit par\" \/>\n\t<meta name=\"twitter:data1\" content=\"Vox Sahel\" \/>\n\t<meta name=\"twitter:label2\" content=\"Dur\u00e9e de lecture estim\u00e9e\" \/>\n\t<meta name=\"twitter:data2\" content=\"3 minutes\" \/>\n<script type=\"application\/ld+json\" class=\"yoast-schema-graph\">{\"@context\":\"https:\\\/\\\/schema.org\",\"@graph\":[{\"@type\":\"Article\",\"@id\":\"https:\\\/\\\/voxsahel.com\\\/?p=473#article\",\"isPartOf\":{\"@id\":\"https:\\\/\\\/voxsahel.com\\\/?p=473\"},\"author\":{\"name\":\"Vox Sahel\",\"@id\":\"https:\\\/\\\/voxsahel.com\\\/#\\\/schema\\\/person\\\/b4043608248f8fa227cd760e7ff1e19e\"},\"headline\":\"11e r\u00e9union de la Coalition contre Daesh : L&rsquo;\u00e9nigmatique absence des pays de l&rsquo;AES, une strat\u00e9gie \u00e0 double visage ?\",\"datePublished\":\"2024-10-04T11:51:09+00:00\",\"mainEntityOfPage\":{\"@id\":\"https:\\\/\\\/voxsahel.com\\\/?p=473\"},\"wordCount\":562,\"commentCount\":0,\"publisher\":{\"@id\":\"https:\\\/\\\/voxsahel.com\\\/#organization\"},\"image\":{\"@id\":\"https:\\\/\\\/voxsahel.com\\\/?p=473#primaryimage\"},\"thumbnailUrl\":\"https:\\\/\\\/voxsahel.com\\\/wp-content\\\/uploads\\\/2024\\\/10\\\/thumbs_b_c_5a4893baa31e7d2ea2526b8e65d8fdbd.jpg\",\"keywords\":[\"AES\",\"Alliance des \u00c9tats du Sahel\",\"Burkina Faso\",\"Coalition mondiale contre Daesh\",\"Daesh\",\"Mali\",\"Niger\",\"Robert Duss\u00e9\",\"Sahel\",\"Terrorisme\",\"Togo\"],\"articleSection\":[\"POLITIQUE\"],\"inLanguage\":\"fr-FR\",\"potentialAction\":[{\"@type\":\"CommentAction\",\"name\":\"Comment\",\"target\":[\"https:\\\/\\\/voxsahel.com\\\/?p=473#respond\"]}]},{\"@type\":\"WebPage\",\"@id\":\"https:\\\/\\\/voxsahel.com\\\/?p=473\",\"url\":\"https:\\\/\\\/voxsahel.com\\\/?p=473\",\"name\":\"11e r\u00e9union de la Coalition contre Daesh : L'\u00e9nigmatique absence des pays de l'AES, une strat\u00e9gie \u00e0 double visage ? - Vox Sahel\",\"isPartOf\":{\"@id\":\"https:\\\/\\\/voxsahel.com\\\/#website\"},\"primaryImageOfPage\":{\"@id\":\"https:\\\/\\\/voxsahel.com\\\/?p=473#primaryimage\"},\"image\":{\"@id\":\"https:\\\/\\\/voxsahel.com\\\/?p=473#primaryimage\"},\"thumbnailUrl\":\"https:\\\/\\\/voxsahel.com\\\/wp-content\\\/uploads\\\/2024\\\/10\\\/thumbs_b_c_5a4893baa31e7d2ea2526b8e65d8fdbd.jpg\",\"datePublished\":\"2024-10-04T11:51:09+00:00\",\"breadcrumb\":{\"@id\":\"https:\\\/\\\/voxsahel.com\\\/?p=473#breadcrumb\"},\"inLanguage\":\"fr-FR\",\"potentialAction\":[{\"@type\":\"ReadAction\",\"target\":[\"https:\\\/\\\/voxsahel.com\\\/?p=473\"]}]},{\"@type\":\"ImageObject\",\"inLanguage\":\"fr-FR\",\"@id\":\"https:\\\/\\\/voxsahel.com\\\/?p=473#primaryimage\",\"url\":\"https:\\\/\\\/voxsahel.com\\\/wp-content\\\/uploads\\\/2024\\\/10\\\/thumbs_b_c_5a4893baa31e7d2ea2526b8e65d8fdbd.jpg\",\"contentUrl\":\"https:\\\/\\\/voxsahel.com\\\/wp-content\\\/uploads\\\/2024\\\/10\\\/thumbs_b_c_5a4893baa31e7d2ea2526b8e65d8fdbd.jpg\",\"width\":864,\"height\":486,\"caption\":\"11e r\u00e9union de la Coalition contre Daesh : L'\u00e9nigmatique absence des pays de l'AES, une strat\u00e9gie \u00e0 double visage ?\"},{\"@type\":\"BreadcrumbList\",\"@id\":\"https:\\\/\\\/voxsahel.com\\\/?p=473#breadcrumb\",\"itemListElement\":[{\"@type\":\"ListItem\",\"position\":1,\"name\":\"Home\",\"item\":\"https:\\\/\\\/voxsahel.com\\\/\"},{\"@type\":\"ListItem\",\"position\":2,\"name\":\"11e r\u00e9union de la Coalition contre Daesh : L&rsquo;\u00e9nigmatique absence des pays de l&rsquo;AES, une strat\u00e9gie \u00e0 double visage ?\"}]},{\"@type\":\"WebSite\",\"@id\":\"https:\\\/\\\/voxsahel.com\\\/#website\",\"url\":\"https:\\\/\\\/voxsahel.com\\\/\",\"name\":\"Vox Sahel\",\"description\":\"Informez-vous sur le Sahel en un clic\",\"publisher\":{\"@id\":\"https:\\\/\\\/voxsahel.com\\\/#organization\"},\"potentialAction\":[{\"@type\":\"SearchAction\",\"target\":{\"@type\":\"EntryPoint\",\"urlTemplate\":\"https:\\\/\\\/voxsahel.com\\\/?s={search_term_string}\"},\"query-input\":{\"@type\":\"PropertyValueSpecification\",\"valueRequired\":true,\"valueName\":\"search_term_string\"}}],\"inLanguage\":\"fr-FR\"},{\"@type\":\"Organization\",\"@id\":\"https:\\\/\\\/voxsahel.com\\\/#organization\",\"name\":\"Vox Sahel\",\"url\":\"https:\\\/\\\/voxsahel.com\\\/\",\"logo\":{\"@type\":\"ImageObject\",\"inLanguage\":\"fr-FR\",\"@id\":\"https:\\\/\\\/voxsahel.com\\\/#\\\/schema\\\/logo\\\/image\\\/\",\"url\":\"https:\\\/\\\/voxsahel.com\\\/wp-content\\\/uploads\\\/2024\\\/09\\\/Logo-Vox-Sahel.jpg\",\"contentUrl\":\"https:\\\/\\\/voxsahel.com\\\/wp-content\\\/uploads\\\/2024\\\/09\\\/Logo-Vox-Sahel.jpg\",\"width\":1181,\"height\":848,\"caption\":\"Vox Sahel\"},\"image\":{\"@id\":\"https:\\\/\\\/voxsahel.com\\\/#\\\/schema\\\/logo\\\/image\\\/\"},\"sameAs\":[\"https:\\\/\\\/www.facebook.com\\\/journal.voxsahel\"]},{\"@type\":\"Person\",\"@id\":\"https:\\\/\\\/voxsahel.com\\\/#\\\/schema\\\/person\\\/b4043608248f8fa227cd760e7ff1e19e\",\"name\":\"Vox Sahel\",\"image\":{\"@type\":\"ImageObject\",\"inLanguage\":\"fr-FR\",\"@id\":\"https:\\\/\\\/secure.gravatar.com\\\/avatar\\\/f70e7fa0cb9b29d4a7c5788d6eb2e9ab4d3135cbae1c9161810fdf77a8964699?s=96&d=mm&r=g\",\"url\":\"https:\\\/\\\/secure.gravatar.com\\\/avatar\\\/f70e7fa0cb9b29d4a7c5788d6eb2e9ab4d3135cbae1c9161810fdf77a8964699?s=96&d=mm&r=g\",\"contentUrl\":\"https:\\\/\\\/secure.gravatar.com\\\/avatar\\\/f70e7fa0cb9b29d4a7c5788d6eb2e9ab4d3135cbae1c9161810fdf77a8964699?s=96&d=mm&r=g\",\"caption\":\"Vox Sahel\"},\"sameAs\":[\"http:\\\/\\\/www.voxsahel.com\"],\"url\":\"https:\\\/\\\/voxsahel.com\\\/?author=2\"}]}<\/script>\n<!-- \/ Yoast SEO plugin. -->","yoast_head_json":{"title":"11e r\u00e9union de la Coalition contre Daesh : L'\u00e9nigmatique absence des pays de l'AES, une strat\u00e9gie \u00e0 double visage ? - Vox Sahel","robots":{"index":"index","follow":"follow","max-snippet":"max-snippet:-1","max-image-preview":"max-image-preview:large","max-video-preview":"max-video-preview:-1"},"canonical":"https:\/\/voxsahel.com\/?p=473","og_locale":"fr_FR","og_type":"article","og_title":"11e r\u00e9union de la Coalition contre Daesh : L'\u00e9nigmatique absence des pays de l'AES, une strat\u00e9gie \u00e0 double visage ? - Vox Sahel","og_description":"Une approche \u00e0 g\u00e9om\u00e9trie variable ? Une lutte contre le terrorisme int\u00e9gral sans le Sahel","og_url":"https:\/\/voxsahel.com\/?p=473","og_site_name":"Vox Sahel","article_publisher":"https:\/\/www.facebook.com\/journal.voxsahel","article_published_time":"2024-10-04T11:51:09+00:00","og_image":[{"width":864,"height":486,"url":"https:\/\/voxsahel.com\/wp-content\/uploads\/2024\/10\/thumbs_b_c_5a4893baa31e7d2ea2526b8e65d8fdbd.jpg","type":"image\/jpeg"}],"author":"Vox Sahel","twitter_card":"summary_large_image","twitter_misc":{"\u00c9crit par":"Vox Sahel","Dur\u00e9e de lecture estim\u00e9e":"3 minutes"},"schema":{"@context":"https:\/\/schema.org","@graph":[{"@type":"Article","@id":"https:\/\/voxsahel.com\/?p=473#article","isPartOf":{"@id":"https:\/\/voxsahel.com\/?p=473"},"author":{"name":"Vox Sahel","@id":"https:\/\/voxsahel.com\/#\/schema\/person\/b4043608248f8fa227cd760e7ff1e19e"},"headline":"11e r\u00e9union de la Coalition contre Daesh : L&rsquo;\u00e9nigmatique absence des pays de l&rsquo;AES, une strat\u00e9gie \u00e0 double visage ?","datePublished":"2024-10-04T11:51:09+00:00","mainEntityOfPage":{"@id":"https:\/\/voxsahel.com\/?p=473"},"wordCount":562,"commentCount":0,"publisher":{"@id":"https:\/\/voxsahel.com\/#organization"},"image":{"@id":"https:\/\/voxsahel.com\/?p=473#primaryimage"},"thumbnailUrl":"https:\/\/voxsahel.com\/wp-content\/uploads\/2024\/10\/thumbs_b_c_5a4893baa31e7d2ea2526b8e65d8fdbd.jpg","keywords":["AES","Alliance des \u00c9tats du Sahel","Burkina Faso","Coalition mondiale contre Daesh","Daesh","Mali","Niger","Robert Duss\u00e9","Sahel","Terrorisme","Togo"],"articleSection":["POLITIQUE"],"inLanguage":"fr-FR","potentialAction":[{"@type":"CommentAction","name":"Comment","target":["https:\/\/voxsahel.com\/?p=473#respond"]}]},{"@type":"WebPage","@id":"https:\/\/voxsahel.com\/?p=473","url":"https:\/\/voxsahel.com\/?p=473","name":"11e r\u00e9union de la Coalition contre Daesh : L'\u00e9nigmatique absence des pays de l'AES, une strat\u00e9gie \u00e0 double visage ? - Vox Sahel","isPartOf":{"@id":"https:\/\/voxsahel.com\/#website"},"primaryImageOfPage":{"@id":"https:\/\/voxsahel.com\/?p=473#primaryimage"},"image":{"@id":"https:\/\/voxsahel.com\/?p=473#primaryimage"},"thumbnailUrl":"https:\/\/voxsahel.com\/wp-content\/uploads\/2024\/10\/thumbs_b_c_5a4893baa31e7d2ea2526b8e65d8fdbd.jpg","datePublished":"2024-10-04T11:51:09+00:00","breadcrumb":{"@id":"https:\/\/voxsahel.com\/?p=473#breadcrumb"},"inLanguage":"fr-FR","potentialAction":[{"@type":"ReadAction","target":["https:\/\/voxsahel.com\/?p=473"]}]},{"@type":"ImageObject","inLanguage":"fr-FR","@id":"https:\/\/voxsahel.com\/?p=473#primaryimage","url":"https:\/\/voxsahel.com\/wp-content\/uploads\/2024\/10\/thumbs_b_c_5a4893baa31e7d2ea2526b8e65d8fdbd.jpg","contentUrl":"https:\/\/voxsahel.com\/wp-content\/uploads\/2024\/10\/thumbs_b_c_5a4893baa31e7d2ea2526b8e65d8fdbd.jpg","width":864,"height":486,"caption":"11e r\u00e9union de la Coalition contre Daesh : L'\u00e9nigmatique absence des pays de l'AES, une strat\u00e9gie \u00e0 double visage ?"},{"@type":"BreadcrumbList","@id":"https:\/\/voxsahel.com\/?p=473#breadcrumb","itemListElement":[{"@type":"ListItem","position":1,"name":"Home","item":"https:\/\/voxsahel.com\/"},{"@type":"ListItem","position":2,"name":"11e r\u00e9union de la Coalition contre Daesh : L&rsquo;\u00e9nigmatique absence des pays de l&rsquo;AES, une strat\u00e9gie \u00e0 double visage ?"}]},{"@type":"WebSite","@id":"https:\/\/voxsahel.com\/#website","url":"https:\/\/voxsahel.com\/","name":"Vox Sahel","description":"Informez-vous sur le Sahel en un clic","publisher":{"@id":"https:\/\/voxsahel.com\/#organization"},"potentialAction":[{"@type":"SearchAction","target":{"@type":"EntryPoint","urlTemplate":"https:\/\/voxsahel.com\/?s={search_term_string}"},"query-input":{"@type":"PropertyValueSpecification","valueRequired":true,"valueName":"search_term_string"}}],"inLanguage":"fr-FR"},{"@type":"Organization","@id":"https:\/\/voxsahel.com\/#organization","name":"Vox Sahel","url":"https:\/\/voxsahel.com\/","logo":{"@type":"ImageObject","inLanguage":"fr-FR","@id":"https:\/\/voxsahel.com\/#\/schema\/logo\/image\/","url":"https:\/\/voxsahel.com\/wp-content\/uploads\/2024\/09\/Logo-Vox-Sahel.jpg","contentUrl":"https:\/\/voxsahel.com\/wp-content\/uploads\/2024\/09\/Logo-Vox-Sahel.jpg","width":1181,"height":848,"caption":"Vox Sahel"},"image":{"@id":"https:\/\/voxsahel.com\/#\/schema\/logo\/image\/"},"sameAs":["https:\/\/www.facebook.com\/journal.voxsahel"]},{"@type":"Person","@id":"https:\/\/voxsahel.com\/#\/schema\/person\/b4043608248f8fa227cd760e7ff1e19e","name":"Vox Sahel","image":{"@type":"ImageObject","inLanguage":"fr-FR","@id":"https:\/\/secure.gravatar.com\/avatar\/f70e7fa0cb9b29d4a7c5788d6eb2e9ab4d3135cbae1c9161810fdf77a8964699?s=96&d=mm&r=g","url":"https:\/\/secure.gravatar.com\/avatar\/f70e7fa0cb9b29d4a7c5788d6eb2e9ab4d3135cbae1c9161810fdf77a8964699?s=96&d=mm&r=g","contentUrl":"https:\/\/secure.gravatar.com\/avatar\/f70e7fa0cb9b29d4a7c5788d6eb2e9ab4d3135cbae1c9161810fdf77a8964699?s=96&d=mm&r=g","caption":"Vox Sahel"},"sameAs":["http:\/\/www.voxsahel.com"],"url":"https:\/\/voxsahel.com\/?author=2"}]}},"_links":{"self":[{"href":"https:\/\/voxsahel.com\/index.php?rest_route=\/wp\/v2\/posts\/473","targetHints":{"allow":["GET"]}}],"collection":[{"href":"https:\/\/voxsahel.com\/index.php?rest_route=\/wp\/v2\/posts"}],"about":[{"href":"https:\/\/voxsahel.com\/index.php?rest_route=\/wp\/v2\/types\/post"}],"author":[{"embeddable":true,"href":"https:\/\/voxsahel.com\/index.php?rest_route=\/wp\/v2\/users\/2"}],"replies":[{"embeddable":true,"href":"https:\/\/voxsahel.com\/index.php?rest_route=%2Fwp%2Fv2%2Fcomments&post=473"}],"version-history":[{"count":1,"href":"https:\/\/voxsahel.com\/index.php?rest_route=\/wp\/v2\/posts\/473\/revisions"}],"predecessor-version":[{"id":475,"href":"https:\/\/voxsahel.com\/index.php?rest_route=\/wp\/v2\/posts\/473\/revisions\/475"}],"wp:featuredmedia":[{"embeddable":true,"href":"https:\/\/voxsahel.com\/index.php?rest_route=\/wp\/v2\/media\/474"}],"wp:attachment":[{"href":"https:\/\/voxsahel.com\/index.php?rest_route=%2Fwp%2Fv2%2Fmedia&parent=473"}],"wp:term":[{"taxonomy":"category","embeddable":true,"href":"https:\/\/voxsahel.com\/index.php?rest_route=%2Fwp%2Fv2%2Fcategories&post=473"},{"taxonomy":"post_tag","embeddable":true,"href":"https:\/\/voxsahel.com\/index.php?rest_route=%2Fwp%2Fv2%2Ftags&post=473"}],"curies":[{"name":"wp","href":"https:\/\/api.w.org\/{rel}","templated":true}]}}