{"id":450,"date":"2024-10-03T20:37:37","date_gmt":"2024-10-03T20:37:37","guid":{"rendered":"https:\/\/voxsahel.com\/?p=450"},"modified":"2024-10-03T20:45:30","modified_gmt":"2024-10-03T20:45:30","slug":"promotion-de-lananas-au-burkina-faso-une-journee-porte-ouverte-organisee-par-la-ferme-djoda","status":"publish","type":"post","link":"https:\/\/voxsahel.com\/?p=450","title":{"rendered":"Promotion de l\u2019ananas au Burkina Faso : Une journ\u00e9e porte ouverte organis\u00e9e par la ferme Djoda"},"content":{"rendered":"<p>Dans le cadre de la promotion de la fili\u00e8re ananas au Burkina Faso, la ferme Djoda, pionni\u00e8re dans la production de ce fruit exotique, a organis\u00e9 une journ\u00e9e porte ouverte sur la culture de l\u2019ananas le vendredi 27 septembre 2024. Cette initiative visait \u00e0 sensibiliser et \u00e0 vulgariser la culture de l\u2019ananas dans le pays.<\/p>\n<figure id=\"attachment_451\" aria-describedby=\"caption-attachment-451\" style=\"width: 187px\" class=\"wp-caption alignleft\"><img loading=\"lazy\" decoding=\"async\" class=\" wp-image-451\" src=\"https:\/\/voxsahel.com\/wp-content\/uploads\/2024\/10\/Ferme-Djoda-300x225.jpg\" alt=\"Promotion de l\u2019ananas au Burkina Faso : Une journ\u00e9e porte ouverte organis\u00e9e par la ferme Djoda\" width=\"187\" height=\"140\" srcset=\"https:\/\/voxsahel.com\/wp-content\/uploads\/2024\/10\/Ferme-Djoda-300x225.jpg 300w, https:\/\/voxsahel.com\/wp-content\/uploads\/2024\/10\/Ferme-Djoda-1024x768.jpg 1024w, https:\/\/voxsahel.com\/wp-content\/uploads\/2024\/10\/Ferme-Djoda-768x576.jpg 768w, https:\/\/voxsahel.com\/wp-content\/uploads\/2024\/10\/Ferme-Djoda-1536x1152.jpg 1536w, https:\/\/voxsahel.com\/wp-content\/uploads\/2024\/10\/Ferme-Djoda-2048x1536.jpg 2048w, https:\/\/voxsahel.com\/wp-content\/uploads\/2024\/10\/Ferme-Djoda-510x382.jpg 510w, https:\/\/voxsahel.com\/wp-content\/uploads\/2024\/10\/Ferme-Djoda-1080x810.jpg 1080w, https:\/\/voxsahel.com\/wp-content\/uploads\/2024\/10\/Ferme-Djoda-610x458.jpg 610w, https:\/\/voxsahel.com\/wp-content\/uploads\/2024\/10\/Ferme-Djoda-720x540.jpg 720w\" sizes=\"(max-width: 187px) 100vw, 187px\" \/><figcaption id=\"caption-attachment-451\" class=\"wp-caption-text\">Promotion de l\u2019ananas au Burkina Faso : Une journ\u00e9e porte ouverte organis\u00e9e par la ferme Djoda<\/figcaption><\/figure>\n<p>Pour l&rsquo;occasion, la ferme Djoda a accueilli plusieurs visiteurs, notamment des \u00e9tudiants de l\u2019Ecole nationale de formation agricole (ENAFA), venus d\u00e9couvrir les r\u00e9alit\u00e9s de cette production agricole encore peu connue au Burkina Faso. De nombreux curieux et passionn\u00e9s de l\u2019agriculture \u00e9taient \u00e9galement pr\u00e9sents, t\u00e9moignant de l&rsquo;int\u00e9r\u00eat croissant pour cette fili\u00e8re.<\/p>\n<p>Durant cette journ\u00e9e, les participants ont assist\u00e9 \u00e0 un cours magistral sur la culture de l\u2019ananas, o\u00f9 des aspects techniques, environnementaux et \u00e9conomiques de cette culture leur ont \u00e9t\u00e9 expos\u00e9s. Ensuite, ils ont eu l\u2019opportunit\u00e9 de visiter les superficies en production au sein de la ferme Djoda, o\u00f9 ils ont pu observer les diff\u00e9rentes \u00e9tapes de la culture de ce fruit tropical.<\/p>\n<p>Oumarou Compaor\u00e9, promoteur de la Ferme Djoda et pionnier dans la culture de l\u2019ananas au Burkina Faso, s\u2019est montr\u00e9 tr\u00e8s satisfait de cette journ\u00e9e. Il a salu\u00e9 le succ\u00e8s de cette initiative, qu\u2019il consid\u00e8re comme un pas important dans la vulgarisation de cette culture \u00e0 travers le pays. \u00ab\u00a0C&rsquo;est une avanc\u00e9e dans notre politique visant \u00e0 d\u00e9velopper la production d\u2019ananas au Burkina Faso\u00a0\u00bb, a-t-il d\u00e9clar\u00e9. Selon lui, l&rsquo;objectif est de r\u00e9duire l&rsquo;importation de ce fruit largement consomm\u00e9 par les Burkinab\u00e8.<\/p>\n<p><img loading=\"lazy\" decoding=\"async\" class=\" wp-image-452 alignleft\" src=\"https:\/\/voxsahel.com\/wp-content\/uploads\/2024\/10\/IMG_1972-300x225.jpg\" alt=\"\" width=\"201\" height=\"151\" srcset=\"https:\/\/voxsahel.com\/wp-content\/uploads\/2024\/10\/IMG_1972-300x225.jpg 300w, https:\/\/voxsahel.com\/wp-content\/uploads\/2024\/10\/IMG_1972-1024x768.jpg 1024w, https:\/\/voxsahel.com\/wp-content\/uploads\/2024\/10\/IMG_1972-768x576.jpg 768w, https:\/\/voxsahel.com\/wp-content\/uploads\/2024\/10\/IMG_1972-1536x1152.jpg 1536w, https:\/\/voxsahel.com\/wp-content\/uploads\/2024\/10\/IMG_1972-2048x1536.jpg 2048w, https:\/\/voxsahel.com\/wp-content\/uploads\/2024\/10\/IMG_1972-510x382.jpg 510w, https:\/\/voxsahel.com\/wp-content\/uploads\/2024\/10\/IMG_1972-1080x810.jpg 1080w, https:\/\/voxsahel.com\/wp-content\/uploads\/2024\/10\/IMG_1972-610x458.jpg 610w, https:\/\/voxsahel.com\/wp-content\/uploads\/2024\/10\/IMG_1972-720x540.jpg 720w\" sizes=\"(max-width: 201px) 100vw, 201px\" \/>La ferme Djoda s\u2019inscrit dans une d\u00e9marche de soutien aux acteurs de l\u2019agriculture, aussi bien aux niveaux public que priv\u00e9. Oumarou Compaor\u00e9 a soulign\u00e9 l&rsquo;accompagnement de diverses structures de l&rsquo;Etat\u00a0 (<span style=\"color: #008000;\"><strong><a style=\"color: #008000;\" href=\"https:\/\/voxsahel.com\/?p=221\">Conseil burkinab\u00e8 de l&rsquo;anacarde<\/a><\/strong><\/span>, INERA) et d&rsquo;autres personnes morales et physiques pour \u00e9tendre cette activit\u00e9 \u00e0 grande \u00e9chelle. La ferme met \u00e9galement \u00e0 profit son expertise dans d&rsquo;autres pays de la sous-r\u00e9gion, notamment au Mali, au S\u00e9n\u00e9gal, et bient\u00f4t en Guin\u00e9e.<\/p>\n<p>Depuis 2018, la ferme Djoda a fait du Burkina Faso le premier pays saharien \u00e0 produire de l\u2019ananas. Gr\u00e2ce \u00e0 son engagement, ce fruit exotique est aujourd\u2019hui cultiv\u00e9 localement, marquant une r\u00e9volution agricole dans la r\u00e9gion.<\/p>\n<p>&nbsp;<\/p>\n<p><iframe loading=\"lazy\" title=\"Le Burkina Faso devient le premier pays sah\u00e9lien producteur d&#039;ANANAS.\" width=\"640\" height=\"360\" src=\"https:\/\/www.youtube.com\/embed\/airWJfIDgsY?feature=oembed\" frameborder=\"0\" allow=\"accelerometer; autoplay; clipboard-write; encrypted-media; gyroscope; picture-in-picture; web-share\" referrerpolicy=\"strict-origin-when-cross-origin\" allowfullscreen><\/iframe><\/p>\n<p>&nbsp;<\/p>\n<p style=\"text-align: right;\"><strong>Par Vox Sahel<\/strong><\/p>\n","protected":false},"excerpt":{"rendered":"<p>Dans le cadre de la promotion de la fili\u00e8re ananas au Burkina Faso, la ferme<\/p>\n","protected":false},"author":2,"featured_media":453,"comment_status":"open","ping_status":"open","sticky":false,"template":"","format":"standard","meta":{"_et_pb_use_builder":"","_et_pb_old_content":"","_et_gb_content_width":"","footnotes":""},"categories":[8],"tags":[282,115,18,114],"class_list":["post-450","post","type-post","status-publish","format-standard","has-post-thumbnail","hentry","category-developpement","tag-ananas","tag-ananas-burkina","tag-burkina-faso","tag-ferme-djoda"],"yoast_head":"<!-- This site is optimized with the Yoast SEO plugin v27.5 - https:\/\/yoast.com\/product\/yoast-seo-wordpress\/ -->\n<title>Promotion de l\u2019ananas au Burkina Faso : Une journ\u00e9e porte ouverte organis\u00e9e par la ferme Djoda - Vox Sahel<\/title>\n<meta name=\"robots\" content=\"index, follow, max-snippet:-1, max-image-preview:large, max-video-preview:-1\" \/>\n<link rel=\"canonical\" href=\"https:\/\/voxsahel.com\/?p=450\" \/>\n<meta property=\"og:locale\" content=\"fr_FR\" \/>\n<meta property=\"og:type\" content=\"article\" \/>\n<meta property=\"og:title\" content=\"Promotion de l\u2019ananas au Burkina Faso : Une journ\u00e9e porte ouverte organis\u00e9e par la ferme Djoda - Vox Sahel\" \/>\n<meta property=\"og:description\" content=\"Dans le cadre de la promotion de la fili\u00e8re ananas au Burkina Faso, la ferme\" \/>\n<meta property=\"og:url\" content=\"https:\/\/voxsahel.com\/?p=450\" \/>\n<meta property=\"og:site_name\" content=\"Vox Sahel\" \/>\n<meta property=\"article:publisher\" content=\"https:\/\/www.facebook.com\/journal.voxsahel\" \/>\n<meta property=\"article:published_time\" content=\"2024-10-03T20:37:37+00:00\" \/>\n<meta property=\"article:modified_time\" content=\"2024-10-03T20:45:30+00:00\" \/>\n<meta property=\"og:image\" content=\"https:\/\/voxsahel.com\/wp-content\/uploads\/2024\/10\/Ferme-Djoda-1-scaled.jpg\" \/>\n\t<meta property=\"og:image:width\" content=\"2560\" \/>\n\t<meta property=\"og:image:height\" content=\"1920\" \/>\n\t<meta property=\"og:image:type\" content=\"image\/jpeg\" \/>\n<meta name=\"author\" content=\"Vox Sahel\" \/>\n<meta name=\"twitter:card\" content=\"summary_large_image\" \/>\n<meta name=\"twitter:label1\" content=\"\u00c9crit par\" \/>\n\t<meta name=\"twitter:data1\" content=\"Vox Sahel\" \/>\n\t<meta name=\"twitter:label2\" content=\"Dur\u00e9e de lecture estim\u00e9e\" \/>\n\t<meta name=\"twitter:data2\" content=\"3 minutes\" \/>\n<script type=\"application\/ld+json\" class=\"yoast-schema-graph\">{\"@context\":\"https:\\\/\\\/schema.org\",\"@graph\":[{\"@type\":\"Article\",\"@id\":\"https:\\\/\\\/voxsahel.com\\\/?p=450#article\",\"isPartOf\":{\"@id\":\"https:\\\/\\\/voxsahel.com\\\/?p=450\"},\"author\":{\"name\":\"Vox Sahel\",\"@id\":\"https:\\\/\\\/voxsahel.com\\\/#\\\/schema\\\/person\\\/b4043608248f8fa227cd760e7ff1e19e\"},\"headline\":\"Promotion de l\u2019ananas au Burkina Faso : Une journ\u00e9e porte ouverte organis\u00e9e par la ferme Djoda\",\"datePublished\":\"2024-10-03T20:37:37+00:00\",\"dateModified\":\"2024-10-03T20:45:30+00:00\",\"mainEntityOfPage\":{\"@id\":\"https:\\\/\\\/voxsahel.com\\\/?p=450\"},\"wordCount\":450,\"commentCount\":0,\"publisher\":{\"@id\":\"https:\\\/\\\/voxsahel.com\\\/#organization\"},\"image\":{\"@id\":\"https:\\\/\\\/voxsahel.com\\\/?p=450#primaryimage\"},\"thumbnailUrl\":\"https:\\\/\\\/voxsahel.com\\\/wp-content\\\/uploads\\\/2024\\\/10\\\/Ferme-Djoda-1-scaled.jpg\",\"keywords\":[\"Ananas\",\"Ananas Burkina\",\"Burkina Faso\",\"Ferme Djoda\"],\"articleSection\":[\"DEVELOPPEMENT\"],\"inLanguage\":\"fr-FR\",\"potentialAction\":[{\"@type\":\"CommentAction\",\"name\":\"Comment\",\"target\":[\"https:\\\/\\\/voxsahel.com\\\/?p=450#respond\"]}]},{\"@type\":\"WebPage\",\"@id\":\"https:\\\/\\\/voxsahel.com\\\/?p=450\",\"url\":\"https:\\\/\\\/voxsahel.com\\\/?p=450\",\"name\":\"Promotion de l\u2019ananas au Burkina Faso : Une journ\u00e9e porte ouverte organis\u00e9e par la ferme Djoda - Vox Sahel\",\"isPartOf\":{\"@id\":\"https:\\\/\\\/voxsahel.com\\\/#website\"},\"primaryImageOfPage\":{\"@id\":\"https:\\\/\\\/voxsahel.com\\\/?p=450#primaryimage\"},\"image\":{\"@id\":\"https:\\\/\\\/voxsahel.com\\\/?p=450#primaryimage\"},\"thumbnailUrl\":\"https:\\\/\\\/voxsahel.com\\\/wp-content\\\/uploads\\\/2024\\\/10\\\/Ferme-Djoda-1-scaled.jpg\",\"datePublished\":\"2024-10-03T20:37:37+00:00\",\"dateModified\":\"2024-10-03T20:45:30+00:00\",\"breadcrumb\":{\"@id\":\"https:\\\/\\\/voxsahel.com\\\/?p=450#breadcrumb\"},\"inLanguage\":\"fr-FR\",\"potentialAction\":[{\"@type\":\"ReadAction\",\"target\":[\"https:\\\/\\\/voxsahel.com\\\/?p=450\"]}]},{\"@type\":\"ImageObject\",\"inLanguage\":\"fr-FR\",\"@id\":\"https:\\\/\\\/voxsahel.com\\\/?p=450#primaryimage\",\"url\":\"https:\\\/\\\/voxsahel.com\\\/wp-content\\\/uploads\\\/2024\\\/10\\\/Ferme-Djoda-1-scaled.jpg\",\"contentUrl\":\"https:\\\/\\\/voxsahel.com\\\/wp-content\\\/uploads\\\/2024\\\/10\\\/Ferme-Djoda-1-scaled.jpg\",\"width\":2560,\"height\":1920,\"caption\":\"Promotion de l\u2019ananas au Burkina Faso : Une journ\u00e9e porte ouverte organis\u00e9e par la ferme Djoda\"},{\"@type\":\"BreadcrumbList\",\"@id\":\"https:\\\/\\\/voxsahel.com\\\/?p=450#breadcrumb\",\"itemListElement\":[{\"@type\":\"ListItem\",\"position\":1,\"name\":\"Home\",\"item\":\"https:\\\/\\\/voxsahel.com\\\/\"},{\"@type\":\"ListItem\",\"position\":2,\"name\":\"Promotion de l\u2019ananas au Burkina Faso : Une journ\u00e9e porte ouverte organis\u00e9e par la ferme Djoda\"}]},{\"@type\":\"WebSite\",\"@id\":\"https:\\\/\\\/voxsahel.com\\\/#website\",\"url\":\"https:\\\/\\\/voxsahel.com\\\/\",\"name\":\"Vox Sahel\",\"description\":\"Informez-vous sur le Sahel en un clic\",\"publisher\":{\"@id\":\"https:\\\/\\\/voxsahel.com\\\/#organization\"},\"potentialAction\":[{\"@type\":\"SearchAction\",\"target\":{\"@type\":\"EntryPoint\",\"urlTemplate\":\"https:\\\/\\\/voxsahel.com\\\/?s={search_term_string}\"},\"query-input\":{\"@type\":\"PropertyValueSpecification\",\"valueRequired\":true,\"valueName\":\"search_term_string\"}}],\"inLanguage\":\"fr-FR\"},{\"@type\":\"Organization\",\"@id\":\"https:\\\/\\\/voxsahel.com\\\/#organization\",\"name\":\"Vox Sahel\",\"url\":\"https:\\\/\\\/voxsahel.com\\\/\",\"logo\":{\"@type\":\"ImageObject\",\"inLanguage\":\"fr-FR\",\"@id\":\"https:\\\/\\\/voxsahel.com\\\/#\\\/schema\\\/logo\\\/image\\\/\",\"url\":\"https:\\\/\\\/voxsahel.com\\\/wp-content\\\/uploads\\\/2024\\\/09\\\/Logo-Vox-Sahel.jpg\",\"contentUrl\":\"https:\\\/\\\/voxsahel.com\\\/wp-content\\\/uploads\\\/2024\\\/09\\\/Logo-Vox-Sahel.jpg\",\"width\":1181,\"height\":848,\"caption\":\"Vox Sahel\"},\"image\":{\"@id\":\"https:\\\/\\\/voxsahel.com\\\/#\\\/schema\\\/logo\\\/image\\\/\"},\"sameAs\":[\"https:\\\/\\\/www.facebook.com\\\/journal.voxsahel\"]},{\"@type\":\"Person\",\"@id\":\"https:\\\/\\\/voxsahel.com\\\/#\\\/schema\\\/person\\\/b4043608248f8fa227cd760e7ff1e19e\",\"name\":\"Vox Sahel\",\"image\":{\"@type\":\"ImageObject\",\"inLanguage\":\"fr-FR\",\"@id\":\"https:\\\/\\\/secure.gravatar.com\\\/avatar\\\/f70e7fa0cb9b29d4a7c5788d6eb2e9ab4d3135cbae1c9161810fdf77a8964699?s=96&d=mm&r=g\",\"url\":\"https:\\\/\\\/secure.gravatar.com\\\/avatar\\\/f70e7fa0cb9b29d4a7c5788d6eb2e9ab4d3135cbae1c9161810fdf77a8964699?s=96&d=mm&r=g\",\"contentUrl\":\"https:\\\/\\\/secure.gravatar.com\\\/avatar\\\/f70e7fa0cb9b29d4a7c5788d6eb2e9ab4d3135cbae1c9161810fdf77a8964699?s=96&d=mm&r=g\",\"caption\":\"Vox Sahel\"},\"sameAs\":[\"http:\\\/\\\/www.voxsahel.com\"],\"url\":\"https:\\\/\\\/voxsahel.com\\\/?author=2\"}]}<\/script>\n<!-- \/ Yoast SEO plugin. -->","yoast_head_json":{"title":"Promotion de l\u2019ananas au Burkina Faso : Une journ\u00e9e porte ouverte organis\u00e9e par la ferme Djoda - Vox Sahel","robots":{"index":"index","follow":"follow","max-snippet":"max-snippet:-1","max-image-preview":"max-image-preview:large","max-video-preview":"max-video-preview:-1"},"canonical":"https:\/\/voxsahel.com\/?p=450","og_locale":"fr_FR","og_type":"article","og_title":"Promotion de l\u2019ananas au Burkina Faso : Une journ\u00e9e porte ouverte organis\u00e9e par la ferme Djoda - Vox Sahel","og_description":"Dans le cadre de la promotion de la fili\u00e8re ananas au Burkina Faso, la ferme","og_url":"https:\/\/voxsahel.com\/?p=450","og_site_name":"Vox Sahel","article_publisher":"https:\/\/www.facebook.com\/journal.voxsahel","article_published_time":"2024-10-03T20:37:37+00:00","article_modified_time":"2024-10-03T20:45:30+00:00","og_image":[{"width":2560,"height":1920,"url":"https:\/\/voxsahel.com\/wp-content\/uploads\/2024\/10\/Ferme-Djoda-1-scaled.jpg","type":"image\/jpeg"}],"author":"Vox Sahel","twitter_card":"summary_large_image","twitter_misc":{"\u00c9crit par":"Vox Sahel","Dur\u00e9e de lecture estim\u00e9e":"3 minutes"},"schema":{"@context":"https:\/\/schema.org","@graph":[{"@type":"Article","@id":"https:\/\/voxsahel.com\/?p=450#article","isPartOf":{"@id":"https:\/\/voxsahel.com\/?p=450"},"author":{"name":"Vox Sahel","@id":"https:\/\/voxsahel.com\/#\/schema\/person\/b4043608248f8fa227cd760e7ff1e19e"},"headline":"Promotion de l\u2019ananas au Burkina Faso : Une journ\u00e9e porte ouverte organis\u00e9e par la ferme Djoda","datePublished":"2024-10-03T20:37:37+00:00","dateModified":"2024-10-03T20:45:30+00:00","mainEntityOfPage":{"@id":"https:\/\/voxsahel.com\/?p=450"},"wordCount":450,"commentCount":0,"publisher":{"@id":"https:\/\/voxsahel.com\/#organization"},"image":{"@id":"https:\/\/voxsahel.com\/?p=450#primaryimage"},"thumbnailUrl":"https:\/\/voxsahel.com\/wp-content\/uploads\/2024\/10\/Ferme-Djoda-1-scaled.jpg","keywords":["Ananas","Ananas Burkina","Burkina Faso","Ferme Djoda"],"articleSection":["DEVELOPPEMENT"],"inLanguage":"fr-FR","potentialAction":[{"@type":"CommentAction","name":"Comment","target":["https:\/\/voxsahel.com\/?p=450#respond"]}]},{"@type":"WebPage","@id":"https:\/\/voxsahel.com\/?p=450","url":"https:\/\/voxsahel.com\/?p=450","name":"Promotion de l\u2019ananas au Burkina Faso : Une journ\u00e9e porte ouverte organis\u00e9e par la ferme Djoda - Vox Sahel","isPartOf":{"@id":"https:\/\/voxsahel.com\/#website"},"primaryImageOfPage":{"@id":"https:\/\/voxsahel.com\/?p=450#primaryimage"},"image":{"@id":"https:\/\/voxsahel.com\/?p=450#primaryimage"},"thumbnailUrl":"https:\/\/voxsahel.com\/wp-content\/uploads\/2024\/10\/Ferme-Djoda-1-scaled.jpg","datePublished":"2024-10-03T20:37:37+00:00","dateModified":"2024-10-03T20:45:30+00:00","breadcrumb":{"@id":"https:\/\/voxsahel.com\/?p=450#breadcrumb"},"inLanguage":"fr-FR","potentialAction":[{"@type":"ReadAction","target":["https:\/\/voxsahel.com\/?p=450"]}]},{"@type":"ImageObject","inLanguage":"fr-FR","@id":"https:\/\/voxsahel.com\/?p=450#primaryimage","url":"https:\/\/voxsahel.com\/wp-content\/uploads\/2024\/10\/Ferme-Djoda-1-scaled.jpg","contentUrl":"https:\/\/voxsahel.com\/wp-content\/uploads\/2024\/10\/Ferme-Djoda-1-scaled.jpg","width":2560,"height":1920,"caption":"Promotion de l\u2019ananas au Burkina Faso : Une journ\u00e9e porte ouverte organis\u00e9e par la ferme Djoda"},{"@type":"BreadcrumbList","@id":"https:\/\/voxsahel.com\/?p=450#breadcrumb","itemListElement":[{"@type":"ListItem","position":1,"name":"Home","item":"https:\/\/voxsahel.com\/"},{"@type":"ListItem","position":2,"name":"Promotion de l\u2019ananas au Burkina Faso : Une journ\u00e9e porte ouverte organis\u00e9e par la ferme Djoda"}]},{"@type":"WebSite","@id":"https:\/\/voxsahel.com\/#website","url":"https:\/\/voxsahel.com\/","name":"Vox Sahel","description":"Informez-vous sur le Sahel en un clic","publisher":{"@id":"https:\/\/voxsahel.com\/#organization"},"potentialAction":[{"@type":"SearchAction","target":{"@type":"EntryPoint","urlTemplate":"https:\/\/voxsahel.com\/?s={search_term_string}"},"query-input":{"@type":"PropertyValueSpecification","valueRequired":true,"valueName":"search_term_string"}}],"inLanguage":"fr-FR"},{"@type":"Organization","@id":"https:\/\/voxsahel.com\/#organization","name":"Vox Sahel","url":"https:\/\/voxsahel.com\/","logo":{"@type":"ImageObject","inLanguage":"fr-FR","@id":"https:\/\/voxsahel.com\/#\/schema\/logo\/image\/","url":"https:\/\/voxsahel.com\/wp-content\/uploads\/2024\/09\/Logo-Vox-Sahel.jpg","contentUrl":"https:\/\/voxsahel.com\/wp-content\/uploads\/2024\/09\/Logo-Vox-Sahel.jpg","width":1181,"height":848,"caption":"Vox Sahel"},"image":{"@id":"https:\/\/voxsahel.com\/#\/schema\/logo\/image\/"},"sameAs":["https:\/\/www.facebook.com\/journal.voxsahel"]},{"@type":"Person","@id":"https:\/\/voxsahel.com\/#\/schema\/person\/b4043608248f8fa227cd760e7ff1e19e","name":"Vox Sahel","image":{"@type":"ImageObject","inLanguage":"fr-FR","@id":"https:\/\/secure.gravatar.com\/avatar\/f70e7fa0cb9b29d4a7c5788d6eb2e9ab4d3135cbae1c9161810fdf77a8964699?s=96&d=mm&r=g","url":"https:\/\/secure.gravatar.com\/avatar\/f70e7fa0cb9b29d4a7c5788d6eb2e9ab4d3135cbae1c9161810fdf77a8964699?s=96&d=mm&r=g","contentUrl":"https:\/\/secure.gravatar.com\/avatar\/f70e7fa0cb9b29d4a7c5788d6eb2e9ab4d3135cbae1c9161810fdf77a8964699?s=96&d=mm&r=g","caption":"Vox Sahel"},"sameAs":["http:\/\/www.voxsahel.com"],"url":"https:\/\/voxsahel.com\/?author=2"}]}},"_links":{"self":[{"href":"https:\/\/voxsahel.com\/index.php?rest_route=\/wp\/v2\/posts\/450","targetHints":{"allow":["GET"]}}],"collection":[{"href":"https:\/\/voxsahel.com\/index.php?rest_route=\/wp\/v2\/posts"}],"about":[{"href":"https:\/\/voxsahel.com\/index.php?rest_route=\/wp\/v2\/types\/post"}],"author":[{"embeddable":true,"href":"https:\/\/voxsahel.com\/index.php?rest_route=\/wp\/v2\/users\/2"}],"replies":[{"embeddable":true,"href":"https:\/\/voxsahel.com\/index.php?rest_route=%2Fwp%2Fv2%2Fcomments&post=450"}],"version-history":[{"count":3,"href":"https:\/\/voxsahel.com\/index.php?rest_route=\/wp\/v2\/posts\/450\/revisions"}],"predecessor-version":[{"id":456,"href":"https:\/\/voxsahel.com\/index.php?rest_route=\/wp\/v2\/posts\/450\/revisions\/456"}],"wp:featuredmedia":[{"embeddable":true,"href":"https:\/\/voxsahel.com\/index.php?rest_route=\/wp\/v2\/media\/453"}],"wp:attachment":[{"href":"https:\/\/voxsahel.com\/index.php?rest_route=%2Fwp%2Fv2%2Fmedia&parent=450"}],"wp:term":[{"taxonomy":"category","embeddable":true,"href":"https:\/\/voxsahel.com\/index.php?rest_route=%2Fwp%2Fv2%2Fcategories&post=450"},{"taxonomy":"post_tag","embeddable":true,"href":"https:\/\/voxsahel.com\/index.php?rest_route=%2Fwp%2Fv2%2Ftags&post=450"}],"curies":[{"name":"wp","href":"https:\/\/api.w.org\/{rel}","templated":true}]}}