{"id":445,"date":"2024-10-03T16:51:47","date_gmt":"2024-10-03T16:51:47","guid":{"rendered":"https:\/\/voxsahel.com\/?p=445"},"modified":"2024-10-03T17:07:03","modified_gmt":"2024-10-03T17:07:03","slug":"19e-sommet-de-la-francophonie-quand-labsence-des-pays-de-laes-redessine-lechiquier-diplomatique","status":"publish","type":"post","link":"https:\/\/voxsahel.com\/?p=445","title":{"rendered":"19e Sommet de la Francophonie : Quand l&rsquo;Absence des pays de l&rsquo;AES redessine l&rsquo;\u00e9chiquier diplomatique"},"content":{"rendered":"<p class=\"p1\">Le 19e sommet de la Francophonie s&rsquo;ouvre ce vendredi \u00e0 Villers-Cotter\u00eats et Paris, sous le th\u00e8me \u00ab Cr\u00e9er, innover et entreprendre en fran\u00e7ais \u00bb. Plusieurs chefs d&rsquo;\u00c9tat africains ont d\u00e9j\u00e0 rejoint la capitale fran\u00e7aise pour cette rencontre internationale organis\u00e9e sous l&rsquo;\u00e9gide de l&rsquo;Organisation Internationale de la Francophonie (OIF). Parmi les participants de marque, on retrouve les pr\u00e9sidents Alassane Ouattara (C\u00f4te d&rsquo;Ivoire), Mahamat Idriss Deby Itno (Tchad), et F\u00e9lix Tshisekedi (RD Congo). En tout, 13 chefs d&rsquo;\u00c9tat africains ont confirm\u00e9 leur pr\u00e9sence.<\/p>\n<p class=\"p1\"><span class=\"s1\">Les chefs d&rsquo;\u00c9tat africains pr\u00e9sents sont notamment Alassane Ouattara (C\u00f4te d&rsquo;Ivoire), F\u00e9lix Tshisekedi (RD Congo), Mahamat Idriss Deby Itno (Tchad), Paul Biya (Cameroun), Brice Clotaire Oligui Nguema (Gabon), Nana Akufo- Addo (Ghana), Jo\u00e3o Louren\u00e7o (Angola), Andry Rajoelina (Madagascar), Adama Barrow (Gambie), Azali Assoumani (Comores), Paul Kagam\u00e9 (Rwanda) et le Roi Mohammed VI du Maroc.<\/span><\/p>\n<p class=\"p1\"><span class=\"s1\">Cette rencontre internationale, essentielle pour la promotion de la langue et des valeurs francophones, se d\u00e9roule cependant sans la participation de trois pays africains \u2013 le Burkina Faso, le Mali et le Niger. Ces \u00c9tats ont \u00e9t\u00e9 suspendus de l&rsquo;OIF suite \u00e0 l&rsquo;arriv\u00e9e au pouvoir de r\u00e9gimes militaires. La Guin\u00e9e, quant \u00e0 elle, a vu sa suspension lev\u00e9e le 24 septembre dernier mais ne figure pas parmi les pays repr\u00e9sent\u00e9s au sommet.<\/span><\/p>\n<p class=\"p1\"><span class=\"s1\">Ce sommet, consacr\u00e9 \u00e0 l&rsquo;innovation et \u00e0 l&rsquo;entrepreneuriat en langue fran\u00e7aise, est \u00e9galement une occasion de r\u00e9affirmer l&rsquo;importance de la Francophonie comme espace de solidarit\u00e9 et de d\u00e9veloppement commun. Le pr\u00e9sident fran\u00e7ais Emmanuel Macron et son \u00e9pouse, Brigitte Macron, accueilleront les chefs d&rsquo;\u00c9tat participants lors d&rsquo;un d\u00eener de gala organis\u00e9 en marge de l&rsquo;\u00e9v\u00e9nement.<\/span><\/p>\n<p class=\"p1\"><span class=\"s1\">En parall\u00e8le, la Secr\u00e9taire g\u00e9n\u00e9rale de l&rsquo;OIF, Louise Mushikiwabo, a \u00e9voqu\u00e9 la situation au Moyen-Orient, avec une attention particuli\u00e8re port\u00e9e sur le Liban, un pays cl\u00e9 dans la r\u00e9gion pour la Francophonie. Face \u00e0 la situation critique, elle a rappel\u00e9 que le Liban serait au c\u0153ur des discussions du sommet.<\/span><\/p>\n<p class=\"p1\"><span class=\"s1\">Ce 19e sommet s&rsquo;annonce donc comme un espace de dialogue crucial sur la Francophonie et les enjeux mondiaux, tout en soulignant la n\u00e9cessit\u00e9 de renforcer la coop\u00e9ration francophone pour promouvoir l&rsquo;innovation, la cr\u00e9ation et l&rsquo;entrepreneuriat en langue fran\u00e7aise.<\/span><\/p>\n<p class=\"p1\" style=\"text-align: right;\"><strong><span class=\"s1\">Par Vox Sahel <\/span><\/strong><\/p>\n","protected":false},"excerpt":{"rendered":"<p>Le 19e sommet de la Francophonie s&rsquo;ouvre ce vendredi \u00e0 Villers-Cotter\u00eats et Paris, sous le<\/p>\n","protected":false},"author":2,"featured_media":449,"comment_status":"open","ping_status":"open","sticky":false,"template":"","format":"standard","meta":{"_et_pb_use_builder":"","_et_pb_old_content":"","_et_gb_content_width":"","footnotes":""},"categories":[6],"tags":[61,62,18,123,278,279,31,60,281,280],"class_list":["post-445","post","type-post","status-publish","format-standard","has-post-thumbnail","hentry","category-politique","tag-aes","tag-alliance-des-etats-du-sahel","tag-burkina-faso","tag-confederation-de-lalliances-des-etats-du-sahel","tag-france","tag-francophonie","tag-mali","tag-niger","tag-oif","tag-organisation-internationale-de-la-francophonie"],"yoast_head":"<!-- This site is optimized with the Yoast SEO plugin v27.5 - https:\/\/yoast.com\/product\/yoast-seo-wordpress\/ -->\n<title>19e Sommet de la Francophonie : Quand l&#039;Absence des pays de l&#039;AES redessine l&#039;\u00e9chiquier diplomatique - Vox Sahel<\/title>\n<meta name=\"robots\" content=\"index, follow, max-snippet:-1, max-image-preview:large, max-video-preview:-1\" \/>\n<link rel=\"canonical\" href=\"https:\/\/voxsahel.com\/?p=445\" \/>\n<meta property=\"og:locale\" content=\"fr_FR\" \/>\n<meta property=\"og:type\" content=\"article\" \/>\n<meta property=\"og:title\" content=\"19e Sommet de la Francophonie : Quand l&#039;Absence des pays de l&#039;AES redessine l&#039;\u00e9chiquier diplomatique - Vox Sahel\" \/>\n<meta property=\"og:description\" content=\"Le 19e sommet de la Francophonie s&rsquo;ouvre ce vendredi \u00e0 Villers-Cotter\u00eats et Paris, sous le\" \/>\n<meta property=\"og:url\" content=\"https:\/\/voxsahel.com\/?p=445\" \/>\n<meta property=\"og:site_name\" content=\"Vox Sahel\" \/>\n<meta property=\"article:publisher\" content=\"https:\/\/www.facebook.com\/journal.voxsahel\" \/>\n<meta property=\"article:published_time\" content=\"2024-10-03T16:51:47+00:00\" \/>\n<meta property=\"article:modified_time\" content=\"2024-10-03T17:07:03+00:00\" \/>\n<meta property=\"og:image\" content=\"https:\/\/voxsahel.com\/wp-content\/uploads\/2024\/10\/IMG_4226.jpeg\" \/>\n\t<meta property=\"og:image:width\" content=\"1280\" \/>\n\t<meta property=\"og:image:height\" content=\"720\" \/>\n\t<meta property=\"og:image:type\" content=\"image\/jpeg\" \/>\n<meta name=\"author\" content=\"Vox Sahel\" \/>\n<meta name=\"twitter:card\" content=\"summary_large_image\" \/>\n<meta name=\"twitter:label1\" content=\"\u00c9crit par\" \/>\n\t<meta name=\"twitter:data1\" content=\"Vox Sahel\" \/>\n\t<meta name=\"twitter:label2\" content=\"Dur\u00e9e de lecture estim\u00e9e\" \/>\n\t<meta name=\"twitter:data2\" content=\"2 minutes\" \/>\n<script type=\"application\/ld+json\" class=\"yoast-schema-graph\">{\"@context\":\"https:\\\/\\\/schema.org\",\"@graph\":[{\"@type\":\"Article\",\"@id\":\"https:\\\/\\\/voxsahel.com\\\/?p=445#article\",\"isPartOf\":{\"@id\":\"https:\\\/\\\/voxsahel.com\\\/?p=445\"},\"author\":{\"name\":\"Vox Sahel\",\"@id\":\"https:\\\/\\\/voxsahel.com\\\/#\\\/schema\\\/person\\\/b4043608248f8fa227cd760e7ff1e19e\"},\"headline\":\"19e Sommet de la Francophonie : Quand l&rsquo;Absence des pays de l&rsquo;AES redessine l&rsquo;\u00e9chiquier diplomatique\",\"datePublished\":\"2024-10-03T16:51:47+00:00\",\"dateModified\":\"2024-10-03T17:07:03+00:00\",\"mainEntityOfPage\":{\"@id\":\"https:\\\/\\\/voxsahel.com\\\/?p=445\"},\"wordCount\":420,\"commentCount\":0,\"publisher\":{\"@id\":\"https:\\\/\\\/voxsahel.com\\\/#organization\"},\"image\":{\"@id\":\"https:\\\/\\\/voxsahel.com\\\/?p=445#primaryimage\"},\"thumbnailUrl\":\"https:\\\/\\\/voxsahel.com\\\/wp-content\\\/uploads\\\/2024\\\/10\\\/IMG_4226.jpeg\",\"keywords\":[\"AES\",\"Alliance des \u00c9tats du Sahel\",\"Burkina Faso\",\"Conf\u00e9d\u00e9ration de l\u2019Alliances des \u00c9tats du Sahel\",\"France\",\"Francophonie\",\"Mali\",\"Niger\",\"OIF\",\"Organisation Internationale de la Francophonie\"],\"articleSection\":[\"POLITIQUE\"],\"inLanguage\":\"fr-FR\",\"potentialAction\":[{\"@type\":\"CommentAction\",\"name\":\"Comment\",\"target\":[\"https:\\\/\\\/voxsahel.com\\\/?p=445#respond\"]}]},{\"@type\":\"WebPage\",\"@id\":\"https:\\\/\\\/voxsahel.com\\\/?p=445\",\"url\":\"https:\\\/\\\/voxsahel.com\\\/?p=445\",\"name\":\"19e Sommet de la Francophonie : Quand l'Absence des pays de l'AES redessine l'\u00e9chiquier diplomatique - Vox Sahel\",\"isPartOf\":{\"@id\":\"https:\\\/\\\/voxsahel.com\\\/#website\"},\"primaryImageOfPage\":{\"@id\":\"https:\\\/\\\/voxsahel.com\\\/?p=445#primaryimage\"},\"image\":{\"@id\":\"https:\\\/\\\/voxsahel.com\\\/?p=445#primaryimage\"},\"thumbnailUrl\":\"https:\\\/\\\/voxsahel.com\\\/wp-content\\\/uploads\\\/2024\\\/10\\\/IMG_4226.jpeg\",\"datePublished\":\"2024-10-03T16:51:47+00:00\",\"dateModified\":\"2024-10-03T17:07:03+00:00\",\"breadcrumb\":{\"@id\":\"https:\\\/\\\/voxsahel.com\\\/?p=445#breadcrumb\"},\"inLanguage\":\"fr-FR\",\"potentialAction\":[{\"@type\":\"ReadAction\",\"target\":[\"https:\\\/\\\/voxsahel.com\\\/?p=445\"]}]},{\"@type\":\"ImageObject\",\"inLanguage\":\"fr-FR\",\"@id\":\"https:\\\/\\\/voxsahel.com\\\/?p=445#primaryimage\",\"url\":\"https:\\\/\\\/voxsahel.com\\\/wp-content\\\/uploads\\\/2024\\\/10\\\/IMG_4226.jpeg\",\"contentUrl\":\"https:\\\/\\\/voxsahel.com\\\/wp-content\\\/uploads\\\/2024\\\/10\\\/IMG_4226.jpeg\",\"width\":1280,\"height\":720},{\"@type\":\"BreadcrumbList\",\"@id\":\"https:\\\/\\\/voxsahel.com\\\/?p=445#breadcrumb\",\"itemListElement\":[{\"@type\":\"ListItem\",\"position\":1,\"name\":\"Home\",\"item\":\"https:\\\/\\\/voxsahel.com\\\/\"},{\"@type\":\"ListItem\",\"position\":2,\"name\":\"19e Sommet de la Francophonie : Quand l&rsquo;Absence des pays de l&rsquo;AES redessine l&rsquo;\u00e9chiquier diplomatique\"}]},{\"@type\":\"WebSite\",\"@id\":\"https:\\\/\\\/voxsahel.com\\\/#website\",\"url\":\"https:\\\/\\\/voxsahel.com\\\/\",\"name\":\"Vox Sahel\",\"description\":\"Informez-vous sur le Sahel en un clic\",\"publisher\":{\"@id\":\"https:\\\/\\\/voxsahel.com\\\/#organization\"},\"potentialAction\":[{\"@type\":\"SearchAction\",\"target\":{\"@type\":\"EntryPoint\",\"urlTemplate\":\"https:\\\/\\\/voxsahel.com\\\/?s={search_term_string}\"},\"query-input\":{\"@type\":\"PropertyValueSpecification\",\"valueRequired\":true,\"valueName\":\"search_term_string\"}}],\"inLanguage\":\"fr-FR\"},{\"@type\":\"Organization\",\"@id\":\"https:\\\/\\\/voxsahel.com\\\/#organization\",\"name\":\"Vox Sahel\",\"url\":\"https:\\\/\\\/voxsahel.com\\\/\",\"logo\":{\"@type\":\"ImageObject\",\"inLanguage\":\"fr-FR\",\"@id\":\"https:\\\/\\\/voxsahel.com\\\/#\\\/schema\\\/logo\\\/image\\\/\",\"url\":\"https:\\\/\\\/voxsahel.com\\\/wp-content\\\/uploads\\\/2024\\\/09\\\/Logo-Vox-Sahel.jpg\",\"contentUrl\":\"https:\\\/\\\/voxsahel.com\\\/wp-content\\\/uploads\\\/2024\\\/09\\\/Logo-Vox-Sahel.jpg\",\"width\":1181,\"height\":848,\"caption\":\"Vox Sahel\"},\"image\":{\"@id\":\"https:\\\/\\\/voxsahel.com\\\/#\\\/schema\\\/logo\\\/image\\\/\"},\"sameAs\":[\"https:\\\/\\\/www.facebook.com\\\/journal.voxsahel\"]},{\"@type\":\"Person\",\"@id\":\"https:\\\/\\\/voxsahel.com\\\/#\\\/schema\\\/person\\\/b4043608248f8fa227cd760e7ff1e19e\",\"name\":\"Vox Sahel\",\"image\":{\"@type\":\"ImageObject\",\"inLanguage\":\"fr-FR\",\"@id\":\"https:\\\/\\\/secure.gravatar.com\\\/avatar\\\/f70e7fa0cb9b29d4a7c5788d6eb2e9ab4d3135cbae1c9161810fdf77a8964699?s=96&d=mm&r=g\",\"url\":\"https:\\\/\\\/secure.gravatar.com\\\/avatar\\\/f70e7fa0cb9b29d4a7c5788d6eb2e9ab4d3135cbae1c9161810fdf77a8964699?s=96&d=mm&r=g\",\"contentUrl\":\"https:\\\/\\\/secure.gravatar.com\\\/avatar\\\/f70e7fa0cb9b29d4a7c5788d6eb2e9ab4d3135cbae1c9161810fdf77a8964699?s=96&d=mm&r=g\",\"caption\":\"Vox Sahel\"},\"sameAs\":[\"http:\\\/\\\/www.voxsahel.com\"],\"url\":\"https:\\\/\\\/voxsahel.com\\\/?author=2\"}]}<\/script>\n<!-- \/ Yoast SEO plugin. -->","yoast_head_json":{"title":"19e Sommet de la Francophonie : Quand l'Absence des pays de l'AES redessine l'\u00e9chiquier diplomatique - Vox Sahel","robots":{"index":"index","follow":"follow","max-snippet":"max-snippet:-1","max-image-preview":"max-image-preview:large","max-video-preview":"max-video-preview:-1"},"canonical":"https:\/\/voxsahel.com\/?p=445","og_locale":"fr_FR","og_type":"article","og_title":"19e Sommet de la Francophonie : Quand l'Absence des pays de l'AES redessine l'\u00e9chiquier diplomatique - Vox Sahel","og_description":"Le 19e sommet de la Francophonie s&rsquo;ouvre ce vendredi \u00e0 Villers-Cotter\u00eats et Paris, sous le","og_url":"https:\/\/voxsahel.com\/?p=445","og_site_name":"Vox Sahel","article_publisher":"https:\/\/www.facebook.com\/journal.voxsahel","article_published_time":"2024-10-03T16:51:47+00:00","article_modified_time":"2024-10-03T17:07:03+00:00","og_image":[{"width":1280,"height":720,"url":"https:\/\/voxsahel.com\/wp-content\/uploads\/2024\/10\/IMG_4226.jpeg","type":"image\/jpeg"}],"author":"Vox Sahel","twitter_card":"summary_large_image","twitter_misc":{"\u00c9crit par":"Vox Sahel","Dur\u00e9e de lecture estim\u00e9e":"2 minutes"},"schema":{"@context":"https:\/\/schema.org","@graph":[{"@type":"Article","@id":"https:\/\/voxsahel.com\/?p=445#article","isPartOf":{"@id":"https:\/\/voxsahel.com\/?p=445"},"author":{"name":"Vox Sahel","@id":"https:\/\/voxsahel.com\/#\/schema\/person\/b4043608248f8fa227cd760e7ff1e19e"},"headline":"19e Sommet de la Francophonie : Quand l&rsquo;Absence des pays de l&rsquo;AES redessine l&rsquo;\u00e9chiquier diplomatique","datePublished":"2024-10-03T16:51:47+00:00","dateModified":"2024-10-03T17:07:03+00:00","mainEntityOfPage":{"@id":"https:\/\/voxsahel.com\/?p=445"},"wordCount":420,"commentCount":0,"publisher":{"@id":"https:\/\/voxsahel.com\/#organization"},"image":{"@id":"https:\/\/voxsahel.com\/?p=445#primaryimage"},"thumbnailUrl":"https:\/\/voxsahel.com\/wp-content\/uploads\/2024\/10\/IMG_4226.jpeg","keywords":["AES","Alliance des \u00c9tats du Sahel","Burkina Faso","Conf\u00e9d\u00e9ration de l\u2019Alliances des \u00c9tats du Sahel","France","Francophonie","Mali","Niger","OIF","Organisation Internationale de la Francophonie"],"articleSection":["POLITIQUE"],"inLanguage":"fr-FR","potentialAction":[{"@type":"CommentAction","name":"Comment","target":["https:\/\/voxsahel.com\/?p=445#respond"]}]},{"@type":"WebPage","@id":"https:\/\/voxsahel.com\/?p=445","url":"https:\/\/voxsahel.com\/?p=445","name":"19e Sommet de la Francophonie : Quand l'Absence des pays de l'AES redessine l'\u00e9chiquier diplomatique - Vox Sahel","isPartOf":{"@id":"https:\/\/voxsahel.com\/#website"},"primaryImageOfPage":{"@id":"https:\/\/voxsahel.com\/?p=445#primaryimage"},"image":{"@id":"https:\/\/voxsahel.com\/?p=445#primaryimage"},"thumbnailUrl":"https:\/\/voxsahel.com\/wp-content\/uploads\/2024\/10\/IMG_4226.jpeg","datePublished":"2024-10-03T16:51:47+00:00","dateModified":"2024-10-03T17:07:03+00:00","breadcrumb":{"@id":"https:\/\/voxsahel.com\/?p=445#breadcrumb"},"inLanguage":"fr-FR","potentialAction":[{"@type":"ReadAction","target":["https:\/\/voxsahel.com\/?p=445"]}]},{"@type":"ImageObject","inLanguage":"fr-FR","@id":"https:\/\/voxsahel.com\/?p=445#primaryimage","url":"https:\/\/voxsahel.com\/wp-content\/uploads\/2024\/10\/IMG_4226.jpeg","contentUrl":"https:\/\/voxsahel.com\/wp-content\/uploads\/2024\/10\/IMG_4226.jpeg","width":1280,"height":720},{"@type":"BreadcrumbList","@id":"https:\/\/voxsahel.com\/?p=445#breadcrumb","itemListElement":[{"@type":"ListItem","position":1,"name":"Home","item":"https:\/\/voxsahel.com\/"},{"@type":"ListItem","position":2,"name":"19e Sommet de la Francophonie : Quand l&rsquo;Absence des pays de l&rsquo;AES redessine l&rsquo;\u00e9chiquier diplomatique"}]},{"@type":"WebSite","@id":"https:\/\/voxsahel.com\/#website","url":"https:\/\/voxsahel.com\/","name":"Vox Sahel","description":"Informez-vous sur le Sahel en un clic","publisher":{"@id":"https:\/\/voxsahel.com\/#organization"},"potentialAction":[{"@type":"SearchAction","target":{"@type":"EntryPoint","urlTemplate":"https:\/\/voxsahel.com\/?s={search_term_string}"},"query-input":{"@type":"PropertyValueSpecification","valueRequired":true,"valueName":"search_term_string"}}],"inLanguage":"fr-FR"},{"@type":"Organization","@id":"https:\/\/voxsahel.com\/#organization","name":"Vox Sahel","url":"https:\/\/voxsahel.com\/","logo":{"@type":"ImageObject","inLanguage":"fr-FR","@id":"https:\/\/voxsahel.com\/#\/schema\/logo\/image\/","url":"https:\/\/voxsahel.com\/wp-content\/uploads\/2024\/09\/Logo-Vox-Sahel.jpg","contentUrl":"https:\/\/voxsahel.com\/wp-content\/uploads\/2024\/09\/Logo-Vox-Sahel.jpg","width":1181,"height":848,"caption":"Vox Sahel"},"image":{"@id":"https:\/\/voxsahel.com\/#\/schema\/logo\/image\/"},"sameAs":["https:\/\/www.facebook.com\/journal.voxsahel"]},{"@type":"Person","@id":"https:\/\/voxsahel.com\/#\/schema\/person\/b4043608248f8fa227cd760e7ff1e19e","name":"Vox Sahel","image":{"@type":"ImageObject","inLanguage":"fr-FR","@id":"https:\/\/secure.gravatar.com\/avatar\/f70e7fa0cb9b29d4a7c5788d6eb2e9ab4d3135cbae1c9161810fdf77a8964699?s=96&d=mm&r=g","url":"https:\/\/secure.gravatar.com\/avatar\/f70e7fa0cb9b29d4a7c5788d6eb2e9ab4d3135cbae1c9161810fdf77a8964699?s=96&d=mm&r=g","contentUrl":"https:\/\/secure.gravatar.com\/avatar\/f70e7fa0cb9b29d4a7c5788d6eb2e9ab4d3135cbae1c9161810fdf77a8964699?s=96&d=mm&r=g","caption":"Vox Sahel"},"sameAs":["http:\/\/www.voxsahel.com"],"url":"https:\/\/voxsahel.com\/?author=2"}]}},"_links":{"self":[{"href":"https:\/\/voxsahel.com\/index.php?rest_route=\/wp\/v2\/posts\/445","targetHints":{"allow":["GET"]}}],"collection":[{"href":"https:\/\/voxsahel.com\/index.php?rest_route=\/wp\/v2\/posts"}],"about":[{"href":"https:\/\/voxsahel.com\/index.php?rest_route=\/wp\/v2\/types\/post"}],"author":[{"embeddable":true,"href":"https:\/\/voxsahel.com\/index.php?rest_route=\/wp\/v2\/users\/2"}],"replies":[{"embeddable":true,"href":"https:\/\/voxsahel.com\/index.php?rest_route=%2Fwp%2Fv2%2Fcomments&post=445"}],"version-history":[{"count":1,"href":"https:\/\/voxsahel.com\/index.php?rest_route=\/wp\/v2\/posts\/445\/revisions"}],"predecessor-version":[{"id":447,"href":"https:\/\/voxsahel.com\/index.php?rest_route=\/wp\/v2\/posts\/445\/revisions\/447"}],"wp:featuredmedia":[{"embeddable":true,"href":"https:\/\/voxsahel.com\/index.php?rest_route=\/wp\/v2\/media\/449"}],"wp:attachment":[{"href":"https:\/\/voxsahel.com\/index.php?rest_route=%2Fwp%2Fv2%2Fmedia&parent=445"}],"wp:term":[{"taxonomy":"category","embeddable":true,"href":"https:\/\/voxsahel.com\/index.php?rest_route=%2Fwp%2Fv2%2Fcategories&post=445"},{"taxonomy":"post_tag","embeddable":true,"href":"https:\/\/voxsahel.com\/index.php?rest_route=%2Fwp%2Fv2%2Ftags&post=445"}],"curies":[{"name":"wp","href":"https:\/\/api.w.org\/{rel}","templated":true}]}}