{"id":442,"date":"2024-10-03T14:50:45","date_gmt":"2024-10-03T14:50:45","guid":{"rendered":"https:\/\/voxsahel.com\/?p=442"},"modified":"2024-10-03T14:50:45","modified_gmt":"2024-10-03T14:50:45","slug":"burkina-faso-suspension-momentanee-de-loperation-de-delivrance-des-permis-urbains-et-parcelles","status":"publish","type":"post","link":"https:\/\/voxsahel.com\/?p=442","title":{"rendered":"Burkina Faso : Suspension momentan\u00e9e de l&rsquo;op\u00e9ration de d\u00e9livrance des permis urbains et parcelles"},"content":{"rendered":"<p class=\"p1\"><span class=\"s1\">Le Minist\u00e8re de l&rsquo;\u00c9conomie et des Finances du Burkina Faso a annonc\u00e9 la suspension temporaire de l&rsquo;op\u00e9ration sp\u00e9ciale de d\u00e9livrance des Permis Urbains d&rsquo;Habiter (PUH) et des Attestations d&rsquo;Attribution de Parcelle (AAP). Cette mesure, en vigueur du 7 au 20 octobre 2024, a \u00e9t\u00e9 prise en raison de difficult\u00e9s techniques rencontr\u00e9es dans le traitement des demandes.<\/span><\/p>\n<p class=\"p1\"><span class=\"s1\">Lanc\u00e9e initialement pour une dur\u00e9e d&rsquo;un mois, l&rsquo;op\u00e9ration avait \u00e9t\u00e9 prorog\u00e9e d\u2019un mois suppl\u00e9mentaire en raison de l&rsquo;engouement massif des acqu\u00e9reurs de parcelles aupr\u00e8s des promoteurs immobiliers priv\u00e9s et des coop\u00e9ratives d&rsquo;habitat. Malgr\u00e9 cette prolongation et les efforts d\u00e9ploy\u00e9s par les \u00e9quipes techniques, le Minist\u00e8re a constat\u00e9 des probl\u00e8mes persistants dans le processus de paiement des co\u00fbts forfaitaires et le traitement des demandes via la plateforme en ligne eTitre2.<\/span><\/p>\n<p class=\"p1\"><span class=\"s1\">Cette suspension permettra aux autorit\u00e9s de r\u00e9soudre les probl\u00e8mes techniques et d&rsquo;apurer les demandes en attente. Le minist\u00e8re a assur\u00e9 que l&rsquo;op\u00e9ration reprendra le 21 octobre 2024, et qu\u2019un nouveau d\u00e9lai sera accord\u00e9 aux demandeurs n\u2019ayant pas encore pu r\u00e9gulariser leurs situations.<\/span><\/p>\n<p class=\"p1\"><span class=\"s1\">Le Secr\u00e9taire g\u00e9n\u00e9ral du Minist\u00e8re de l&rsquo;\u00c9conomie et des Finances s\u2019excuse pour les d\u00e9sagr\u00e9ments occasionn\u00e9s et compte sur la compr\u00e9hension du public.<\/span><\/p>\n<p class=\"p1\"><span class=\"s1\">L&rsquo;op\u00e9ration sp\u00e9ciale vise \u00e0 r\u00e9gulariser la situation fonci\u00e8re des acqu\u00e9reurs de parcelles et de logements en leur octroyant des documents officiels tels que les Permis Urbains d&rsquo;Habiter et les Attestations d&rsquo;Attribution de Parcelle. Ces documents sont essentiels pour la s\u00e9curisation juridique des terres et des logements acquis.<\/span><\/p>\n<p class=\"p1\"><span class=\"s1\">La plateforme num\u00e9rique eTitre2, qui devait faciliter le traitement des demandes, a rencontr\u00e9 des difficult\u00e9s. Les retards dans le paiement des frais forfaitaires et les lenteurs administratives ont pouss\u00e9 les autorit\u00e9s \u00e0 suspendre temporairement le processus, le temps de r\u00e9soudre ces probl\u00e8mes.<\/span><\/p>\n<p class=\"p1\"><span class=\"s1\">Les demandeurs sont invit\u00e9s \u00e0 rester attentifs aux nouvelles instructions qui seront communiqu\u00e9es avant la reprise de l\u2019op\u00e9ration.<\/span><\/p>\n<p class=\"p1\"><span class=\"s1\">La reprise de l&rsquo;op\u00e9ration est pr\u00e9vue pour le 21 octobre 2024, et les autorit\u00e9s promettent un suivi efficace afin d\u2019\u00e9viter de nouveaux retards. Les demandeurs qui n\u2019ont pas encore r\u00e9gularis\u00e9 leur situation disposeront d\u2019un nouveau d\u00e9lai pour compl\u00e9ter leurs d\u00e9marches.<\/span><\/p>\n<p class=\"p1\"><span class=\"s1\">Cette mesure s\u2019inscrit dans la volont\u00e9 du gouvernement de garantir un acc\u00e8s \u00e9quitable et s\u00e9curis\u00e9 aux documents fonciers pour tous les citoyens burkinab\u00e8.<\/span><\/p>\n<p style=\"text-align: right;\"><b>Par Vox Sahel<\/b><\/p>\n","protected":false},"excerpt":{"rendered":"<p>Le Minist\u00e8re de l&rsquo;\u00c9conomie et des Finances du Burkina Faso a annonc\u00e9 la suspension temporaire<\/p>\n","protected":false},"author":2,"featured_media":443,"comment_status":"open","ping_status":"open","sticky":false,"template":"","format":"standard","meta":{"_et_pb_use_builder":"","_et_pb_old_content":"","_et_gb_content_width":"","footnotes":""},"categories":[10],"tags":[18,105,277,276],"class_list":["post-442","post","type-post","status-publish","format-standard","has-post-thumbnail","hentry","category-foncier","tag-burkina-faso","tag-foncier","tag-permis-urbain-dhabitation","tag-puh"],"yoast_head":"<!-- This site is optimized with the Yoast SEO plugin v27.5 - https:\/\/yoast.com\/product\/yoast-seo-wordpress\/ -->\n<title>Burkina Faso : Suspension momentan\u00e9e de l&#039;op\u00e9ration de d\u00e9livrance des permis urbains et parcelles - Vox Sahel<\/title>\n<meta name=\"robots\" content=\"index, follow, max-snippet:-1, max-image-preview:large, max-video-preview:-1\" \/>\n<link rel=\"canonical\" href=\"https:\/\/voxsahel.com\/?p=442\" \/>\n<meta property=\"og:locale\" content=\"fr_FR\" \/>\n<meta property=\"og:type\" content=\"article\" \/>\n<meta property=\"og:title\" content=\"Burkina Faso : Suspension momentan\u00e9e de l&#039;op\u00e9ration de d\u00e9livrance des permis urbains et parcelles - Vox Sahel\" \/>\n<meta property=\"og:description\" content=\"Le Minist\u00e8re de l&rsquo;\u00c9conomie et des Finances du Burkina Faso a annonc\u00e9 la suspension temporaire\" \/>\n<meta property=\"og:url\" content=\"https:\/\/voxsahel.com\/?p=442\" \/>\n<meta property=\"og:site_name\" content=\"Vox Sahel\" \/>\n<meta property=\"article:publisher\" content=\"https:\/\/www.facebook.com\/journal.voxsahel\" \/>\n<meta property=\"article:published_time\" content=\"2024-10-03T14:50:45+00:00\" \/>\n<meta property=\"og:image\" content=\"https:\/\/voxsahel.com\/wp-content\/uploads\/2024\/10\/IMG_4177.jpeg\" \/>\n\t<meta property=\"og:image:width\" content=\"894\" \/>\n\t<meta property=\"og:image:height\" content=\"585\" \/>\n\t<meta property=\"og:image:type\" content=\"image\/jpeg\" \/>\n<meta name=\"author\" content=\"Vox Sahel\" \/>\n<meta name=\"twitter:card\" content=\"summary_large_image\" \/>\n<meta name=\"twitter:label1\" content=\"\u00c9crit par\" \/>\n\t<meta name=\"twitter:data1\" content=\"Vox Sahel\" \/>\n\t<meta name=\"twitter:label2\" content=\"Dur\u00e9e de lecture estim\u00e9e\" \/>\n\t<meta name=\"twitter:data2\" content=\"3 minutes\" \/>\n<script type=\"application\/ld+json\" class=\"yoast-schema-graph\">{\"@context\":\"https:\\\/\\\/schema.org\",\"@graph\":[{\"@type\":\"Article\",\"@id\":\"https:\\\/\\\/voxsahel.com\\\/?p=442#article\",\"isPartOf\":{\"@id\":\"https:\\\/\\\/voxsahel.com\\\/?p=442\"},\"author\":{\"name\":\"Vox Sahel\",\"@id\":\"https:\\\/\\\/voxsahel.com\\\/#\\\/schema\\\/person\\\/b4043608248f8fa227cd760e7ff1e19e\"},\"headline\":\"Burkina Faso : Suspension momentan\u00e9e de l&rsquo;op\u00e9ration de d\u00e9livrance des permis urbains et parcelles\",\"datePublished\":\"2024-10-03T14:50:45+00:00\",\"mainEntityOfPage\":{\"@id\":\"https:\\\/\\\/voxsahel.com\\\/?p=442\"},\"wordCount\":451,\"commentCount\":0,\"publisher\":{\"@id\":\"https:\\\/\\\/voxsahel.com\\\/#organization\"},\"image\":{\"@id\":\"https:\\\/\\\/voxsahel.com\\\/?p=442#primaryimage\"},\"thumbnailUrl\":\"https:\\\/\\\/voxsahel.com\\\/wp-content\\\/uploads\\\/2024\\\/10\\\/IMG_4177.jpeg\",\"keywords\":[\"Burkina Faso\",\"Foncier\",\"Permis urbain d\u2019habitation\",\"PUH\"],\"articleSection\":[\"FONCIER\"],\"inLanguage\":\"fr-FR\",\"potentialAction\":[{\"@type\":\"CommentAction\",\"name\":\"Comment\",\"target\":[\"https:\\\/\\\/voxsahel.com\\\/?p=442#respond\"]}]},{\"@type\":\"WebPage\",\"@id\":\"https:\\\/\\\/voxsahel.com\\\/?p=442\",\"url\":\"https:\\\/\\\/voxsahel.com\\\/?p=442\",\"name\":\"Burkina Faso : Suspension momentan\u00e9e de l'op\u00e9ration de d\u00e9livrance des permis urbains et parcelles - Vox Sahel\",\"isPartOf\":{\"@id\":\"https:\\\/\\\/voxsahel.com\\\/#website\"},\"primaryImageOfPage\":{\"@id\":\"https:\\\/\\\/voxsahel.com\\\/?p=442#primaryimage\"},\"image\":{\"@id\":\"https:\\\/\\\/voxsahel.com\\\/?p=442#primaryimage\"},\"thumbnailUrl\":\"https:\\\/\\\/voxsahel.com\\\/wp-content\\\/uploads\\\/2024\\\/10\\\/IMG_4177.jpeg\",\"datePublished\":\"2024-10-03T14:50:45+00:00\",\"breadcrumb\":{\"@id\":\"https:\\\/\\\/voxsahel.com\\\/?p=442#breadcrumb\"},\"inLanguage\":\"fr-FR\",\"potentialAction\":[{\"@type\":\"ReadAction\",\"target\":[\"https:\\\/\\\/voxsahel.com\\\/?p=442\"]}]},{\"@type\":\"ImageObject\",\"inLanguage\":\"fr-FR\",\"@id\":\"https:\\\/\\\/voxsahel.com\\\/?p=442#primaryimage\",\"url\":\"https:\\\/\\\/voxsahel.com\\\/wp-content\\\/uploads\\\/2024\\\/10\\\/IMG_4177.jpeg\",\"contentUrl\":\"https:\\\/\\\/voxsahel.com\\\/wp-content\\\/uploads\\\/2024\\\/10\\\/IMG_4177.jpeg\",\"width\":894,\"height\":585},{\"@type\":\"BreadcrumbList\",\"@id\":\"https:\\\/\\\/voxsahel.com\\\/?p=442#breadcrumb\",\"itemListElement\":[{\"@type\":\"ListItem\",\"position\":1,\"name\":\"Home\",\"item\":\"https:\\\/\\\/voxsahel.com\\\/\"},{\"@type\":\"ListItem\",\"position\":2,\"name\":\"Burkina Faso : Suspension momentan\u00e9e de l&rsquo;op\u00e9ration de d\u00e9livrance des permis urbains et parcelles\"}]},{\"@type\":\"WebSite\",\"@id\":\"https:\\\/\\\/voxsahel.com\\\/#website\",\"url\":\"https:\\\/\\\/voxsahel.com\\\/\",\"name\":\"Vox Sahel\",\"description\":\"Informez-vous sur le Sahel en un clic\",\"publisher\":{\"@id\":\"https:\\\/\\\/voxsahel.com\\\/#organization\"},\"potentialAction\":[{\"@type\":\"SearchAction\",\"target\":{\"@type\":\"EntryPoint\",\"urlTemplate\":\"https:\\\/\\\/voxsahel.com\\\/?s={search_term_string}\"},\"query-input\":{\"@type\":\"PropertyValueSpecification\",\"valueRequired\":true,\"valueName\":\"search_term_string\"}}],\"inLanguage\":\"fr-FR\"},{\"@type\":\"Organization\",\"@id\":\"https:\\\/\\\/voxsahel.com\\\/#organization\",\"name\":\"Vox Sahel\",\"url\":\"https:\\\/\\\/voxsahel.com\\\/\",\"logo\":{\"@type\":\"ImageObject\",\"inLanguage\":\"fr-FR\",\"@id\":\"https:\\\/\\\/voxsahel.com\\\/#\\\/schema\\\/logo\\\/image\\\/\",\"url\":\"https:\\\/\\\/voxsahel.com\\\/wp-content\\\/uploads\\\/2024\\\/09\\\/Logo-Vox-Sahel.jpg\",\"contentUrl\":\"https:\\\/\\\/voxsahel.com\\\/wp-content\\\/uploads\\\/2024\\\/09\\\/Logo-Vox-Sahel.jpg\",\"width\":1181,\"height\":848,\"caption\":\"Vox Sahel\"},\"image\":{\"@id\":\"https:\\\/\\\/voxsahel.com\\\/#\\\/schema\\\/logo\\\/image\\\/\"},\"sameAs\":[\"https:\\\/\\\/www.facebook.com\\\/journal.voxsahel\"]},{\"@type\":\"Person\",\"@id\":\"https:\\\/\\\/voxsahel.com\\\/#\\\/schema\\\/person\\\/b4043608248f8fa227cd760e7ff1e19e\",\"name\":\"Vox Sahel\",\"image\":{\"@type\":\"ImageObject\",\"inLanguage\":\"fr-FR\",\"@id\":\"https:\\\/\\\/secure.gravatar.com\\\/avatar\\\/f70e7fa0cb9b29d4a7c5788d6eb2e9ab4d3135cbae1c9161810fdf77a8964699?s=96&d=mm&r=g\",\"url\":\"https:\\\/\\\/secure.gravatar.com\\\/avatar\\\/f70e7fa0cb9b29d4a7c5788d6eb2e9ab4d3135cbae1c9161810fdf77a8964699?s=96&d=mm&r=g\",\"contentUrl\":\"https:\\\/\\\/secure.gravatar.com\\\/avatar\\\/f70e7fa0cb9b29d4a7c5788d6eb2e9ab4d3135cbae1c9161810fdf77a8964699?s=96&d=mm&r=g\",\"caption\":\"Vox Sahel\"},\"sameAs\":[\"http:\\\/\\\/www.voxsahel.com\"],\"url\":\"https:\\\/\\\/voxsahel.com\\\/?author=2\"}]}<\/script>\n<!-- \/ Yoast SEO plugin. -->","yoast_head_json":{"title":"Burkina Faso : Suspension momentan\u00e9e de l'op\u00e9ration de d\u00e9livrance des permis urbains et parcelles - Vox Sahel","robots":{"index":"index","follow":"follow","max-snippet":"max-snippet:-1","max-image-preview":"max-image-preview:large","max-video-preview":"max-video-preview:-1"},"canonical":"https:\/\/voxsahel.com\/?p=442","og_locale":"fr_FR","og_type":"article","og_title":"Burkina Faso : Suspension momentan\u00e9e de l'op\u00e9ration de d\u00e9livrance des permis urbains et parcelles - Vox Sahel","og_description":"Le Minist\u00e8re de l&rsquo;\u00c9conomie et des Finances du Burkina Faso a annonc\u00e9 la suspension temporaire","og_url":"https:\/\/voxsahel.com\/?p=442","og_site_name":"Vox Sahel","article_publisher":"https:\/\/www.facebook.com\/journal.voxsahel","article_published_time":"2024-10-03T14:50:45+00:00","og_image":[{"width":894,"height":585,"url":"https:\/\/voxsahel.com\/wp-content\/uploads\/2024\/10\/IMG_4177.jpeg","type":"image\/jpeg"}],"author":"Vox Sahel","twitter_card":"summary_large_image","twitter_misc":{"\u00c9crit par":"Vox Sahel","Dur\u00e9e de lecture estim\u00e9e":"3 minutes"},"schema":{"@context":"https:\/\/schema.org","@graph":[{"@type":"Article","@id":"https:\/\/voxsahel.com\/?p=442#article","isPartOf":{"@id":"https:\/\/voxsahel.com\/?p=442"},"author":{"name":"Vox Sahel","@id":"https:\/\/voxsahel.com\/#\/schema\/person\/b4043608248f8fa227cd760e7ff1e19e"},"headline":"Burkina Faso : Suspension momentan\u00e9e de l&rsquo;op\u00e9ration de d\u00e9livrance des permis urbains et parcelles","datePublished":"2024-10-03T14:50:45+00:00","mainEntityOfPage":{"@id":"https:\/\/voxsahel.com\/?p=442"},"wordCount":451,"commentCount":0,"publisher":{"@id":"https:\/\/voxsahel.com\/#organization"},"image":{"@id":"https:\/\/voxsahel.com\/?p=442#primaryimage"},"thumbnailUrl":"https:\/\/voxsahel.com\/wp-content\/uploads\/2024\/10\/IMG_4177.jpeg","keywords":["Burkina Faso","Foncier","Permis urbain d\u2019habitation","PUH"],"articleSection":["FONCIER"],"inLanguage":"fr-FR","potentialAction":[{"@type":"CommentAction","name":"Comment","target":["https:\/\/voxsahel.com\/?p=442#respond"]}]},{"@type":"WebPage","@id":"https:\/\/voxsahel.com\/?p=442","url":"https:\/\/voxsahel.com\/?p=442","name":"Burkina Faso : Suspension momentan\u00e9e de l'op\u00e9ration de d\u00e9livrance des permis urbains et parcelles - Vox Sahel","isPartOf":{"@id":"https:\/\/voxsahel.com\/#website"},"primaryImageOfPage":{"@id":"https:\/\/voxsahel.com\/?p=442#primaryimage"},"image":{"@id":"https:\/\/voxsahel.com\/?p=442#primaryimage"},"thumbnailUrl":"https:\/\/voxsahel.com\/wp-content\/uploads\/2024\/10\/IMG_4177.jpeg","datePublished":"2024-10-03T14:50:45+00:00","breadcrumb":{"@id":"https:\/\/voxsahel.com\/?p=442#breadcrumb"},"inLanguage":"fr-FR","potentialAction":[{"@type":"ReadAction","target":["https:\/\/voxsahel.com\/?p=442"]}]},{"@type":"ImageObject","inLanguage":"fr-FR","@id":"https:\/\/voxsahel.com\/?p=442#primaryimage","url":"https:\/\/voxsahel.com\/wp-content\/uploads\/2024\/10\/IMG_4177.jpeg","contentUrl":"https:\/\/voxsahel.com\/wp-content\/uploads\/2024\/10\/IMG_4177.jpeg","width":894,"height":585},{"@type":"BreadcrumbList","@id":"https:\/\/voxsahel.com\/?p=442#breadcrumb","itemListElement":[{"@type":"ListItem","position":1,"name":"Home","item":"https:\/\/voxsahel.com\/"},{"@type":"ListItem","position":2,"name":"Burkina Faso : Suspension momentan\u00e9e de l&rsquo;op\u00e9ration de d\u00e9livrance des permis urbains et parcelles"}]},{"@type":"WebSite","@id":"https:\/\/voxsahel.com\/#website","url":"https:\/\/voxsahel.com\/","name":"Vox Sahel","description":"Informez-vous sur le Sahel en un clic","publisher":{"@id":"https:\/\/voxsahel.com\/#organization"},"potentialAction":[{"@type":"SearchAction","target":{"@type":"EntryPoint","urlTemplate":"https:\/\/voxsahel.com\/?s={search_term_string}"},"query-input":{"@type":"PropertyValueSpecification","valueRequired":true,"valueName":"search_term_string"}}],"inLanguage":"fr-FR"},{"@type":"Organization","@id":"https:\/\/voxsahel.com\/#organization","name":"Vox Sahel","url":"https:\/\/voxsahel.com\/","logo":{"@type":"ImageObject","inLanguage":"fr-FR","@id":"https:\/\/voxsahel.com\/#\/schema\/logo\/image\/","url":"https:\/\/voxsahel.com\/wp-content\/uploads\/2024\/09\/Logo-Vox-Sahel.jpg","contentUrl":"https:\/\/voxsahel.com\/wp-content\/uploads\/2024\/09\/Logo-Vox-Sahel.jpg","width":1181,"height":848,"caption":"Vox Sahel"},"image":{"@id":"https:\/\/voxsahel.com\/#\/schema\/logo\/image\/"},"sameAs":["https:\/\/www.facebook.com\/journal.voxsahel"]},{"@type":"Person","@id":"https:\/\/voxsahel.com\/#\/schema\/person\/b4043608248f8fa227cd760e7ff1e19e","name":"Vox Sahel","image":{"@type":"ImageObject","inLanguage":"fr-FR","@id":"https:\/\/secure.gravatar.com\/avatar\/f70e7fa0cb9b29d4a7c5788d6eb2e9ab4d3135cbae1c9161810fdf77a8964699?s=96&d=mm&r=g","url":"https:\/\/secure.gravatar.com\/avatar\/f70e7fa0cb9b29d4a7c5788d6eb2e9ab4d3135cbae1c9161810fdf77a8964699?s=96&d=mm&r=g","contentUrl":"https:\/\/secure.gravatar.com\/avatar\/f70e7fa0cb9b29d4a7c5788d6eb2e9ab4d3135cbae1c9161810fdf77a8964699?s=96&d=mm&r=g","caption":"Vox Sahel"},"sameAs":["http:\/\/www.voxsahel.com"],"url":"https:\/\/voxsahel.com\/?author=2"}]}},"_links":{"self":[{"href":"https:\/\/voxsahel.com\/index.php?rest_route=\/wp\/v2\/posts\/442","targetHints":{"allow":["GET"]}}],"collection":[{"href":"https:\/\/voxsahel.com\/index.php?rest_route=\/wp\/v2\/posts"}],"about":[{"href":"https:\/\/voxsahel.com\/index.php?rest_route=\/wp\/v2\/types\/post"}],"author":[{"embeddable":true,"href":"https:\/\/voxsahel.com\/index.php?rest_route=\/wp\/v2\/users\/2"}],"replies":[{"embeddable":true,"href":"https:\/\/voxsahel.com\/index.php?rest_route=%2Fwp%2Fv2%2Fcomments&post=442"}],"version-history":[{"count":1,"href":"https:\/\/voxsahel.com\/index.php?rest_route=\/wp\/v2\/posts\/442\/revisions"}],"predecessor-version":[{"id":444,"href":"https:\/\/voxsahel.com\/index.php?rest_route=\/wp\/v2\/posts\/442\/revisions\/444"}],"wp:featuredmedia":[{"embeddable":true,"href":"https:\/\/voxsahel.com\/index.php?rest_route=\/wp\/v2\/media\/443"}],"wp:attachment":[{"href":"https:\/\/voxsahel.com\/index.php?rest_route=%2Fwp%2Fv2%2Fmedia&parent=442"}],"wp:term":[{"taxonomy":"category","embeddable":true,"href":"https:\/\/voxsahel.com\/index.php?rest_route=%2Fwp%2Fv2%2Fcategories&post=442"},{"taxonomy":"post_tag","embeddable":true,"href":"https:\/\/voxsahel.com\/index.php?rest_route=%2Fwp%2Fv2%2Ftags&post=442"}],"curies":[{"name":"wp","href":"https:\/\/api.w.org\/{rel}","templated":true}]}}