{"id":439,"date":"2024-10-03T09:53:26","date_gmt":"2024-10-03T09:53:26","guid":{"rendered":"https:\/\/voxsahel.com\/?p=439"},"modified":"2024-10-03T09:53:26","modified_gmt":"2024-10-03T09:53:26","slug":"coupe-du-monde-maracana-2024-le-burkina-faso-se-qualifie-brillamment-pour-les-quarts-de-finale","status":"publish","type":"post","link":"https:\/\/voxsahel.com\/?p=439","title":{"rendered":"Coupe du Monde Maracana 2024 : Le Burkina Faso se qualifie brillamment pour les quarts de finale"},"content":{"rendered":"<p class=\"p1\">Les \u00c9talons du Burkina Faso ont assur\u00e9 leur place en quart de finale de la Coupe du Monde Maracana, se d\u00e9roulant actuellement en C\u00f4te d&rsquo;Ivoire. En surclassant la Guin\u00e9e-Bissau avec une victoire \u00e9crasante de 6-0, ce mercredi 2 octobre 2024, l&rsquo;\u00e9quipe burkinab\u00e8 continue de briller sur la sc\u00e8ne internationale.<\/p>\n<p class=\"p1\"><span class=\"s2\">D\u00e8s l&rsquo;entame de la comp\u00e9tition, les \u00c9talons avaient envoy\u00e9 un signal fort en battant le S\u00e9n\u00e9gal lors de leur premier match. Bien que ralentis par une d\u00e9faite contre le Togo lors de leur deuxi\u00e8me rencontre, les hommes du Burkina Faso n&rsquo;ont pas laiss\u00e9 place au doute. Ils ont valid\u00e9 leur qualification en dominante largement une \u00e9quipe de Guin\u00e9e-Bissau d\u00e9pass\u00e9e.<\/span><\/p>\n<p class=\"p1\"><span class=\"s2\">Ce triomphe, marqu\u00e9 par une performance collective impressionnante, place le Burkina Faso en t\u00eate du groupe C. Dans l&rsquo;autre match du groupe, le S\u00e9n\u00e9gal a pris le dessus sur le Togo (3-1), confirmant la premi\u00e8re place des \u00c9talons.<\/span><\/p>\n<p class=\"p1\"><span class=\"s2\">Cette victoire \u00e9clatante leur permet d&rsquo;acc\u00e9der aux quarts de finale, o\u00f9 ils affronteront le Canada ce vendredi. Les attentes sont grandes pour cette \u00e9quipe qui affiche un potentiel remarquable dans ce tournoi.<\/span><\/p>\n<p class=\"p1\"><span class=\"s2\">Avec des r\u00e9sultats encourageants jusqu&rsquo;ici, le Burkina Faso semble avoir trouv\u00e9 un bon \u00e9quilibre entre attaque et d\u00e9fense. Le match contre la Guin\u00e9e-Bissau a illustr\u00e9 la profondeur de l&rsquo;effectif burkinab\u00e8, avec une attaque redoutable et une d\u00e9fense solide, laissant peu de chances \u00e0 l&rsquo;adversaire.<\/span><\/p>\n<p class=\"p1\"><span class=\"s2\">Le prochain d\u00e9fi des \u00c9talons sera le Canada, un adversaire redoutable qui ne manquera pas de poser des probl\u00e8mes. Cependant, avec la confiance acquise et le soutien des supporters, le Burkina Faso semble pr\u00eat \u00e0 poursuivre son aventure vers les sommets de la Coupe du Monde Maracana 2024.<\/span><\/p>\n<p class=\"p1\"><span class=\"s2\">Rendez-vous ce vendredi pour un duel passionnant entre les \u00c9talons et les Canadiens, avec une place en demi-finale \u00e0 la cl\u00e9.<\/span><\/p>\n<p class=\"p1\"><span class=\"s1\">Matchs Prochains :<\/span><span class=\"s2\"> Burkina Faso vs Canada (quart de finale) \u2013 Vendredi, 4 octobre 2024<\/span><\/p>\n","protected":false},"excerpt":{"rendered":"<p>Les \u00c9talons du Burkina Faso ont assur\u00e9 leur place en quart de finale de la<\/p>\n","protected":false},"author":2,"featured_media":440,"comment_status":"open","ping_status":"open","sticky":false,"template":"","format":"standard","meta":{"_et_pb_use_builder":"","_et_pb_old_content":"","_et_gb_content_width":"","footnotes":""},"categories":[12],"tags":[18,80,251,274,40,35,275,34],"class_list":["post-439","post","type-post","status-publish","format-standard","has-post-thumbnail","hentry","category-sports","tag-burkina-faso","tag-cote-divoire","tag-coupe-du-monde-de-maracana","tag-etalons","tag-federation-burkinabe-de-football","tag-football","tag-maramonde","tag-sport"],"yoast_head":"<!-- This site is optimized with the Yoast SEO plugin v27.5 - https:\/\/yoast.com\/product\/yoast-seo-wordpress\/ -->\n<title>Coupe du Monde Maracana 2024 : Le Burkina Faso se qualifie brillamment pour les quarts de finale - Vox Sahel<\/title>\n<meta name=\"robots\" content=\"index, follow, max-snippet:-1, max-image-preview:large, max-video-preview:-1\" \/>\n<link rel=\"canonical\" href=\"https:\/\/voxsahel.com\/?p=439\" \/>\n<meta property=\"og:locale\" content=\"fr_FR\" \/>\n<meta property=\"og:type\" content=\"article\" \/>\n<meta property=\"og:title\" content=\"Coupe du Monde Maracana 2024 : Le Burkina Faso se qualifie brillamment pour les quarts de finale - Vox Sahel\" \/>\n<meta property=\"og:description\" content=\"Les \u00c9talons du Burkina Faso ont assur\u00e9 leur place en quart de finale de la\" \/>\n<meta property=\"og:url\" content=\"https:\/\/voxsahel.com\/?p=439\" \/>\n<meta property=\"og:site_name\" content=\"Vox Sahel\" \/>\n<meta property=\"article:publisher\" content=\"https:\/\/www.facebook.com\/journal.voxsahel\" \/>\n<meta property=\"article:published_time\" content=\"2024-10-03T09:53:26+00:00\" \/>\n<meta property=\"og:image\" content=\"https:\/\/voxsahel.com\/wp-content\/uploads\/2024\/10\/IMG_4052.jpeg\" \/>\n\t<meta property=\"og:image:width\" content=\"1080\" \/>\n\t<meta property=\"og:image:height\" content=\"720\" \/>\n\t<meta property=\"og:image:type\" content=\"image\/jpeg\" \/>\n<meta name=\"author\" content=\"Vox Sahel\" \/>\n<meta name=\"twitter:card\" content=\"summary_large_image\" \/>\n<meta name=\"twitter:label1\" content=\"\u00c9crit par\" \/>\n\t<meta name=\"twitter:data1\" content=\"Vox Sahel\" \/>\n\t<meta name=\"twitter:label2\" content=\"Dur\u00e9e de lecture estim\u00e9e\" \/>\n\t<meta name=\"twitter:data2\" content=\"2 minutes\" \/>\n<script type=\"application\/ld+json\" class=\"yoast-schema-graph\">{\"@context\":\"https:\\\/\\\/schema.org\",\"@graph\":[{\"@type\":\"Article\",\"@id\":\"https:\\\/\\\/voxsahel.com\\\/?p=439#article\",\"isPartOf\":{\"@id\":\"https:\\\/\\\/voxsahel.com\\\/?p=439\"},\"author\":{\"name\":\"Vox Sahel\",\"@id\":\"https:\\\/\\\/voxsahel.com\\\/#\\\/schema\\\/person\\\/b4043608248f8fa227cd760e7ff1e19e\"},\"headline\":\"Coupe du Monde Maracana 2024 : Le Burkina Faso se qualifie brillamment pour les quarts de finale\",\"datePublished\":\"2024-10-03T09:53:26+00:00\",\"mainEntityOfPage\":{\"@id\":\"https:\\\/\\\/voxsahel.com\\\/?p=439\"},\"wordCount\":345,\"commentCount\":0,\"publisher\":{\"@id\":\"https:\\\/\\\/voxsahel.com\\\/#organization\"},\"image\":{\"@id\":\"https:\\\/\\\/voxsahel.com\\\/?p=439#primaryimage\"},\"thumbnailUrl\":\"https:\\\/\\\/voxsahel.com\\\/wp-content\\\/uploads\\\/2024\\\/10\\\/IMG_4052.jpeg\",\"keywords\":[\"Burkina Faso\",\"C\u00f4te d\u2019Ivoire\",\"Coupe du Monde de Maracana\",\"Etalons\",\"F\u00e9d\u00e9ration Burkinab\u00e8 de Football\",\"Football\",\"Maramonde\",\"Sport\"],\"articleSection\":[\"SPORTS\"],\"inLanguage\":\"fr-FR\",\"potentialAction\":[{\"@type\":\"CommentAction\",\"name\":\"Comment\",\"target\":[\"https:\\\/\\\/voxsahel.com\\\/?p=439#respond\"]}]},{\"@type\":\"WebPage\",\"@id\":\"https:\\\/\\\/voxsahel.com\\\/?p=439\",\"url\":\"https:\\\/\\\/voxsahel.com\\\/?p=439\",\"name\":\"Coupe du Monde Maracana 2024 : Le Burkina Faso se qualifie brillamment pour les quarts de finale - Vox Sahel\",\"isPartOf\":{\"@id\":\"https:\\\/\\\/voxsahel.com\\\/#website\"},\"primaryImageOfPage\":{\"@id\":\"https:\\\/\\\/voxsahel.com\\\/?p=439#primaryimage\"},\"image\":{\"@id\":\"https:\\\/\\\/voxsahel.com\\\/?p=439#primaryimage\"},\"thumbnailUrl\":\"https:\\\/\\\/voxsahel.com\\\/wp-content\\\/uploads\\\/2024\\\/10\\\/IMG_4052.jpeg\",\"datePublished\":\"2024-10-03T09:53:26+00:00\",\"breadcrumb\":{\"@id\":\"https:\\\/\\\/voxsahel.com\\\/?p=439#breadcrumb\"},\"inLanguage\":\"fr-FR\",\"potentialAction\":[{\"@type\":\"ReadAction\",\"target\":[\"https:\\\/\\\/voxsahel.com\\\/?p=439\"]}]},{\"@type\":\"ImageObject\",\"inLanguage\":\"fr-FR\",\"@id\":\"https:\\\/\\\/voxsahel.com\\\/?p=439#primaryimage\",\"url\":\"https:\\\/\\\/voxsahel.com\\\/wp-content\\\/uploads\\\/2024\\\/10\\\/IMG_4052.jpeg\",\"contentUrl\":\"https:\\\/\\\/voxsahel.com\\\/wp-content\\\/uploads\\\/2024\\\/10\\\/IMG_4052.jpeg\",\"width\":1080,\"height\":720},{\"@type\":\"BreadcrumbList\",\"@id\":\"https:\\\/\\\/voxsahel.com\\\/?p=439#breadcrumb\",\"itemListElement\":[{\"@type\":\"ListItem\",\"position\":1,\"name\":\"Home\",\"item\":\"https:\\\/\\\/voxsahel.com\\\/\"},{\"@type\":\"ListItem\",\"position\":2,\"name\":\"Coupe du Monde Maracana 2024 : Le Burkina Faso se qualifie brillamment pour les quarts de finale\"}]},{\"@type\":\"WebSite\",\"@id\":\"https:\\\/\\\/voxsahel.com\\\/#website\",\"url\":\"https:\\\/\\\/voxsahel.com\\\/\",\"name\":\"Vox Sahel\",\"description\":\"Informez-vous sur le Sahel en un clic\",\"publisher\":{\"@id\":\"https:\\\/\\\/voxsahel.com\\\/#organization\"},\"potentialAction\":[{\"@type\":\"SearchAction\",\"target\":{\"@type\":\"EntryPoint\",\"urlTemplate\":\"https:\\\/\\\/voxsahel.com\\\/?s={search_term_string}\"},\"query-input\":{\"@type\":\"PropertyValueSpecification\",\"valueRequired\":true,\"valueName\":\"search_term_string\"}}],\"inLanguage\":\"fr-FR\"},{\"@type\":\"Organization\",\"@id\":\"https:\\\/\\\/voxsahel.com\\\/#organization\",\"name\":\"Vox Sahel\",\"url\":\"https:\\\/\\\/voxsahel.com\\\/\",\"logo\":{\"@type\":\"ImageObject\",\"inLanguage\":\"fr-FR\",\"@id\":\"https:\\\/\\\/voxsahel.com\\\/#\\\/schema\\\/logo\\\/image\\\/\",\"url\":\"https:\\\/\\\/voxsahel.com\\\/wp-content\\\/uploads\\\/2024\\\/09\\\/Logo-Vox-Sahel.jpg\",\"contentUrl\":\"https:\\\/\\\/voxsahel.com\\\/wp-content\\\/uploads\\\/2024\\\/09\\\/Logo-Vox-Sahel.jpg\",\"width\":1181,\"height\":848,\"caption\":\"Vox Sahel\"},\"image\":{\"@id\":\"https:\\\/\\\/voxsahel.com\\\/#\\\/schema\\\/logo\\\/image\\\/\"},\"sameAs\":[\"https:\\\/\\\/www.facebook.com\\\/journal.voxsahel\"]},{\"@type\":\"Person\",\"@id\":\"https:\\\/\\\/voxsahel.com\\\/#\\\/schema\\\/person\\\/b4043608248f8fa227cd760e7ff1e19e\",\"name\":\"Vox Sahel\",\"image\":{\"@type\":\"ImageObject\",\"inLanguage\":\"fr-FR\",\"@id\":\"https:\\\/\\\/secure.gravatar.com\\\/avatar\\\/f70e7fa0cb9b29d4a7c5788d6eb2e9ab4d3135cbae1c9161810fdf77a8964699?s=96&d=mm&r=g\",\"url\":\"https:\\\/\\\/secure.gravatar.com\\\/avatar\\\/f70e7fa0cb9b29d4a7c5788d6eb2e9ab4d3135cbae1c9161810fdf77a8964699?s=96&d=mm&r=g\",\"contentUrl\":\"https:\\\/\\\/secure.gravatar.com\\\/avatar\\\/f70e7fa0cb9b29d4a7c5788d6eb2e9ab4d3135cbae1c9161810fdf77a8964699?s=96&d=mm&r=g\",\"caption\":\"Vox Sahel\"},\"sameAs\":[\"http:\\\/\\\/www.voxsahel.com\"],\"url\":\"https:\\\/\\\/voxsahel.com\\\/?author=2\"}]}<\/script>\n<!-- \/ Yoast SEO plugin. -->","yoast_head_json":{"title":"Coupe du Monde Maracana 2024 : Le Burkina Faso se qualifie brillamment pour les quarts de finale - Vox Sahel","robots":{"index":"index","follow":"follow","max-snippet":"max-snippet:-1","max-image-preview":"max-image-preview:large","max-video-preview":"max-video-preview:-1"},"canonical":"https:\/\/voxsahel.com\/?p=439","og_locale":"fr_FR","og_type":"article","og_title":"Coupe du Monde Maracana 2024 : Le Burkina Faso se qualifie brillamment pour les quarts de finale - Vox Sahel","og_description":"Les \u00c9talons du Burkina Faso ont assur\u00e9 leur place en quart de finale de la","og_url":"https:\/\/voxsahel.com\/?p=439","og_site_name":"Vox Sahel","article_publisher":"https:\/\/www.facebook.com\/journal.voxsahel","article_published_time":"2024-10-03T09:53:26+00:00","og_image":[{"width":1080,"height":720,"url":"https:\/\/voxsahel.com\/wp-content\/uploads\/2024\/10\/IMG_4052.jpeg","type":"image\/jpeg"}],"author":"Vox Sahel","twitter_card":"summary_large_image","twitter_misc":{"\u00c9crit par":"Vox Sahel","Dur\u00e9e de lecture estim\u00e9e":"2 minutes"},"schema":{"@context":"https:\/\/schema.org","@graph":[{"@type":"Article","@id":"https:\/\/voxsahel.com\/?p=439#article","isPartOf":{"@id":"https:\/\/voxsahel.com\/?p=439"},"author":{"name":"Vox Sahel","@id":"https:\/\/voxsahel.com\/#\/schema\/person\/b4043608248f8fa227cd760e7ff1e19e"},"headline":"Coupe du Monde Maracana 2024 : Le Burkina Faso se qualifie brillamment pour les quarts de finale","datePublished":"2024-10-03T09:53:26+00:00","mainEntityOfPage":{"@id":"https:\/\/voxsahel.com\/?p=439"},"wordCount":345,"commentCount":0,"publisher":{"@id":"https:\/\/voxsahel.com\/#organization"},"image":{"@id":"https:\/\/voxsahel.com\/?p=439#primaryimage"},"thumbnailUrl":"https:\/\/voxsahel.com\/wp-content\/uploads\/2024\/10\/IMG_4052.jpeg","keywords":["Burkina Faso","C\u00f4te d\u2019Ivoire","Coupe du Monde de Maracana","Etalons","F\u00e9d\u00e9ration Burkinab\u00e8 de Football","Football","Maramonde","Sport"],"articleSection":["SPORTS"],"inLanguage":"fr-FR","potentialAction":[{"@type":"CommentAction","name":"Comment","target":["https:\/\/voxsahel.com\/?p=439#respond"]}]},{"@type":"WebPage","@id":"https:\/\/voxsahel.com\/?p=439","url":"https:\/\/voxsahel.com\/?p=439","name":"Coupe du Monde Maracana 2024 : Le Burkina Faso se qualifie brillamment pour les quarts de finale - Vox Sahel","isPartOf":{"@id":"https:\/\/voxsahel.com\/#website"},"primaryImageOfPage":{"@id":"https:\/\/voxsahel.com\/?p=439#primaryimage"},"image":{"@id":"https:\/\/voxsahel.com\/?p=439#primaryimage"},"thumbnailUrl":"https:\/\/voxsahel.com\/wp-content\/uploads\/2024\/10\/IMG_4052.jpeg","datePublished":"2024-10-03T09:53:26+00:00","breadcrumb":{"@id":"https:\/\/voxsahel.com\/?p=439#breadcrumb"},"inLanguage":"fr-FR","potentialAction":[{"@type":"ReadAction","target":["https:\/\/voxsahel.com\/?p=439"]}]},{"@type":"ImageObject","inLanguage":"fr-FR","@id":"https:\/\/voxsahel.com\/?p=439#primaryimage","url":"https:\/\/voxsahel.com\/wp-content\/uploads\/2024\/10\/IMG_4052.jpeg","contentUrl":"https:\/\/voxsahel.com\/wp-content\/uploads\/2024\/10\/IMG_4052.jpeg","width":1080,"height":720},{"@type":"BreadcrumbList","@id":"https:\/\/voxsahel.com\/?p=439#breadcrumb","itemListElement":[{"@type":"ListItem","position":1,"name":"Home","item":"https:\/\/voxsahel.com\/"},{"@type":"ListItem","position":2,"name":"Coupe du Monde Maracana 2024 : Le Burkina Faso se qualifie brillamment pour les quarts de finale"}]},{"@type":"WebSite","@id":"https:\/\/voxsahel.com\/#website","url":"https:\/\/voxsahel.com\/","name":"Vox Sahel","description":"Informez-vous sur le Sahel en un clic","publisher":{"@id":"https:\/\/voxsahel.com\/#organization"},"potentialAction":[{"@type":"SearchAction","target":{"@type":"EntryPoint","urlTemplate":"https:\/\/voxsahel.com\/?s={search_term_string}"},"query-input":{"@type":"PropertyValueSpecification","valueRequired":true,"valueName":"search_term_string"}}],"inLanguage":"fr-FR"},{"@type":"Organization","@id":"https:\/\/voxsahel.com\/#organization","name":"Vox Sahel","url":"https:\/\/voxsahel.com\/","logo":{"@type":"ImageObject","inLanguage":"fr-FR","@id":"https:\/\/voxsahel.com\/#\/schema\/logo\/image\/","url":"https:\/\/voxsahel.com\/wp-content\/uploads\/2024\/09\/Logo-Vox-Sahel.jpg","contentUrl":"https:\/\/voxsahel.com\/wp-content\/uploads\/2024\/09\/Logo-Vox-Sahel.jpg","width":1181,"height":848,"caption":"Vox Sahel"},"image":{"@id":"https:\/\/voxsahel.com\/#\/schema\/logo\/image\/"},"sameAs":["https:\/\/www.facebook.com\/journal.voxsahel"]},{"@type":"Person","@id":"https:\/\/voxsahel.com\/#\/schema\/person\/b4043608248f8fa227cd760e7ff1e19e","name":"Vox Sahel","image":{"@type":"ImageObject","inLanguage":"fr-FR","@id":"https:\/\/secure.gravatar.com\/avatar\/f70e7fa0cb9b29d4a7c5788d6eb2e9ab4d3135cbae1c9161810fdf77a8964699?s=96&d=mm&r=g","url":"https:\/\/secure.gravatar.com\/avatar\/f70e7fa0cb9b29d4a7c5788d6eb2e9ab4d3135cbae1c9161810fdf77a8964699?s=96&d=mm&r=g","contentUrl":"https:\/\/secure.gravatar.com\/avatar\/f70e7fa0cb9b29d4a7c5788d6eb2e9ab4d3135cbae1c9161810fdf77a8964699?s=96&d=mm&r=g","caption":"Vox Sahel"},"sameAs":["http:\/\/www.voxsahel.com"],"url":"https:\/\/voxsahel.com\/?author=2"}]}},"_links":{"self":[{"href":"https:\/\/voxsahel.com\/index.php?rest_route=\/wp\/v2\/posts\/439","targetHints":{"allow":["GET"]}}],"collection":[{"href":"https:\/\/voxsahel.com\/index.php?rest_route=\/wp\/v2\/posts"}],"about":[{"href":"https:\/\/voxsahel.com\/index.php?rest_route=\/wp\/v2\/types\/post"}],"author":[{"embeddable":true,"href":"https:\/\/voxsahel.com\/index.php?rest_route=\/wp\/v2\/users\/2"}],"replies":[{"embeddable":true,"href":"https:\/\/voxsahel.com\/index.php?rest_route=%2Fwp%2Fv2%2Fcomments&post=439"}],"version-history":[{"count":1,"href":"https:\/\/voxsahel.com\/index.php?rest_route=\/wp\/v2\/posts\/439\/revisions"}],"predecessor-version":[{"id":441,"href":"https:\/\/voxsahel.com\/index.php?rest_route=\/wp\/v2\/posts\/439\/revisions\/441"}],"wp:featuredmedia":[{"embeddable":true,"href":"https:\/\/voxsahel.com\/index.php?rest_route=\/wp\/v2\/media\/440"}],"wp:attachment":[{"href":"https:\/\/voxsahel.com\/index.php?rest_route=%2Fwp%2Fv2%2Fmedia&parent=439"}],"wp:term":[{"taxonomy":"category","embeddable":true,"href":"https:\/\/voxsahel.com\/index.php?rest_route=%2Fwp%2Fv2%2Fcategories&post=439"},{"taxonomy":"post_tag","embeddable":true,"href":"https:\/\/voxsahel.com\/index.php?rest_route=%2Fwp%2Fv2%2Ftags&post=439"}],"curies":[{"name":"wp","href":"https:\/\/api.w.org\/{rel}","templated":true}]}}