{"id":433,"date":"2024-10-02T11:07:37","date_gmt":"2024-10-02T11:07:37","guid":{"rendered":"https:\/\/voxsahel.com\/?p=433"},"modified":"2024-10-02T11:07:37","modified_gmt":"2024-10-02T11:07:37","slug":"8e-semaine-de-la-securite-routiere-au-burkina-faso-mon-casque-pour-la-vie-au-coeur-de-la-campagne","status":"publish","type":"post","link":"https:\/\/voxsahel.com\/?p=433","title":{"rendered":"8e Semaine de la s\u00e9curit\u00e9 routi\u00e8re au Burkina Faso : \u00ab Mon casque pour la vie \u00bb au c\u0153ur de la campagne"},"content":{"rendered":"<p class=\"p1\">Le Ministre de la S\u00e9curit\u00e9, le Commissaire divisionnaire de Police Mahamadou SANA, a officiellement lanc\u00e9 les activit\u00e9s de la 8e \u00e9dition de la Semaine de la S\u00e9curit\u00e9 routi\u00e8re \u00e0 Ouagadougou. Organis\u00e9e par l\u2019Office national de la S\u00e9curit\u00e9 routi\u00e8re (ONASER), cette \u00e9dition se d\u00e9roule sous le th\u00e8me : \u00ab Mon casque pour la vie \u00bb. L&rsquo;objectif est de promouvoir de meilleures pratiques en mati\u00e8re de s\u00e9curit\u00e9 routi\u00e8re afin de r\u00e9duire le nombre d&rsquo;accidents, particuli\u00e8rement \u00e0 l\u2019aube de la rentr\u00e9e scolaire 2024-2025.<\/p>\n<p class=\"p1\"><span class=\"s2\">Lors de son discours inaugural, le Ministre SANA a insist\u00e9 sur l&rsquo;importance du respect des r\u00e8gles de s\u00e9curit\u00e9 routi\u00e8re, notamment le port du casque pour les motocyclistes, le port de la ceinture de s\u00e9curit\u00e9 et l&rsquo;observation stricte du code de la route. Il a rappel\u00e9 que depuis janvier 2024, le gouvernement burkinab\u00e8 a impos\u00e9 que tous les v\u00e9hicules \u00e0 deux roues soient d\u00e9sormais vendus avec un casque. \u00ab Nous avons donn\u00e9 un d\u00e9lai d\u2019une ann\u00e9e pour l\u2019application stricte de cette mesure. \u00c0 partir de janvier 2025, elle sera effectivement contr\u00f4l\u00e9e \u00bb, a pr\u00e9cis\u00e9 le ministre, appelant tous les usagers de la route \u00e0 se conformer \u00e0 cette nouvelle r\u00e9glementation.<\/span><\/p>\n<p class=\"p1\"><span class=\"s2\">La Semaine de la S\u00e9curit\u00e9 routi\u00e8re, qui se tiendra du 1er au 6 octobre 2024, inclura diverses activit\u00e9s de sensibilisation sur l\u2019ensemble du territoire burkinab\u00e8. Des communications publiques, des \u00e9missions interactives centr\u00e9es sur le port du casque, ainsi que la vente de casques \u00e0 des prix subventionn\u00e9s, seront organis\u00e9es.<\/span><\/p>\n<p class=\"p1\"><span class=\"s2\">Le Ministre a salu\u00e9 l\u2019engagement de tous les acteurs impliqu\u00e9s dans la s\u00e9curit\u00e9 routi\u00e8re, soulignant que leur participation active est essentielle \u00e0 la r\u00e9ussite de cette initiative. La coproduction de la s\u00e9curit\u00e9 routi\u00e8re n\u00e9cessite une coop\u00e9ration \u00e9troite entre les autorit\u00e9s, les associations locales et les citoyens.<\/span><\/p>\n<p class=\"p1\"><span class=\"s2\">Cette 8e \u00e9dition est plac\u00e9e sous le Haut patronage du Premier ministre, Dr Apollinaire Joachimson Kyelem De Tambela, et sous la pr\u00e9sidence du Commissaire divisionnaire Mahamadou Sana, t\u00e9moignant de l\u2019importance accord\u00e9e par les autorit\u00e9s \u00e0 la s\u00e9curit\u00e9 des usagers de la route au Burkina Faso.<\/span><\/p>\n<p class=\"p1\"><span class=\"s2\"><b>Par Vox Sahel <\/b><\/span><\/p>\n","protected":false},"excerpt":{"rendered":"<p>Le Ministre de la S\u00e9curit\u00e9, le Commissaire divisionnaire de Police Mahamadou SANA, a officiellement lanc\u00e9<\/p>\n","protected":false},"author":2,"featured_media":434,"comment_status":"open","ping_status":"open","sticky":false,"template":"","format":"standard","meta":{"_et_pb_use_builder":"","_et_pb_old_content":"","_et_gb_content_width":"","footnotes":""},"categories":[5],"tags":[18,264,265,139,263],"class_list":["post-433","post","type-post","status-publish","format-standard","has-post-thumbnail","hentry","category-societe","tag-burkina-faso","tag-office-national-de-la-securite-routiere","tag-onaser","tag-securite","tag-securite-routiere"],"yoast_head":"<!-- This site is optimized with the Yoast SEO plugin v27.5 - https:\/\/yoast.com\/product\/yoast-seo-wordpress\/ -->\n<title>8e Semaine de la s\u00e9curit\u00e9 routi\u00e8re au Burkina Faso : \u00ab Mon casque pour la vie \u00bb au c\u0153ur de la campagne - Vox Sahel<\/title>\n<meta name=\"robots\" content=\"index, follow, max-snippet:-1, max-image-preview:large, max-video-preview:-1\" \/>\n<link rel=\"canonical\" href=\"https:\/\/voxsahel.com\/?p=433\" \/>\n<meta property=\"og:locale\" content=\"fr_FR\" \/>\n<meta property=\"og:type\" content=\"article\" \/>\n<meta property=\"og:title\" content=\"8e Semaine de la s\u00e9curit\u00e9 routi\u00e8re au Burkina Faso : \u00ab Mon casque pour la vie \u00bb au c\u0153ur de la campagne - Vox Sahel\" \/>\n<meta property=\"og:description\" content=\"Le Ministre de la S\u00e9curit\u00e9, le Commissaire divisionnaire de Police Mahamadou SANA, a officiellement lanc\u00e9\" \/>\n<meta property=\"og:url\" content=\"https:\/\/voxsahel.com\/?p=433\" \/>\n<meta property=\"og:site_name\" content=\"Vox Sahel\" \/>\n<meta property=\"article:publisher\" content=\"https:\/\/www.facebook.com\/journal.voxsahel\" \/>\n<meta property=\"article:published_time\" content=\"2024-10-02T11:07:37+00:00\" \/>\n<meta property=\"og:image\" content=\"https:\/\/voxsahel.com\/wp-content\/uploads\/2024\/10\/IMG_3786.jpeg\" \/>\n\t<meta property=\"og:image:width\" content=\"1024\" \/>\n\t<meta property=\"og:image:height\" content=\"683\" \/>\n\t<meta property=\"og:image:type\" content=\"image\/jpeg\" \/>\n<meta name=\"author\" content=\"Vox Sahel\" \/>\n<meta name=\"twitter:card\" content=\"summary_large_image\" \/>\n<meta name=\"twitter:label1\" content=\"\u00c9crit par\" \/>\n\t<meta name=\"twitter:data1\" content=\"Vox Sahel\" \/>\n\t<meta name=\"twitter:label2\" content=\"Dur\u00e9e de lecture estim\u00e9e\" \/>\n\t<meta name=\"twitter:data2\" content=\"2 minutes\" \/>\n<script type=\"application\/ld+json\" class=\"yoast-schema-graph\">{\"@context\":\"https:\\\/\\\/schema.org\",\"@graph\":[{\"@type\":\"Article\",\"@id\":\"https:\\\/\\\/voxsahel.com\\\/?p=433#article\",\"isPartOf\":{\"@id\":\"https:\\\/\\\/voxsahel.com\\\/?p=433\"},\"author\":{\"name\":\"Vox Sahel\",\"@id\":\"https:\\\/\\\/voxsahel.com\\\/#\\\/schema\\\/person\\\/b4043608248f8fa227cd760e7ff1e19e\"},\"headline\":\"8e Semaine de la s\u00e9curit\u00e9 routi\u00e8re au Burkina Faso : \u00ab Mon casque pour la vie \u00bb au c\u0153ur de la campagne\",\"datePublished\":\"2024-10-02T11:07:37+00:00\",\"mainEntityOfPage\":{\"@id\":\"https:\\\/\\\/voxsahel.com\\\/?p=433\"},\"wordCount\":395,\"commentCount\":0,\"publisher\":{\"@id\":\"https:\\\/\\\/voxsahel.com\\\/#organization\"},\"image\":{\"@id\":\"https:\\\/\\\/voxsahel.com\\\/?p=433#primaryimage\"},\"thumbnailUrl\":\"https:\\\/\\\/voxsahel.com\\\/wp-content\\\/uploads\\\/2024\\\/10\\\/IMG_3786.jpeg\",\"keywords\":[\"Burkina Faso\",\"Office national de la S\u00e9curit\u00e9 routi\u00e8re\",\"ONASER\",\"S\u00e9curit\u00e9\",\"S\u00e9curit\u00e9 routi\u00e8re\"],\"articleSection\":[\"SOCIETE\"],\"inLanguage\":\"fr-FR\",\"potentialAction\":[{\"@type\":\"CommentAction\",\"name\":\"Comment\",\"target\":[\"https:\\\/\\\/voxsahel.com\\\/?p=433#respond\"]}]},{\"@type\":\"WebPage\",\"@id\":\"https:\\\/\\\/voxsahel.com\\\/?p=433\",\"url\":\"https:\\\/\\\/voxsahel.com\\\/?p=433\",\"name\":\"8e Semaine de la s\u00e9curit\u00e9 routi\u00e8re au Burkina Faso : \u00ab Mon casque pour la vie \u00bb au c\u0153ur de la campagne - Vox Sahel\",\"isPartOf\":{\"@id\":\"https:\\\/\\\/voxsahel.com\\\/#website\"},\"primaryImageOfPage\":{\"@id\":\"https:\\\/\\\/voxsahel.com\\\/?p=433#primaryimage\"},\"image\":{\"@id\":\"https:\\\/\\\/voxsahel.com\\\/?p=433#primaryimage\"},\"thumbnailUrl\":\"https:\\\/\\\/voxsahel.com\\\/wp-content\\\/uploads\\\/2024\\\/10\\\/IMG_3786.jpeg\",\"datePublished\":\"2024-10-02T11:07:37+00:00\",\"breadcrumb\":{\"@id\":\"https:\\\/\\\/voxsahel.com\\\/?p=433#breadcrumb\"},\"inLanguage\":\"fr-FR\",\"potentialAction\":[{\"@type\":\"ReadAction\",\"target\":[\"https:\\\/\\\/voxsahel.com\\\/?p=433\"]}]},{\"@type\":\"ImageObject\",\"inLanguage\":\"fr-FR\",\"@id\":\"https:\\\/\\\/voxsahel.com\\\/?p=433#primaryimage\",\"url\":\"https:\\\/\\\/voxsahel.com\\\/wp-content\\\/uploads\\\/2024\\\/10\\\/IMG_3786.jpeg\",\"contentUrl\":\"https:\\\/\\\/voxsahel.com\\\/wp-content\\\/uploads\\\/2024\\\/10\\\/IMG_3786.jpeg\",\"width\":1024,\"height\":683},{\"@type\":\"BreadcrumbList\",\"@id\":\"https:\\\/\\\/voxsahel.com\\\/?p=433#breadcrumb\",\"itemListElement\":[{\"@type\":\"ListItem\",\"position\":1,\"name\":\"Home\",\"item\":\"https:\\\/\\\/voxsahel.com\\\/\"},{\"@type\":\"ListItem\",\"position\":2,\"name\":\"8e Semaine de la s\u00e9curit\u00e9 routi\u00e8re au Burkina Faso : \u00ab Mon casque pour la vie \u00bb au c\u0153ur de la campagne\"}]},{\"@type\":\"WebSite\",\"@id\":\"https:\\\/\\\/voxsahel.com\\\/#website\",\"url\":\"https:\\\/\\\/voxsahel.com\\\/\",\"name\":\"Vox Sahel\",\"description\":\"Informez-vous sur le Sahel en un clic\",\"publisher\":{\"@id\":\"https:\\\/\\\/voxsahel.com\\\/#organization\"},\"potentialAction\":[{\"@type\":\"SearchAction\",\"target\":{\"@type\":\"EntryPoint\",\"urlTemplate\":\"https:\\\/\\\/voxsahel.com\\\/?s={search_term_string}\"},\"query-input\":{\"@type\":\"PropertyValueSpecification\",\"valueRequired\":true,\"valueName\":\"search_term_string\"}}],\"inLanguage\":\"fr-FR\"},{\"@type\":\"Organization\",\"@id\":\"https:\\\/\\\/voxsahel.com\\\/#organization\",\"name\":\"Vox Sahel\",\"url\":\"https:\\\/\\\/voxsahel.com\\\/\",\"logo\":{\"@type\":\"ImageObject\",\"inLanguage\":\"fr-FR\",\"@id\":\"https:\\\/\\\/voxsahel.com\\\/#\\\/schema\\\/logo\\\/image\\\/\",\"url\":\"https:\\\/\\\/voxsahel.com\\\/wp-content\\\/uploads\\\/2024\\\/09\\\/Logo-Vox-Sahel.jpg\",\"contentUrl\":\"https:\\\/\\\/voxsahel.com\\\/wp-content\\\/uploads\\\/2024\\\/09\\\/Logo-Vox-Sahel.jpg\",\"width\":1181,\"height\":848,\"caption\":\"Vox Sahel\"},\"image\":{\"@id\":\"https:\\\/\\\/voxsahel.com\\\/#\\\/schema\\\/logo\\\/image\\\/\"},\"sameAs\":[\"https:\\\/\\\/www.facebook.com\\\/journal.voxsahel\"]},{\"@type\":\"Person\",\"@id\":\"https:\\\/\\\/voxsahel.com\\\/#\\\/schema\\\/person\\\/b4043608248f8fa227cd760e7ff1e19e\",\"name\":\"Vox Sahel\",\"image\":{\"@type\":\"ImageObject\",\"inLanguage\":\"fr-FR\",\"@id\":\"https:\\\/\\\/secure.gravatar.com\\\/avatar\\\/f70e7fa0cb9b29d4a7c5788d6eb2e9ab4d3135cbae1c9161810fdf77a8964699?s=96&d=mm&r=g\",\"url\":\"https:\\\/\\\/secure.gravatar.com\\\/avatar\\\/f70e7fa0cb9b29d4a7c5788d6eb2e9ab4d3135cbae1c9161810fdf77a8964699?s=96&d=mm&r=g\",\"contentUrl\":\"https:\\\/\\\/secure.gravatar.com\\\/avatar\\\/f70e7fa0cb9b29d4a7c5788d6eb2e9ab4d3135cbae1c9161810fdf77a8964699?s=96&d=mm&r=g\",\"caption\":\"Vox Sahel\"},\"sameAs\":[\"http:\\\/\\\/www.voxsahel.com\"],\"url\":\"https:\\\/\\\/voxsahel.com\\\/?author=2\"}]}<\/script>\n<!-- \/ Yoast SEO plugin. -->","yoast_head_json":{"title":"8e Semaine de la s\u00e9curit\u00e9 routi\u00e8re au Burkina Faso : \u00ab Mon casque pour la vie \u00bb au c\u0153ur de la campagne - Vox Sahel","robots":{"index":"index","follow":"follow","max-snippet":"max-snippet:-1","max-image-preview":"max-image-preview:large","max-video-preview":"max-video-preview:-1"},"canonical":"https:\/\/voxsahel.com\/?p=433","og_locale":"fr_FR","og_type":"article","og_title":"8e Semaine de la s\u00e9curit\u00e9 routi\u00e8re au Burkina Faso : \u00ab Mon casque pour la vie \u00bb au c\u0153ur de la campagne - Vox Sahel","og_description":"Le Ministre de la S\u00e9curit\u00e9, le Commissaire divisionnaire de Police Mahamadou SANA, a officiellement lanc\u00e9","og_url":"https:\/\/voxsahel.com\/?p=433","og_site_name":"Vox Sahel","article_publisher":"https:\/\/www.facebook.com\/journal.voxsahel","article_published_time":"2024-10-02T11:07:37+00:00","og_image":[{"width":1024,"height":683,"url":"https:\/\/voxsahel.com\/wp-content\/uploads\/2024\/10\/IMG_3786.jpeg","type":"image\/jpeg"}],"author":"Vox Sahel","twitter_card":"summary_large_image","twitter_misc":{"\u00c9crit par":"Vox Sahel","Dur\u00e9e de lecture estim\u00e9e":"2 minutes"},"schema":{"@context":"https:\/\/schema.org","@graph":[{"@type":"Article","@id":"https:\/\/voxsahel.com\/?p=433#article","isPartOf":{"@id":"https:\/\/voxsahel.com\/?p=433"},"author":{"name":"Vox Sahel","@id":"https:\/\/voxsahel.com\/#\/schema\/person\/b4043608248f8fa227cd760e7ff1e19e"},"headline":"8e Semaine de la s\u00e9curit\u00e9 routi\u00e8re au Burkina Faso : \u00ab Mon casque pour la vie \u00bb au c\u0153ur de la campagne","datePublished":"2024-10-02T11:07:37+00:00","mainEntityOfPage":{"@id":"https:\/\/voxsahel.com\/?p=433"},"wordCount":395,"commentCount":0,"publisher":{"@id":"https:\/\/voxsahel.com\/#organization"},"image":{"@id":"https:\/\/voxsahel.com\/?p=433#primaryimage"},"thumbnailUrl":"https:\/\/voxsahel.com\/wp-content\/uploads\/2024\/10\/IMG_3786.jpeg","keywords":["Burkina Faso","Office national de la S\u00e9curit\u00e9 routi\u00e8re","ONASER","S\u00e9curit\u00e9","S\u00e9curit\u00e9 routi\u00e8re"],"articleSection":["SOCIETE"],"inLanguage":"fr-FR","potentialAction":[{"@type":"CommentAction","name":"Comment","target":["https:\/\/voxsahel.com\/?p=433#respond"]}]},{"@type":"WebPage","@id":"https:\/\/voxsahel.com\/?p=433","url":"https:\/\/voxsahel.com\/?p=433","name":"8e Semaine de la s\u00e9curit\u00e9 routi\u00e8re au Burkina Faso : \u00ab Mon casque pour la vie \u00bb au c\u0153ur de la campagne - Vox Sahel","isPartOf":{"@id":"https:\/\/voxsahel.com\/#website"},"primaryImageOfPage":{"@id":"https:\/\/voxsahel.com\/?p=433#primaryimage"},"image":{"@id":"https:\/\/voxsahel.com\/?p=433#primaryimage"},"thumbnailUrl":"https:\/\/voxsahel.com\/wp-content\/uploads\/2024\/10\/IMG_3786.jpeg","datePublished":"2024-10-02T11:07:37+00:00","breadcrumb":{"@id":"https:\/\/voxsahel.com\/?p=433#breadcrumb"},"inLanguage":"fr-FR","potentialAction":[{"@type":"ReadAction","target":["https:\/\/voxsahel.com\/?p=433"]}]},{"@type":"ImageObject","inLanguage":"fr-FR","@id":"https:\/\/voxsahel.com\/?p=433#primaryimage","url":"https:\/\/voxsahel.com\/wp-content\/uploads\/2024\/10\/IMG_3786.jpeg","contentUrl":"https:\/\/voxsahel.com\/wp-content\/uploads\/2024\/10\/IMG_3786.jpeg","width":1024,"height":683},{"@type":"BreadcrumbList","@id":"https:\/\/voxsahel.com\/?p=433#breadcrumb","itemListElement":[{"@type":"ListItem","position":1,"name":"Home","item":"https:\/\/voxsahel.com\/"},{"@type":"ListItem","position":2,"name":"8e Semaine de la s\u00e9curit\u00e9 routi\u00e8re au Burkina Faso : \u00ab Mon casque pour la vie \u00bb au c\u0153ur de la campagne"}]},{"@type":"WebSite","@id":"https:\/\/voxsahel.com\/#website","url":"https:\/\/voxsahel.com\/","name":"Vox Sahel","description":"Informez-vous sur le Sahel en un clic","publisher":{"@id":"https:\/\/voxsahel.com\/#organization"},"potentialAction":[{"@type":"SearchAction","target":{"@type":"EntryPoint","urlTemplate":"https:\/\/voxsahel.com\/?s={search_term_string}"},"query-input":{"@type":"PropertyValueSpecification","valueRequired":true,"valueName":"search_term_string"}}],"inLanguage":"fr-FR"},{"@type":"Organization","@id":"https:\/\/voxsahel.com\/#organization","name":"Vox Sahel","url":"https:\/\/voxsahel.com\/","logo":{"@type":"ImageObject","inLanguage":"fr-FR","@id":"https:\/\/voxsahel.com\/#\/schema\/logo\/image\/","url":"https:\/\/voxsahel.com\/wp-content\/uploads\/2024\/09\/Logo-Vox-Sahel.jpg","contentUrl":"https:\/\/voxsahel.com\/wp-content\/uploads\/2024\/09\/Logo-Vox-Sahel.jpg","width":1181,"height":848,"caption":"Vox Sahel"},"image":{"@id":"https:\/\/voxsahel.com\/#\/schema\/logo\/image\/"},"sameAs":["https:\/\/www.facebook.com\/journal.voxsahel"]},{"@type":"Person","@id":"https:\/\/voxsahel.com\/#\/schema\/person\/b4043608248f8fa227cd760e7ff1e19e","name":"Vox Sahel","image":{"@type":"ImageObject","inLanguage":"fr-FR","@id":"https:\/\/secure.gravatar.com\/avatar\/f70e7fa0cb9b29d4a7c5788d6eb2e9ab4d3135cbae1c9161810fdf77a8964699?s=96&d=mm&r=g","url":"https:\/\/secure.gravatar.com\/avatar\/f70e7fa0cb9b29d4a7c5788d6eb2e9ab4d3135cbae1c9161810fdf77a8964699?s=96&d=mm&r=g","contentUrl":"https:\/\/secure.gravatar.com\/avatar\/f70e7fa0cb9b29d4a7c5788d6eb2e9ab4d3135cbae1c9161810fdf77a8964699?s=96&d=mm&r=g","caption":"Vox Sahel"},"sameAs":["http:\/\/www.voxsahel.com"],"url":"https:\/\/voxsahel.com\/?author=2"}]}},"_links":{"self":[{"href":"https:\/\/voxsahel.com\/index.php?rest_route=\/wp\/v2\/posts\/433","targetHints":{"allow":["GET"]}}],"collection":[{"href":"https:\/\/voxsahel.com\/index.php?rest_route=\/wp\/v2\/posts"}],"about":[{"href":"https:\/\/voxsahel.com\/index.php?rest_route=\/wp\/v2\/types\/post"}],"author":[{"embeddable":true,"href":"https:\/\/voxsahel.com\/index.php?rest_route=\/wp\/v2\/users\/2"}],"replies":[{"embeddable":true,"href":"https:\/\/voxsahel.com\/index.php?rest_route=%2Fwp%2Fv2%2Fcomments&post=433"}],"version-history":[{"count":1,"href":"https:\/\/voxsahel.com\/index.php?rest_route=\/wp\/v2\/posts\/433\/revisions"}],"predecessor-version":[{"id":435,"href":"https:\/\/voxsahel.com\/index.php?rest_route=\/wp\/v2\/posts\/433\/revisions\/435"}],"wp:featuredmedia":[{"embeddable":true,"href":"https:\/\/voxsahel.com\/index.php?rest_route=\/wp\/v2\/media\/434"}],"wp:attachment":[{"href":"https:\/\/voxsahel.com\/index.php?rest_route=%2Fwp%2Fv2%2Fmedia&parent=433"}],"wp:term":[{"taxonomy":"category","embeddable":true,"href":"https:\/\/voxsahel.com\/index.php?rest_route=%2Fwp%2Fv2%2Fcategories&post=433"},{"taxonomy":"post_tag","embeddable":true,"href":"https:\/\/voxsahel.com\/index.php?rest_route=%2Fwp%2Fv2%2Ftags&post=433"}],"curies":[{"name":"wp","href":"https:\/\/api.w.org\/{rel}","templated":true}]}}