{"id":421,"date":"2024-10-01T11:48:46","date_gmt":"2024-10-01T11:48:46","guid":{"rendered":"https:\/\/voxsahel.com\/?p=421"},"modified":"2024-10-01T11:48:46","modified_gmt":"2024-10-01T11:48:46","slug":"rehabilitation-du-marche-sankaryaar-les-travaux-de-renovation-acheves-a-95","status":"publish","type":"post","link":"https:\/\/voxsahel.com\/?p=421","title":{"rendered":"R\u00e9habilitation du march\u00e9 Sankaryaar : les travaux de r\u00e9novation achev\u00e9s \u00e0 95%"},"content":{"rendered":"<p class=\"p1\">Le march\u00e9 Sankaryaar, un des poumons \u00e9conomiques de la capitale burkinab\u00e8, se pr\u00e9pare pour sa r\u00e9ouverture prochaine. Ce lundi 1er octobre 2024, une importante d\u00e9l\u00e9gation conduite par Serge Poda, ministre en charge du commerce, et \u00c9mile Zerbo, ministre de l&rsquo;Administration territoriale, s&rsquo;est rendue sur place pour constater l&rsquo;avancement des travaux de r\u00e9novation.<\/p>\n<p class=\"p1\"><span class=\"s2\">Les autorit\u00e9s ont exprim\u00e9 leur satisfaction quant au rythme des travaux, d\u00e9sormais achev\u00e9s \u00e0 95%. \u00ab Nous avons \u00e9t\u00e9 instruits par les plus hautes autorit\u00e9s, le Pr\u00e9sident du Faso, le Capitaine Ibrahim Traor\u00e9, et le Premier ministre, Apollinaire Kyelem de Tamb\u00e8la, de venir voir de visu l&rsquo;\u00e9tat de finition des travaux de r\u00e9novation de cette infrastructure marchande importante. pour la capitale et pour tout le Burkina \u00bb, a soulign\u00e9 Serge Poda lors de la visite.<\/span><\/p>\n<p class=\"p1\"><span class=\"s2\">Lanc\u00e9 dans le cadre de la modernisation des infrastructures \u00e9conomiques de la ville, le projet de r\u00e9novation du march\u00e9 Sankaryaar vise \u00e0 offrir aux commer\u00e7ants et aux usagers un cadre plus moderne et s\u00e9curis\u00e9. Cette initiative s&rsquo;inscrit \u00e9galement dans une volont\u00e9 de relancer l&rsquo;\u00e9conomie locale et de promouvoir le commerce \u00e0 Ouagadougou.<\/span><\/p>\n<p class=\"p1\"><span class=\"s2\">Maurice Konat\u00e9, pr\u00e9sident de la D\u00e9l\u00e9gation sp\u00e9ciale de Ouagadougou, qui accompagnait la d\u00e9l\u00e9gation, a pr\u00e9cis\u00e9 que \u00ab le march\u00e9 sera bient\u00f4t pr\u00eat pour accueillir \u00e0 nouveau ses milliers de commer\u00e7ants et clients dans des conditions optimales \u00bb.<\/span><\/p>\n<p class=\"p1\"><span class=\"s2\">Les autorit\u00e9s burkinab\u00e8 esp\u00e8rent que la r\u00e9ouverture du march\u00e9 Sankaryaar contribuera \u00e0 revitaliser les activit\u00e9s \u00e9conomiques dans la capitale et permettra d&rsquo;am\u00e9liorer les conditions de travail des commer\u00e7ants qui y exercent depuis de nombreuses ann\u00e9es. Avec un taux d&rsquo;ex\u00e9cution de 95%, la fin des travaux semble imminente, promettant une relance rapide de cette infrastructure cl\u00e9 pour l&rsquo;\u00e9conomie nationale.<\/span><\/p>\n<p class=\"p1\"><span class=\"s2\">La r\u00e9habilitation du march\u00e9 s&rsquo;inscrit dans le cadre des efforts entrepris par le gouvernement pour am\u00e9liorer les conditions de vie et de travail des populations, tout en renfor\u00e7ant les infrastructures \u00e9conomiques. Le march\u00e9 Sankaryaar, qui avait besoin de modernisation depuis plusieurs ann\u00e9es, repr\u00e9sente un levier majeur pour la relance du commerce local et la cr\u00e9ation d&#8217;emplois \u00e0 Ouagadougou.<\/span><\/p>\n<p class=\"p1\"><span class=\"s2\">Les commer\u00e7ants, qui avaient \u00e9t\u00e9 temporairement relog\u00e9s pendant la dur\u00e9e des travaux, attendaient avec impatience de pouvoir r\u00e9int\u00e9grer leurs nouveaux stands. La fin des travaux pr\u00e9vus pour les prochaines semaines devrait redonner vie \u00e0 ce lieu historique et embl\u00e9matique du commerce dans la capitale.<\/span><\/p>\n<p class=\"p1\"><span class=\"s2\">Les habitants de Ouagadougou, tout comme les commer\u00e7ants, attendent donc avec impatience la r\u00e9ouverture officielle du march\u00e9, qui devrait marquer un tournant pour l&rsquo;\u00e9conomie locale.<\/span><\/p>\n<p class=\"p1\" style=\"text-align: right;\"><strong><span class=\"s2\">Par Vox Sahel <\/span><\/strong><\/p>\n","protected":false},"excerpt":{"rendered":"<p>Le march\u00e9 Sankaryaar, un des poumons \u00e9conomiques de la capitale burkinab\u00e8, se pr\u00e9pare pour sa<\/p>\n","protected":false},"author":2,"featured_media":422,"comment_status":"open","ping_status":"open","sticky":false,"template":"","format":"standard","meta":{"_et_pb_use_builder":"","_et_pb_old_content":"","_et_gb_content_width":"","footnotes":""},"categories":[8],"tags":[18,69,90,250,187,103],"class_list":["post-421","post","type-post","status-publish","format-standard","has-post-thumbnail","hentry","category-developpement","tag-burkina-faso","tag-commerce","tag-economie","tag-marche-sankaryaar","tag-organisation-mondiale-du-commerce","tag-ouagadougou"],"yoast_head":"<!-- This site is optimized with the Yoast SEO plugin v27.5 - https:\/\/yoast.com\/product\/yoast-seo-wordpress\/ -->\n<title>R\u00e9habilitation du march\u00e9 Sankaryaar : les travaux de r\u00e9novation achev\u00e9s \u00e0 95% - Vox Sahel<\/title>\n<meta name=\"robots\" content=\"index, follow, max-snippet:-1, max-image-preview:large, max-video-preview:-1\" \/>\n<link rel=\"canonical\" href=\"https:\/\/voxsahel.com\/?p=421\" \/>\n<meta property=\"og:locale\" content=\"fr_FR\" \/>\n<meta property=\"og:type\" content=\"article\" \/>\n<meta property=\"og:title\" content=\"R\u00e9habilitation du march\u00e9 Sankaryaar : les travaux de r\u00e9novation achev\u00e9s \u00e0 95% - Vox Sahel\" \/>\n<meta property=\"og:description\" content=\"Le march\u00e9 Sankaryaar, un des poumons \u00e9conomiques de la capitale burkinab\u00e8, se pr\u00e9pare pour sa\" \/>\n<meta property=\"og:url\" content=\"https:\/\/voxsahel.com\/?p=421\" \/>\n<meta property=\"og:site_name\" content=\"Vox Sahel\" \/>\n<meta property=\"article:publisher\" content=\"https:\/\/www.facebook.com\/journal.voxsahel\" \/>\n<meta property=\"article:published_time\" content=\"2024-10-01T11:48:46+00:00\" \/>\n<meta property=\"og:image\" content=\"https:\/\/voxsahel.com\/wp-content\/uploads\/2024\/10\/IMG_3315.jpeg\" \/>\n\t<meta property=\"og:image:width\" content=\"720\" \/>\n\t<meta property=\"og:image:height\" content=\"960\" \/>\n\t<meta property=\"og:image:type\" content=\"image\/jpeg\" \/>\n<meta name=\"author\" content=\"Vox Sahel\" \/>\n<meta name=\"twitter:card\" content=\"summary_large_image\" \/>\n<meta name=\"twitter:label1\" content=\"\u00c9crit par\" \/>\n\t<meta name=\"twitter:data1\" content=\"Vox Sahel\" \/>\n\t<meta name=\"twitter:label2\" content=\"Dur\u00e9e de lecture estim\u00e9e\" \/>\n\t<meta name=\"twitter:data2\" content=\"3 minutes\" \/>\n<script type=\"application\/ld+json\" class=\"yoast-schema-graph\">{\"@context\":\"https:\\\/\\\/schema.org\",\"@graph\":[{\"@type\":\"Article\",\"@id\":\"https:\\\/\\\/voxsahel.com\\\/?p=421#article\",\"isPartOf\":{\"@id\":\"https:\\\/\\\/voxsahel.com\\\/?p=421\"},\"author\":{\"name\":\"Vox Sahel\",\"@id\":\"https:\\\/\\\/voxsahel.com\\\/#\\\/schema\\\/person\\\/b4043608248f8fa227cd760e7ff1e19e\"},\"headline\":\"R\u00e9habilitation du march\u00e9 Sankaryaar : les travaux de r\u00e9novation achev\u00e9s \u00e0 95%\",\"datePublished\":\"2024-10-01T11:48:46+00:00\",\"mainEntityOfPage\":{\"@id\":\"https:\\\/\\\/voxsahel.com\\\/?p=421\"},\"wordCount\":462,\"commentCount\":0,\"publisher\":{\"@id\":\"https:\\\/\\\/voxsahel.com\\\/#organization\"},\"image\":{\"@id\":\"https:\\\/\\\/voxsahel.com\\\/?p=421#primaryimage\"},\"thumbnailUrl\":\"https:\\\/\\\/voxsahel.com\\\/wp-content\\\/uploads\\\/2024\\\/10\\\/IMG_3315.jpeg\",\"keywords\":[\"Burkina Faso\",\"Commerce\",\"Economie\",\"March\u00e9 Sankaryaar\",\"Organisation mondiale du Commerce\",\"Ouagadougou\"],\"articleSection\":[\"DEVELOPPEMENT\"],\"inLanguage\":\"fr-FR\",\"potentialAction\":[{\"@type\":\"CommentAction\",\"name\":\"Comment\",\"target\":[\"https:\\\/\\\/voxsahel.com\\\/?p=421#respond\"]}]},{\"@type\":\"WebPage\",\"@id\":\"https:\\\/\\\/voxsahel.com\\\/?p=421\",\"url\":\"https:\\\/\\\/voxsahel.com\\\/?p=421\",\"name\":\"R\u00e9habilitation du march\u00e9 Sankaryaar : les travaux de r\u00e9novation achev\u00e9s \u00e0 95% - Vox Sahel\",\"isPartOf\":{\"@id\":\"https:\\\/\\\/voxsahel.com\\\/#website\"},\"primaryImageOfPage\":{\"@id\":\"https:\\\/\\\/voxsahel.com\\\/?p=421#primaryimage\"},\"image\":{\"@id\":\"https:\\\/\\\/voxsahel.com\\\/?p=421#primaryimage\"},\"thumbnailUrl\":\"https:\\\/\\\/voxsahel.com\\\/wp-content\\\/uploads\\\/2024\\\/10\\\/IMG_3315.jpeg\",\"datePublished\":\"2024-10-01T11:48:46+00:00\",\"breadcrumb\":{\"@id\":\"https:\\\/\\\/voxsahel.com\\\/?p=421#breadcrumb\"},\"inLanguage\":\"fr-FR\",\"potentialAction\":[{\"@type\":\"ReadAction\",\"target\":[\"https:\\\/\\\/voxsahel.com\\\/?p=421\"]}]},{\"@type\":\"ImageObject\",\"inLanguage\":\"fr-FR\",\"@id\":\"https:\\\/\\\/voxsahel.com\\\/?p=421#primaryimage\",\"url\":\"https:\\\/\\\/voxsahel.com\\\/wp-content\\\/uploads\\\/2024\\\/10\\\/IMG_3315.jpeg\",\"contentUrl\":\"https:\\\/\\\/voxsahel.com\\\/wp-content\\\/uploads\\\/2024\\\/10\\\/IMG_3315.jpeg\",\"width\":720,\"height\":960},{\"@type\":\"BreadcrumbList\",\"@id\":\"https:\\\/\\\/voxsahel.com\\\/?p=421#breadcrumb\",\"itemListElement\":[{\"@type\":\"ListItem\",\"position\":1,\"name\":\"Home\",\"item\":\"https:\\\/\\\/voxsahel.com\\\/\"},{\"@type\":\"ListItem\",\"position\":2,\"name\":\"R\u00e9habilitation du march\u00e9 Sankaryaar : les travaux de r\u00e9novation achev\u00e9s \u00e0 95%\"}]},{\"@type\":\"WebSite\",\"@id\":\"https:\\\/\\\/voxsahel.com\\\/#website\",\"url\":\"https:\\\/\\\/voxsahel.com\\\/\",\"name\":\"Vox Sahel\",\"description\":\"Informez-vous sur le Sahel en un clic\",\"publisher\":{\"@id\":\"https:\\\/\\\/voxsahel.com\\\/#organization\"},\"potentialAction\":[{\"@type\":\"SearchAction\",\"target\":{\"@type\":\"EntryPoint\",\"urlTemplate\":\"https:\\\/\\\/voxsahel.com\\\/?s={search_term_string}\"},\"query-input\":{\"@type\":\"PropertyValueSpecification\",\"valueRequired\":true,\"valueName\":\"search_term_string\"}}],\"inLanguage\":\"fr-FR\"},{\"@type\":\"Organization\",\"@id\":\"https:\\\/\\\/voxsahel.com\\\/#organization\",\"name\":\"Vox Sahel\",\"url\":\"https:\\\/\\\/voxsahel.com\\\/\",\"logo\":{\"@type\":\"ImageObject\",\"inLanguage\":\"fr-FR\",\"@id\":\"https:\\\/\\\/voxsahel.com\\\/#\\\/schema\\\/logo\\\/image\\\/\",\"url\":\"https:\\\/\\\/voxsahel.com\\\/wp-content\\\/uploads\\\/2024\\\/09\\\/Logo-Vox-Sahel.jpg\",\"contentUrl\":\"https:\\\/\\\/voxsahel.com\\\/wp-content\\\/uploads\\\/2024\\\/09\\\/Logo-Vox-Sahel.jpg\",\"width\":1181,\"height\":848,\"caption\":\"Vox Sahel\"},\"image\":{\"@id\":\"https:\\\/\\\/voxsahel.com\\\/#\\\/schema\\\/logo\\\/image\\\/\"},\"sameAs\":[\"https:\\\/\\\/www.facebook.com\\\/journal.voxsahel\"]},{\"@type\":\"Person\",\"@id\":\"https:\\\/\\\/voxsahel.com\\\/#\\\/schema\\\/person\\\/b4043608248f8fa227cd760e7ff1e19e\",\"name\":\"Vox Sahel\",\"image\":{\"@type\":\"ImageObject\",\"inLanguage\":\"fr-FR\",\"@id\":\"https:\\\/\\\/secure.gravatar.com\\\/avatar\\\/f70e7fa0cb9b29d4a7c5788d6eb2e9ab4d3135cbae1c9161810fdf77a8964699?s=96&d=mm&r=g\",\"url\":\"https:\\\/\\\/secure.gravatar.com\\\/avatar\\\/f70e7fa0cb9b29d4a7c5788d6eb2e9ab4d3135cbae1c9161810fdf77a8964699?s=96&d=mm&r=g\",\"contentUrl\":\"https:\\\/\\\/secure.gravatar.com\\\/avatar\\\/f70e7fa0cb9b29d4a7c5788d6eb2e9ab4d3135cbae1c9161810fdf77a8964699?s=96&d=mm&r=g\",\"caption\":\"Vox Sahel\"},\"sameAs\":[\"http:\\\/\\\/www.voxsahel.com\"],\"url\":\"https:\\\/\\\/voxsahel.com\\\/?author=2\"}]}<\/script>\n<!-- \/ Yoast SEO plugin. -->","yoast_head_json":{"title":"R\u00e9habilitation du march\u00e9 Sankaryaar : les travaux de r\u00e9novation achev\u00e9s \u00e0 95% - Vox Sahel","robots":{"index":"index","follow":"follow","max-snippet":"max-snippet:-1","max-image-preview":"max-image-preview:large","max-video-preview":"max-video-preview:-1"},"canonical":"https:\/\/voxsahel.com\/?p=421","og_locale":"fr_FR","og_type":"article","og_title":"R\u00e9habilitation du march\u00e9 Sankaryaar : les travaux de r\u00e9novation achev\u00e9s \u00e0 95% - Vox Sahel","og_description":"Le march\u00e9 Sankaryaar, un des poumons \u00e9conomiques de la capitale burkinab\u00e8, se pr\u00e9pare pour sa","og_url":"https:\/\/voxsahel.com\/?p=421","og_site_name":"Vox Sahel","article_publisher":"https:\/\/www.facebook.com\/journal.voxsahel","article_published_time":"2024-10-01T11:48:46+00:00","og_image":[{"width":720,"height":960,"url":"https:\/\/voxsahel.com\/wp-content\/uploads\/2024\/10\/IMG_3315.jpeg","type":"image\/jpeg"}],"author":"Vox Sahel","twitter_card":"summary_large_image","twitter_misc":{"\u00c9crit par":"Vox Sahel","Dur\u00e9e de lecture estim\u00e9e":"3 minutes"},"schema":{"@context":"https:\/\/schema.org","@graph":[{"@type":"Article","@id":"https:\/\/voxsahel.com\/?p=421#article","isPartOf":{"@id":"https:\/\/voxsahel.com\/?p=421"},"author":{"name":"Vox Sahel","@id":"https:\/\/voxsahel.com\/#\/schema\/person\/b4043608248f8fa227cd760e7ff1e19e"},"headline":"R\u00e9habilitation du march\u00e9 Sankaryaar : les travaux de r\u00e9novation achev\u00e9s \u00e0 95%","datePublished":"2024-10-01T11:48:46+00:00","mainEntityOfPage":{"@id":"https:\/\/voxsahel.com\/?p=421"},"wordCount":462,"commentCount":0,"publisher":{"@id":"https:\/\/voxsahel.com\/#organization"},"image":{"@id":"https:\/\/voxsahel.com\/?p=421#primaryimage"},"thumbnailUrl":"https:\/\/voxsahel.com\/wp-content\/uploads\/2024\/10\/IMG_3315.jpeg","keywords":["Burkina Faso","Commerce","Economie","March\u00e9 Sankaryaar","Organisation mondiale du Commerce","Ouagadougou"],"articleSection":["DEVELOPPEMENT"],"inLanguage":"fr-FR","potentialAction":[{"@type":"CommentAction","name":"Comment","target":["https:\/\/voxsahel.com\/?p=421#respond"]}]},{"@type":"WebPage","@id":"https:\/\/voxsahel.com\/?p=421","url":"https:\/\/voxsahel.com\/?p=421","name":"R\u00e9habilitation du march\u00e9 Sankaryaar : les travaux de r\u00e9novation achev\u00e9s \u00e0 95% - Vox Sahel","isPartOf":{"@id":"https:\/\/voxsahel.com\/#website"},"primaryImageOfPage":{"@id":"https:\/\/voxsahel.com\/?p=421#primaryimage"},"image":{"@id":"https:\/\/voxsahel.com\/?p=421#primaryimage"},"thumbnailUrl":"https:\/\/voxsahel.com\/wp-content\/uploads\/2024\/10\/IMG_3315.jpeg","datePublished":"2024-10-01T11:48:46+00:00","breadcrumb":{"@id":"https:\/\/voxsahel.com\/?p=421#breadcrumb"},"inLanguage":"fr-FR","potentialAction":[{"@type":"ReadAction","target":["https:\/\/voxsahel.com\/?p=421"]}]},{"@type":"ImageObject","inLanguage":"fr-FR","@id":"https:\/\/voxsahel.com\/?p=421#primaryimage","url":"https:\/\/voxsahel.com\/wp-content\/uploads\/2024\/10\/IMG_3315.jpeg","contentUrl":"https:\/\/voxsahel.com\/wp-content\/uploads\/2024\/10\/IMG_3315.jpeg","width":720,"height":960},{"@type":"BreadcrumbList","@id":"https:\/\/voxsahel.com\/?p=421#breadcrumb","itemListElement":[{"@type":"ListItem","position":1,"name":"Home","item":"https:\/\/voxsahel.com\/"},{"@type":"ListItem","position":2,"name":"R\u00e9habilitation du march\u00e9 Sankaryaar : les travaux de r\u00e9novation achev\u00e9s \u00e0 95%"}]},{"@type":"WebSite","@id":"https:\/\/voxsahel.com\/#website","url":"https:\/\/voxsahel.com\/","name":"Vox Sahel","description":"Informez-vous sur le Sahel en un clic","publisher":{"@id":"https:\/\/voxsahel.com\/#organization"},"potentialAction":[{"@type":"SearchAction","target":{"@type":"EntryPoint","urlTemplate":"https:\/\/voxsahel.com\/?s={search_term_string}"},"query-input":{"@type":"PropertyValueSpecification","valueRequired":true,"valueName":"search_term_string"}}],"inLanguage":"fr-FR"},{"@type":"Organization","@id":"https:\/\/voxsahel.com\/#organization","name":"Vox Sahel","url":"https:\/\/voxsahel.com\/","logo":{"@type":"ImageObject","inLanguage":"fr-FR","@id":"https:\/\/voxsahel.com\/#\/schema\/logo\/image\/","url":"https:\/\/voxsahel.com\/wp-content\/uploads\/2024\/09\/Logo-Vox-Sahel.jpg","contentUrl":"https:\/\/voxsahel.com\/wp-content\/uploads\/2024\/09\/Logo-Vox-Sahel.jpg","width":1181,"height":848,"caption":"Vox Sahel"},"image":{"@id":"https:\/\/voxsahel.com\/#\/schema\/logo\/image\/"},"sameAs":["https:\/\/www.facebook.com\/journal.voxsahel"]},{"@type":"Person","@id":"https:\/\/voxsahel.com\/#\/schema\/person\/b4043608248f8fa227cd760e7ff1e19e","name":"Vox Sahel","image":{"@type":"ImageObject","inLanguage":"fr-FR","@id":"https:\/\/secure.gravatar.com\/avatar\/f70e7fa0cb9b29d4a7c5788d6eb2e9ab4d3135cbae1c9161810fdf77a8964699?s=96&d=mm&r=g","url":"https:\/\/secure.gravatar.com\/avatar\/f70e7fa0cb9b29d4a7c5788d6eb2e9ab4d3135cbae1c9161810fdf77a8964699?s=96&d=mm&r=g","contentUrl":"https:\/\/secure.gravatar.com\/avatar\/f70e7fa0cb9b29d4a7c5788d6eb2e9ab4d3135cbae1c9161810fdf77a8964699?s=96&d=mm&r=g","caption":"Vox Sahel"},"sameAs":["http:\/\/www.voxsahel.com"],"url":"https:\/\/voxsahel.com\/?author=2"}]}},"_links":{"self":[{"href":"https:\/\/voxsahel.com\/index.php?rest_route=\/wp\/v2\/posts\/421","targetHints":{"allow":["GET"]}}],"collection":[{"href":"https:\/\/voxsahel.com\/index.php?rest_route=\/wp\/v2\/posts"}],"about":[{"href":"https:\/\/voxsahel.com\/index.php?rest_route=\/wp\/v2\/types\/post"}],"author":[{"embeddable":true,"href":"https:\/\/voxsahel.com\/index.php?rest_route=\/wp\/v2\/users\/2"}],"replies":[{"embeddable":true,"href":"https:\/\/voxsahel.com\/index.php?rest_route=%2Fwp%2Fv2%2Fcomments&post=421"}],"version-history":[{"count":1,"href":"https:\/\/voxsahel.com\/index.php?rest_route=\/wp\/v2\/posts\/421\/revisions"}],"predecessor-version":[{"id":423,"href":"https:\/\/voxsahel.com\/index.php?rest_route=\/wp\/v2\/posts\/421\/revisions\/423"}],"wp:featuredmedia":[{"embeddable":true,"href":"https:\/\/voxsahel.com\/index.php?rest_route=\/wp\/v2\/media\/422"}],"wp:attachment":[{"href":"https:\/\/voxsahel.com\/index.php?rest_route=%2Fwp%2Fv2%2Fmedia&parent=421"}],"wp:term":[{"taxonomy":"category","embeddable":true,"href":"https:\/\/voxsahel.com\/index.php?rest_route=%2Fwp%2Fv2%2Fcategories&post=421"},{"taxonomy":"post_tag","embeddable":true,"href":"https:\/\/voxsahel.com\/index.php?rest_route=%2Fwp%2Fv2%2Ftags&post=421"}],"curies":[{"name":"wp","href":"https:\/\/api.w.org\/{rel}","templated":true}]}}