{"id":4101,"date":"2026-09-04T11:13:44","date_gmt":"2026-09-04T11:13:44","guid":{"rendered":"https:\/\/voxsahel.com\/?p=4101"},"modified":"2026-09-04T11:26:26","modified_gmt":"2026-09-04T11:26:26","slug":"sn-citec-apres-la-nationalisation-lhuilerie-renoue-avec-la-performance","status":"publish","type":"post","link":"https:\/\/voxsahel.com\/?p=4101","title":{"rendered":"SN CITEC : Apr\u00e8s la nationalisation, l\u2019huilerie renoue avec la performance"},"content":{"rendered":"<p class=\"p1\">\u00c0 l\u2019occasion de la traditionnelle mont\u00e9e des couleurs, le Directeur g\u00e9n\u00e9ral de la SN CITEC, le Camarade Nomand\u00e9 Prosper KOLA, a pr\u00e9sent\u00e9 les premiers r\u00e9sultats enregistr\u00e9s depuis la nationalisation de l\u2019entreprise en novembre 2025. Avec une nette progression de l\u2019activit\u00e9 au premier semestre 2026, la soci\u00e9t\u00e9 entend consolider son redressement et renforcer sa contribution \u00e0 la souverainet\u00e9 industrielle et alimentaire du Burkina Faso.<\/p>\n<p class=\"p2\"><span class=\"s3\">LaSoci\u00e9t\u00e9 Nouvelle Compagnie Industrielle de Transformation et d\u2019Exploitation des Cultures Ol\u00e9agineuses (SN Citec) amorce une nouvelle dynamique. Depuis sa nationalisation d\u00e9cid\u00e9e en novembre 2025, l\u2019entreprise affiche des indicateurs en nette am\u00e9lioration, selon le bilan pr\u00e9sent\u00e9 par son Directeur g\u00e9n\u00e9ral, le Camarade Nomand\u00e9 Prosper KOLA, \u00e0 l\u2019occasion de la traditionnelle mont\u00e9e des couleurs.<\/span><\/p>\n<p class=\"p2\"><span class=\"s3\">Revenant sur la situation de l\u2019entreprise avant sa nationalisation, le Directeur g\u00e9n\u00e9ral a rappel\u00e9 que la SN CITEC faisait face \u00e0 plusieurs difficult\u00e9s, notamment une sous-utilisation de ses capacit\u00e9s de production, la v\u00e9tust\u00e9 de certains \u00e9quipements, des tensions de tr\u00e9sorerie ainsi que des insuffisances en mati\u00e8re de gouvernance.<\/span><\/p>\n<p class=\"p2\"><span class=\"s3\">Face au risque d\u2019un affaiblissement durable de cet outil industriel strat\u00e9gique, l\u2019\u00c9tat a fait le choix de reprendre l\u2019entreprise dans son giron. Une d\u00e9cision motiv\u00e9e par la volont\u00e9 de pr\u00e9server les emplois, d\u2019assurer la continuit\u00e9 de l\u2019activit\u00e9 industrielle et de renforcer la transformation locale des ol\u00e9agineux.<\/span><\/p>\n<p class=\"p3\"><strong><span class=\"s4\">Une activit\u00e9 industrielle en forte progression<\/span><\/strong><\/p>\n<p class=\"p2\"><span class=\"s3\">Quelques mois apr\u00e8s cette reprise en main, les premiers r\u00e9sultats se veulent encourageants. La nationalisation a notamment permis de pr\u00e9server le patrimoine industriel national, plus de <\/span><span class=\"s2\">200 emplois permanents<\/span><span class=\"s3\"> et plus de <\/span><span class=\"s2\">400 emplois occasionnels<\/span><span class=\"s3\">.<\/span><\/p>\n<p class=\"p2\"><span class=\"s3\">Elle s\u2019est \u00e9galement accompagn\u00e9e d\u2019un renforcement de la gouvernance et du contr\u00f4le interne, d\u2019une relance de l\u2019approvisionnement en graines et d\u2019une am\u00e9lioration des performances industrielles.<\/span><\/p>\n<p class=\"p2\"><span class=\"s3\">Au premier semestre 2026, l\u2019huilerie a ainsi fonctionn\u00e9 pendant <\/span><span class=\"s2\">156 jours<\/span><span class=\"s3\">, contre seulement <\/span><span class=\"s2\">53 jours<\/span><span class=\"s3\"> sur la m\u00eame p\u00e9riode un an auparavant. Sur cette p\u00e9riode, la soci\u00e9t\u00e9 a tritur\u00e9 <\/span><span class=\"s2\">48 000 tonnes de graines<\/span><span class=\"s3\"> et produit pr\u00e8s de <\/span><span class=\"s2\">8 000 tonnes d\u2019huile raffin\u00e9e<\/span><span class=\"s3\">, correspondant \u00e0 environ <\/span><span class=\"s2\">8,4 millions de litres<\/span><span class=\"s3\">.<\/span><\/p>\n<p class=\"p2\"><span class=\"s3\">Cette reprise de l\u2019activit\u00e9 s\u2019est traduite par une forte progression du chiffre d\u2019affaires. Celui-ci s\u2019est \u00e9tabli \u00e0 <\/span><span class=\"s2\">14,229 milliards de F CFA<\/span><span class=\"s3\"> au premier semestre 2026, soit une hausse de <\/span><span class=\"s2\">130 %<\/span><span class=\"s3\"> par rapport \u00e0 la m\u00eame p\u00e9riode de 2025. \u00c0 lui seul, ce r\u00e9sultat semestriel d\u00e9passe les quelque <\/span><span class=\"s2\">11 milliards de F CFA<\/span><span class=\"s3\">enregistr\u00e9s avant la nationalisation.<\/span><\/p>\n<p class=\"p2\"><span class=\"s3\">Les mesures techniques et de gestion mises en \u0153uvre ont, par ailleurs, permis de g\u00e9n\u00e9rer pr\u00e8s de <\/span><span class=\"s2\">300 millions de F CFA d\u2019\u00e9conomies<\/span><span class=\"s3\">, contribuant ainsi aux efforts de redressement de l\u2019entreprise.<\/span><\/p>\n<p class=\"p3\"><strong><span class=\"s4\">Pr\u00e8s de 25 milliards de F CFA pour quatre projets structurants<\/span><\/strong><\/p>\n<p class=\"p2\"><span class=\"s3\">Pour inscrire cette dynamique dans la dur\u00e9e, la SN CITEC mise d\u00e9sormais sur la diversification et la modernisation de son outil industriel. Quatre projets structurants, repr\u00e9sentant un investissement global de pr\u00e8s de <\/span><span class=\"s2\">25 milliards de F CFA<\/span><span class=\"s3\">, sont engag\u00e9s.<\/span><\/p>\n<p class=\"p2\"><span class=\"s3\">Ils portent notamment sur la <\/span><span class=\"s2\">modernisation de la savonnerie<\/span><span class=\"s3\">, la <\/span><span class=\"s2\">production de beurre de karit\u00e9 et d\u2019huile d\u2019arachide<\/span><span class=\"s3\">, le <\/span><span class=\"s2\">renforcement des capacit\u00e9s de conditionnement des huiles<\/span><span class=\"s3\"> ainsi que la <\/span><span class=\"s2\">relance de la production de p\u00e2te d\u2019arachide<\/span><span class=\"s3\">.<\/span><\/p>\n<p class=\"p2\"><span class=\"s3\">Dans ce cadre, l\u2019\u00c9tat, \u00e0 travers le minist\u00e8re de l\u2019\u00c9conomie et des Finances, accompagne notamment la modernisation de la savonnerie \u00e0 hauteur de <\/span><span class=\"s2\">14 milliards de F CFA<\/span><span class=\"s3\">.<\/span><\/p>\n<p class=\"p2\"><span class=\"s3\">Ces investissements doivent permettre \u00e0 la SN CITEC d\u2019accro\u00eetre ses capacit\u00e9s, de diversifier son offre et de mieux valoriser les mati\u00e8res premi\u00e8res produites au Burkina Faso.<\/span><\/p>\n<p class=\"p3\"><strong><span class=\"s4\">La diversification au c\u0153ur de la strat\u00e9gie commerciale<\/span><\/strong><\/p>\n<p class=\"p2\"><span class=\"s3\">Prenant la parole au nom du Directeur commercial et marketing, le Camarade Adama MIEN a, pour sa part, insist\u00e9 sur l\u2019importance de la diversification comme levier de croissance.<\/span><\/p>\n<p class=\"p2\"><span class=\"s3\">Il a appel\u00e9 \u00e0 renforcer le r\u00e9seau de distribution, \u00e0 conqu\u00e9rir de nouveaux march\u00e9s et \u00e0 fid\u00e9liser davantage la client\u00e8le. Pour lui, la satisfaction du client et l\u2019esprit d\u2019\u00e9quipe doivent demeurer au c\u0153ur de l\u2019action de la SN CITEC.<\/span><\/p>\n<p class=\"p2\"><span class=\"s3\">Cette orientation vise notamment \u00e0 permettre \u00e0 l\u2019entreprise de mieux \u00e9couler ses produits, d\u2019\u00e9largir sa pr\u00e9sence sur le march\u00e9 national et de consolider sa position dans la transformation des produits ol\u00e9agineux.<\/span><\/p>\n<p class=\"p3\"><strong><span class=\"s4\">Des manquements internes sous surveillance<\/span><\/strong><\/p>\n<p class=\"p2\"><span class=\"s3\">Si les r\u00e9sultats pr\u00e9sent\u00e9s t\u00e9moignent d\u2019une am\u00e9lioration de la situation, la direction entend \u00e9galement rester vigilante face aux difficult\u00e9s internes.<\/span><\/p>\n<p class=\"p2\"><span class=\"s3\">Le Directeur g\u00e9n\u00e9ral a ainsi d\u00e9plor\u00e9 des manquements graves imputables \u00e0 une minorit\u00e9 de collaborateurs et susceptibles, selon lui, de compromettre les efforts de redressement et les acquis enregistr\u00e9s.<\/span><\/p>\n<p class=\"p2\"><span class=\"s3\">Il a assur\u00e9 que les faits signal\u00e9s feront l\u2019objet d\u2019un traitement rigoureux, dans le respect des proc\u00e9dures applicables, et que les mesures n\u00e9cessaires seront prises afin de pr\u00e9server les int\u00e9r\u00eats de la soci\u00e9t\u00e9.<\/span><\/p>\n<p class=\"p2\"><span class=\"s3\">Le Directeur g\u00e9n\u00e9ral a toutefois tenu \u00e0 saluer l\u2019engagement de la grande majorit\u00e9 des travailleurs, dont l\u2019implication quotidienne contribue, dans un contexte exigeant, \u00e0 remettre progressivement la SN CITEC sur la voie de la performance.<\/span><\/p>\n<p class=\"p3\"><span class=\"s4\">\u00ab<strong> Produire, transformer et consommer localement<\/strong> \u00bb<\/span><\/p>\n<p class=\"p2\"><span class=\"s3\">\u00c0 travers les r\u00e9sultats du premier semestre et les investissements annonc\u00e9s, la SN CITEC entend ainsi poursuivre sa transformation en s\u2019appuyant sur la modernisation, la diversification et une meilleure valorisation des mati\u00e8res premi\u00e8res locales.<\/span><\/p>\n<p class=\"p2\"><span class=\"s3\">\u00ab <\/span><span class=\"s2\">Produire localement, transformer localement et consommer localement : telle est notre boussole. Chaque graine transform\u00e9e au Burkina Faso cr\u00e9e de la valeur, des emplois et de la souverainet\u00e9<\/span><span class=\"s3\"> \u00bb, a r\u00e9sum\u00e9 la direction.<\/span><\/p>\n<p class=\"p2\"><span class=\"s3\">Une ambition qui inscrit le redressement de la SN CITEC dans une perspective plus large : celle du renforcement de la souverainet\u00e9 alimentaire et industrielle du Burkina Faso par la transformation locale et la cr\u00e9ation de valeur au profit de l\u2019\u00e9conomie nationale.<\/span><\/p>\n<p class=\"p2\" style=\"text-align: right;\"><strong><span class=\"s3\">Par Vox Sahel <\/span><\/strong><\/p>\n","protected":false},"excerpt":{"rendered":"<p>\u00c0 l\u2019occasion de la traditionnelle mont\u00e9e des couleurs, le Directeur g\u00e9n\u00e9ral de la SN CITEC,<\/p>\n","protected":false},"author":2,"featured_media":4102,"comment_status":"open","ping_status":"closed","sticky":false,"template":"","format":"standard","meta":{"_et_pb_use_builder":"","_et_pb_old_content":"","_et_gb_content_width":"","footnotes":""},"categories":[8],"tags":[],"class_list":["post-4101","post","type-post","status-publish","format-standard","has-post-thumbnail","hentry","category-developpement"],"yoast_head":"<!-- This site is optimized with the Yoast SEO plugin v28.4 - https:\/\/yoast.com\/product\/yoast-seo-wordpress\/ -->\n<title>SN CITEC : Apr\u00e8s la nationalisation, l\u2019huilerie renoue avec la performance - Vox Sahel<\/title>\n<meta name=\"robots\" content=\"index, follow, max-snippet:-1, max-image-preview:large, max-video-preview:-1\" \/>\n<link rel=\"canonical\" href=\"https:\/\/voxsahel.com\/?p=4101\" \/>\n<meta property=\"og:locale\" content=\"fr_FR\" \/>\n<meta property=\"og:type\" content=\"article\" \/>\n<meta property=\"og:title\" content=\"SN CITEC : Apr\u00e8s la nationalisation, l\u2019huilerie renoue avec la performance - Vox Sahel\" \/>\n<meta property=\"og:description\" content=\"\u00c0 l\u2019occasion de la traditionnelle mont\u00e9e des couleurs, le Directeur g\u00e9n\u00e9ral de la SN CITEC,\" \/>\n<meta property=\"og:url\" content=\"https:\/\/voxsahel.com\/?p=4101\" \/>\n<meta property=\"og:site_name\" content=\"Vox Sahel\" \/>\n<meta property=\"article:publisher\" content=\"https:\/\/www.facebook.com\/journal.voxsahel\" \/>\n<meta property=\"article:published_time\" content=\"2026-09-04T11:13:44+00:00\" \/>\n<meta property=\"article:modified_time\" content=\"2026-09-04T11:26:26+00:00\" \/>\n<meta property=\"og:image\" content=\"https:\/\/voxsahel.com\/wp-content\/uploads\/2026\/09\/IMG_7905.jpeg\" \/>\n\t<meta property=\"og:image:width\" content=\"2048\" \/>\n\t<meta property=\"og:image:height\" content=\"1153\" \/>\n\t<meta property=\"og:image:type\" content=\"image\/jpeg\" \/>\n<meta name=\"author\" content=\"Vox Sahel\" \/>\n<meta name=\"twitter:card\" content=\"summary_large_image\" \/>\n<meta name=\"twitter:label1\" content=\"\u00c9crit par\" \/>\n\t<meta name=\"twitter:data1\" content=\"Vox Sahel\" \/>\n\t<meta name=\"twitter:label2\" content=\"Dur\u00e9e de lecture estim\u00e9e\" \/>\n\t<meta name=\"twitter:data2\" content=\"5 minutes\" \/>\n<script type=\"application\/ld+json\" class=\"yoast-schema-graph\">{\"@context\":\"https:\\\/\\\/schema.org\",\"@graph\":[{\"@type\":\"Article\",\"@id\":\"https:\\\/\\\/voxsahel.com\\\/?p=4101#article\",\"isPartOf\":{\"@id\":\"https:\\\/\\\/voxsahel.com\\\/?p=4101\"},\"author\":{\"name\":\"Vox Sahel\",\"@id\":\"https:\\\/\\\/voxsahel.com\\\/#\\\/schema\\\/person\\\/b4043608248f8fa227cd760e7ff1e19e\"},\"headline\":\"SN CITEC : Apr\u00e8s la nationalisation, l\u2019huilerie renoue avec la performance\",\"datePublished\":\"2026-09-04T11:13:44+00:00\",\"dateModified\":\"2026-09-04T11:26:26+00:00\",\"mainEntityOfPage\":{\"@id\":\"https:\\\/\\\/voxsahel.com\\\/?p=4101\"},\"wordCount\":1007,\"commentCount\":0,\"publisher\":{\"@id\":\"https:\\\/\\\/voxsahel.com\\\/#organization\"},\"image\":{\"@id\":\"https:\\\/\\\/voxsahel.com\\\/?p=4101#primaryimage\"},\"thumbnailUrl\":\"https:\\\/\\\/voxsahel.com\\\/wp-content\\\/uploads\\\/2026\\\/09\\\/IMG_7905.jpeg\",\"articleSection\":[\"DEVELOPPEMENT\"],\"inLanguage\":\"fr-FR\",\"potentialAction\":[{\"@type\":\"CommentAction\",\"name\":\"Comment\",\"target\":[\"https:\\\/\\\/voxsahel.com\\\/?p=4101#respond\"]}]},{\"@type\":\"WebPage\",\"@id\":\"https:\\\/\\\/voxsahel.com\\\/?p=4101\",\"url\":\"https:\\\/\\\/voxsahel.com\\\/?p=4101\",\"name\":\"SN CITEC : Apr\u00e8s la nationalisation, l\u2019huilerie renoue avec la performance - Vox Sahel\",\"isPartOf\":{\"@id\":\"https:\\\/\\\/voxsahel.com\\\/#website\"},\"primaryImageOfPage\":{\"@id\":\"https:\\\/\\\/voxsahel.com\\\/?p=4101#primaryimage\"},\"image\":{\"@id\":\"https:\\\/\\\/voxsahel.com\\\/?p=4101#primaryimage\"},\"thumbnailUrl\":\"https:\\\/\\\/voxsahel.com\\\/wp-content\\\/uploads\\\/2026\\\/09\\\/IMG_7905.jpeg\",\"datePublished\":\"2026-09-04T11:13:44+00:00\",\"dateModified\":\"2026-09-04T11:26:26+00:00\",\"breadcrumb\":{\"@id\":\"https:\\\/\\\/voxsahel.com\\\/?p=4101#breadcrumb\"},\"inLanguage\":\"fr-FR\",\"potentialAction\":[{\"@type\":\"ReadAction\",\"target\":[\"https:\\\/\\\/voxsahel.com\\\/?p=4101\"]}]},{\"@type\":\"ImageObject\",\"inLanguage\":\"fr-FR\",\"@id\":\"https:\\\/\\\/voxsahel.com\\\/?p=4101#primaryimage\",\"url\":\"https:\\\/\\\/voxsahel.com\\\/wp-content\\\/uploads\\\/2026\\\/09\\\/IMG_7905.jpeg\",\"contentUrl\":\"https:\\\/\\\/voxsahel.com\\\/wp-content\\\/uploads\\\/2026\\\/09\\\/IMG_7905.jpeg\",\"width\":2048,\"height\":1153},{\"@type\":\"BreadcrumbList\",\"@id\":\"https:\\\/\\\/voxsahel.com\\\/?p=4101#breadcrumb\",\"itemListElement\":[{\"@type\":\"ListItem\",\"position\":1,\"name\":\"Home\",\"item\":\"https:\\\/\\\/voxsahel.com\\\/\"},{\"@type\":\"ListItem\",\"position\":2,\"name\":\"SN CITEC : Apr\u00e8s la nationalisation, l\u2019huilerie renoue avec la performance\"}]},{\"@type\":\"WebSite\",\"@id\":\"https:\\\/\\\/voxsahel.com\\\/#website\",\"url\":\"https:\\\/\\\/voxsahel.com\\\/\",\"name\":\"Vox Sahel\",\"description\":\"Informez-vous sur le Sahel en un clic\",\"publisher\":{\"@id\":\"https:\\\/\\\/voxsahel.com\\\/#organization\"},\"potentialAction\":[{\"@type\":\"SearchAction\",\"target\":{\"@type\":\"EntryPoint\",\"urlTemplate\":\"https:\\\/\\\/voxsahel.com\\\/?s={search_term_string}\"},\"query-input\":{\"@type\":\"PropertyValueSpecification\",\"valueRequired\":true,\"valueName\":\"search_term_string\"}}],\"inLanguage\":\"fr-FR\"},{\"@type\":\"Organization\",\"@id\":\"https:\\\/\\\/voxsahel.com\\\/#organization\",\"name\":\"Vox Sahel\",\"url\":\"https:\\\/\\\/voxsahel.com\\\/\",\"logo\":{\"@type\":\"ImageObject\",\"inLanguage\":\"fr-FR\",\"@id\":\"https:\\\/\\\/voxsahel.com\\\/#\\\/schema\\\/logo\\\/image\\\/\",\"url\":\"https:\\\/\\\/voxsahel.com\\\/wp-content\\\/uploads\\\/2024\\\/09\\\/Logo-Vox-Sahel.jpg\",\"contentUrl\":\"https:\\\/\\\/voxsahel.com\\\/wp-content\\\/uploads\\\/2024\\\/09\\\/Logo-Vox-Sahel.jpg\",\"width\":1181,\"height\":848,\"caption\":\"Vox Sahel\"},\"image\":{\"@id\":\"https:\\\/\\\/voxsahel.com\\\/#\\\/schema\\\/logo\\\/image\\\/\"},\"sameAs\":[\"https:\\\/\\\/www.facebook.com\\\/journal.voxsahel\"]},{\"@type\":\"Person\",\"@id\":\"https:\\\/\\\/voxsahel.com\\\/#\\\/schema\\\/person\\\/b4043608248f8fa227cd760e7ff1e19e\",\"name\":\"Vox Sahel\",\"image\":{\"@type\":\"ImageObject\",\"inLanguage\":\"fr-FR\",\"@id\":\"https:\\\/\\\/secure.gravatar.com\\\/avatar\\\/f70e7fa0cb9b29d4a7c5788d6eb2e9ab4d3135cbae1c9161810fdf77a8964699?s=96&d=mm&r=g\",\"url\":\"https:\\\/\\\/secure.gravatar.com\\\/avatar\\\/f70e7fa0cb9b29d4a7c5788d6eb2e9ab4d3135cbae1c9161810fdf77a8964699?s=96&d=mm&r=g\",\"contentUrl\":\"https:\\\/\\\/secure.gravatar.com\\\/avatar\\\/f70e7fa0cb9b29d4a7c5788d6eb2e9ab4d3135cbae1c9161810fdf77a8964699?s=96&d=mm&r=g\",\"caption\":\"Vox Sahel\"},\"sameAs\":[\"http:\\\/\\\/www.voxsahel.com\"],\"url\":\"https:\\\/\\\/voxsahel.com\\\/?author=2\"}]}<\/script>\n<!-- \/ Yoast SEO plugin. -->","yoast_head_json":{"title":"SN CITEC : Apr\u00e8s la nationalisation, l\u2019huilerie renoue avec la performance - Vox Sahel","robots":{"index":"index","follow":"follow","max-snippet":"max-snippet:-1","max-image-preview":"max-image-preview:large","max-video-preview":"max-video-preview:-1"},"canonical":"https:\/\/voxsahel.com\/?p=4101","og_locale":"fr_FR","og_type":"article","og_title":"SN CITEC : Apr\u00e8s la nationalisation, l\u2019huilerie renoue avec la performance - Vox Sahel","og_description":"\u00c0 l\u2019occasion de la traditionnelle mont\u00e9e des couleurs, le Directeur g\u00e9n\u00e9ral de la SN CITEC,","og_url":"https:\/\/voxsahel.com\/?p=4101","og_site_name":"Vox Sahel","article_publisher":"https:\/\/www.facebook.com\/journal.voxsahel","article_published_time":"2026-09-04T11:13:44+00:00","article_modified_time":"2026-09-04T11:26:26+00:00","og_image":[{"width":2048,"height":1153,"url":"https:\/\/voxsahel.com\/wp-content\/uploads\/2026\/09\/IMG_7905.jpeg","type":"image\/jpeg"}],"author":"Vox Sahel","twitter_card":"summary_large_image","twitter_misc":{"\u00c9crit par":"Vox Sahel","Dur\u00e9e de lecture estim\u00e9e":"5 minutes"},"schema":{"@context":"https:\/\/schema.org","@graph":[{"@type":"Article","@id":"https:\/\/voxsahel.com\/?p=4101#article","isPartOf":{"@id":"https:\/\/voxsahel.com\/?p=4101"},"author":{"name":"Vox Sahel","@id":"https:\/\/voxsahel.com\/#\/schema\/person\/b4043608248f8fa227cd760e7ff1e19e"},"headline":"SN CITEC : Apr\u00e8s la nationalisation, l\u2019huilerie renoue avec la performance","datePublished":"2026-09-04T11:13:44+00:00","dateModified":"2026-09-04T11:26:26+00:00","mainEntityOfPage":{"@id":"https:\/\/voxsahel.com\/?p=4101"},"wordCount":1007,"commentCount":0,"publisher":{"@id":"https:\/\/voxsahel.com\/#organization"},"image":{"@id":"https:\/\/voxsahel.com\/?p=4101#primaryimage"},"thumbnailUrl":"https:\/\/voxsahel.com\/wp-content\/uploads\/2026\/09\/IMG_7905.jpeg","articleSection":["DEVELOPPEMENT"],"inLanguage":"fr-FR","potentialAction":[{"@type":"CommentAction","name":"Comment","target":["https:\/\/voxsahel.com\/?p=4101#respond"]}]},{"@type":"WebPage","@id":"https:\/\/voxsahel.com\/?p=4101","url":"https:\/\/voxsahel.com\/?p=4101","name":"SN CITEC : Apr\u00e8s la nationalisation, l\u2019huilerie renoue avec la performance - Vox Sahel","isPartOf":{"@id":"https:\/\/voxsahel.com\/#website"},"primaryImageOfPage":{"@id":"https:\/\/voxsahel.com\/?p=4101#primaryimage"},"image":{"@id":"https:\/\/voxsahel.com\/?p=4101#primaryimage"},"thumbnailUrl":"https:\/\/voxsahel.com\/wp-content\/uploads\/2026\/09\/IMG_7905.jpeg","datePublished":"2026-09-04T11:13:44+00:00","dateModified":"2026-09-04T11:26:26+00:00","breadcrumb":{"@id":"https:\/\/voxsahel.com\/?p=4101#breadcrumb"},"inLanguage":"fr-FR","potentialAction":[{"@type":"ReadAction","target":["https:\/\/voxsahel.com\/?p=4101"]}]},{"@type":"ImageObject","inLanguage":"fr-FR","@id":"https:\/\/voxsahel.com\/?p=4101#primaryimage","url":"https:\/\/voxsahel.com\/wp-content\/uploads\/2026\/09\/IMG_7905.jpeg","contentUrl":"https:\/\/voxsahel.com\/wp-content\/uploads\/2026\/09\/IMG_7905.jpeg","width":2048,"height":1153},{"@type":"BreadcrumbList","@id":"https:\/\/voxsahel.com\/?p=4101#breadcrumb","itemListElement":[{"@type":"ListItem","position":1,"name":"Home","item":"https:\/\/voxsahel.com\/"},{"@type":"ListItem","position":2,"name":"SN CITEC : Apr\u00e8s la nationalisation, l\u2019huilerie renoue avec la performance"}]},{"@type":"WebSite","@id":"https:\/\/voxsahel.com\/#website","url":"https:\/\/voxsahel.com\/","name":"Vox Sahel","description":"Informez-vous sur le Sahel en un clic","publisher":{"@id":"https:\/\/voxsahel.com\/#organization"},"potentialAction":[{"@type":"SearchAction","target":{"@type":"EntryPoint","urlTemplate":"https:\/\/voxsahel.com\/?s={search_term_string}"},"query-input":{"@type":"PropertyValueSpecification","valueRequired":true,"valueName":"search_term_string"}}],"inLanguage":"fr-FR"},{"@type":"Organization","@id":"https:\/\/voxsahel.com\/#organization","name":"Vox Sahel","url":"https:\/\/voxsahel.com\/","logo":{"@type":"ImageObject","inLanguage":"fr-FR","@id":"https:\/\/voxsahel.com\/#\/schema\/logo\/image\/","url":"https:\/\/voxsahel.com\/wp-content\/uploads\/2024\/09\/Logo-Vox-Sahel.jpg","contentUrl":"https:\/\/voxsahel.com\/wp-content\/uploads\/2024\/09\/Logo-Vox-Sahel.jpg","width":1181,"height":848,"caption":"Vox Sahel"},"image":{"@id":"https:\/\/voxsahel.com\/#\/schema\/logo\/image\/"},"sameAs":["https:\/\/www.facebook.com\/journal.voxsahel"]},{"@type":"Person","@id":"https:\/\/voxsahel.com\/#\/schema\/person\/b4043608248f8fa227cd760e7ff1e19e","name":"Vox Sahel","image":{"@type":"ImageObject","inLanguage":"fr-FR","@id":"https:\/\/secure.gravatar.com\/avatar\/f70e7fa0cb9b29d4a7c5788d6eb2e9ab4d3135cbae1c9161810fdf77a8964699?s=96&d=mm&r=g","url":"https:\/\/secure.gravatar.com\/avatar\/f70e7fa0cb9b29d4a7c5788d6eb2e9ab4d3135cbae1c9161810fdf77a8964699?s=96&d=mm&r=g","contentUrl":"https:\/\/secure.gravatar.com\/avatar\/f70e7fa0cb9b29d4a7c5788d6eb2e9ab4d3135cbae1c9161810fdf77a8964699?s=96&d=mm&r=g","caption":"Vox Sahel"},"sameAs":["http:\/\/www.voxsahel.com"],"url":"https:\/\/voxsahel.com\/?author=2"}]}},"_links":{"self":[{"href":"https:\/\/voxsahel.com\/index.php?rest_route=\/wp\/v2\/posts\/4101","targetHints":{"allow":["GET"]}}],"collection":[{"href":"https:\/\/voxsahel.com\/index.php?rest_route=\/wp\/v2\/posts"}],"about":[{"href":"https:\/\/voxsahel.com\/index.php?rest_route=\/wp\/v2\/types\/post"}],"author":[{"embeddable":true,"href":"https:\/\/voxsahel.com\/index.php?rest_route=\/wp\/v2\/users\/2"}],"replies":[{"embeddable":true,"href":"https:\/\/voxsahel.com\/index.php?rest_route=%2Fwp%2Fv2%2Fcomments&post=4101"}],"version-history":[{"count":2,"href":"https:\/\/voxsahel.com\/index.php?rest_route=\/wp\/v2\/posts\/4101\/revisions"}],"predecessor-version":[{"id":4104,"href":"https:\/\/voxsahel.com\/index.php?rest_route=\/wp\/v2\/posts\/4101\/revisions\/4104"}],"wp:featuredmedia":[{"embeddable":true,"href":"https:\/\/voxsahel.com\/index.php?rest_route=\/wp\/v2\/media\/4102"}],"wp:attachment":[{"href":"https:\/\/voxsahel.com\/index.php?rest_route=%2Fwp%2Fv2%2Fmedia&parent=4101"}],"wp:term":[{"taxonomy":"category","embeddable":true,"href":"https:\/\/voxsahel.com\/index.php?rest_route=%2Fwp%2Fv2%2Fcategories&post=4101"},{"taxonomy":"post_tag","embeddable":true,"href":"https:\/\/voxsahel.com\/index.php?rest_route=%2Fwp%2Fv2%2Ftags&post=4101"}],"curies":[{"name":"wp","href":"https:\/\/api.w.org\/{rel}","templated":true}]}}