{"id":4091,"date":"2026-09-04T09:32:34","date_gmt":"2026-09-04T09:32:34","guid":{"rendered":"https:\/\/voxsahel.com\/?p=4091"},"modified":"2026-09-04T09:36:15","modified_gmt":"2026-09-04T09:36:15","slug":"tenkodogo-lapec-prepare-la-mise-en-service-de-sa-deuxieme-usine-de-transformation-de-tomates","status":"publish","type":"post","link":"https:\/\/voxsahel.com\/?p=4091","title":{"rendered":"Tenkodogo : l\u2019APEC pr\u00e9pare la mise en service de sa deuxi\u00e8me usine de transformation de tomates"},"content":{"rendered":"<p class=\"p2\"><span class=\"s2\">L\u2019Agence pour la Promotion de l\u2019Entrepreneuriat Communautaire (APEC) poursuit la concr\u00e9tisation de ses projets industriels. \u00c0 P\u00e9dogo, dans la commune de Tenkodogo, les travaux de construction de la deuxi\u00e8me usine communautaire de transformation de tomates sont \u00e0 un stade avanc\u00e9. Les \u00e9quipements sont d\u00e9j\u00e0 install\u00e9s et les premiers essais sont annonc\u00e9s pour la mi-septembre 2026.<\/span><\/p>\n<p><img loading=\"lazy\" decoding=\"async\" class=\"aligncenter size-large wp-image-4094\" src=\"https:\/\/voxsahel.com\/wp-content\/uploads\/2026\/09\/IMG_7892-1024x521.jpeg\" alt=\"\" width=\"640\" height=\"326\" srcset=\"https:\/\/voxsahel.com\/wp-content\/uploads\/2026\/09\/IMG_7892-1024x521.jpeg 1024w, https:\/\/voxsahel.com\/wp-content\/uploads\/2026\/09\/IMG_7892-300x153.jpeg 300w, https:\/\/voxsahel.com\/wp-content\/uploads\/2026\/09\/IMG_7892-768x391.jpeg 768w, https:\/\/voxsahel.com\/wp-content\/uploads\/2026\/09\/IMG_7892-610x311.jpeg 610w, https:\/\/voxsahel.com\/wp-content\/uploads\/2026\/09\/IMG_7892.jpeg 1080w\" sizes=\"(max-width: 640px) 100vw, 640px\" \/><\/p>\n<p class=\"p2\"><span class=\"s3\">\u00c0 quelques kilom\u00e8tres du centre-ville de Tenkodogo, le chantier de l\u2019usine de transformation de tomates de l\u2019APEC prend progressivement forme. Implant\u00e9e sur une superficie de trois hectares, l\u2019unit\u00e9 industrielle dispose d\u00e9sormais de ses principales infrastructures. La plateforme industrielle, les magasins de stockage, les locaux techniques, le bloc administratif ainsi que l\u2019atelier de maintenance sont notamment en phase de finition.<\/span><\/p>\n<p class=\"p2\"><span class=\"s3\">Une \u00e9quipe de l\u2019APEC, conduite par son Directeur g\u00e9n\u00e9ral, <\/span><span class=\"s2\">Karim TRAOR\u00c9<\/span><span class=\"s3\">, s\u2019est rendue sur le site afin de constater l\u2019\u00e9tat d\u2019avancement des travaux et de s\u2019assurer du respect du calendrier de mise en service. La d\u00e9l\u00e9gation \u00e9tait accompagn\u00e9e d\u2019<\/span><span class=\"s2\">Adama KAMBON\u00c9<\/span><span class=\"s3\">, charg\u00e9 de mission aupr\u00e8s de la Pr\u00e9sidence du Faso pour la r\u00e9gion du Nakamb\u00e9, ainsi que de <\/span><span class=\"s2\">Moubara BAGAGNAN<\/span><span class=\"s3\">, d\u00e9l\u00e9gu\u00e9 r\u00e9gional \u00e9lu des souscripteurs de la SCOOP-CA\/APEC.<\/span><\/p>\n<p><img loading=\"lazy\" decoding=\"async\" class=\"aligncenter size-large wp-image-4095\" src=\"https:\/\/voxsahel.com\/wp-content\/uploads\/2026\/09\/IMG_7895-1009x1024.jpeg\" alt=\"\" width=\"640\" height=\"650\" srcset=\"https:\/\/voxsahel.com\/wp-content\/uploads\/2026\/09\/IMG_7895-1009x1024.jpeg 1009w, https:\/\/voxsahel.com\/wp-content\/uploads\/2026\/09\/IMG_7895-296x300.jpeg 296w, https:\/\/voxsahel.com\/wp-content\/uploads\/2026\/09\/IMG_7895-768x779.jpeg 768w, https:\/\/voxsahel.com\/wp-content\/uploads\/2026\/09\/IMG_7895-1080x1096.jpeg 1080w, https:\/\/voxsahel.com\/wp-content\/uploads\/2026\/09\/IMG_7895-610x619.jpeg 610w, https:\/\/voxsahel.com\/wp-content\/uploads\/2026\/09\/IMG_7895.jpeg 1245w\" sizes=\"(max-width: 640px) 100vw, 640px\" \/><\/p>\n<p class=\"p3\"><strong><span class=\"s4\">Des essais pr\u00e9vus \u00e0 partir du 15 septembre<\/span><\/strong><\/p>\n<p class=\"p2\"><span class=\"s3\">\u00c0 l\u2019issue de la visite, le Directeur g\u00e9n\u00e9ral de l\u2019APEC s\u2019est dit satisfait de l\u2019\u00e9volution du chantier et a voulu rassurer les souscripteurs sur la prochaine ouverture de leur unit\u00e9 industrielle.<\/span><\/p>\n<p class=\"p2\"><span class=\"s3\">\u00ab Les travaux sont bien avanc\u00e9s et nous pouvons effectivement rassurer les souscripteurs que leur usine va bient\u00f4t \u00eatre ouverte \u00bb, a d\u00e9clar\u00e9 Karim TRAOR\u00c9.<\/span><\/p>\n<p class=\"p2\"><span class=\"s3\">Les premiers tests des \u00e9quipements sont pr\u00e9vus autour du <\/span><span class=\"s2\">15 septembre 2026<\/span><span class=\"s3\">. Ils devraient s\u2019\u00e9taler sur une p\u00e9riode comprise entre dix jours et deux semaines. Cette phase permettra notamment de v\u00e9rifier le fonctionnement des diff\u00e9rentes machines et d\u2019effectuer les derniers r\u00e9glages avant le d\u00e9marrage des op\u00e9rations.<\/span><\/p>\n<p class=\"p2\"><span class=\"s3\">Pour Karim TRAOR\u00c9, cette avanc\u00e9e traduit les premiers r\u00e9sultats de la mobilisation autour de l\u2019entrepreneuriat communautaire. Il a, par ailleurs, rappel\u00e9 que les souscriptions se poursuivent, alors que la premi\u00e8re phase de mobilisation des capitaux approche de son terme.<\/span><\/p>\n<p class=\"p2\"><span class=\"s3\">\u00ab C\u2019est une fiert\u00e9 pour nous d\u2019annoncer \u00e0 nos souscripteurs que leur mobilisation porte d\u00e9sormais ses fruits \u00bb, a-t-il soulign\u00e9.<\/span><\/p>\n<p><img loading=\"lazy\" decoding=\"async\" class=\"aligncenter size-large wp-image-4097\" src=\"https:\/\/voxsahel.com\/wp-content\/uploads\/2026\/09\/IMG_7893-1024x772.jpeg\" alt=\"\" width=\"640\" height=\"483\" srcset=\"https:\/\/voxsahel.com\/wp-content\/uploads\/2026\/09\/IMG_7893-1024x772.jpeg 1024w, https:\/\/voxsahel.com\/wp-content\/uploads\/2026\/09\/IMG_7893-300x226.jpeg 300w, https:\/\/voxsahel.com\/wp-content\/uploads\/2026\/09\/IMG_7893-768x579.jpeg 768w, https:\/\/voxsahel.com\/wp-content\/uploads\/2026\/09\/IMG_7893-610x460.jpeg 610w, https:\/\/voxsahel.com\/wp-content\/uploads\/2026\/09\/IMG_7893.jpeg 1080w\" sizes=\"(max-width: 640px) 100vw, 640px\" \/><\/p>\n<p class=\"p3\"><strong><span class=\"s4\">Plus de 1 000 emplois directs et indirects \u00e0 terme<\/span><\/strong><\/p>\n<p class=\"p2\"><span class=\"s3\">La future unit\u00e9 industrielle devrait \u00e9galement constituer un important levier de cr\u00e9ation d\u2019emplois dans la r\u00e9gion du Nakamb\u00e9. Dans sa premi\u00e8re phase d\u2019exploitation, elle devrait employer <\/span><span class=\"s2\">plus d\u2019une centaine de jeunes et de femmes<\/span><span class=\"s3\">.<\/span><\/p>\n<p class=\"p2\"><span class=\"s3\">\u00c0 terme, l\u2019APEC annonce la cr\u00e9ation d\u2019environ <\/span><span class=\"s2\">300 emplois directs<\/span><span class=\"s3\"> et pr\u00e8s de <\/span><span class=\"s2\">1 000 emplois indirects<\/span><span class=\"s3\">. Le fonctionnement de l\u2019usine devrait ainsi stimuler plusieurs activit\u00e9s connexes, notamment le transport, la manutention, l\u2019approvisionnement, la production et la restauration.<\/span><\/p>\n<p class=\"p2\"><span class=\"s3\">Pour les responsables de l\u2019APEC, l\u2019enjeu d\u00e9passe donc le seul fonctionnement de l\u2019unit\u00e9 industrielle. Il s\u2019agit \u00e9galement de structurer tout un \u00e9cosyst\u00e8me \u00e9conomique autour de la transformation de la tomate.<\/span><\/p>\n<p><img loading=\"lazy\" decoding=\"async\" class=\"aligncenter size-large wp-image-4098\" src=\"https:\/\/voxsahel.com\/wp-content\/uploads\/2026\/09\/IMG_7888-1024x768.jpeg\" alt=\"\" width=\"640\" height=\"480\" srcset=\"https:\/\/voxsahel.com\/wp-content\/uploads\/2026\/09\/IMG_7888-1024x768.jpeg 1024w, https:\/\/voxsahel.com\/wp-content\/uploads\/2026\/09\/IMG_7888-300x225.jpeg 300w, https:\/\/voxsahel.com\/wp-content\/uploads\/2026\/09\/IMG_7888-768x576.jpeg 768w, https:\/\/voxsahel.com\/wp-content\/uploads\/2026\/09\/IMG_7888-510x382.jpeg 510w, https:\/\/voxsahel.com\/wp-content\/uploads\/2026\/09\/IMG_7888-610x458.jpeg 610w, https:\/\/voxsahel.com\/wp-content\/uploads\/2026\/09\/IMG_7888-720x540.jpeg 720w, https:\/\/voxsahel.com\/wp-content\/uploads\/2026\/09\/IMG_7888.jpeg 1080w\" sizes=\"(max-width: 640px) 100vw, 640px\" \/><\/p>\n<p class=\"p3\"><strong><span class=\"s4\">Les producteurs appel\u00e9s \u00e0 anticiper les besoins<\/span><\/strong><\/p>\n<p class=\"p2\"><span class=\"s3\">L\u2019APEC entend d\u2019ores et d\u00e9j\u00e0 pr\u00e9parer l\u2019approvisionnement de l\u2019usine en mati\u00e8re premi\u00e8re. Le Directeur g\u00e9n\u00e9ral a ainsi invit\u00e9 les producteurs de tomates \u00e0 se rapprocher de l\u2019Agence afin de mieux s\u2019organiser en pr\u00e9vision du d\u00e9marrage des activit\u00e9s.<\/span><\/p>\n<p class=\"p2\"><span class=\"s2\">Adama KAMBON\u00c9<\/span><span class=\"s3\"> a \u00e9galement appel\u00e9 les producteurs \u00e0 anticiper cette nouvelle opportunit\u00e9. Il les a encourag\u00e9s \u00e0 se structurer afin de pouvoir r\u00e9pondre efficacement aux besoins de l\u2019unit\u00e9 en tomates fra\u00eeches.<\/span><\/p>\n<p class=\"p2\"><span class=\"s3\">Selon le calendrier pr\u00e9sent\u00e9, les besoins en mati\u00e8re premi\u00e8re devraient conna\u00eetre une hausse \u00e0 partir de la <\/span><span class=\"s2\">premi\u00e8re semaine de novembre 2026<\/span><span class=\"s3\">. Pour les producteurs, cette demande constitue un nouveau d\u00e9bouch\u00e9 commercial susceptible de contribuer \u00e0 l\u2019am\u00e9lioration de leurs revenus.<\/span><\/p>\n<p><img loading=\"lazy\" decoding=\"async\" class=\"aligncenter size-large wp-image-4099\" src=\"https:\/\/voxsahel.com\/wp-content\/uploads\/2026\/09\/IMG_7887-1024x768.jpeg\" alt=\"\" width=\"640\" height=\"480\" srcset=\"https:\/\/voxsahel.com\/wp-content\/uploads\/2026\/09\/IMG_7887-1024x768.jpeg 1024w, https:\/\/voxsahel.com\/wp-content\/uploads\/2026\/09\/IMG_7887-300x225.jpeg 300w, https:\/\/voxsahel.com\/wp-content\/uploads\/2026\/09\/IMG_7887-768x576.jpeg 768w, https:\/\/voxsahel.com\/wp-content\/uploads\/2026\/09\/IMG_7887-510x382.jpeg 510w, https:\/\/voxsahel.com\/wp-content\/uploads\/2026\/09\/IMG_7887-610x458.jpeg 610w, https:\/\/voxsahel.com\/wp-content\/uploads\/2026\/09\/IMG_7887-720x540.jpeg 720w, https:\/\/voxsahel.com\/wp-content\/uploads\/2026\/09\/IMG_7887.jpeg 1080w\" sizes=\"(max-width: 640px) 100vw, 640px\" \/><\/p>\n<p class=\"p3\"><strong><span class=\"s4\">\u00ab L\u2019usine est bel et bien une r\u00e9alit\u00e9 \u00bb<\/span><\/strong><\/p>\n<p class=\"p2\"><span class=\"s3\">Du c\u00f4t\u00e9 des souscripteurs, l\u2019\u00e9volution du chantier est accueillie avec satisfaction. Apr\u00e8s avoir parcouru les installations, <\/span><span class=\"s2\">Moubara BAGAGNAN<\/span><span class=\"s3\">, d\u00e9l\u00e9gu\u00e9 r\u00e9gional \u00e9lu des souscripteurs de la SCOOP-CA\/APEC, a salu\u00e9 la mat\u00e9rialisation du projet.<\/span><\/p>\n<p class=\"p2\"><span class=\"s3\">\u00ab L\u2019usine est bel et bien une r\u00e9alit\u00e9 \u00bb, a-t-il affirm\u00e9, invitant les souscripteurs \u00e0 maintenir leur confiance et \u00e0 poursuivre leur mobilisation.<\/span><\/p>\n<p class=\"p2\"><span class=\"s3\">D\u2019un co\u00fbt annonc\u00e9 de <\/span><span class=\"s2\">7,5 milliards de FCFA<\/span><span class=\"s3\">, l\u2019usine de Tenkodogo constitue la deuxi\u00e8me unit\u00e9 de transformation de tomates port\u00e9e par l\u2019APEC, apr\u00e8s celle de Bobo-Dioulasso.<\/span><\/p>\n<p class=\"p2\"><span class=\"s3\">Avec les infrastructures d\u00e9sormais visibles, les \u00e9quipements install\u00e9s et les premiers essais annonc\u00e9s pour la mi-septembre, le projet entre dans une phase d\u00e9cisive. \u00c0 P\u00e9dogo, l\u2019enjeu est d\u00e9sormais de transformer cet investissement industriel en une v\u00e9ritable cha\u00eene de valeur autour de la tomate, au b\u00e9n\u00e9fice des producteurs, des jeunes, des femmes et de l\u2019\u00e9conomie locale.<\/span><\/p>\n","protected":false},"excerpt":{"rendered":"<p>L\u2019Agence pour la Promotion de l\u2019Entrepreneuriat Communautaire (APEC) poursuit la concr\u00e9tisation de ses projets industriels.<\/p>\n","protected":false},"author":2,"featured_media":4092,"comment_status":"open","ping_status":"closed","sticky":false,"template":"","format":"standard","meta":{"_et_pb_use_builder":"","_et_pb_old_content":"","_et_gb_content_width":"","footnotes":""},"categories":[8],"tags":[],"class_list":["post-4091","post","type-post","status-publish","format-standard","has-post-thumbnail","hentry","category-developpement"],"yoast_head":"<!-- This site is optimized with the Yoast SEO plugin v28.4 - https:\/\/yoast.com\/product\/yoast-seo-wordpress\/ -->\n<title>Tenkodogo : l\u2019APEC pr\u00e9pare la mise en service de sa deuxi\u00e8me usine de transformation de tomates - Vox Sahel<\/title>\n<meta name=\"robots\" content=\"index, follow, max-snippet:-1, max-image-preview:large, max-video-preview:-1\" \/>\n<link rel=\"canonical\" href=\"https:\/\/voxsahel.com\/?p=4091\" \/>\n<meta property=\"og:locale\" content=\"fr_FR\" \/>\n<meta property=\"og:type\" content=\"article\" \/>\n<meta property=\"og:title\" content=\"Tenkodogo : l\u2019APEC pr\u00e9pare la mise en service de sa deuxi\u00e8me usine de transformation de tomates - Vox Sahel\" \/>\n<meta property=\"og:description\" content=\"L\u2019Agence pour la Promotion de l\u2019Entrepreneuriat Communautaire (APEC) poursuit la concr\u00e9tisation de ses projets industriels.\" \/>\n<meta property=\"og:url\" content=\"https:\/\/voxsahel.com\/?p=4091\" \/>\n<meta property=\"og:site_name\" content=\"Vox Sahel\" \/>\n<meta property=\"article:publisher\" content=\"https:\/\/www.facebook.com\/journal.voxsahel\" \/>\n<meta property=\"article:published_time\" content=\"2026-09-04T09:32:34+00:00\" \/>\n<meta property=\"article:modified_time\" content=\"2026-09-04T09:36:15+00:00\" \/>\n<meta property=\"og:image\" content=\"https:\/\/voxsahel.com\/wp-content\/uploads\/2026\/09\/IMG_7894.jpeg\" \/>\n\t<meta property=\"og:image:width\" content=\"1080\" \/>\n\t<meta property=\"og:image:height\" content=\"810\" \/>\n\t<meta property=\"og:image:type\" content=\"image\/jpeg\" \/>\n<meta name=\"author\" content=\"Vox Sahel\" \/>\n<meta name=\"twitter:card\" content=\"summary_large_image\" \/>\n<meta name=\"twitter:label1\" content=\"\u00c9crit par\" \/>\n\t<meta name=\"twitter:data1\" content=\"Vox Sahel\" \/>\n\t<meta name=\"twitter:label2\" content=\"Dur\u00e9e de lecture estim\u00e9e\" \/>\n\t<meta name=\"twitter:data2\" content=\"5 minutes\" \/>\n<script type=\"application\/ld+json\" class=\"yoast-schema-graph\">{\"@context\":\"https:\\\/\\\/schema.org\",\"@graph\":[{\"@type\":\"Article\",\"@id\":\"https:\\\/\\\/voxsahel.com\\\/?p=4091#article\",\"isPartOf\":{\"@id\":\"https:\\\/\\\/voxsahel.com\\\/?p=4091\"},\"author\":{\"name\":\"Vox Sahel\",\"@id\":\"https:\\\/\\\/voxsahel.com\\\/#\\\/schema\\\/person\\\/b4043608248f8fa227cd760e7ff1e19e\"},\"headline\":\"Tenkodogo : l\u2019APEC pr\u00e9pare la mise en service de sa deuxi\u00e8me usine de transformation de tomates\",\"datePublished\":\"2026-09-04T09:32:34+00:00\",\"dateModified\":\"2026-09-04T09:36:15+00:00\",\"mainEntityOfPage\":{\"@id\":\"https:\\\/\\\/voxsahel.com\\\/?p=4091\"},\"wordCount\":841,\"commentCount\":0,\"publisher\":{\"@id\":\"https:\\\/\\\/voxsahel.com\\\/#organization\"},\"image\":{\"@id\":\"https:\\\/\\\/voxsahel.com\\\/?p=4091#primaryimage\"},\"thumbnailUrl\":\"https:\\\/\\\/voxsahel.com\\\/wp-content\\\/uploads\\\/2026\\\/09\\\/IMG_7894.jpeg\",\"articleSection\":[\"DEVELOPPEMENT\"],\"inLanguage\":\"fr-FR\",\"potentialAction\":[{\"@type\":\"CommentAction\",\"name\":\"Comment\",\"target\":[\"https:\\\/\\\/voxsahel.com\\\/?p=4091#respond\"]}]},{\"@type\":\"WebPage\",\"@id\":\"https:\\\/\\\/voxsahel.com\\\/?p=4091\",\"url\":\"https:\\\/\\\/voxsahel.com\\\/?p=4091\",\"name\":\"Tenkodogo : l\u2019APEC pr\u00e9pare la mise en service de sa deuxi\u00e8me usine de transformation de tomates - Vox Sahel\",\"isPartOf\":{\"@id\":\"https:\\\/\\\/voxsahel.com\\\/#website\"},\"primaryImageOfPage\":{\"@id\":\"https:\\\/\\\/voxsahel.com\\\/?p=4091#primaryimage\"},\"image\":{\"@id\":\"https:\\\/\\\/voxsahel.com\\\/?p=4091#primaryimage\"},\"thumbnailUrl\":\"https:\\\/\\\/voxsahel.com\\\/wp-content\\\/uploads\\\/2026\\\/09\\\/IMG_7894.jpeg\",\"datePublished\":\"2026-09-04T09:32:34+00:00\",\"dateModified\":\"2026-09-04T09:36:15+00:00\",\"breadcrumb\":{\"@id\":\"https:\\\/\\\/voxsahel.com\\\/?p=4091#breadcrumb\"},\"inLanguage\":\"fr-FR\",\"potentialAction\":[{\"@type\":\"ReadAction\",\"target\":[\"https:\\\/\\\/voxsahel.com\\\/?p=4091\"]}]},{\"@type\":\"ImageObject\",\"inLanguage\":\"fr-FR\",\"@id\":\"https:\\\/\\\/voxsahel.com\\\/?p=4091#primaryimage\",\"url\":\"https:\\\/\\\/voxsahel.com\\\/wp-content\\\/uploads\\\/2026\\\/09\\\/IMG_7894.jpeg\",\"contentUrl\":\"https:\\\/\\\/voxsahel.com\\\/wp-content\\\/uploads\\\/2026\\\/09\\\/IMG_7894.jpeg\",\"width\":1080,\"height\":810},{\"@type\":\"BreadcrumbList\",\"@id\":\"https:\\\/\\\/voxsahel.com\\\/?p=4091#breadcrumb\",\"itemListElement\":[{\"@type\":\"ListItem\",\"position\":1,\"name\":\"Home\",\"item\":\"https:\\\/\\\/voxsahel.com\\\/\"},{\"@type\":\"ListItem\",\"position\":2,\"name\":\"Tenkodogo : l\u2019APEC pr\u00e9pare la mise en service de sa deuxi\u00e8me usine de transformation de tomates\"}]},{\"@type\":\"WebSite\",\"@id\":\"https:\\\/\\\/voxsahel.com\\\/#website\",\"url\":\"https:\\\/\\\/voxsahel.com\\\/\",\"name\":\"Vox Sahel\",\"description\":\"Informez-vous sur le Sahel en un clic\",\"publisher\":{\"@id\":\"https:\\\/\\\/voxsahel.com\\\/#organization\"},\"potentialAction\":[{\"@type\":\"SearchAction\",\"target\":{\"@type\":\"EntryPoint\",\"urlTemplate\":\"https:\\\/\\\/voxsahel.com\\\/?s={search_term_string}\"},\"query-input\":{\"@type\":\"PropertyValueSpecification\",\"valueRequired\":true,\"valueName\":\"search_term_string\"}}],\"inLanguage\":\"fr-FR\"},{\"@type\":\"Organization\",\"@id\":\"https:\\\/\\\/voxsahel.com\\\/#organization\",\"name\":\"Vox Sahel\",\"url\":\"https:\\\/\\\/voxsahel.com\\\/\",\"logo\":{\"@type\":\"ImageObject\",\"inLanguage\":\"fr-FR\",\"@id\":\"https:\\\/\\\/voxsahel.com\\\/#\\\/schema\\\/logo\\\/image\\\/\",\"url\":\"https:\\\/\\\/voxsahel.com\\\/wp-content\\\/uploads\\\/2024\\\/09\\\/Logo-Vox-Sahel.jpg\",\"contentUrl\":\"https:\\\/\\\/voxsahel.com\\\/wp-content\\\/uploads\\\/2024\\\/09\\\/Logo-Vox-Sahel.jpg\",\"width\":1181,\"height\":848,\"caption\":\"Vox Sahel\"},\"image\":{\"@id\":\"https:\\\/\\\/voxsahel.com\\\/#\\\/schema\\\/logo\\\/image\\\/\"},\"sameAs\":[\"https:\\\/\\\/www.facebook.com\\\/journal.voxsahel\"]},{\"@type\":\"Person\",\"@id\":\"https:\\\/\\\/voxsahel.com\\\/#\\\/schema\\\/person\\\/b4043608248f8fa227cd760e7ff1e19e\",\"name\":\"Vox Sahel\",\"image\":{\"@type\":\"ImageObject\",\"inLanguage\":\"fr-FR\",\"@id\":\"https:\\\/\\\/secure.gravatar.com\\\/avatar\\\/f70e7fa0cb9b29d4a7c5788d6eb2e9ab4d3135cbae1c9161810fdf77a8964699?s=96&d=mm&r=g\",\"url\":\"https:\\\/\\\/secure.gravatar.com\\\/avatar\\\/f70e7fa0cb9b29d4a7c5788d6eb2e9ab4d3135cbae1c9161810fdf77a8964699?s=96&d=mm&r=g\",\"contentUrl\":\"https:\\\/\\\/secure.gravatar.com\\\/avatar\\\/f70e7fa0cb9b29d4a7c5788d6eb2e9ab4d3135cbae1c9161810fdf77a8964699?s=96&d=mm&r=g\",\"caption\":\"Vox Sahel\"},\"sameAs\":[\"http:\\\/\\\/www.voxsahel.com\"],\"url\":\"https:\\\/\\\/voxsahel.com\\\/?author=2\"}]}<\/script>\n<!-- \/ Yoast SEO plugin. -->","yoast_head_json":{"title":"Tenkodogo : l\u2019APEC pr\u00e9pare la mise en service de sa deuxi\u00e8me usine de transformation de tomates - Vox Sahel","robots":{"index":"index","follow":"follow","max-snippet":"max-snippet:-1","max-image-preview":"max-image-preview:large","max-video-preview":"max-video-preview:-1"},"canonical":"https:\/\/voxsahel.com\/?p=4091","og_locale":"fr_FR","og_type":"article","og_title":"Tenkodogo : l\u2019APEC pr\u00e9pare la mise en service de sa deuxi\u00e8me usine de transformation de tomates - Vox Sahel","og_description":"L\u2019Agence pour la Promotion de l\u2019Entrepreneuriat Communautaire (APEC) poursuit la concr\u00e9tisation de ses projets industriels.","og_url":"https:\/\/voxsahel.com\/?p=4091","og_site_name":"Vox Sahel","article_publisher":"https:\/\/www.facebook.com\/journal.voxsahel","article_published_time":"2026-09-04T09:32:34+00:00","article_modified_time":"2026-09-04T09:36:15+00:00","og_image":[{"width":1080,"height":810,"url":"https:\/\/voxsahel.com\/wp-content\/uploads\/2026\/09\/IMG_7894.jpeg","type":"image\/jpeg"}],"author":"Vox Sahel","twitter_card":"summary_large_image","twitter_misc":{"\u00c9crit par":"Vox Sahel","Dur\u00e9e de lecture estim\u00e9e":"5 minutes"},"schema":{"@context":"https:\/\/schema.org","@graph":[{"@type":"Article","@id":"https:\/\/voxsahel.com\/?p=4091#article","isPartOf":{"@id":"https:\/\/voxsahel.com\/?p=4091"},"author":{"name":"Vox Sahel","@id":"https:\/\/voxsahel.com\/#\/schema\/person\/b4043608248f8fa227cd760e7ff1e19e"},"headline":"Tenkodogo : l\u2019APEC pr\u00e9pare la mise en service de sa deuxi\u00e8me usine de transformation de tomates","datePublished":"2026-09-04T09:32:34+00:00","dateModified":"2026-09-04T09:36:15+00:00","mainEntityOfPage":{"@id":"https:\/\/voxsahel.com\/?p=4091"},"wordCount":841,"commentCount":0,"publisher":{"@id":"https:\/\/voxsahel.com\/#organization"},"image":{"@id":"https:\/\/voxsahel.com\/?p=4091#primaryimage"},"thumbnailUrl":"https:\/\/voxsahel.com\/wp-content\/uploads\/2026\/09\/IMG_7894.jpeg","articleSection":["DEVELOPPEMENT"],"inLanguage":"fr-FR","potentialAction":[{"@type":"CommentAction","name":"Comment","target":["https:\/\/voxsahel.com\/?p=4091#respond"]}]},{"@type":"WebPage","@id":"https:\/\/voxsahel.com\/?p=4091","url":"https:\/\/voxsahel.com\/?p=4091","name":"Tenkodogo : l\u2019APEC pr\u00e9pare la mise en service de sa deuxi\u00e8me usine de transformation de tomates - Vox Sahel","isPartOf":{"@id":"https:\/\/voxsahel.com\/#website"},"primaryImageOfPage":{"@id":"https:\/\/voxsahel.com\/?p=4091#primaryimage"},"image":{"@id":"https:\/\/voxsahel.com\/?p=4091#primaryimage"},"thumbnailUrl":"https:\/\/voxsahel.com\/wp-content\/uploads\/2026\/09\/IMG_7894.jpeg","datePublished":"2026-09-04T09:32:34+00:00","dateModified":"2026-09-04T09:36:15+00:00","breadcrumb":{"@id":"https:\/\/voxsahel.com\/?p=4091#breadcrumb"},"inLanguage":"fr-FR","potentialAction":[{"@type":"ReadAction","target":["https:\/\/voxsahel.com\/?p=4091"]}]},{"@type":"ImageObject","inLanguage":"fr-FR","@id":"https:\/\/voxsahel.com\/?p=4091#primaryimage","url":"https:\/\/voxsahel.com\/wp-content\/uploads\/2026\/09\/IMG_7894.jpeg","contentUrl":"https:\/\/voxsahel.com\/wp-content\/uploads\/2026\/09\/IMG_7894.jpeg","width":1080,"height":810},{"@type":"BreadcrumbList","@id":"https:\/\/voxsahel.com\/?p=4091#breadcrumb","itemListElement":[{"@type":"ListItem","position":1,"name":"Home","item":"https:\/\/voxsahel.com\/"},{"@type":"ListItem","position":2,"name":"Tenkodogo : l\u2019APEC pr\u00e9pare la mise en service de sa deuxi\u00e8me usine de transformation de tomates"}]},{"@type":"WebSite","@id":"https:\/\/voxsahel.com\/#website","url":"https:\/\/voxsahel.com\/","name":"Vox Sahel","description":"Informez-vous sur le Sahel en un clic","publisher":{"@id":"https:\/\/voxsahel.com\/#organization"},"potentialAction":[{"@type":"SearchAction","target":{"@type":"EntryPoint","urlTemplate":"https:\/\/voxsahel.com\/?s={search_term_string}"},"query-input":{"@type":"PropertyValueSpecification","valueRequired":true,"valueName":"search_term_string"}}],"inLanguage":"fr-FR"},{"@type":"Organization","@id":"https:\/\/voxsahel.com\/#organization","name":"Vox Sahel","url":"https:\/\/voxsahel.com\/","logo":{"@type":"ImageObject","inLanguage":"fr-FR","@id":"https:\/\/voxsahel.com\/#\/schema\/logo\/image\/","url":"https:\/\/voxsahel.com\/wp-content\/uploads\/2024\/09\/Logo-Vox-Sahel.jpg","contentUrl":"https:\/\/voxsahel.com\/wp-content\/uploads\/2024\/09\/Logo-Vox-Sahel.jpg","width":1181,"height":848,"caption":"Vox Sahel"},"image":{"@id":"https:\/\/voxsahel.com\/#\/schema\/logo\/image\/"},"sameAs":["https:\/\/www.facebook.com\/journal.voxsahel"]},{"@type":"Person","@id":"https:\/\/voxsahel.com\/#\/schema\/person\/b4043608248f8fa227cd760e7ff1e19e","name":"Vox Sahel","image":{"@type":"ImageObject","inLanguage":"fr-FR","@id":"https:\/\/secure.gravatar.com\/avatar\/f70e7fa0cb9b29d4a7c5788d6eb2e9ab4d3135cbae1c9161810fdf77a8964699?s=96&d=mm&r=g","url":"https:\/\/secure.gravatar.com\/avatar\/f70e7fa0cb9b29d4a7c5788d6eb2e9ab4d3135cbae1c9161810fdf77a8964699?s=96&d=mm&r=g","contentUrl":"https:\/\/secure.gravatar.com\/avatar\/f70e7fa0cb9b29d4a7c5788d6eb2e9ab4d3135cbae1c9161810fdf77a8964699?s=96&d=mm&r=g","caption":"Vox Sahel"},"sameAs":["http:\/\/www.voxsahel.com"],"url":"https:\/\/voxsahel.com\/?author=2"}]}},"_links":{"self":[{"href":"https:\/\/voxsahel.com\/index.php?rest_route=\/wp\/v2\/posts\/4091","targetHints":{"allow":["GET"]}}],"collection":[{"href":"https:\/\/voxsahel.com\/index.php?rest_route=\/wp\/v2\/posts"}],"about":[{"href":"https:\/\/voxsahel.com\/index.php?rest_route=\/wp\/v2\/types\/post"}],"author":[{"embeddable":true,"href":"https:\/\/voxsahel.com\/index.php?rest_route=\/wp\/v2\/users\/2"}],"replies":[{"embeddable":true,"href":"https:\/\/voxsahel.com\/index.php?rest_route=%2Fwp%2Fv2%2Fcomments&post=4091"}],"version-history":[{"count":3,"href":"https:\/\/voxsahel.com\/index.php?rest_route=\/wp\/v2\/posts\/4091\/revisions"}],"predecessor-version":[{"id":4100,"href":"https:\/\/voxsahel.com\/index.php?rest_route=\/wp\/v2\/posts\/4091\/revisions\/4100"}],"wp:featuredmedia":[{"embeddable":true,"href":"https:\/\/voxsahel.com\/index.php?rest_route=\/wp\/v2\/media\/4092"}],"wp:attachment":[{"href":"https:\/\/voxsahel.com\/index.php?rest_route=%2Fwp%2Fv2%2Fmedia&parent=4091"}],"wp:term":[{"taxonomy":"category","embeddable":true,"href":"https:\/\/voxsahel.com\/index.php?rest_route=%2Fwp%2Fv2%2Fcategories&post=4091"},{"taxonomy":"post_tag","embeddable":true,"href":"https:\/\/voxsahel.com\/index.php?rest_route=%2Fwp%2Fv2%2Ftags&post=4091"}],"curies":[{"name":"wp","href":"https:\/\/api.w.org\/{rel}","templated":true}]}}