{"id":4083,"date":"2026-08-31T10:11:22","date_gmt":"2026-08-31T10:11:22","guid":{"rendered":"https:\/\/voxsahel.com\/?p=4083"},"modified":"2026-08-31T10:11:22","modified_gmt":"2026-08-31T10:11:22","slug":"yatenga-un-informateur-des-groupes-armes-regrette-son-role-et-appelle-a-la-repentance","status":"publish","type":"post","link":"https:\/\/voxsahel.com\/?p=4083","title":{"rendered":"YATENGA : UN INFORMATEUR DES GROUPES ARM\u00c9S REGRETTE SON R\u00d4LE ET APPELLE \u00c0 LA REPENTANCE"},"content":{"rendered":"<p class=\"p1\">Dans la province du Yatenga, un homme interpell\u00e9 en juillet 2026 pour avoir renseign\u00e9 des groupes arm\u00e9s terroristes sur les mouvements des a\u00e9ronefs militaires dit regretter ses actes. Boukar\u00e9, 36 ans, originaire de la zone de Thiou, appelle d\u00e9sormais les autres d\u00e9tenteurs de postes \u00e9metteurs-r\u00e9cepteurs \u00e0 abandonner cette pratique et \u00e0 contribuer au retour de la paix.<\/p>\n<p class=\"p2\"><span class=\"s3\">Les Forces combattantes ont interpell\u00e9, courant juillet dernier dans la zone de Thiou, un homme soup\u00e7onn\u00e9 d\u2019avoir jou\u00e9 un r\u00f4le d\u2019informateur au profit de groupes arm\u00e9s terroristes. \u00c2g\u00e9 de 36 ans, Boukar\u00e9 disposait d\u2019un poste \u00e9metteur-r\u00e9cepteur (ER) qu\u2019il utilisait, selon son t\u00e9moignage, pour signaler aux terroristes l\u2019arriv\u00e9e des a\u00e9ronefs militaires.<\/span><\/p>\n<p class=\"p2\"><span class=\"s3\">Ces alertes leur auraient permis de se mettre \u00e0 l\u2019abri et d\u2019\u00e9chapper aux frappes a\u00e9riennes men\u00e9es contre leurs positions.<\/span><\/p>\n<p class=\"p3\"><span class=\"s4\">Une interpellation apr\u00e8s une course-poursuite<\/span><\/p>\n<p class=\"p2\"><span class=\"s3\">L\u2019interpellation de Boukar\u00e9 est intervenue alors qu\u2019il revenait \u00e0 v\u00e9lo d\u2019une s\u00e9ance d\u2019abreuvement de son troupeau. \u00c0 la vue d\u2019\u00e9l\u00e9ments des Forces de d\u00e9fense et de s\u00e9curit\u00e9 (FDS), il aurait pris la fuite, abandonnant successivement son poste ER puis son v\u00e9lo.<\/span><\/p>\n<p class=\"p2\"><span class=\"s3\">Apr\u00e8s une course-poursuite, les FDS sont finalement parvenues \u00e0 le rattraper. Selon son r\u00e9cit, les militaires lui auraient expliqu\u00e9 qu\u2019ils ne s\u2019en prennent pas aux personnes non arm\u00e9es. Constatant qu\u2019il ne portait effectivement aucune arme, ils l\u2019auraient \u00e9pargn\u00e9.<\/span><\/p>\n<p class=\"p2\"><span class=\"s3\">Boukar\u00e9 a ensuite indiqu\u00e9 aux \u00e9l\u00e9ments l\u2019endroit o\u00f9 il avait abandonn\u00e9 son poste \u00e9metteur-r\u00e9cepteur, permettant ainsi sa r\u00e9cup\u00e9ration.<\/span><\/p>\n<p class=\"p3\"><strong><span class=\"s4\">\u00ab Je viens exprimer mes profonds regrets \u00bb<\/span><\/strong><\/p>\n<p class=\"p2\"><span class=\"s3\">Apr\u00e8s cette interpellation, l\u2019homme dit avoir pris conscience de la gravit\u00e9 de ses actes. Il exprime sa gratitude aux Forces combattantes pour avoir \u00e9pargn\u00e9 sa vie et demande pardon au peuple burkinab\u00e8.<\/span><\/p>\n<p class=\"p2\"><span class=\"s3\">\u00ab Je profite dire merci aux FDS pour m&rsquo;avoir \u00e9pargn\u00e9 la vie et de bien prendre soin de moi, malgr\u00e9 qu&rsquo;elles ont su que j&rsquo;\u00e9tais une mauvaise personne \u00bb, a-t-il d\u00e9clar\u00e9, selon des sources s\u00e9curitaires.<\/span><\/p>\n<p class=\"p2\"><span class=\"s3\">Boukar\u00e9 dit \u00e9galement avoir longtemps nourri, dans son environnement, l\u2019id\u00e9e que les FDS s\u2019en prenaient indistinctement aux populations. Son exp\u00e9rience lors de son interpellation l\u2019aurait conduit \u00e0 revoir cette perception.<\/span><\/p>\n<p class=\"p2\"><span class=\"s3\">\u00ab Je viens aujourd\u2019hui pour exprimer mes profonds regrets \u00e0 l\u2019ensemble du peuple burkinab\u00e8 pour le tort que j\u2019ai pu commettre \u00bb, a-t-il ajout\u00e9.<\/span><\/p>\n<p class=\"p3\"><strong><span class=\"s4\">Un appel aux autres informateurs<\/span><\/strong><\/p>\n<p class=\"p2\"><span class=\"s3\">D\u00e9sormais repentant, Boukar\u00e9 adresse un message aux autres personnes utilisant des postes ER pour renseigner les groupes arm\u00e9s sur les mouvements des a\u00e9ronefs militaires.<\/span><\/p>\n<p class=\"p2\"><span class=\"s3\">Il les exhorte \u00e0 mettre fin \u00e0 ces pratiques et \u00e0 adopter, selon lui, des comportements favorables au retour de la paix.<\/span><\/p>\n<p class=\"p2\"><span class=\"s3\">\u00ab Adoptons de bons comportements pour permettre aux FDS de gagner la guerre et de faire revenir rapidement la paix dans le pays \u00bb, a-t-il lanc\u00e9.<\/span><\/p>\n<p class=\"p2\"><span class=\"s3\">Ce t\u00e9moignage intervient alors que les Forces combattantes poursuivent leurs op\u00e9rations contre les groupes arm\u00e9s terroristes sur plusieurs fronts du pays.<\/span><\/p>\n<p class=\"p3\"><strong><span class=\"s4\">Entre repentir et poursuite des op\u00e9rations<\/span><\/strong><\/p>\n<p class=\"p2\"><span class=\"s3\">Selon des sources s\u00e9curitaires, plusieurs personnes impliqu\u00e9es dans les groupes arm\u00e9s ont, ces derniers mois, \u00e9t\u00e9 r\u00e9cup\u00e9r\u00e9es ou secourues par les Forces combattantes, notamment des enfants et des combattants, avec l\u2019objectif de leur offrir une possibilit\u00e9 de revenir \u00e0 une vie normale.<\/span><\/p>\n<p class=\"p2\"><span class=\"s3\">Parall\u00e8lement, les op\u00e9rations militaires se poursuivent contre les \u00e9l\u00e9ments qui maintiennent leur engagement arm\u00e9. Les autorit\u00e9s burkinab\u00e8 continuent ainsi de r\u00e9it\u00e9rer leur appel aux combattants des groupes arm\u00e9s \u00e0 d\u00e9poser les armes et \u00e0 renoncer \u00e0 la violence.<\/span><\/p>\n<p class=\"p2\"><span class=\"s3\">Le cas de Boukar\u00e9 illustre ainsi, selon les sources s\u00e9curitaires, l\u2019importance du choix individuel dans le contexte de la lutte contre le terrorisme : renoncer \u00e0 l\u2019appui aux groupes arm\u00e9s et contribuer au retour de la paix plut\u00f4t que continuer \u00e0 faciliter leurs actions.<\/span><\/p>\n","protected":false},"excerpt":{"rendered":"<p>Dans la province du Yatenga, un homme interpell\u00e9 en juillet 2026 pour avoir renseign\u00e9 des<\/p>\n","protected":false},"author":2,"featured_media":4084,"comment_status":"open","ping_status":"closed","sticky":false,"template":"","format":"standard","meta":{"_et_pb_use_builder":"","_et_pb_old_content":"","_et_gb_content_width":"","footnotes":""},"categories":[5],"tags":[],"class_list":["post-4083","post","type-post","status-publish","format-standard","has-post-thumbnail","hentry","category-societe"],"yoast_head":"<!-- This site is optimized with the Yoast SEO plugin v28.3 - https:\/\/yoast.com\/product\/yoast-seo-wordpress\/ -->\n<title>YATENGA : UN INFORMATEUR DES GROUPES ARM\u00c9S REGRETTE SON R\u00d4LE ET APPELLE \u00c0 LA REPENTANCE - Vox Sahel<\/title>\n<meta name=\"robots\" content=\"index, follow, max-snippet:-1, max-image-preview:large, max-video-preview:-1\" \/>\n<link rel=\"canonical\" href=\"https:\/\/voxsahel.com\/?p=4083\" \/>\n<meta property=\"og:locale\" content=\"fr_FR\" \/>\n<meta property=\"og:type\" content=\"article\" \/>\n<meta property=\"og:title\" content=\"YATENGA : UN INFORMATEUR DES GROUPES ARM\u00c9S REGRETTE SON R\u00d4LE ET APPELLE \u00c0 LA REPENTANCE - Vox Sahel\" \/>\n<meta property=\"og:description\" content=\"Dans la province du Yatenga, un homme interpell\u00e9 en juillet 2026 pour avoir renseign\u00e9 des\" \/>\n<meta property=\"og:url\" content=\"https:\/\/voxsahel.com\/?p=4083\" \/>\n<meta property=\"og:site_name\" content=\"Vox Sahel\" \/>\n<meta property=\"article:publisher\" content=\"https:\/\/www.facebook.com\/journal.voxsahel\" \/>\n<meta property=\"article:published_time\" content=\"2026-08-31T10:11:22+00:00\" \/>\n<meta property=\"og:image\" content=\"https:\/\/voxsahel.com\/wp-content\/uploads\/2026\/08\/IMG_7830-819x1024.png\" \/>\n\t<meta property=\"og:image:width\" content=\"819\" \/>\n\t<meta property=\"og:image:height\" content=\"1024\" \/>\n\t<meta property=\"og:image:type\" content=\"image\/png\" \/>\n<meta name=\"author\" content=\"Vox Sahel\" \/>\n<meta name=\"twitter:card\" content=\"summary_large_image\" \/>\n<meta name=\"twitter:label1\" content=\"\u00c9crit par\" \/>\n\t<meta name=\"twitter:data1\" content=\"Vox Sahel\" \/>\n\t<meta name=\"twitter:label2\" content=\"Dur\u00e9e de lecture estim\u00e9e\" \/>\n\t<meta name=\"twitter:data2\" content=\"4 minutes\" \/>\n<script type=\"application\/ld+json\" class=\"yoast-schema-graph\">{\"@context\":\"https:\\\/\\\/schema.org\",\"@graph\":[{\"@type\":\"Article\",\"@id\":\"https:\\\/\\\/voxsahel.com\\\/?p=4083#article\",\"isPartOf\":{\"@id\":\"https:\\\/\\\/voxsahel.com\\\/?p=4083\"},\"author\":{\"name\":\"Vox Sahel\",\"@id\":\"https:\\\/\\\/voxsahel.com\\\/#\\\/schema\\\/person\\\/b4043608248f8fa227cd760e7ff1e19e\"},\"headline\":\"YATENGA : UN INFORMATEUR DES GROUPES ARM\u00c9S REGRETTE SON R\u00d4LE ET APPELLE \u00c0 LA REPENTANCE\",\"datePublished\":\"2026-08-31T10:11:22+00:00\",\"mainEntityOfPage\":{\"@id\":\"https:\\\/\\\/voxsahel.com\\\/?p=4083\"},\"wordCount\":658,\"commentCount\":0,\"publisher\":{\"@id\":\"https:\\\/\\\/voxsahel.com\\\/#organization\"},\"image\":{\"@id\":\"https:\\\/\\\/voxsahel.com\\\/?p=4083#primaryimage\"},\"thumbnailUrl\":\"https:\\\/\\\/voxsahel.com\\\/wp-content\\\/uploads\\\/2026\\\/08\\\/IMG_7830.png\",\"articleSection\":[\"SOCIETE\"],\"inLanguage\":\"fr-FR\",\"potentialAction\":[{\"@type\":\"CommentAction\",\"name\":\"Comment\",\"target\":[\"https:\\\/\\\/voxsahel.com\\\/?p=4083#respond\"]}]},{\"@type\":\"WebPage\",\"@id\":\"https:\\\/\\\/voxsahel.com\\\/?p=4083\",\"url\":\"https:\\\/\\\/voxsahel.com\\\/?p=4083\",\"name\":\"YATENGA : UN INFORMATEUR DES GROUPES ARM\u00c9S REGRETTE SON R\u00d4LE ET APPELLE \u00c0 LA REPENTANCE - Vox Sahel\",\"isPartOf\":{\"@id\":\"https:\\\/\\\/voxsahel.com\\\/#website\"},\"primaryImageOfPage\":{\"@id\":\"https:\\\/\\\/voxsahel.com\\\/?p=4083#primaryimage\"},\"image\":{\"@id\":\"https:\\\/\\\/voxsahel.com\\\/?p=4083#primaryimage\"},\"thumbnailUrl\":\"https:\\\/\\\/voxsahel.com\\\/wp-content\\\/uploads\\\/2026\\\/08\\\/IMG_7830.png\",\"datePublished\":\"2026-08-31T10:11:22+00:00\",\"breadcrumb\":{\"@id\":\"https:\\\/\\\/voxsahel.com\\\/?p=4083#breadcrumb\"},\"inLanguage\":\"fr-FR\",\"potentialAction\":[{\"@type\":\"ReadAction\",\"target\":[\"https:\\\/\\\/voxsahel.com\\\/?p=4083\"]}]},{\"@type\":\"ImageObject\",\"inLanguage\":\"fr-FR\",\"@id\":\"https:\\\/\\\/voxsahel.com\\\/?p=4083#primaryimage\",\"url\":\"https:\\\/\\\/voxsahel.com\\\/wp-content\\\/uploads\\\/2026\\\/08\\\/IMG_7830.png\",\"contentUrl\":\"https:\\\/\\\/voxsahel.com\\\/wp-content\\\/uploads\\\/2026\\\/08\\\/IMG_7830.png\",\"width\":1122,\"height\":1402},{\"@type\":\"BreadcrumbList\",\"@id\":\"https:\\\/\\\/voxsahel.com\\\/?p=4083#breadcrumb\",\"itemListElement\":[{\"@type\":\"ListItem\",\"position\":1,\"name\":\"Home\",\"item\":\"https:\\\/\\\/voxsahel.com\\\/\"},{\"@type\":\"ListItem\",\"position\":2,\"name\":\"YATENGA : UN INFORMATEUR DES GROUPES ARM\u00c9S REGRETTE SON R\u00d4LE ET APPELLE \u00c0 LA REPENTANCE\"}]},{\"@type\":\"WebSite\",\"@id\":\"https:\\\/\\\/voxsahel.com\\\/#website\",\"url\":\"https:\\\/\\\/voxsahel.com\\\/\",\"name\":\"Vox Sahel\",\"description\":\"Informez-vous sur le Sahel en un clic\",\"publisher\":{\"@id\":\"https:\\\/\\\/voxsahel.com\\\/#organization\"},\"potentialAction\":[{\"@type\":\"SearchAction\",\"target\":{\"@type\":\"EntryPoint\",\"urlTemplate\":\"https:\\\/\\\/voxsahel.com\\\/?s={search_term_string}\"},\"query-input\":{\"@type\":\"PropertyValueSpecification\",\"valueRequired\":true,\"valueName\":\"search_term_string\"}}],\"inLanguage\":\"fr-FR\"},{\"@type\":\"Organization\",\"@id\":\"https:\\\/\\\/voxsahel.com\\\/#organization\",\"name\":\"Vox Sahel\",\"url\":\"https:\\\/\\\/voxsahel.com\\\/\",\"logo\":{\"@type\":\"ImageObject\",\"inLanguage\":\"fr-FR\",\"@id\":\"https:\\\/\\\/voxsahel.com\\\/#\\\/schema\\\/logo\\\/image\\\/\",\"url\":\"https:\\\/\\\/voxsahel.com\\\/wp-content\\\/uploads\\\/2024\\\/09\\\/Logo-Vox-Sahel.jpg\",\"contentUrl\":\"https:\\\/\\\/voxsahel.com\\\/wp-content\\\/uploads\\\/2024\\\/09\\\/Logo-Vox-Sahel.jpg\",\"width\":1181,\"height\":848,\"caption\":\"Vox Sahel\"},\"image\":{\"@id\":\"https:\\\/\\\/voxsahel.com\\\/#\\\/schema\\\/logo\\\/image\\\/\"},\"sameAs\":[\"https:\\\/\\\/www.facebook.com\\\/journal.voxsahel\"]},{\"@type\":\"Person\",\"@id\":\"https:\\\/\\\/voxsahel.com\\\/#\\\/schema\\\/person\\\/b4043608248f8fa227cd760e7ff1e19e\",\"name\":\"Vox Sahel\",\"image\":{\"@type\":\"ImageObject\",\"inLanguage\":\"fr-FR\",\"@id\":\"https:\\\/\\\/secure.gravatar.com\\\/avatar\\\/f70e7fa0cb9b29d4a7c5788d6eb2e9ab4d3135cbae1c9161810fdf77a8964699?s=96&d=mm&r=g\",\"url\":\"https:\\\/\\\/secure.gravatar.com\\\/avatar\\\/f70e7fa0cb9b29d4a7c5788d6eb2e9ab4d3135cbae1c9161810fdf77a8964699?s=96&d=mm&r=g\",\"contentUrl\":\"https:\\\/\\\/secure.gravatar.com\\\/avatar\\\/f70e7fa0cb9b29d4a7c5788d6eb2e9ab4d3135cbae1c9161810fdf77a8964699?s=96&d=mm&r=g\",\"caption\":\"Vox Sahel\"},\"sameAs\":[\"http:\\\/\\\/www.voxsahel.com\"],\"url\":\"https:\\\/\\\/voxsahel.com\\\/?author=2\"}]}<\/script>\n<!-- \/ Yoast SEO plugin. -->","yoast_head_json":{"title":"YATENGA : UN INFORMATEUR DES GROUPES ARM\u00c9S REGRETTE SON R\u00d4LE ET APPELLE \u00c0 LA REPENTANCE - Vox Sahel","robots":{"index":"index","follow":"follow","max-snippet":"max-snippet:-1","max-image-preview":"max-image-preview:large","max-video-preview":"max-video-preview:-1"},"canonical":"https:\/\/voxsahel.com\/?p=4083","og_locale":"fr_FR","og_type":"article","og_title":"YATENGA : UN INFORMATEUR DES GROUPES ARM\u00c9S REGRETTE SON R\u00d4LE ET APPELLE \u00c0 LA REPENTANCE - Vox Sahel","og_description":"Dans la province du Yatenga, un homme interpell\u00e9 en juillet 2026 pour avoir renseign\u00e9 des","og_url":"https:\/\/voxsahel.com\/?p=4083","og_site_name":"Vox Sahel","article_publisher":"https:\/\/www.facebook.com\/journal.voxsahel","article_published_time":"2026-08-31T10:11:22+00:00","og_image":[{"width":819,"height":1024,"url":"https:\/\/voxsahel.com\/wp-content\/uploads\/2026\/08\/IMG_7830-819x1024.png","type":"image\/png"}],"author":"Vox Sahel","twitter_card":"summary_large_image","twitter_misc":{"\u00c9crit par":"Vox Sahel","Dur\u00e9e de lecture estim\u00e9e":"4 minutes"},"schema":{"@context":"https:\/\/schema.org","@graph":[{"@type":"Article","@id":"https:\/\/voxsahel.com\/?p=4083#article","isPartOf":{"@id":"https:\/\/voxsahel.com\/?p=4083"},"author":{"name":"Vox Sahel","@id":"https:\/\/voxsahel.com\/#\/schema\/person\/b4043608248f8fa227cd760e7ff1e19e"},"headline":"YATENGA : UN INFORMATEUR DES GROUPES ARM\u00c9S REGRETTE SON R\u00d4LE ET APPELLE \u00c0 LA REPENTANCE","datePublished":"2026-08-31T10:11:22+00:00","mainEntityOfPage":{"@id":"https:\/\/voxsahel.com\/?p=4083"},"wordCount":658,"commentCount":0,"publisher":{"@id":"https:\/\/voxsahel.com\/#organization"},"image":{"@id":"https:\/\/voxsahel.com\/?p=4083#primaryimage"},"thumbnailUrl":"https:\/\/voxsahel.com\/wp-content\/uploads\/2026\/08\/IMG_7830.png","articleSection":["SOCIETE"],"inLanguage":"fr-FR","potentialAction":[{"@type":"CommentAction","name":"Comment","target":["https:\/\/voxsahel.com\/?p=4083#respond"]}]},{"@type":"WebPage","@id":"https:\/\/voxsahel.com\/?p=4083","url":"https:\/\/voxsahel.com\/?p=4083","name":"YATENGA : UN INFORMATEUR DES GROUPES ARM\u00c9S REGRETTE SON R\u00d4LE ET APPELLE \u00c0 LA REPENTANCE - Vox Sahel","isPartOf":{"@id":"https:\/\/voxsahel.com\/#website"},"primaryImageOfPage":{"@id":"https:\/\/voxsahel.com\/?p=4083#primaryimage"},"image":{"@id":"https:\/\/voxsahel.com\/?p=4083#primaryimage"},"thumbnailUrl":"https:\/\/voxsahel.com\/wp-content\/uploads\/2026\/08\/IMG_7830.png","datePublished":"2026-08-31T10:11:22+00:00","breadcrumb":{"@id":"https:\/\/voxsahel.com\/?p=4083#breadcrumb"},"inLanguage":"fr-FR","potentialAction":[{"@type":"ReadAction","target":["https:\/\/voxsahel.com\/?p=4083"]}]},{"@type":"ImageObject","inLanguage":"fr-FR","@id":"https:\/\/voxsahel.com\/?p=4083#primaryimage","url":"https:\/\/voxsahel.com\/wp-content\/uploads\/2026\/08\/IMG_7830.png","contentUrl":"https:\/\/voxsahel.com\/wp-content\/uploads\/2026\/08\/IMG_7830.png","width":1122,"height":1402},{"@type":"BreadcrumbList","@id":"https:\/\/voxsahel.com\/?p=4083#breadcrumb","itemListElement":[{"@type":"ListItem","position":1,"name":"Home","item":"https:\/\/voxsahel.com\/"},{"@type":"ListItem","position":2,"name":"YATENGA : UN INFORMATEUR DES GROUPES ARM\u00c9S REGRETTE SON R\u00d4LE ET APPELLE \u00c0 LA REPENTANCE"}]},{"@type":"WebSite","@id":"https:\/\/voxsahel.com\/#website","url":"https:\/\/voxsahel.com\/","name":"Vox Sahel","description":"Informez-vous sur le Sahel en un clic","publisher":{"@id":"https:\/\/voxsahel.com\/#organization"},"potentialAction":[{"@type":"SearchAction","target":{"@type":"EntryPoint","urlTemplate":"https:\/\/voxsahel.com\/?s={search_term_string}"},"query-input":{"@type":"PropertyValueSpecification","valueRequired":true,"valueName":"search_term_string"}}],"inLanguage":"fr-FR"},{"@type":"Organization","@id":"https:\/\/voxsahel.com\/#organization","name":"Vox Sahel","url":"https:\/\/voxsahel.com\/","logo":{"@type":"ImageObject","inLanguage":"fr-FR","@id":"https:\/\/voxsahel.com\/#\/schema\/logo\/image\/","url":"https:\/\/voxsahel.com\/wp-content\/uploads\/2024\/09\/Logo-Vox-Sahel.jpg","contentUrl":"https:\/\/voxsahel.com\/wp-content\/uploads\/2024\/09\/Logo-Vox-Sahel.jpg","width":1181,"height":848,"caption":"Vox Sahel"},"image":{"@id":"https:\/\/voxsahel.com\/#\/schema\/logo\/image\/"},"sameAs":["https:\/\/www.facebook.com\/journal.voxsahel"]},{"@type":"Person","@id":"https:\/\/voxsahel.com\/#\/schema\/person\/b4043608248f8fa227cd760e7ff1e19e","name":"Vox Sahel","image":{"@type":"ImageObject","inLanguage":"fr-FR","@id":"https:\/\/secure.gravatar.com\/avatar\/f70e7fa0cb9b29d4a7c5788d6eb2e9ab4d3135cbae1c9161810fdf77a8964699?s=96&d=mm&r=g","url":"https:\/\/secure.gravatar.com\/avatar\/f70e7fa0cb9b29d4a7c5788d6eb2e9ab4d3135cbae1c9161810fdf77a8964699?s=96&d=mm&r=g","contentUrl":"https:\/\/secure.gravatar.com\/avatar\/f70e7fa0cb9b29d4a7c5788d6eb2e9ab4d3135cbae1c9161810fdf77a8964699?s=96&d=mm&r=g","caption":"Vox Sahel"},"sameAs":["http:\/\/www.voxsahel.com"],"url":"https:\/\/voxsahel.com\/?author=2"}]}},"_links":{"self":[{"href":"https:\/\/voxsahel.com\/index.php?rest_route=\/wp\/v2\/posts\/4083","targetHints":{"allow":["GET"]}}],"collection":[{"href":"https:\/\/voxsahel.com\/index.php?rest_route=\/wp\/v2\/posts"}],"about":[{"href":"https:\/\/voxsahel.com\/index.php?rest_route=\/wp\/v2\/types\/post"}],"author":[{"embeddable":true,"href":"https:\/\/voxsahel.com\/index.php?rest_route=\/wp\/v2\/users\/2"}],"replies":[{"embeddable":true,"href":"https:\/\/voxsahel.com\/index.php?rest_route=%2Fwp%2Fv2%2Fcomments&post=4083"}],"version-history":[{"count":1,"href":"https:\/\/voxsahel.com\/index.php?rest_route=\/wp\/v2\/posts\/4083\/revisions"}],"predecessor-version":[{"id":4085,"href":"https:\/\/voxsahel.com\/index.php?rest_route=\/wp\/v2\/posts\/4083\/revisions\/4085"}],"wp:featuredmedia":[{"embeddable":true,"href":"https:\/\/voxsahel.com\/index.php?rest_route=\/wp\/v2\/media\/4084"}],"wp:attachment":[{"href":"https:\/\/voxsahel.com\/index.php?rest_route=%2Fwp%2Fv2%2Fmedia&parent=4083"}],"wp:term":[{"taxonomy":"category","embeddable":true,"href":"https:\/\/voxsahel.com\/index.php?rest_route=%2Fwp%2Fv2%2Fcategories&post=4083"},{"taxonomy":"post_tag","embeddable":true,"href":"https:\/\/voxsahel.com\/index.php?rest_route=%2Fwp%2Fv2%2Ftags&post=4083"}],"curies":[{"name":"wp","href":"https:\/\/api.w.org\/{rel}","templated":true}]}}