{"id":4079,"date":"2026-08-29T17:16:38","date_gmt":"2026-08-29T17:16:38","guid":{"rendered":"https:\/\/voxsahel.com\/?p=4079"},"modified":"2026-08-29T17:16:38","modified_gmt":"2026-08-29T17:16:38","slug":"transport-routier-au-burkina-la-fenat-ordonne-le-retour-aux-anciens-tarifs","status":"publish","type":"post","link":"https:\/\/voxsahel.com\/?p=4079","title":{"rendered":"Transport routier au Burkina : La FENAT ordonne le retour aux anciens tarifs"},"content":{"rendered":"<p>La F\u00e9d\u00e9ration nationale des acteurs du transport routier (FENAT) appelle l\u2019ensemble de ses membres \u00e0 r\u00e9tablir, \u00e0 compter de ce samedi 29 ao\u00fbt 2026 \u00e0 00 heure, les tarifs appliqu\u00e9s avant le dernier r\u00e9ajustement. Cette d\u00e9cision intervient dans un contexte de mesures conservatoires prises par les autorit\u00e9s \u00e0 l\u2019encontre des soci\u00e9t\u00e9s de transport routier de voyageurs ou de personnes.<\/p>\n<p>Dans un communiqu\u00e9 n\u00b0004\/FENAT\/KB\/2026, publi\u00e9 ce 29 ao\u00fbt 2026, le Bureau national de la FENAT indique avoir examin\u00e9 \u00ab de fa\u00e7on approfondie \u00bb la situation \u00e0 la suite de la publication de l\u2019arr\u00eat\u00e9 conjoint n\u00b02026-00456\/MATM\/MEF, portant institution de p\u00e9nalit\u00e9s \u00e0 l\u2019encontre des soci\u00e9t\u00e9s de transport routier de voyageurs ou de personnes.<\/p>\n<p>R\u00e9uni en session extraordinaire \u00e0 son si\u00e8ge, le Bureau national dit avoir pris cette mesure dans un souci de pr\u00e9server la continuit\u00e9 du service public de transport et le pouvoir d\u2019achat des usagers.<\/p>\n<p><strong>Retour \u00e0 la tarification ant\u00e9rieure<\/strong><\/p>\n<p>La principale d\u00e9cision annonc\u00e9e par l\u2019organisation professionnelle concerne les prix des transports. La FENAT invite l\u2019ensemble de ses membres \u00e0 r\u00e9tablir imm\u00e9diatement la tarification en vigueur avant le dernier r\u00e9ajustement.<\/p>\n<p>Cette mesure vise notamment \u00e0 \u00e9viter une pression suppl\u00e9mentaire sur les usagers, alors que les co\u00fbts du transport constituent un enjeu important pour la mobilit\u00e9 des populations et l\u2019activit\u00e9 \u00e9conomique.<\/p>\n<p><strong>La voie du dialogue privil\u00e9gi\u00e9e<\/strong><\/p>\n<p>Parall\u00e8lement au retour aux anciens tarifs, le Bureau national de la FENAT a instruit ses responsables d\u2019engager, dans les meilleurs d\u00e9lais, des discussions avec les autorit\u00e9s comp\u00e9tentes. L\u2019objectif est d\u2019ouvrir un cadre de dialogue constructif permettant de parvenir \u00e0 une solution concert\u00e9e et durable, dans l\u2019int\u00e9r\u00eat de l\u2019ensemble des parties prenantes.<\/p>\n<p>La f\u00e9d\u00e9ration r\u00e9affirme ainsi sa volont\u00e9 de travailler en collaboration avec les pouvoirs publics pour favoriser un secteur du transport routier organis\u00e9, viable et respectueux de la r\u00e9glementation.<\/p>\n<p>Cette prise de position de la FENAT intervient donc comme une mesure d\u2019apaisement, tout en laissant ouverte la perspective de n\u00e9gociations avec les autorit\u00e9s sur les conditions d\u2019exercice et la tarification du transport routier de voyageurs au Burkina Faso.<\/p>\n<p style=\"text-align: right;\"><strong>Par Vox Sahel\u00a0<\/strong><\/p>\n<p style=\"text-align: right;\"><strong>Source : Communiqu\u00e9 n\u00b0004\/FENAT\/KB\/2026, FENAT-Burkina Faso, 29 ao\u00fbt 2026.<\/strong><\/p>\n","protected":false},"excerpt":{"rendered":"<p>La F\u00e9d\u00e9ration nationale des acteurs du transport routier (FENAT) appelle l\u2019ensemble de ses membres \u00e0<\/p>\n","protected":false},"author":2,"featured_media":4080,"comment_status":"open","ping_status":"closed","sticky":false,"template":"","format":"standard","meta":{"_et_pb_use_builder":"","_et_pb_old_content":"","_et_gb_content_width":"","footnotes":""},"categories":[5],"tags":[],"class_list":["post-4079","post","type-post","status-publish","format-standard","has-post-thumbnail","hentry","category-societe"],"yoast_head":"<!-- This site is optimized with the Yoast SEO plugin v28.3 - https:\/\/yoast.com\/product\/yoast-seo-wordpress\/ -->\n<title>Transport routier au Burkina : La FENAT ordonne le retour aux anciens tarifs - Vox Sahel<\/title>\n<meta name=\"robots\" content=\"index, follow, max-snippet:-1, max-image-preview:large, max-video-preview:-1\" \/>\n<link rel=\"canonical\" href=\"https:\/\/voxsahel.com\/?p=4079\" \/>\n<meta property=\"og:locale\" content=\"fr_FR\" \/>\n<meta property=\"og:type\" content=\"article\" \/>\n<meta property=\"og:title\" content=\"Transport routier au Burkina : La FENAT ordonne le retour aux anciens tarifs - Vox Sahel\" \/>\n<meta property=\"og:description\" content=\"La F\u00e9d\u00e9ration nationale des acteurs du transport routier (FENAT) appelle l\u2019ensemble de ses membres \u00e0\" \/>\n<meta property=\"og:url\" content=\"https:\/\/voxsahel.com\/?p=4079\" \/>\n<meta property=\"og:site_name\" content=\"Vox Sahel\" \/>\n<meta property=\"article:publisher\" content=\"https:\/\/www.facebook.com\/journal.voxsahel\" \/>\n<meta property=\"article:published_time\" content=\"2026-08-29T17:16:38+00:00\" \/>\n<meta property=\"og:image\" content=\"https:\/\/voxsahel.com\/wp-content\/uploads\/2026\/08\/Transport-Car-Faso-7.webp\" \/>\n\t<meta property=\"og:image:width\" content=\"750\" \/>\n\t<meta property=\"og:image:height\" content=\"430\" \/>\n\t<meta property=\"og:image:type\" content=\"image\/webp\" \/>\n<meta name=\"author\" content=\"Vox Sahel\" \/>\n<meta name=\"twitter:card\" content=\"summary_large_image\" \/>\n<meta name=\"twitter:label1\" content=\"\u00c9crit par\" \/>\n\t<meta name=\"twitter:data1\" content=\"Vox Sahel\" \/>\n\t<meta name=\"twitter:label2\" content=\"Dur\u00e9e de lecture estim\u00e9e\" \/>\n\t<meta name=\"twitter:data2\" content=\"2 minutes\" \/>\n<script type=\"application\/ld+json\" class=\"yoast-schema-graph\">{\"@context\":\"https:\\\/\\\/schema.org\",\"@graph\":[{\"@type\":\"Article\",\"@id\":\"https:\\\/\\\/voxsahel.com\\\/?p=4079#article\",\"isPartOf\":{\"@id\":\"https:\\\/\\\/voxsahel.com\\\/?p=4079\"},\"author\":{\"name\":\"Vox Sahel\",\"@id\":\"https:\\\/\\\/voxsahel.com\\\/#\\\/schema\\\/person\\\/b4043608248f8fa227cd760e7ff1e19e\"},\"headline\":\"Transport routier au Burkina : La FENAT ordonne le retour aux anciens tarifs\",\"datePublished\":\"2026-08-29T17:16:38+00:00\",\"mainEntityOfPage\":{\"@id\":\"https:\\\/\\\/voxsahel.com\\\/?p=4079\"},\"wordCount\":400,\"commentCount\":0,\"publisher\":{\"@id\":\"https:\\\/\\\/voxsahel.com\\\/#organization\"},\"image\":{\"@id\":\"https:\\\/\\\/voxsahel.com\\\/?p=4079#primaryimage\"},\"thumbnailUrl\":\"https:\\\/\\\/voxsahel.com\\\/wp-content\\\/uploads\\\/2026\\\/08\\\/Transport-Car-Faso-7.webp\",\"articleSection\":[\"SOCIETE\"],\"inLanguage\":\"fr-FR\",\"potentialAction\":[{\"@type\":\"CommentAction\",\"name\":\"Comment\",\"target\":[\"https:\\\/\\\/voxsahel.com\\\/?p=4079#respond\"]}]},{\"@type\":\"WebPage\",\"@id\":\"https:\\\/\\\/voxsahel.com\\\/?p=4079\",\"url\":\"https:\\\/\\\/voxsahel.com\\\/?p=4079\",\"name\":\"Transport routier au Burkina : La FENAT ordonne le retour aux anciens tarifs - Vox Sahel\",\"isPartOf\":{\"@id\":\"https:\\\/\\\/voxsahel.com\\\/#website\"},\"primaryImageOfPage\":{\"@id\":\"https:\\\/\\\/voxsahel.com\\\/?p=4079#primaryimage\"},\"image\":{\"@id\":\"https:\\\/\\\/voxsahel.com\\\/?p=4079#primaryimage\"},\"thumbnailUrl\":\"https:\\\/\\\/voxsahel.com\\\/wp-content\\\/uploads\\\/2026\\\/08\\\/Transport-Car-Faso-7.webp\",\"datePublished\":\"2026-08-29T17:16:38+00:00\",\"breadcrumb\":{\"@id\":\"https:\\\/\\\/voxsahel.com\\\/?p=4079#breadcrumb\"},\"inLanguage\":\"fr-FR\",\"potentialAction\":[{\"@type\":\"ReadAction\",\"target\":[\"https:\\\/\\\/voxsahel.com\\\/?p=4079\"]}]},{\"@type\":\"ImageObject\",\"inLanguage\":\"fr-FR\",\"@id\":\"https:\\\/\\\/voxsahel.com\\\/?p=4079#primaryimage\",\"url\":\"https:\\\/\\\/voxsahel.com\\\/wp-content\\\/uploads\\\/2026\\\/08\\\/Transport-Car-Faso-7.webp\",\"contentUrl\":\"https:\\\/\\\/voxsahel.com\\\/wp-content\\\/uploads\\\/2026\\\/08\\\/Transport-Car-Faso-7.webp\",\"width\":750,\"height\":430},{\"@type\":\"BreadcrumbList\",\"@id\":\"https:\\\/\\\/voxsahel.com\\\/?p=4079#breadcrumb\",\"itemListElement\":[{\"@type\":\"ListItem\",\"position\":1,\"name\":\"Home\",\"item\":\"https:\\\/\\\/voxsahel.com\\\/\"},{\"@type\":\"ListItem\",\"position\":2,\"name\":\"Transport routier au Burkina : La FENAT ordonne le retour aux anciens tarifs\"}]},{\"@type\":\"WebSite\",\"@id\":\"https:\\\/\\\/voxsahel.com\\\/#website\",\"url\":\"https:\\\/\\\/voxsahel.com\\\/\",\"name\":\"Vox Sahel\",\"description\":\"Informez-vous sur le Sahel en un clic\",\"publisher\":{\"@id\":\"https:\\\/\\\/voxsahel.com\\\/#organization\"},\"potentialAction\":[{\"@type\":\"SearchAction\",\"target\":{\"@type\":\"EntryPoint\",\"urlTemplate\":\"https:\\\/\\\/voxsahel.com\\\/?s={search_term_string}\"},\"query-input\":{\"@type\":\"PropertyValueSpecification\",\"valueRequired\":true,\"valueName\":\"search_term_string\"}}],\"inLanguage\":\"fr-FR\"},{\"@type\":\"Organization\",\"@id\":\"https:\\\/\\\/voxsahel.com\\\/#organization\",\"name\":\"Vox Sahel\",\"url\":\"https:\\\/\\\/voxsahel.com\\\/\",\"logo\":{\"@type\":\"ImageObject\",\"inLanguage\":\"fr-FR\",\"@id\":\"https:\\\/\\\/voxsahel.com\\\/#\\\/schema\\\/logo\\\/image\\\/\",\"url\":\"https:\\\/\\\/voxsahel.com\\\/wp-content\\\/uploads\\\/2024\\\/09\\\/Logo-Vox-Sahel.jpg\",\"contentUrl\":\"https:\\\/\\\/voxsahel.com\\\/wp-content\\\/uploads\\\/2024\\\/09\\\/Logo-Vox-Sahel.jpg\",\"width\":1181,\"height\":848,\"caption\":\"Vox Sahel\"},\"image\":{\"@id\":\"https:\\\/\\\/voxsahel.com\\\/#\\\/schema\\\/logo\\\/image\\\/\"},\"sameAs\":[\"https:\\\/\\\/www.facebook.com\\\/journal.voxsahel\"]},{\"@type\":\"Person\",\"@id\":\"https:\\\/\\\/voxsahel.com\\\/#\\\/schema\\\/person\\\/b4043608248f8fa227cd760e7ff1e19e\",\"name\":\"Vox Sahel\",\"image\":{\"@type\":\"ImageObject\",\"inLanguage\":\"fr-FR\",\"@id\":\"https:\\\/\\\/secure.gravatar.com\\\/avatar\\\/f70e7fa0cb9b29d4a7c5788d6eb2e9ab4d3135cbae1c9161810fdf77a8964699?s=96&d=mm&r=g\",\"url\":\"https:\\\/\\\/secure.gravatar.com\\\/avatar\\\/f70e7fa0cb9b29d4a7c5788d6eb2e9ab4d3135cbae1c9161810fdf77a8964699?s=96&d=mm&r=g\",\"contentUrl\":\"https:\\\/\\\/secure.gravatar.com\\\/avatar\\\/f70e7fa0cb9b29d4a7c5788d6eb2e9ab4d3135cbae1c9161810fdf77a8964699?s=96&d=mm&r=g\",\"caption\":\"Vox Sahel\"},\"sameAs\":[\"http:\\\/\\\/www.voxsahel.com\"],\"url\":\"https:\\\/\\\/voxsahel.com\\\/?author=2\"}]}<\/script>\n<!-- \/ Yoast SEO plugin. -->","yoast_head_json":{"title":"Transport routier au Burkina : La FENAT ordonne le retour aux anciens tarifs - Vox Sahel","robots":{"index":"index","follow":"follow","max-snippet":"max-snippet:-1","max-image-preview":"max-image-preview:large","max-video-preview":"max-video-preview:-1"},"canonical":"https:\/\/voxsahel.com\/?p=4079","og_locale":"fr_FR","og_type":"article","og_title":"Transport routier au Burkina : La FENAT ordonne le retour aux anciens tarifs - Vox Sahel","og_description":"La F\u00e9d\u00e9ration nationale des acteurs du transport routier (FENAT) appelle l\u2019ensemble de ses membres \u00e0","og_url":"https:\/\/voxsahel.com\/?p=4079","og_site_name":"Vox Sahel","article_publisher":"https:\/\/www.facebook.com\/journal.voxsahel","article_published_time":"2026-08-29T17:16:38+00:00","og_image":[{"width":750,"height":430,"url":"https:\/\/voxsahel.com\/wp-content\/uploads\/2026\/08\/Transport-Car-Faso-7.webp","type":"image\/webp"}],"author":"Vox Sahel","twitter_card":"summary_large_image","twitter_misc":{"\u00c9crit par":"Vox Sahel","Dur\u00e9e de lecture estim\u00e9e":"2 minutes"},"schema":{"@context":"https:\/\/schema.org","@graph":[{"@type":"Article","@id":"https:\/\/voxsahel.com\/?p=4079#article","isPartOf":{"@id":"https:\/\/voxsahel.com\/?p=4079"},"author":{"name":"Vox Sahel","@id":"https:\/\/voxsahel.com\/#\/schema\/person\/b4043608248f8fa227cd760e7ff1e19e"},"headline":"Transport routier au Burkina : La FENAT ordonne le retour aux anciens tarifs","datePublished":"2026-08-29T17:16:38+00:00","mainEntityOfPage":{"@id":"https:\/\/voxsahel.com\/?p=4079"},"wordCount":400,"commentCount":0,"publisher":{"@id":"https:\/\/voxsahel.com\/#organization"},"image":{"@id":"https:\/\/voxsahel.com\/?p=4079#primaryimage"},"thumbnailUrl":"https:\/\/voxsahel.com\/wp-content\/uploads\/2026\/08\/Transport-Car-Faso-7.webp","articleSection":["SOCIETE"],"inLanguage":"fr-FR","potentialAction":[{"@type":"CommentAction","name":"Comment","target":["https:\/\/voxsahel.com\/?p=4079#respond"]}]},{"@type":"WebPage","@id":"https:\/\/voxsahel.com\/?p=4079","url":"https:\/\/voxsahel.com\/?p=4079","name":"Transport routier au Burkina : La FENAT ordonne le retour aux anciens tarifs - Vox Sahel","isPartOf":{"@id":"https:\/\/voxsahel.com\/#website"},"primaryImageOfPage":{"@id":"https:\/\/voxsahel.com\/?p=4079#primaryimage"},"image":{"@id":"https:\/\/voxsahel.com\/?p=4079#primaryimage"},"thumbnailUrl":"https:\/\/voxsahel.com\/wp-content\/uploads\/2026\/08\/Transport-Car-Faso-7.webp","datePublished":"2026-08-29T17:16:38+00:00","breadcrumb":{"@id":"https:\/\/voxsahel.com\/?p=4079#breadcrumb"},"inLanguage":"fr-FR","potentialAction":[{"@type":"ReadAction","target":["https:\/\/voxsahel.com\/?p=4079"]}]},{"@type":"ImageObject","inLanguage":"fr-FR","@id":"https:\/\/voxsahel.com\/?p=4079#primaryimage","url":"https:\/\/voxsahel.com\/wp-content\/uploads\/2026\/08\/Transport-Car-Faso-7.webp","contentUrl":"https:\/\/voxsahel.com\/wp-content\/uploads\/2026\/08\/Transport-Car-Faso-7.webp","width":750,"height":430},{"@type":"BreadcrumbList","@id":"https:\/\/voxsahel.com\/?p=4079#breadcrumb","itemListElement":[{"@type":"ListItem","position":1,"name":"Home","item":"https:\/\/voxsahel.com\/"},{"@type":"ListItem","position":2,"name":"Transport routier au Burkina : La FENAT ordonne le retour aux anciens tarifs"}]},{"@type":"WebSite","@id":"https:\/\/voxsahel.com\/#website","url":"https:\/\/voxsahel.com\/","name":"Vox Sahel","description":"Informez-vous sur le Sahel en un clic","publisher":{"@id":"https:\/\/voxsahel.com\/#organization"},"potentialAction":[{"@type":"SearchAction","target":{"@type":"EntryPoint","urlTemplate":"https:\/\/voxsahel.com\/?s={search_term_string}"},"query-input":{"@type":"PropertyValueSpecification","valueRequired":true,"valueName":"search_term_string"}}],"inLanguage":"fr-FR"},{"@type":"Organization","@id":"https:\/\/voxsahel.com\/#organization","name":"Vox Sahel","url":"https:\/\/voxsahel.com\/","logo":{"@type":"ImageObject","inLanguage":"fr-FR","@id":"https:\/\/voxsahel.com\/#\/schema\/logo\/image\/","url":"https:\/\/voxsahel.com\/wp-content\/uploads\/2024\/09\/Logo-Vox-Sahel.jpg","contentUrl":"https:\/\/voxsahel.com\/wp-content\/uploads\/2024\/09\/Logo-Vox-Sahel.jpg","width":1181,"height":848,"caption":"Vox Sahel"},"image":{"@id":"https:\/\/voxsahel.com\/#\/schema\/logo\/image\/"},"sameAs":["https:\/\/www.facebook.com\/journal.voxsahel"]},{"@type":"Person","@id":"https:\/\/voxsahel.com\/#\/schema\/person\/b4043608248f8fa227cd760e7ff1e19e","name":"Vox Sahel","image":{"@type":"ImageObject","inLanguage":"fr-FR","@id":"https:\/\/secure.gravatar.com\/avatar\/f70e7fa0cb9b29d4a7c5788d6eb2e9ab4d3135cbae1c9161810fdf77a8964699?s=96&d=mm&r=g","url":"https:\/\/secure.gravatar.com\/avatar\/f70e7fa0cb9b29d4a7c5788d6eb2e9ab4d3135cbae1c9161810fdf77a8964699?s=96&d=mm&r=g","contentUrl":"https:\/\/secure.gravatar.com\/avatar\/f70e7fa0cb9b29d4a7c5788d6eb2e9ab4d3135cbae1c9161810fdf77a8964699?s=96&d=mm&r=g","caption":"Vox Sahel"},"sameAs":["http:\/\/www.voxsahel.com"],"url":"https:\/\/voxsahel.com\/?author=2"}]}},"_links":{"self":[{"href":"https:\/\/voxsahel.com\/index.php?rest_route=\/wp\/v2\/posts\/4079","targetHints":{"allow":["GET"]}}],"collection":[{"href":"https:\/\/voxsahel.com\/index.php?rest_route=\/wp\/v2\/posts"}],"about":[{"href":"https:\/\/voxsahel.com\/index.php?rest_route=\/wp\/v2\/types\/post"}],"author":[{"embeddable":true,"href":"https:\/\/voxsahel.com\/index.php?rest_route=\/wp\/v2\/users\/2"}],"replies":[{"embeddable":true,"href":"https:\/\/voxsahel.com\/index.php?rest_route=%2Fwp%2Fv2%2Fcomments&post=4079"}],"version-history":[{"count":1,"href":"https:\/\/voxsahel.com\/index.php?rest_route=\/wp\/v2\/posts\/4079\/revisions"}],"predecessor-version":[{"id":4081,"href":"https:\/\/voxsahel.com\/index.php?rest_route=\/wp\/v2\/posts\/4079\/revisions\/4081"}],"wp:featuredmedia":[{"embeddable":true,"href":"https:\/\/voxsahel.com\/index.php?rest_route=\/wp\/v2\/media\/4080"}],"wp:attachment":[{"href":"https:\/\/voxsahel.com\/index.php?rest_route=%2Fwp%2Fv2%2Fmedia&parent=4079"}],"wp:term":[{"taxonomy":"category","embeddable":true,"href":"https:\/\/voxsahel.com\/index.php?rest_route=%2Fwp%2Fv2%2Fcategories&post=4079"},{"taxonomy":"post_tag","embeddable":true,"href":"https:\/\/voxsahel.com\/index.php?rest_route=%2Fwp%2Fv2%2Ftags&post=4079"}],"curies":[{"name":"wp","href":"https:\/\/api.w.org\/{rel}","templated":true}]}}