{"id":372,"date":"2024-09-26T06:38:35","date_gmt":"2024-09-26T06:38:35","guid":{"rendered":"https:\/\/voxsahel.com\/?p=372"},"modified":"2024-09-26T06:38:35","modified_gmt":"2024-09-26T06:38:35","slug":"le-president-senegalais-bassirou-diomye-faye-a-la-tribune-des-nations-unies-il-est-necessaire-de-rompre-avec-toute-tentative-dimposition-de-normes-civilisationnelles-unilaterales","status":"publish","type":"post","link":"https:\/\/voxsahel.com\/?p=372","title":{"rendered":"Le Pr\u00e9sident s\u00e9n\u00e9galais Bassirou Diomye Faye \u00e0 la tribune des Nations unies : \u00ab il est n\u00e9cessaire de rompre avec toute tentative d&rsquo;imposition de normes civilisationnelles unilat\u00e9rales \u00bb"},"content":{"rendered":"<p class=\"p1\">\u00c0 la tribune des Nations Unies, le pr\u00e9sident s\u00e9n\u00e9galais Bassirou Diomye Faye a livr\u00e9 un discours poignant, appelant la communaut\u00e9 internationale \u00e0 une action urgente face aux d\u00e9fis croissants qui menacent la stabilit\u00e9 mondiale. Prononc\u00e9 lors de la 79e session de l&rsquo;Assembl\u00e9e g\u00e9n\u00e9rale des Nations Unies, ce discours a mis l&rsquo;accent sur la n\u00e9cessit\u00e9 de renforcer le multilat\u00e9ralisme, de r\u00e9former les institutions internationales, et d&rsquo;intensifier la lutte contre les in\u00e9galit\u00e9s et le r\u00e9chauffement climatique.<\/p>\n<p class=\"p1\"><span class=\"s2\">Le pr\u00e9sident Faye a d&rsquo;abord salu\u00e9 la m\u00e9moire d&rsquo;Amadou Makhtar Mbow, ancien directeur g\u00e9n\u00e9ral de l&rsquo;UNESCO, qu&rsquo;il a qualifi\u00e9 de \u00ab fervent acteur panafricain \u00bb et de d\u00e9fenseur des ind\u00e9pendances africaines. Ce geste a pr\u00e9c\u00e9d\u00e9 son hommage \u00e0 Phil\u00e9mon Yang, fra\u00eechement \u00e9lu \u00e0 la pr\u00e9sidence de cette session, ainsi qu&rsquo;au secr\u00e9taire g\u00e9n\u00e9ral Ant\u00f3nio Guterres pour son engagement en faveur de la paix et du multilat\u00e9ralisme.<\/span><\/p>\n<p class=\"p1\"><span class=\"s1\">Un appel \u00e0 l&rsquo;unit\u00e9 et au respect de la dignit\u00e9 humaine<\/span><\/p>\n<p class=\"p1\"><span class=\"s2\">Anim\u00e9 par la conviction que \u00ab l&rsquo;unit\u00e9 dans la diversit\u00e9 est la cl\u00e9 pour garantir la paix et la dignit\u00e9 humaine \u00bb, Bassirou Diomye Faye a mis en lumi\u00e8re les d\u00e9fis auxquels le monde est confront\u00e9. La d\u00e9gradation du respect des droits humains, l&rsquo;extension des conflits et la crise climatique figurent parmi les plus grandes pr\u00e9occupations mondiales. Selon lui, le non-respect du droit international et la violation des r\u00e9solutions onusiennes mettent en p\u00e9ril la paix mondiale.<\/span><\/p>\n<p class=\"p1\"><span class=\"s2\">Le pr\u00e9sident s\u00e9n\u00e9galais a particuli\u00e8rement soulign\u00e9 l&rsquo;urgence de r\u00e9agir face aux situations en Palestine et dans le Sahel. \u00ab Nous ne pouvons plus fermer les yeux sur la trag\u00e9die qui se d\u00e9roule dans le Sahel \u00bb, at-il martel\u00e9, tout en critiquant l&rsquo;inaction du Conseil de s\u00e9curit\u00e9. Il a \u00e9galement r\u00e9affirm\u00e9 le soutien in\u00e9branlable du S\u00e9n\u00e9gal \u00e0 la solution des deux \u00c9tats pour le conflit isra\u00e9lo-palestinien.<\/span><\/p>\n<p class=\"p1\"><strong><span class=\"s1\">Une r\u00e9forme des institutions internationales jug\u00e9e n\u00e9cessaire<\/span><\/strong><\/p>\n<p class=\"p1\"><span class=\"s2\">Bassirou Diomye Faye a appel\u00e9 \u00e0 une r\u00e9forme des institutions globales comme le Conseil de s\u00e9curit\u00e9, le FMI et la Banque mondiale, afin qu&rsquo;elles apportent mieux les r\u00e9alit\u00e9s g\u00e9opolitiques et \u00e9conomiques actuelles. Il a plaid\u00e9 pour une plus grande inclusion des pays africains dans ces instances d\u00e9cisionnelles, rappelant que la stabilit\u00e9 de l&rsquo;Afrique est intrins\u00e8quement li\u00e9e \u00e0 la paix mondiale.<\/span><\/p>\n<p class=\"p1\"><strong><span class=\"s1\">Climat, \u00e9conomie et justice globale<\/span><\/strong><\/p>\n<p class=\"p1\"><span class=\"s2\">Faisant \u00e9cho aux pr\u00e9occupations climatiques, Faye a soulign\u00e9 la n\u00e9cessit\u00e9 de respecter le principe de \u00ab responsabilit\u00e9 commune mais diff\u00e9renci\u00e9e \u00bb. Il a exhort\u00e9 les pays industrialis\u00e9s \u00e0 intensifier leurs efforts pour soutenir les nations en d\u00e9veloppement dans leur transition \u00e9nerg\u00e9tique, tout en insistant sur l&rsquo;urgence de prot\u00e9ger la plan\u00e8te sans nuire aux droits des pays vuln\u00e9rables.<\/span><\/p>\n<p class=\"p1\"><span class=\"s2\">En mati\u00e8re \u00e9conomique, il a \u00e9nonc\u00e9 les in\u00e9galit\u00e9s et les pratiques commerciales in\u00e9quitables qui freinent le d\u00e9veloppement des pays du Sud. Le pr\u00e9sident a insist\u00e9 sur l&rsquo;importance de mettre en place un nouveau contrat social global, bas\u00e9 sur la solidarit\u00e9 et la coop\u00e9ration.<\/span><\/p>\n<p class=\"p1\"><strong><span class=\"s1\">Un engagement ferme du S\u00e9n\u00e9gal<\/span><\/strong><\/p>\n<p class=\"p1\"><span class=\"s2\">Le pr\u00e9sident Faye a conclu en r\u00e9affirmant l&rsquo;engagement du S\u00e9n\u00e9gal pour un avenir durable. Il a mis en avant les efforts de son pays pour promouvoir les \u00e9nergies renouvelables, la souverainet\u00e9 alimentaire et la transparence. Toutefois, il a rappel\u00e9 que ces efforts n\u00e9cessiteraient une coop\u00e9ration internationale renforc\u00e9e.<\/span><\/p>\n<p class=\"p1\"><span class=\"s2\">\u00ab Aucun pays, aussi puissant soit-il, ne peut relever seul les d\u00e9fis qui menacent l&rsquo;humanit\u00e9 \u00bb, at-il conclu, invitant \u00e0 une action collective pour garantir un avenir de paix, de justice et de prosp\u00e9rit\u00e9 partag\u00e9e.<\/span><\/p>\n<p class=\"p1\"><span class=\"s2\">Avec ce discours, Bassirou Diomye Faye a r\u00e9affirm\u00e9 le r\u00f4le central du S\u00e9n\u00e9gal sur la sc\u00e8ne internationale, en tant que d\u00e9fenseur d&rsquo;un multilat\u00e9ralisme renforc\u00e9, de la justice \u00e9conomique et d&rsquo;une r\u00e9ponse globale aux crises actuelles.<\/span><\/p>\n<p class=\"p1\" style=\"text-align: right;\"><span class=\"s2\"><b>Par Vox Sahel <\/b><\/span><\/p>\n","protected":false},"excerpt":{"rendered":"<p>\u00c0 la tribune des Nations Unies, le pr\u00e9sident s\u00e9n\u00e9galais Bassirou Diomye Faye a livr\u00e9 un<\/p>\n","protected":false},"author":2,"featured_media":373,"comment_status":"open","ping_status":"open","sticky":false,"template":"","format":"standard","meta":{"_et_pb_use_builder":"","_et_pb_old_content":"","_et_gb_content_width":"","footnotes":""},"categories":[15],"tags":[49,219,75,74,220],"class_list":["post-372","post","type-post","status-publish","format-standard","has-post-thumbnail","hentry","category-international","tag-geopolitique","tag-nations-unies","tag-politique","tag-senegal","tag-un"],"yoast_head":"<!-- This site is optimized with the Yoast SEO plugin v27.5 - https:\/\/yoast.com\/product\/yoast-seo-wordpress\/ -->\n<title>Le Pr\u00e9sident s\u00e9n\u00e9galais Bassirou Diomye Faye \u00e0 la tribune des Nations unies : \u00ab il est n\u00e9cessaire de rompre avec toute tentative d&#039;imposition de normes civilisationnelles unilat\u00e9rales \u00bb - Vox Sahel<\/title>\n<meta name=\"robots\" content=\"index, follow, max-snippet:-1, max-image-preview:large, max-video-preview:-1\" \/>\n<link rel=\"canonical\" href=\"https:\/\/voxsahel.com\/?p=372\" \/>\n<meta property=\"og:locale\" content=\"fr_FR\" \/>\n<meta property=\"og:type\" content=\"article\" \/>\n<meta property=\"og:title\" content=\"Le Pr\u00e9sident s\u00e9n\u00e9galais Bassirou Diomye Faye \u00e0 la tribune des Nations unies : \u00ab il est n\u00e9cessaire de rompre avec toute tentative d&#039;imposition de normes civilisationnelles unilat\u00e9rales \u00bb - Vox Sahel\" \/>\n<meta property=\"og:description\" content=\"\u00c0 la tribune des Nations Unies, le pr\u00e9sident s\u00e9n\u00e9galais Bassirou Diomye Faye a livr\u00e9 un\" \/>\n<meta property=\"og:url\" content=\"https:\/\/voxsahel.com\/?p=372\" \/>\n<meta property=\"og:site_name\" content=\"Vox Sahel\" \/>\n<meta property=\"article:publisher\" content=\"https:\/\/www.facebook.com\/journal.voxsahel\" \/>\n<meta property=\"article:published_time\" content=\"2024-09-26T06:38:35+00:00\" \/>\n<meta property=\"og:image\" content=\"https:\/\/voxsahel.com\/wp-content\/uploads\/2024\/09\/IMG_1517.jpeg\" \/>\n\t<meta property=\"og:image:width\" content=\"920\" \/>\n\t<meta property=\"og:image:height\" content=\"744\" \/>\n\t<meta property=\"og:image:type\" content=\"image\/jpeg\" \/>\n<meta name=\"author\" content=\"Vox Sahel\" \/>\n<meta name=\"twitter:card\" content=\"summary_large_image\" \/>\n<meta name=\"twitter:label1\" content=\"\u00c9crit par\" \/>\n\t<meta name=\"twitter:data1\" content=\"Vox Sahel\" \/>\n\t<meta name=\"twitter:label2\" content=\"Dur\u00e9e de lecture estim\u00e9e\" \/>\n\t<meta name=\"twitter:data2\" content=\"4 minutes\" \/>\n<script type=\"application\/ld+json\" class=\"yoast-schema-graph\">{\"@context\":\"https:\\\/\\\/schema.org\",\"@graph\":[{\"@type\":\"Article\",\"@id\":\"https:\\\/\\\/voxsahel.com\\\/?p=372#article\",\"isPartOf\":{\"@id\":\"https:\\\/\\\/voxsahel.com\\\/?p=372\"},\"author\":{\"name\":\"Vox Sahel\",\"@id\":\"https:\\\/\\\/voxsahel.com\\\/#\\\/schema\\\/person\\\/b4043608248f8fa227cd760e7ff1e19e\"},\"headline\":\"Le Pr\u00e9sident s\u00e9n\u00e9galais Bassirou Diomye Faye \u00e0 la tribune des Nations unies : \u00ab il est n\u00e9cessaire de rompre avec toute tentative d&rsquo;imposition de normes civilisationnelles unilat\u00e9rales \u00bb\",\"datePublished\":\"2024-09-26T06:38:35+00:00\",\"mainEntityOfPage\":{\"@id\":\"https:\\\/\\\/voxsahel.com\\\/?p=372\"},\"wordCount\":715,\"commentCount\":0,\"publisher\":{\"@id\":\"https:\\\/\\\/voxsahel.com\\\/#organization\"},\"image\":{\"@id\":\"https:\\\/\\\/voxsahel.com\\\/?p=372#primaryimage\"},\"thumbnailUrl\":\"https:\\\/\\\/voxsahel.com\\\/wp-content\\\/uploads\\\/2024\\\/09\\\/IMG_1517.jpeg\",\"keywords\":[\"G\u00e9opolitique\",\"Nations unies\",\"Politique\",\"S\u00e9n\u00e9gal\",\"UN\"],\"articleSection\":[\"INTERNATIONAL\"],\"inLanguage\":\"fr-FR\",\"potentialAction\":[{\"@type\":\"CommentAction\",\"name\":\"Comment\",\"target\":[\"https:\\\/\\\/voxsahel.com\\\/?p=372#respond\"]}]},{\"@type\":\"WebPage\",\"@id\":\"https:\\\/\\\/voxsahel.com\\\/?p=372\",\"url\":\"https:\\\/\\\/voxsahel.com\\\/?p=372\",\"name\":\"Le Pr\u00e9sident s\u00e9n\u00e9galais Bassirou Diomye Faye \u00e0 la tribune des Nations unies : \u00ab il est n\u00e9cessaire de rompre avec toute tentative d'imposition de normes civilisationnelles unilat\u00e9rales \u00bb - Vox Sahel\",\"isPartOf\":{\"@id\":\"https:\\\/\\\/voxsahel.com\\\/#website\"},\"primaryImageOfPage\":{\"@id\":\"https:\\\/\\\/voxsahel.com\\\/?p=372#primaryimage\"},\"image\":{\"@id\":\"https:\\\/\\\/voxsahel.com\\\/?p=372#primaryimage\"},\"thumbnailUrl\":\"https:\\\/\\\/voxsahel.com\\\/wp-content\\\/uploads\\\/2024\\\/09\\\/IMG_1517.jpeg\",\"datePublished\":\"2024-09-26T06:38:35+00:00\",\"breadcrumb\":{\"@id\":\"https:\\\/\\\/voxsahel.com\\\/?p=372#breadcrumb\"},\"inLanguage\":\"fr-FR\",\"potentialAction\":[{\"@type\":\"ReadAction\",\"target\":[\"https:\\\/\\\/voxsahel.com\\\/?p=372\"]}]},{\"@type\":\"ImageObject\",\"inLanguage\":\"fr-FR\",\"@id\":\"https:\\\/\\\/voxsahel.com\\\/?p=372#primaryimage\",\"url\":\"https:\\\/\\\/voxsahel.com\\\/wp-content\\\/uploads\\\/2024\\\/09\\\/IMG_1517.jpeg\",\"contentUrl\":\"https:\\\/\\\/voxsahel.com\\\/wp-content\\\/uploads\\\/2024\\\/09\\\/IMG_1517.jpeg\",\"width\":920,\"height\":744},{\"@type\":\"BreadcrumbList\",\"@id\":\"https:\\\/\\\/voxsahel.com\\\/?p=372#breadcrumb\",\"itemListElement\":[{\"@type\":\"ListItem\",\"position\":1,\"name\":\"Home\",\"item\":\"https:\\\/\\\/voxsahel.com\\\/\"},{\"@type\":\"ListItem\",\"position\":2,\"name\":\"Le Pr\u00e9sident s\u00e9n\u00e9galais Bassirou Diomye Faye \u00e0 la tribune des Nations unies : \u00ab il est n\u00e9cessaire de rompre avec toute tentative d&rsquo;imposition de normes civilisationnelles unilat\u00e9rales \u00bb\"}]},{\"@type\":\"WebSite\",\"@id\":\"https:\\\/\\\/voxsahel.com\\\/#website\",\"url\":\"https:\\\/\\\/voxsahel.com\\\/\",\"name\":\"Vox Sahel\",\"description\":\"Informez-vous sur le Sahel en un clic\",\"publisher\":{\"@id\":\"https:\\\/\\\/voxsahel.com\\\/#organization\"},\"potentialAction\":[{\"@type\":\"SearchAction\",\"target\":{\"@type\":\"EntryPoint\",\"urlTemplate\":\"https:\\\/\\\/voxsahel.com\\\/?s={search_term_string}\"},\"query-input\":{\"@type\":\"PropertyValueSpecification\",\"valueRequired\":true,\"valueName\":\"search_term_string\"}}],\"inLanguage\":\"fr-FR\"},{\"@type\":\"Organization\",\"@id\":\"https:\\\/\\\/voxsahel.com\\\/#organization\",\"name\":\"Vox Sahel\",\"url\":\"https:\\\/\\\/voxsahel.com\\\/\",\"logo\":{\"@type\":\"ImageObject\",\"inLanguage\":\"fr-FR\",\"@id\":\"https:\\\/\\\/voxsahel.com\\\/#\\\/schema\\\/logo\\\/image\\\/\",\"url\":\"https:\\\/\\\/voxsahel.com\\\/wp-content\\\/uploads\\\/2024\\\/09\\\/Logo-Vox-Sahel.jpg\",\"contentUrl\":\"https:\\\/\\\/voxsahel.com\\\/wp-content\\\/uploads\\\/2024\\\/09\\\/Logo-Vox-Sahel.jpg\",\"width\":1181,\"height\":848,\"caption\":\"Vox Sahel\"},\"image\":{\"@id\":\"https:\\\/\\\/voxsahel.com\\\/#\\\/schema\\\/logo\\\/image\\\/\"},\"sameAs\":[\"https:\\\/\\\/www.facebook.com\\\/journal.voxsahel\"]},{\"@type\":\"Person\",\"@id\":\"https:\\\/\\\/voxsahel.com\\\/#\\\/schema\\\/person\\\/b4043608248f8fa227cd760e7ff1e19e\",\"name\":\"Vox Sahel\",\"image\":{\"@type\":\"ImageObject\",\"inLanguage\":\"fr-FR\",\"@id\":\"https:\\\/\\\/secure.gravatar.com\\\/avatar\\\/f70e7fa0cb9b29d4a7c5788d6eb2e9ab4d3135cbae1c9161810fdf77a8964699?s=96&d=mm&r=g\",\"url\":\"https:\\\/\\\/secure.gravatar.com\\\/avatar\\\/f70e7fa0cb9b29d4a7c5788d6eb2e9ab4d3135cbae1c9161810fdf77a8964699?s=96&d=mm&r=g\",\"contentUrl\":\"https:\\\/\\\/secure.gravatar.com\\\/avatar\\\/f70e7fa0cb9b29d4a7c5788d6eb2e9ab4d3135cbae1c9161810fdf77a8964699?s=96&d=mm&r=g\",\"caption\":\"Vox Sahel\"},\"sameAs\":[\"http:\\\/\\\/www.voxsahel.com\"],\"url\":\"https:\\\/\\\/voxsahel.com\\\/?author=2\"}]}<\/script>\n<!-- \/ Yoast SEO plugin. -->","yoast_head_json":{"title":"Le Pr\u00e9sident s\u00e9n\u00e9galais Bassirou Diomye Faye \u00e0 la tribune des Nations unies : \u00ab il est n\u00e9cessaire de rompre avec toute tentative d'imposition de normes civilisationnelles unilat\u00e9rales \u00bb - Vox Sahel","robots":{"index":"index","follow":"follow","max-snippet":"max-snippet:-1","max-image-preview":"max-image-preview:large","max-video-preview":"max-video-preview:-1"},"canonical":"https:\/\/voxsahel.com\/?p=372","og_locale":"fr_FR","og_type":"article","og_title":"Le Pr\u00e9sident s\u00e9n\u00e9galais Bassirou Diomye Faye \u00e0 la tribune des Nations unies : \u00ab il est n\u00e9cessaire de rompre avec toute tentative d'imposition de normes civilisationnelles unilat\u00e9rales \u00bb - Vox Sahel","og_description":"\u00c0 la tribune des Nations Unies, le pr\u00e9sident s\u00e9n\u00e9galais Bassirou Diomye Faye a livr\u00e9 un","og_url":"https:\/\/voxsahel.com\/?p=372","og_site_name":"Vox Sahel","article_publisher":"https:\/\/www.facebook.com\/journal.voxsahel","article_published_time":"2024-09-26T06:38:35+00:00","og_image":[{"width":920,"height":744,"url":"https:\/\/voxsahel.com\/wp-content\/uploads\/2024\/09\/IMG_1517.jpeg","type":"image\/jpeg"}],"author":"Vox Sahel","twitter_card":"summary_large_image","twitter_misc":{"\u00c9crit par":"Vox Sahel","Dur\u00e9e de lecture estim\u00e9e":"4 minutes"},"schema":{"@context":"https:\/\/schema.org","@graph":[{"@type":"Article","@id":"https:\/\/voxsahel.com\/?p=372#article","isPartOf":{"@id":"https:\/\/voxsahel.com\/?p=372"},"author":{"name":"Vox Sahel","@id":"https:\/\/voxsahel.com\/#\/schema\/person\/b4043608248f8fa227cd760e7ff1e19e"},"headline":"Le Pr\u00e9sident s\u00e9n\u00e9galais Bassirou Diomye Faye \u00e0 la tribune des Nations unies : \u00ab il est n\u00e9cessaire de rompre avec toute tentative d&rsquo;imposition de normes civilisationnelles unilat\u00e9rales \u00bb","datePublished":"2024-09-26T06:38:35+00:00","mainEntityOfPage":{"@id":"https:\/\/voxsahel.com\/?p=372"},"wordCount":715,"commentCount":0,"publisher":{"@id":"https:\/\/voxsahel.com\/#organization"},"image":{"@id":"https:\/\/voxsahel.com\/?p=372#primaryimage"},"thumbnailUrl":"https:\/\/voxsahel.com\/wp-content\/uploads\/2024\/09\/IMG_1517.jpeg","keywords":["G\u00e9opolitique","Nations unies","Politique","S\u00e9n\u00e9gal","UN"],"articleSection":["INTERNATIONAL"],"inLanguage":"fr-FR","potentialAction":[{"@type":"CommentAction","name":"Comment","target":["https:\/\/voxsahel.com\/?p=372#respond"]}]},{"@type":"WebPage","@id":"https:\/\/voxsahel.com\/?p=372","url":"https:\/\/voxsahel.com\/?p=372","name":"Le Pr\u00e9sident s\u00e9n\u00e9galais Bassirou Diomye Faye \u00e0 la tribune des Nations unies : \u00ab il est n\u00e9cessaire de rompre avec toute tentative d'imposition de normes civilisationnelles unilat\u00e9rales \u00bb - Vox Sahel","isPartOf":{"@id":"https:\/\/voxsahel.com\/#website"},"primaryImageOfPage":{"@id":"https:\/\/voxsahel.com\/?p=372#primaryimage"},"image":{"@id":"https:\/\/voxsahel.com\/?p=372#primaryimage"},"thumbnailUrl":"https:\/\/voxsahel.com\/wp-content\/uploads\/2024\/09\/IMG_1517.jpeg","datePublished":"2024-09-26T06:38:35+00:00","breadcrumb":{"@id":"https:\/\/voxsahel.com\/?p=372#breadcrumb"},"inLanguage":"fr-FR","potentialAction":[{"@type":"ReadAction","target":["https:\/\/voxsahel.com\/?p=372"]}]},{"@type":"ImageObject","inLanguage":"fr-FR","@id":"https:\/\/voxsahel.com\/?p=372#primaryimage","url":"https:\/\/voxsahel.com\/wp-content\/uploads\/2024\/09\/IMG_1517.jpeg","contentUrl":"https:\/\/voxsahel.com\/wp-content\/uploads\/2024\/09\/IMG_1517.jpeg","width":920,"height":744},{"@type":"BreadcrumbList","@id":"https:\/\/voxsahel.com\/?p=372#breadcrumb","itemListElement":[{"@type":"ListItem","position":1,"name":"Home","item":"https:\/\/voxsahel.com\/"},{"@type":"ListItem","position":2,"name":"Le Pr\u00e9sident s\u00e9n\u00e9galais Bassirou Diomye Faye \u00e0 la tribune des Nations unies : \u00ab il est n\u00e9cessaire de rompre avec toute tentative d&rsquo;imposition de normes civilisationnelles unilat\u00e9rales \u00bb"}]},{"@type":"WebSite","@id":"https:\/\/voxsahel.com\/#website","url":"https:\/\/voxsahel.com\/","name":"Vox Sahel","description":"Informez-vous sur le Sahel en un clic","publisher":{"@id":"https:\/\/voxsahel.com\/#organization"},"potentialAction":[{"@type":"SearchAction","target":{"@type":"EntryPoint","urlTemplate":"https:\/\/voxsahel.com\/?s={search_term_string}"},"query-input":{"@type":"PropertyValueSpecification","valueRequired":true,"valueName":"search_term_string"}}],"inLanguage":"fr-FR"},{"@type":"Organization","@id":"https:\/\/voxsahel.com\/#organization","name":"Vox Sahel","url":"https:\/\/voxsahel.com\/","logo":{"@type":"ImageObject","inLanguage":"fr-FR","@id":"https:\/\/voxsahel.com\/#\/schema\/logo\/image\/","url":"https:\/\/voxsahel.com\/wp-content\/uploads\/2024\/09\/Logo-Vox-Sahel.jpg","contentUrl":"https:\/\/voxsahel.com\/wp-content\/uploads\/2024\/09\/Logo-Vox-Sahel.jpg","width":1181,"height":848,"caption":"Vox Sahel"},"image":{"@id":"https:\/\/voxsahel.com\/#\/schema\/logo\/image\/"},"sameAs":["https:\/\/www.facebook.com\/journal.voxsahel"]},{"@type":"Person","@id":"https:\/\/voxsahel.com\/#\/schema\/person\/b4043608248f8fa227cd760e7ff1e19e","name":"Vox Sahel","image":{"@type":"ImageObject","inLanguage":"fr-FR","@id":"https:\/\/secure.gravatar.com\/avatar\/f70e7fa0cb9b29d4a7c5788d6eb2e9ab4d3135cbae1c9161810fdf77a8964699?s=96&d=mm&r=g","url":"https:\/\/secure.gravatar.com\/avatar\/f70e7fa0cb9b29d4a7c5788d6eb2e9ab4d3135cbae1c9161810fdf77a8964699?s=96&d=mm&r=g","contentUrl":"https:\/\/secure.gravatar.com\/avatar\/f70e7fa0cb9b29d4a7c5788d6eb2e9ab4d3135cbae1c9161810fdf77a8964699?s=96&d=mm&r=g","caption":"Vox Sahel"},"sameAs":["http:\/\/www.voxsahel.com"],"url":"https:\/\/voxsahel.com\/?author=2"}]}},"_links":{"self":[{"href":"https:\/\/voxsahel.com\/index.php?rest_route=\/wp\/v2\/posts\/372","targetHints":{"allow":["GET"]}}],"collection":[{"href":"https:\/\/voxsahel.com\/index.php?rest_route=\/wp\/v2\/posts"}],"about":[{"href":"https:\/\/voxsahel.com\/index.php?rest_route=\/wp\/v2\/types\/post"}],"author":[{"embeddable":true,"href":"https:\/\/voxsahel.com\/index.php?rest_route=\/wp\/v2\/users\/2"}],"replies":[{"embeddable":true,"href":"https:\/\/voxsahel.com\/index.php?rest_route=%2Fwp%2Fv2%2Fcomments&post=372"}],"version-history":[{"count":1,"href":"https:\/\/voxsahel.com\/index.php?rest_route=\/wp\/v2\/posts\/372\/revisions"}],"predecessor-version":[{"id":374,"href":"https:\/\/voxsahel.com\/index.php?rest_route=\/wp\/v2\/posts\/372\/revisions\/374"}],"wp:featuredmedia":[{"embeddable":true,"href":"https:\/\/voxsahel.com\/index.php?rest_route=\/wp\/v2\/media\/373"}],"wp:attachment":[{"href":"https:\/\/voxsahel.com\/index.php?rest_route=%2Fwp%2Fv2%2Fmedia&parent=372"}],"wp:term":[{"taxonomy":"category","embeddable":true,"href":"https:\/\/voxsahel.com\/index.php?rest_route=%2Fwp%2Fv2%2Fcategories&post=372"},{"taxonomy":"post_tag","embeddable":true,"href":"https:\/\/voxsahel.com\/index.php?rest_route=%2Fwp%2Fv2%2Ftags&post=372"}],"curies":[{"name":"wp","href":"https:\/\/api.w.org\/{rel}","templated":true}]}}