{"id":369,"date":"2024-09-25T23:44:42","date_gmt":"2024-09-25T23:44:42","guid":{"rendered":"https:\/\/voxsahel.com\/?p=369"},"modified":"2024-09-25T23:44:42","modified_gmt":"2024-09-25T23:44:42","slug":"ouagadougou-burkina-la-brigade-de-la-police-de-lhygiene-renforce-la-sensibilisation-dans-les-gares-routieres","status":"publish","type":"post","link":"https:\/\/voxsahel.com\/?p=369","title":{"rendered":"Ouagadougou\/Burkina : La Brigade de la police de l&rsquo;hygi\u00e8ne renforce la sensibilisation dans les gares routi\u00e8res"},"content":{"rendered":"<p class=\"p1\">La Brigade de la Police de l&rsquo;hygi\u00e8ne publique a men\u00e9 ce mercredi ses op\u00e9rations de sensibilisation et d&rsquo;inspection dans plusieurs lieux publics de la capitale. Apr\u00e8s avoir visit\u00e9 les restaurants et d\u00e9bits de boisson, l&rsquo;\u00e9quipe s&rsquo;est rendue dans les gares routi\u00e8res de la ville pour \u00e9valuer les conditions de salubrit\u00e9 des lieux.<\/p>\n<p class=\"p1\"><span class=\"s3\">Lors de cette tourn\u00e9e, la brigade s&rsquo;est attel\u00e9e \u00e0 v\u00e9rifier la propret\u00e9 g\u00e9n\u00e9rale des gares, en accord avec une attention particuli\u00e8re aux cuisines et toilettes. Abdoulaye Gueye, membre de la brigade, a insist\u00e9 sur l&rsquo;importance de maintenir ces espaces propres, \u00e9tant donn\u00e9 le grand nombre de personnes qui y transitent chaque jour. \u00ab Le niveau de salubrit\u00e9 de ces lieux est essentiel pour le bien-\u00eatre des usagers. Des inspections r\u00e9guli\u00e8res permettent non seulement de sensibiliser les responsables mais aussi d&rsquo;am\u00e9liorer les conditions d&rsquo;hygi\u00e8ne pour la s\u00e9curit\u00e9 sanitaire des passagers \u00bb, a-t-il d\u00e9clar\u00e9.<\/span><\/p>\n<p class=\"p1\"><span class=\"s3\">Les constats effectu\u00e9s sur le terrain r\u00e9v\u00e8lent l&rsquo;urgence de cette initiative, plusieurs gares souffrant d&rsquo;un manque d&rsquo;entretien \u00e9vident. Toutefois, les tenanciers des lieux visit\u00e9s ont exprim\u00e9 leur adh\u00e9sion aux recommandations de la brigade, reconnaissant la pertinence des remarques \u00e9mises. Ils se sont engag\u00e9s \u00e0 am\u00e9liorer la situation pour offrir aux passagers un environnement plus sain.<\/span><\/p>\n<p class=\"p1\"><span class=\"s3\">Cette campagne de sensibilisation s&rsquo;inscrit dans une d\u00e9marche plus large visant \u00e0 garantir des normes d&rsquo;hygi\u00e8ne optimales dans les lieux \u00e0 forte fr\u00e9quentation, notamment dans les march\u00e9s et les infrastructures de transport, afin de pr\u00e9venir tout risque sanitaire majeur dans la capitale burkinab\u00e8.<\/span><\/p>\n<p class=\"p1\"><span class=\"s3\">La brigade de l&rsquo;hygi\u00e8ne publique compte multiplier ces sorties dans les semaines \u00e0 venir afin de renforcer les mesures d&rsquo;assainissement dans d&rsquo;autres secteurs cl\u00e9s de la ville.<\/span><\/p>\n<p class=\"p1\" style=\"text-align: right;\"><span class=\"s3\"><b>Par Vox Sahel <\/b><\/span><\/p>\n","protected":false},"excerpt":{"rendered":"<p>La Brigade de la Police de l&rsquo;hygi\u00e8ne publique a men\u00e9 ce mercredi ses op\u00e9rations de<\/p>\n","protected":false},"author":2,"featured_media":370,"comment_status":"open","ping_status":"open","sticky":false,"template":"","format":"standard","meta":{"_et_pb_use_builder":"","_et_pb_old_content":"","_et_gb_content_width":"","footnotes":""},"categories":[7],"tags":[18,217,209,211,103,120,212,218],"class_list":["post-369","post","type-post","status-publish","format-standard","has-post-thumbnail","hentry","category-sante","tag-burkina-faso","tag-gare-routiere","tag-hygiene","tag-hygiene-publique","tag-ouagadougou","tag-sante","tag-sante-publique","tag-transport"],"yoast_head":"<!-- This site is optimized with the Yoast SEO plugin v27.5 - https:\/\/yoast.com\/product\/yoast-seo-wordpress\/ -->\n<title>Ouagadougou\/Burkina : La Brigade de la police de l&#039;hygi\u00e8ne renforce la sensibilisation dans les gares routi\u00e8res - Vox Sahel<\/title>\n<meta name=\"robots\" content=\"index, follow, max-snippet:-1, max-image-preview:large, max-video-preview:-1\" \/>\n<link rel=\"canonical\" href=\"https:\/\/voxsahel.com\/?p=369\" \/>\n<meta property=\"og:locale\" content=\"fr_FR\" \/>\n<meta property=\"og:type\" content=\"article\" \/>\n<meta property=\"og:title\" content=\"Ouagadougou\/Burkina : La Brigade de la police de l&#039;hygi\u00e8ne renforce la sensibilisation dans les gares routi\u00e8res - Vox Sahel\" \/>\n<meta property=\"og:description\" content=\"La Brigade de la Police de l&rsquo;hygi\u00e8ne publique a men\u00e9 ce mercredi ses op\u00e9rations de\" \/>\n<meta property=\"og:url\" content=\"https:\/\/voxsahel.com\/?p=369\" \/>\n<meta property=\"og:site_name\" content=\"Vox Sahel\" \/>\n<meta property=\"article:publisher\" content=\"https:\/\/www.facebook.com\/journal.voxsahel\" \/>\n<meta property=\"article:published_time\" content=\"2024-09-25T23:44:42+00:00\" \/>\n<meta property=\"og:image\" content=\"https:\/\/voxsahel.com\/wp-content\/uploads\/2024\/09\/IMG_1490.jpeg\" \/>\n\t<meta property=\"og:image:width\" content=\"960\" \/>\n\t<meta property=\"og:image:height\" content=\"640\" \/>\n\t<meta property=\"og:image:type\" content=\"image\/jpeg\" \/>\n<meta name=\"author\" content=\"Vox Sahel\" \/>\n<meta name=\"twitter:card\" content=\"summary_large_image\" \/>\n<meta name=\"twitter:label1\" content=\"\u00c9crit par\" \/>\n\t<meta name=\"twitter:data1\" content=\"Vox Sahel\" \/>\n\t<meta name=\"twitter:label2\" content=\"Dur\u00e9e de lecture estim\u00e9e\" \/>\n\t<meta name=\"twitter:data2\" content=\"2 minutes\" \/>\n<script type=\"application\/ld+json\" class=\"yoast-schema-graph\">{\"@context\":\"https:\\\/\\\/schema.org\",\"@graph\":[{\"@type\":\"Article\",\"@id\":\"https:\\\/\\\/voxsahel.com\\\/?p=369#article\",\"isPartOf\":{\"@id\":\"https:\\\/\\\/voxsahel.com\\\/?p=369\"},\"author\":{\"name\":\"Vox Sahel\",\"@id\":\"https:\\\/\\\/voxsahel.com\\\/#\\\/schema\\\/person\\\/b4043608248f8fa227cd760e7ff1e19e\"},\"headline\":\"Ouagadougou\\\/Burkina : La Brigade de la police de l&rsquo;hygi\u00e8ne renforce la sensibilisation dans les gares routi\u00e8res\",\"datePublished\":\"2024-09-25T23:44:42+00:00\",\"mainEntityOfPage\":{\"@id\":\"https:\\\/\\\/voxsahel.com\\\/?p=369\"},\"wordCount\":332,\"commentCount\":0,\"publisher\":{\"@id\":\"https:\\\/\\\/voxsahel.com\\\/#organization\"},\"image\":{\"@id\":\"https:\\\/\\\/voxsahel.com\\\/?p=369#primaryimage\"},\"thumbnailUrl\":\"https:\\\/\\\/voxsahel.com\\\/wp-content\\\/uploads\\\/2024\\\/09\\\/IMG_1490.jpeg\",\"keywords\":[\"Burkina Faso\",\"Gare routi\u00e8re\",\"Hygi\u00e8ne\",\"Hygi\u00e8ne publique\",\"Ouagadougou\",\"Sant\u00e9\",\"Sant\u00e9 publique\",\"Transport\"],\"articleSection\":[\"SANTE\"],\"inLanguage\":\"fr-FR\",\"potentialAction\":[{\"@type\":\"CommentAction\",\"name\":\"Comment\",\"target\":[\"https:\\\/\\\/voxsahel.com\\\/?p=369#respond\"]}]},{\"@type\":\"WebPage\",\"@id\":\"https:\\\/\\\/voxsahel.com\\\/?p=369\",\"url\":\"https:\\\/\\\/voxsahel.com\\\/?p=369\",\"name\":\"Ouagadougou\\\/Burkina : La Brigade de la police de l'hygi\u00e8ne renforce la sensibilisation dans les gares routi\u00e8res - Vox Sahel\",\"isPartOf\":{\"@id\":\"https:\\\/\\\/voxsahel.com\\\/#website\"},\"primaryImageOfPage\":{\"@id\":\"https:\\\/\\\/voxsahel.com\\\/?p=369#primaryimage\"},\"image\":{\"@id\":\"https:\\\/\\\/voxsahel.com\\\/?p=369#primaryimage\"},\"thumbnailUrl\":\"https:\\\/\\\/voxsahel.com\\\/wp-content\\\/uploads\\\/2024\\\/09\\\/IMG_1490.jpeg\",\"datePublished\":\"2024-09-25T23:44:42+00:00\",\"breadcrumb\":{\"@id\":\"https:\\\/\\\/voxsahel.com\\\/?p=369#breadcrumb\"},\"inLanguage\":\"fr-FR\",\"potentialAction\":[{\"@type\":\"ReadAction\",\"target\":[\"https:\\\/\\\/voxsahel.com\\\/?p=369\"]}]},{\"@type\":\"ImageObject\",\"inLanguage\":\"fr-FR\",\"@id\":\"https:\\\/\\\/voxsahel.com\\\/?p=369#primaryimage\",\"url\":\"https:\\\/\\\/voxsahel.com\\\/wp-content\\\/uploads\\\/2024\\\/09\\\/IMG_1490.jpeg\",\"contentUrl\":\"https:\\\/\\\/voxsahel.com\\\/wp-content\\\/uploads\\\/2024\\\/09\\\/IMG_1490.jpeg\",\"width\":960,\"height\":640},{\"@type\":\"BreadcrumbList\",\"@id\":\"https:\\\/\\\/voxsahel.com\\\/?p=369#breadcrumb\",\"itemListElement\":[{\"@type\":\"ListItem\",\"position\":1,\"name\":\"Home\",\"item\":\"https:\\\/\\\/voxsahel.com\\\/\"},{\"@type\":\"ListItem\",\"position\":2,\"name\":\"Ouagadougou\\\/Burkina : La Brigade de la police de l&rsquo;hygi\u00e8ne renforce la sensibilisation dans les gares routi\u00e8res\"}]},{\"@type\":\"WebSite\",\"@id\":\"https:\\\/\\\/voxsahel.com\\\/#website\",\"url\":\"https:\\\/\\\/voxsahel.com\\\/\",\"name\":\"Vox Sahel\",\"description\":\"Informez-vous sur le Sahel en un clic\",\"publisher\":{\"@id\":\"https:\\\/\\\/voxsahel.com\\\/#organization\"},\"potentialAction\":[{\"@type\":\"SearchAction\",\"target\":{\"@type\":\"EntryPoint\",\"urlTemplate\":\"https:\\\/\\\/voxsahel.com\\\/?s={search_term_string}\"},\"query-input\":{\"@type\":\"PropertyValueSpecification\",\"valueRequired\":true,\"valueName\":\"search_term_string\"}}],\"inLanguage\":\"fr-FR\"},{\"@type\":\"Organization\",\"@id\":\"https:\\\/\\\/voxsahel.com\\\/#organization\",\"name\":\"Vox Sahel\",\"url\":\"https:\\\/\\\/voxsahel.com\\\/\",\"logo\":{\"@type\":\"ImageObject\",\"inLanguage\":\"fr-FR\",\"@id\":\"https:\\\/\\\/voxsahel.com\\\/#\\\/schema\\\/logo\\\/image\\\/\",\"url\":\"https:\\\/\\\/voxsahel.com\\\/wp-content\\\/uploads\\\/2024\\\/09\\\/Logo-Vox-Sahel.jpg\",\"contentUrl\":\"https:\\\/\\\/voxsahel.com\\\/wp-content\\\/uploads\\\/2024\\\/09\\\/Logo-Vox-Sahel.jpg\",\"width\":1181,\"height\":848,\"caption\":\"Vox Sahel\"},\"image\":{\"@id\":\"https:\\\/\\\/voxsahel.com\\\/#\\\/schema\\\/logo\\\/image\\\/\"},\"sameAs\":[\"https:\\\/\\\/www.facebook.com\\\/journal.voxsahel\"]},{\"@type\":\"Person\",\"@id\":\"https:\\\/\\\/voxsahel.com\\\/#\\\/schema\\\/person\\\/b4043608248f8fa227cd760e7ff1e19e\",\"name\":\"Vox Sahel\",\"image\":{\"@type\":\"ImageObject\",\"inLanguage\":\"fr-FR\",\"@id\":\"https:\\\/\\\/secure.gravatar.com\\\/avatar\\\/f70e7fa0cb9b29d4a7c5788d6eb2e9ab4d3135cbae1c9161810fdf77a8964699?s=96&d=mm&r=g\",\"url\":\"https:\\\/\\\/secure.gravatar.com\\\/avatar\\\/f70e7fa0cb9b29d4a7c5788d6eb2e9ab4d3135cbae1c9161810fdf77a8964699?s=96&d=mm&r=g\",\"contentUrl\":\"https:\\\/\\\/secure.gravatar.com\\\/avatar\\\/f70e7fa0cb9b29d4a7c5788d6eb2e9ab4d3135cbae1c9161810fdf77a8964699?s=96&d=mm&r=g\",\"caption\":\"Vox Sahel\"},\"sameAs\":[\"http:\\\/\\\/www.voxsahel.com\"],\"url\":\"https:\\\/\\\/voxsahel.com\\\/?author=2\"}]}<\/script>\n<!-- \/ Yoast SEO plugin. -->","yoast_head_json":{"title":"Ouagadougou\/Burkina : La Brigade de la police de l'hygi\u00e8ne renforce la sensibilisation dans les gares routi\u00e8res - Vox Sahel","robots":{"index":"index","follow":"follow","max-snippet":"max-snippet:-1","max-image-preview":"max-image-preview:large","max-video-preview":"max-video-preview:-1"},"canonical":"https:\/\/voxsahel.com\/?p=369","og_locale":"fr_FR","og_type":"article","og_title":"Ouagadougou\/Burkina : La Brigade de la police de l'hygi\u00e8ne renforce la sensibilisation dans les gares routi\u00e8res - Vox Sahel","og_description":"La Brigade de la Police de l&rsquo;hygi\u00e8ne publique a men\u00e9 ce mercredi ses op\u00e9rations de","og_url":"https:\/\/voxsahel.com\/?p=369","og_site_name":"Vox Sahel","article_publisher":"https:\/\/www.facebook.com\/journal.voxsahel","article_published_time":"2024-09-25T23:44:42+00:00","og_image":[{"width":960,"height":640,"url":"https:\/\/voxsahel.com\/wp-content\/uploads\/2024\/09\/IMG_1490.jpeg","type":"image\/jpeg"}],"author":"Vox Sahel","twitter_card":"summary_large_image","twitter_misc":{"\u00c9crit par":"Vox Sahel","Dur\u00e9e de lecture estim\u00e9e":"2 minutes"},"schema":{"@context":"https:\/\/schema.org","@graph":[{"@type":"Article","@id":"https:\/\/voxsahel.com\/?p=369#article","isPartOf":{"@id":"https:\/\/voxsahel.com\/?p=369"},"author":{"name":"Vox Sahel","@id":"https:\/\/voxsahel.com\/#\/schema\/person\/b4043608248f8fa227cd760e7ff1e19e"},"headline":"Ouagadougou\/Burkina : La Brigade de la police de l&rsquo;hygi\u00e8ne renforce la sensibilisation dans les gares routi\u00e8res","datePublished":"2024-09-25T23:44:42+00:00","mainEntityOfPage":{"@id":"https:\/\/voxsahel.com\/?p=369"},"wordCount":332,"commentCount":0,"publisher":{"@id":"https:\/\/voxsahel.com\/#organization"},"image":{"@id":"https:\/\/voxsahel.com\/?p=369#primaryimage"},"thumbnailUrl":"https:\/\/voxsahel.com\/wp-content\/uploads\/2024\/09\/IMG_1490.jpeg","keywords":["Burkina Faso","Gare routi\u00e8re","Hygi\u00e8ne","Hygi\u00e8ne publique","Ouagadougou","Sant\u00e9","Sant\u00e9 publique","Transport"],"articleSection":["SANTE"],"inLanguage":"fr-FR","potentialAction":[{"@type":"CommentAction","name":"Comment","target":["https:\/\/voxsahel.com\/?p=369#respond"]}]},{"@type":"WebPage","@id":"https:\/\/voxsahel.com\/?p=369","url":"https:\/\/voxsahel.com\/?p=369","name":"Ouagadougou\/Burkina : La Brigade de la police de l'hygi\u00e8ne renforce la sensibilisation dans les gares routi\u00e8res - Vox Sahel","isPartOf":{"@id":"https:\/\/voxsahel.com\/#website"},"primaryImageOfPage":{"@id":"https:\/\/voxsahel.com\/?p=369#primaryimage"},"image":{"@id":"https:\/\/voxsahel.com\/?p=369#primaryimage"},"thumbnailUrl":"https:\/\/voxsahel.com\/wp-content\/uploads\/2024\/09\/IMG_1490.jpeg","datePublished":"2024-09-25T23:44:42+00:00","breadcrumb":{"@id":"https:\/\/voxsahel.com\/?p=369#breadcrumb"},"inLanguage":"fr-FR","potentialAction":[{"@type":"ReadAction","target":["https:\/\/voxsahel.com\/?p=369"]}]},{"@type":"ImageObject","inLanguage":"fr-FR","@id":"https:\/\/voxsahel.com\/?p=369#primaryimage","url":"https:\/\/voxsahel.com\/wp-content\/uploads\/2024\/09\/IMG_1490.jpeg","contentUrl":"https:\/\/voxsahel.com\/wp-content\/uploads\/2024\/09\/IMG_1490.jpeg","width":960,"height":640},{"@type":"BreadcrumbList","@id":"https:\/\/voxsahel.com\/?p=369#breadcrumb","itemListElement":[{"@type":"ListItem","position":1,"name":"Home","item":"https:\/\/voxsahel.com\/"},{"@type":"ListItem","position":2,"name":"Ouagadougou\/Burkina : La Brigade de la police de l&rsquo;hygi\u00e8ne renforce la sensibilisation dans les gares routi\u00e8res"}]},{"@type":"WebSite","@id":"https:\/\/voxsahel.com\/#website","url":"https:\/\/voxsahel.com\/","name":"Vox Sahel","description":"Informez-vous sur le Sahel en un clic","publisher":{"@id":"https:\/\/voxsahel.com\/#organization"},"potentialAction":[{"@type":"SearchAction","target":{"@type":"EntryPoint","urlTemplate":"https:\/\/voxsahel.com\/?s={search_term_string}"},"query-input":{"@type":"PropertyValueSpecification","valueRequired":true,"valueName":"search_term_string"}}],"inLanguage":"fr-FR"},{"@type":"Organization","@id":"https:\/\/voxsahel.com\/#organization","name":"Vox Sahel","url":"https:\/\/voxsahel.com\/","logo":{"@type":"ImageObject","inLanguage":"fr-FR","@id":"https:\/\/voxsahel.com\/#\/schema\/logo\/image\/","url":"https:\/\/voxsahel.com\/wp-content\/uploads\/2024\/09\/Logo-Vox-Sahel.jpg","contentUrl":"https:\/\/voxsahel.com\/wp-content\/uploads\/2024\/09\/Logo-Vox-Sahel.jpg","width":1181,"height":848,"caption":"Vox Sahel"},"image":{"@id":"https:\/\/voxsahel.com\/#\/schema\/logo\/image\/"},"sameAs":["https:\/\/www.facebook.com\/journal.voxsahel"]},{"@type":"Person","@id":"https:\/\/voxsahel.com\/#\/schema\/person\/b4043608248f8fa227cd760e7ff1e19e","name":"Vox Sahel","image":{"@type":"ImageObject","inLanguage":"fr-FR","@id":"https:\/\/secure.gravatar.com\/avatar\/f70e7fa0cb9b29d4a7c5788d6eb2e9ab4d3135cbae1c9161810fdf77a8964699?s=96&d=mm&r=g","url":"https:\/\/secure.gravatar.com\/avatar\/f70e7fa0cb9b29d4a7c5788d6eb2e9ab4d3135cbae1c9161810fdf77a8964699?s=96&d=mm&r=g","contentUrl":"https:\/\/secure.gravatar.com\/avatar\/f70e7fa0cb9b29d4a7c5788d6eb2e9ab4d3135cbae1c9161810fdf77a8964699?s=96&d=mm&r=g","caption":"Vox Sahel"},"sameAs":["http:\/\/www.voxsahel.com"],"url":"https:\/\/voxsahel.com\/?author=2"}]}},"_links":{"self":[{"href":"https:\/\/voxsahel.com\/index.php?rest_route=\/wp\/v2\/posts\/369","targetHints":{"allow":["GET"]}}],"collection":[{"href":"https:\/\/voxsahel.com\/index.php?rest_route=\/wp\/v2\/posts"}],"about":[{"href":"https:\/\/voxsahel.com\/index.php?rest_route=\/wp\/v2\/types\/post"}],"author":[{"embeddable":true,"href":"https:\/\/voxsahel.com\/index.php?rest_route=\/wp\/v2\/users\/2"}],"replies":[{"embeddable":true,"href":"https:\/\/voxsahel.com\/index.php?rest_route=%2Fwp%2Fv2%2Fcomments&post=369"}],"version-history":[{"count":1,"href":"https:\/\/voxsahel.com\/index.php?rest_route=\/wp\/v2\/posts\/369\/revisions"}],"predecessor-version":[{"id":371,"href":"https:\/\/voxsahel.com\/index.php?rest_route=\/wp\/v2\/posts\/369\/revisions\/371"}],"wp:featuredmedia":[{"embeddable":true,"href":"https:\/\/voxsahel.com\/index.php?rest_route=\/wp\/v2\/media\/370"}],"wp:attachment":[{"href":"https:\/\/voxsahel.com\/index.php?rest_route=%2Fwp%2Fv2%2Fmedia&parent=369"}],"wp:term":[{"taxonomy":"category","embeddable":true,"href":"https:\/\/voxsahel.com\/index.php?rest_route=%2Fwp%2Fv2%2Fcategories&post=369"},{"taxonomy":"post_tag","embeddable":true,"href":"https:\/\/voxsahel.com\/index.php?rest_route=%2Fwp%2Fv2%2Ftags&post=369"}],"curies":[{"name":"wp","href":"https:\/\/api.w.org\/{rel}","templated":true}]}}