{"id":354,"date":"2024-09-24T22:16:35","date_gmt":"2024-09-24T22:16:35","guid":{"rendered":"https:\/\/voxsahel.com\/?p=354"},"modified":"2024-09-24T22:16:35","modified_gmt":"2024-09-24T22:16:35","slug":"burkina-interdiction-de-limportation-des-fils-de-tissage-et-pagnes-tisses-une-mesure-pour-renforcer-la-filiere-textile-nationale","status":"publish","type":"post","link":"https:\/\/voxsahel.com\/?p=354","title":{"rendered":"Burkina\/Interdiction de l&rsquo;importation des fils de tissage et pagnes tiss\u00e9s : une mesure pour renforcer la fili\u00e8re textile nationale"},"content":{"rendered":"<p class=\"p1\">Dans un souci de promouvoir et de dynamiser la cha\u00eene de valeurs coton-textile-habillement, le gouvernement burkinab\u00e8 vient de prendre une mesure radicale. Dans un communiqu\u00e9 conjoint en date du 24 septembre 2024, \u00e9manant du Minist\u00e8re de l&rsquo;Industrie, du Commerce et de l&rsquo;Artisanat, et du Minist\u00e8re de l&rsquo;\u00c9conomie et des Finances, il a \u00e9t\u00e9 annonc\u00e9 l&rsquo;interdiction de l&rsquo;importation des fils de tissage et des pagnes tiss\u00e9s sur l&rsquo;ensemble du territoire national, \u00e0 compter de la date de signature du communiqu\u00e9, et ce, jusqu&rsquo;\u00e0 nouvel ordre.<\/p>\n<p class=\"p1\"><span class=\"s2\">Cette d\u00e9cision, qui s&rsquo;inscrit dans une volont\u00e9 de soutenir l&rsquo;industrie locale du textile, vise \u00e0 encourager la production nationale et \u00e0 valoriser les mati\u00e8res premi\u00e8res locales, notamment le coton. Le gouvernement entend ainsi renforcer le secteur industriel local et accro\u00eetre la comp\u00e9titivit\u00e9 des produits \u00ab made in \u00a0Burkina \u00bb sur le march\u00e9 int\u00e9rieur comme \u00e0 l\u2019international.<\/span><\/p>\n<p class=\"p3\" style=\"text-align: center;\"><span class=\"s3\"><b>Un d\u00e9lai de trois mois pour les importateurs d\u00e9j\u00e0 autoris\u00e9s<\/b><\/span><\/p>\n<p class=\"p1\"><span class=\"s2\">Les op\u00e9rateurs \u00e9conomiques disposant actuellement d&rsquo;autorisations d&rsquo;importation encore valides b\u00e9n\u00e9ficieront d&rsquo;un d\u00e9lai de trois mois \u00e0 compter de la date de signature du communiqu\u00e9 pour finaliser leurs transactions. Pass\u00e9 ce d\u00e9lai, ces autorisations deviendront caduques, pr\u00e9cise le communiqu\u00e9.<\/span><\/p>\n<p class=\"p1\"><span class=\"s2\">Par ailleurs, les importateurs qui d\u00e9tiennent encore des stocks de fils de tissage et de pagnes tiss\u00e9s sont appel\u00e9s \u00e0 faire une d\u00e9claration officielle aupr\u00e8s de la Brigade Mobile de Contr\u00f4le \u00c9conomique et de la R\u00e9pression des Fraudes (BMCRF) ou aupr\u00e8s des directions r\u00e9gionales du Minist\u00e8re en charge du Commerce.<\/span><\/p>\n<p class=\"p3\" style=\"text-align: center;\"><span class=\"s3\"><b>Des sanctions pr\u00e9vues pour les contrevenants<\/b><\/span><\/p>\n<p class=\"p1\"><span class=\"s2\">Le gouvernement se veut strict sur l&rsquo;application de cette mesure. Toute infraction \u00e0 l&rsquo;interdiction s&rsquo;exposera \u00e0 des sanctions s\u00e9v\u00e8res, conform\u00e9ment \u00e0 la r\u00e9glementation en vigueur. Les autorit\u00e9s comptent sur la coop\u00e9ration des services techniques de l&rsquo;\u00c9tat et des importateurs pour la bonne mise en \u0153uvre de cette d\u00e9cision.<\/span><\/p>\n<p class=\"p1\"><span class=\"s2\">Enfin, le communiqu\u00e9 invite toute personne constatant un non-respect de cette interdiction \u00e0 d\u00e9noncer les contrevenants aux num\u00e9ros verts mis en place : 80 00 11 84 \/ 85\/ 86.<\/span><\/p>\n<p class=\"p1\" style=\"text-align: left;\"><span class=\"s2\">Cette mesure traduit l\u2019ambition des autorit\u00e9s de promouvoir une industrie textile forte et comp\u00e9titive, contribuant ainsi \u00e0 la cr\u00e9ation d&#8217;emplois locaux et \u00e0 la valorisation du coton, produit phare de l\u2019\u00e9conomie nationale. Les op\u00e9rateurs \u00e9conomiques devront d\u00e9sormais adapter leurs pratiques en cons\u00e9quence, tandis que les consommateurs pourront s&rsquo;attendre \u00e0 voir davantage de produits locaux sur le march\u00e9.<br \/>\n<strong>Par Vox Sahel<\/strong><\/span><\/p>\n","protected":false},"excerpt":{"rendered":"<p>Dans un souci de promouvoir et de dynamiser la cha\u00eene de valeurs coton-textile-habillement, le gouvernement<\/p>\n","protected":false},"author":2,"featured_media":355,"comment_status":"open","ping_status":"open","sticky":false,"template":"","format":"standard","meta":{"_et_pb_use_builder":"","_et_pb_old_content":"","_et_gb_content_width":"","footnotes":""},"categories":[8],"tags":[18,186,206,183,207,199],"class_list":["post-354","post","type-post","status-publish","format-standard","has-post-thumbnail","hentry","category-developpement","tag-burkina-faso","tag-chaine-de-valeur-du-coton","tag-cotexa-sa","tag-coton","tag-filsah","tag-sofitex"],"yoast_head":"<!-- This site is optimized with the Yoast SEO plugin v27.5 - https:\/\/yoast.com\/product\/yoast-seo-wordpress\/ -->\n<title>Burkina\/Interdiction de l&#039;importation des fils de tissage et pagnes tiss\u00e9s : une mesure pour renforcer la fili\u00e8re textile nationale - Vox Sahel<\/title>\n<meta name=\"robots\" content=\"index, follow, max-snippet:-1, max-image-preview:large, max-video-preview:-1\" \/>\n<link rel=\"canonical\" href=\"https:\/\/voxsahel.com\/?p=354\" \/>\n<meta property=\"og:locale\" content=\"fr_FR\" \/>\n<meta property=\"og:type\" content=\"article\" \/>\n<meta property=\"og:title\" content=\"Burkina\/Interdiction de l&#039;importation des fils de tissage et pagnes tiss\u00e9s : une mesure pour renforcer la fili\u00e8re textile nationale - Vox Sahel\" \/>\n<meta property=\"og:description\" content=\"Dans un souci de promouvoir et de dynamiser la cha\u00eene de valeurs coton-textile-habillement, le gouvernement\" \/>\n<meta property=\"og:url\" content=\"https:\/\/voxsahel.com\/?p=354\" \/>\n<meta property=\"og:site_name\" content=\"Vox Sahel\" \/>\n<meta property=\"article:publisher\" content=\"https:\/\/www.facebook.com\/journal.voxsahel\" \/>\n<meta property=\"article:published_time\" content=\"2024-09-24T22:16:35+00:00\" \/>\n<meta property=\"og:image\" content=\"https:\/\/voxsahel.com\/wp-content\/uploads\/2024\/09\/IMG_1243.jpeg\" \/>\n\t<meta property=\"og:image:width\" content=\"2048\" \/>\n\t<meta property=\"og:image:height\" content=\"1536\" \/>\n\t<meta property=\"og:image:type\" content=\"image\/jpeg\" \/>\n<meta name=\"author\" content=\"Vox Sahel\" \/>\n<meta name=\"twitter:card\" content=\"summary_large_image\" \/>\n<meta name=\"twitter:label1\" content=\"\u00c9crit par\" \/>\n\t<meta name=\"twitter:data1\" content=\"Vox Sahel\" \/>\n\t<meta name=\"twitter:label2\" content=\"Dur\u00e9e de lecture estim\u00e9e\" \/>\n\t<meta name=\"twitter:data2\" content=\"3 minutes\" \/>\n<script type=\"application\/ld+json\" class=\"yoast-schema-graph\">{\"@context\":\"https:\\\/\\\/schema.org\",\"@graph\":[{\"@type\":\"Article\",\"@id\":\"https:\\\/\\\/voxsahel.com\\\/?p=354#article\",\"isPartOf\":{\"@id\":\"https:\\\/\\\/voxsahel.com\\\/?p=354\"},\"author\":{\"name\":\"Vox Sahel\",\"@id\":\"https:\\\/\\\/voxsahel.com\\\/#\\\/schema\\\/person\\\/b4043608248f8fa227cd760e7ff1e19e\"},\"headline\":\"Burkina\\\/Interdiction de l&rsquo;importation des fils de tissage et pagnes tiss\u00e9s : une mesure pour renforcer la fili\u00e8re textile nationale\",\"datePublished\":\"2024-09-24T22:16:35+00:00\",\"mainEntityOfPage\":{\"@id\":\"https:\\\/\\\/voxsahel.com\\\/?p=354\"},\"wordCount\":444,\"commentCount\":0,\"publisher\":{\"@id\":\"https:\\\/\\\/voxsahel.com\\\/#organization\"},\"image\":{\"@id\":\"https:\\\/\\\/voxsahel.com\\\/?p=354#primaryimage\"},\"thumbnailUrl\":\"https:\\\/\\\/voxsahel.com\\\/wp-content\\\/uploads\\\/2024\\\/09\\\/IMG_1243.jpeg\",\"keywords\":[\"Burkina Faso\",\"cha\u00eene de valeur du coton\",\"Cotexa Sa\",\"Coton\",\"Filsah\",\"SOFITEX\"],\"articleSection\":[\"DEVELOPPEMENT\"],\"inLanguage\":\"fr-FR\",\"potentialAction\":[{\"@type\":\"CommentAction\",\"name\":\"Comment\",\"target\":[\"https:\\\/\\\/voxsahel.com\\\/?p=354#respond\"]}]},{\"@type\":\"WebPage\",\"@id\":\"https:\\\/\\\/voxsahel.com\\\/?p=354\",\"url\":\"https:\\\/\\\/voxsahel.com\\\/?p=354\",\"name\":\"Burkina\\\/Interdiction de l'importation des fils de tissage et pagnes tiss\u00e9s : une mesure pour renforcer la fili\u00e8re textile nationale - Vox Sahel\",\"isPartOf\":{\"@id\":\"https:\\\/\\\/voxsahel.com\\\/#website\"},\"primaryImageOfPage\":{\"@id\":\"https:\\\/\\\/voxsahel.com\\\/?p=354#primaryimage\"},\"image\":{\"@id\":\"https:\\\/\\\/voxsahel.com\\\/?p=354#primaryimage\"},\"thumbnailUrl\":\"https:\\\/\\\/voxsahel.com\\\/wp-content\\\/uploads\\\/2024\\\/09\\\/IMG_1243.jpeg\",\"datePublished\":\"2024-09-24T22:16:35+00:00\",\"breadcrumb\":{\"@id\":\"https:\\\/\\\/voxsahel.com\\\/?p=354#breadcrumb\"},\"inLanguage\":\"fr-FR\",\"potentialAction\":[{\"@type\":\"ReadAction\",\"target\":[\"https:\\\/\\\/voxsahel.com\\\/?p=354\"]}]},{\"@type\":\"ImageObject\",\"inLanguage\":\"fr-FR\",\"@id\":\"https:\\\/\\\/voxsahel.com\\\/?p=354#primaryimage\",\"url\":\"https:\\\/\\\/voxsahel.com\\\/wp-content\\\/uploads\\\/2024\\\/09\\\/IMG_1243.jpeg\",\"contentUrl\":\"https:\\\/\\\/voxsahel.com\\\/wp-content\\\/uploads\\\/2024\\\/09\\\/IMG_1243.jpeg\",\"width\":2048,\"height\":1536},{\"@type\":\"BreadcrumbList\",\"@id\":\"https:\\\/\\\/voxsahel.com\\\/?p=354#breadcrumb\",\"itemListElement\":[{\"@type\":\"ListItem\",\"position\":1,\"name\":\"Home\",\"item\":\"https:\\\/\\\/voxsahel.com\\\/\"},{\"@type\":\"ListItem\",\"position\":2,\"name\":\"Burkina\\\/Interdiction de l&rsquo;importation des fils de tissage et pagnes tiss\u00e9s : une mesure pour renforcer la fili\u00e8re textile nationale\"}]},{\"@type\":\"WebSite\",\"@id\":\"https:\\\/\\\/voxsahel.com\\\/#website\",\"url\":\"https:\\\/\\\/voxsahel.com\\\/\",\"name\":\"Vox Sahel\",\"description\":\"Informez-vous sur le Sahel en un clic\",\"publisher\":{\"@id\":\"https:\\\/\\\/voxsahel.com\\\/#organization\"},\"potentialAction\":[{\"@type\":\"SearchAction\",\"target\":{\"@type\":\"EntryPoint\",\"urlTemplate\":\"https:\\\/\\\/voxsahel.com\\\/?s={search_term_string}\"},\"query-input\":{\"@type\":\"PropertyValueSpecification\",\"valueRequired\":true,\"valueName\":\"search_term_string\"}}],\"inLanguage\":\"fr-FR\"},{\"@type\":\"Organization\",\"@id\":\"https:\\\/\\\/voxsahel.com\\\/#organization\",\"name\":\"Vox Sahel\",\"url\":\"https:\\\/\\\/voxsahel.com\\\/\",\"logo\":{\"@type\":\"ImageObject\",\"inLanguage\":\"fr-FR\",\"@id\":\"https:\\\/\\\/voxsahel.com\\\/#\\\/schema\\\/logo\\\/image\\\/\",\"url\":\"https:\\\/\\\/voxsahel.com\\\/wp-content\\\/uploads\\\/2024\\\/09\\\/Logo-Vox-Sahel.jpg\",\"contentUrl\":\"https:\\\/\\\/voxsahel.com\\\/wp-content\\\/uploads\\\/2024\\\/09\\\/Logo-Vox-Sahel.jpg\",\"width\":1181,\"height\":848,\"caption\":\"Vox Sahel\"},\"image\":{\"@id\":\"https:\\\/\\\/voxsahel.com\\\/#\\\/schema\\\/logo\\\/image\\\/\"},\"sameAs\":[\"https:\\\/\\\/www.facebook.com\\\/journal.voxsahel\"]},{\"@type\":\"Person\",\"@id\":\"https:\\\/\\\/voxsahel.com\\\/#\\\/schema\\\/person\\\/b4043608248f8fa227cd760e7ff1e19e\",\"name\":\"Vox Sahel\",\"image\":{\"@type\":\"ImageObject\",\"inLanguage\":\"fr-FR\",\"@id\":\"https:\\\/\\\/secure.gravatar.com\\\/avatar\\\/f70e7fa0cb9b29d4a7c5788d6eb2e9ab4d3135cbae1c9161810fdf77a8964699?s=96&d=mm&r=g\",\"url\":\"https:\\\/\\\/secure.gravatar.com\\\/avatar\\\/f70e7fa0cb9b29d4a7c5788d6eb2e9ab4d3135cbae1c9161810fdf77a8964699?s=96&d=mm&r=g\",\"contentUrl\":\"https:\\\/\\\/secure.gravatar.com\\\/avatar\\\/f70e7fa0cb9b29d4a7c5788d6eb2e9ab4d3135cbae1c9161810fdf77a8964699?s=96&d=mm&r=g\",\"caption\":\"Vox Sahel\"},\"sameAs\":[\"http:\\\/\\\/www.voxsahel.com\"],\"url\":\"https:\\\/\\\/voxsahel.com\\\/?author=2\"}]}<\/script>\n<!-- \/ Yoast SEO plugin. -->","yoast_head_json":{"title":"Burkina\/Interdiction de l'importation des fils de tissage et pagnes tiss\u00e9s : une mesure pour renforcer la fili\u00e8re textile nationale - Vox Sahel","robots":{"index":"index","follow":"follow","max-snippet":"max-snippet:-1","max-image-preview":"max-image-preview:large","max-video-preview":"max-video-preview:-1"},"canonical":"https:\/\/voxsahel.com\/?p=354","og_locale":"fr_FR","og_type":"article","og_title":"Burkina\/Interdiction de l'importation des fils de tissage et pagnes tiss\u00e9s : une mesure pour renforcer la fili\u00e8re textile nationale - Vox Sahel","og_description":"Dans un souci de promouvoir et de dynamiser la cha\u00eene de valeurs coton-textile-habillement, le gouvernement","og_url":"https:\/\/voxsahel.com\/?p=354","og_site_name":"Vox Sahel","article_publisher":"https:\/\/www.facebook.com\/journal.voxsahel","article_published_time":"2024-09-24T22:16:35+00:00","og_image":[{"width":2048,"height":1536,"url":"https:\/\/voxsahel.com\/wp-content\/uploads\/2024\/09\/IMG_1243.jpeg","type":"image\/jpeg"}],"author":"Vox Sahel","twitter_card":"summary_large_image","twitter_misc":{"\u00c9crit par":"Vox Sahel","Dur\u00e9e de lecture estim\u00e9e":"3 minutes"},"schema":{"@context":"https:\/\/schema.org","@graph":[{"@type":"Article","@id":"https:\/\/voxsahel.com\/?p=354#article","isPartOf":{"@id":"https:\/\/voxsahel.com\/?p=354"},"author":{"name":"Vox Sahel","@id":"https:\/\/voxsahel.com\/#\/schema\/person\/b4043608248f8fa227cd760e7ff1e19e"},"headline":"Burkina\/Interdiction de l&rsquo;importation des fils de tissage et pagnes tiss\u00e9s : une mesure pour renforcer la fili\u00e8re textile nationale","datePublished":"2024-09-24T22:16:35+00:00","mainEntityOfPage":{"@id":"https:\/\/voxsahel.com\/?p=354"},"wordCount":444,"commentCount":0,"publisher":{"@id":"https:\/\/voxsahel.com\/#organization"},"image":{"@id":"https:\/\/voxsahel.com\/?p=354#primaryimage"},"thumbnailUrl":"https:\/\/voxsahel.com\/wp-content\/uploads\/2024\/09\/IMG_1243.jpeg","keywords":["Burkina Faso","cha\u00eene de valeur du coton","Cotexa Sa","Coton","Filsah","SOFITEX"],"articleSection":["DEVELOPPEMENT"],"inLanguage":"fr-FR","potentialAction":[{"@type":"CommentAction","name":"Comment","target":["https:\/\/voxsahel.com\/?p=354#respond"]}]},{"@type":"WebPage","@id":"https:\/\/voxsahel.com\/?p=354","url":"https:\/\/voxsahel.com\/?p=354","name":"Burkina\/Interdiction de l'importation des fils de tissage et pagnes tiss\u00e9s : une mesure pour renforcer la fili\u00e8re textile nationale - Vox Sahel","isPartOf":{"@id":"https:\/\/voxsahel.com\/#website"},"primaryImageOfPage":{"@id":"https:\/\/voxsahel.com\/?p=354#primaryimage"},"image":{"@id":"https:\/\/voxsahel.com\/?p=354#primaryimage"},"thumbnailUrl":"https:\/\/voxsahel.com\/wp-content\/uploads\/2024\/09\/IMG_1243.jpeg","datePublished":"2024-09-24T22:16:35+00:00","breadcrumb":{"@id":"https:\/\/voxsahel.com\/?p=354#breadcrumb"},"inLanguage":"fr-FR","potentialAction":[{"@type":"ReadAction","target":["https:\/\/voxsahel.com\/?p=354"]}]},{"@type":"ImageObject","inLanguage":"fr-FR","@id":"https:\/\/voxsahel.com\/?p=354#primaryimage","url":"https:\/\/voxsahel.com\/wp-content\/uploads\/2024\/09\/IMG_1243.jpeg","contentUrl":"https:\/\/voxsahel.com\/wp-content\/uploads\/2024\/09\/IMG_1243.jpeg","width":2048,"height":1536},{"@type":"BreadcrumbList","@id":"https:\/\/voxsahel.com\/?p=354#breadcrumb","itemListElement":[{"@type":"ListItem","position":1,"name":"Home","item":"https:\/\/voxsahel.com\/"},{"@type":"ListItem","position":2,"name":"Burkina\/Interdiction de l&rsquo;importation des fils de tissage et pagnes tiss\u00e9s : une mesure pour renforcer la fili\u00e8re textile nationale"}]},{"@type":"WebSite","@id":"https:\/\/voxsahel.com\/#website","url":"https:\/\/voxsahel.com\/","name":"Vox Sahel","description":"Informez-vous sur le Sahel en un clic","publisher":{"@id":"https:\/\/voxsahel.com\/#organization"},"potentialAction":[{"@type":"SearchAction","target":{"@type":"EntryPoint","urlTemplate":"https:\/\/voxsahel.com\/?s={search_term_string}"},"query-input":{"@type":"PropertyValueSpecification","valueRequired":true,"valueName":"search_term_string"}}],"inLanguage":"fr-FR"},{"@type":"Organization","@id":"https:\/\/voxsahel.com\/#organization","name":"Vox Sahel","url":"https:\/\/voxsahel.com\/","logo":{"@type":"ImageObject","inLanguage":"fr-FR","@id":"https:\/\/voxsahel.com\/#\/schema\/logo\/image\/","url":"https:\/\/voxsahel.com\/wp-content\/uploads\/2024\/09\/Logo-Vox-Sahel.jpg","contentUrl":"https:\/\/voxsahel.com\/wp-content\/uploads\/2024\/09\/Logo-Vox-Sahel.jpg","width":1181,"height":848,"caption":"Vox Sahel"},"image":{"@id":"https:\/\/voxsahel.com\/#\/schema\/logo\/image\/"},"sameAs":["https:\/\/www.facebook.com\/journal.voxsahel"]},{"@type":"Person","@id":"https:\/\/voxsahel.com\/#\/schema\/person\/b4043608248f8fa227cd760e7ff1e19e","name":"Vox Sahel","image":{"@type":"ImageObject","inLanguage":"fr-FR","@id":"https:\/\/secure.gravatar.com\/avatar\/f70e7fa0cb9b29d4a7c5788d6eb2e9ab4d3135cbae1c9161810fdf77a8964699?s=96&d=mm&r=g","url":"https:\/\/secure.gravatar.com\/avatar\/f70e7fa0cb9b29d4a7c5788d6eb2e9ab4d3135cbae1c9161810fdf77a8964699?s=96&d=mm&r=g","contentUrl":"https:\/\/secure.gravatar.com\/avatar\/f70e7fa0cb9b29d4a7c5788d6eb2e9ab4d3135cbae1c9161810fdf77a8964699?s=96&d=mm&r=g","caption":"Vox Sahel"},"sameAs":["http:\/\/www.voxsahel.com"],"url":"https:\/\/voxsahel.com\/?author=2"}]}},"_links":{"self":[{"href":"https:\/\/voxsahel.com\/index.php?rest_route=\/wp\/v2\/posts\/354","targetHints":{"allow":["GET"]}}],"collection":[{"href":"https:\/\/voxsahel.com\/index.php?rest_route=\/wp\/v2\/posts"}],"about":[{"href":"https:\/\/voxsahel.com\/index.php?rest_route=\/wp\/v2\/types\/post"}],"author":[{"embeddable":true,"href":"https:\/\/voxsahel.com\/index.php?rest_route=\/wp\/v2\/users\/2"}],"replies":[{"embeddable":true,"href":"https:\/\/voxsahel.com\/index.php?rest_route=%2Fwp%2Fv2%2Fcomments&post=354"}],"version-history":[{"count":1,"href":"https:\/\/voxsahel.com\/index.php?rest_route=\/wp\/v2\/posts\/354\/revisions"}],"predecessor-version":[{"id":356,"href":"https:\/\/voxsahel.com\/index.php?rest_route=\/wp\/v2\/posts\/354\/revisions\/356"}],"wp:featuredmedia":[{"embeddable":true,"href":"https:\/\/voxsahel.com\/index.php?rest_route=\/wp\/v2\/media\/355"}],"wp:attachment":[{"href":"https:\/\/voxsahel.com\/index.php?rest_route=%2Fwp%2Fv2%2Fmedia&parent=354"}],"wp:term":[{"taxonomy":"category","embeddable":true,"href":"https:\/\/voxsahel.com\/index.php?rest_route=%2Fwp%2Fv2%2Fcategories&post=354"},{"taxonomy":"post_tag","embeddable":true,"href":"https:\/\/voxsahel.com\/index.php?rest_route=%2Fwp%2Fv2%2Ftags&post=354"}],"curies":[{"name":"wp","href":"https:\/\/api.w.org\/{rel}","templated":true}]}}