{"id":3500,"date":"2026-05-01T10:33:56","date_gmt":"2026-05-01T10:33:56","guid":{"rendered":"https:\/\/voxsahel.com\/?p=3500"},"modified":"2026-05-01T10:33:56","modified_gmt":"2026-05-01T10:33:56","slug":"athletisme-burkina-les-athletes-du-kadiogo-retrouvent-le-tartan-du-stade-du-4-aout","status":"publish","type":"post","link":"https:\/\/voxsahel.com\/?p=3500","title":{"rendered":"Athl\u00e9tisme\/Burkina : les athl\u00e8tes du Kadiogo retrouvent le tartan du Stade du 4-Ao\u00fbt"},"content":{"rendered":"<p class=\"p1\">Les athl\u00e8tes de la ligue du Kadiogo s\u2019entra\u00eenent d\u00e9sormais sur le tartan du Stade du 4-Ao\u00fbt. Depuis la r\u00e9ouverture de l\u2019infrastructure sportive l\u2019ann\u00e9e derni\u00e8re, les pratiquants de l\u2019athl\u00e9tisme b\u00e9n\u00e9ficient enfin d\u2019un cadre moderne et adapt\u00e9 \u00e0 leurs ambitions.<\/p>\n<p class=\"p2\"><span class=\"s2\">Cette avanc\u00e9e est le fruit des d\u00e9marches entreprises par les responsables de la ligue, sous la pr\u00e9sidence de Th\u00e9odore Kafando et avec l\u2019implication du premier vice-pr\u00e9sident Bertrand Zoungrana. Le directeur technique de la ligue, Relewende Lassan\u00e9 Zongo, a notamment conduit les \u00e9changes aupr\u00e8s des autorit\u00e9s afin d\u2019obtenir l\u2019acc\u00e8s au stade pour les athl\u00e8tes.<\/span><\/p>\n<p class=\"p2\"><span class=\"s2\">Prenant la parole, le directeur technique a salu\u00e9 l\u2019accompagnement des autorit\u00e9s et des diff\u00e9rents acteurs ayant facilit\u00e9 cette int\u00e9gration au Stade du 4-Ao\u00fbt.<\/span><\/p>\n<p class=\"p2\"><span class=\"s2\">\u00ab Avant tout propos, je tiens \u00e0 remercier les plus hautes autorit\u00e9s qui nous ont permis d\u2019avoir un stade de qualit\u00e9. Je prends la parole au nom du pr\u00e9sident de la ligue pour remercier l\u2019ensemble des acteurs qui nous ont facilit\u00e9 l\u2019acc\u00e8s au stade. Les athl\u00e8tes s\u2019entra\u00eenent d\u00e9sormais dans de meilleures infrastructures, ce qui leur permettra de progresser davantage sur le plan national et international \u00bb, a d\u00e9clar\u00e9 Relewende Lassan\u00e9 Zongo.<\/span><\/p>\n<p class=\"p2\"><span class=\"s2\">Il a \u00e9galement pr\u00e9cis\u00e9 les modalit\u00e9s d\u2019acc\u00e8s au stade. Les s\u00e9ances d\u2019entra\u00eenement se d\u00e9roulent deux fois par semaine, les mardis et jeudis, de 14h \u00e0 18h.<\/span><\/p>\n<p class=\"p2\"><span class=\"s2\">\u00ab Cela nous permettra de renforcer nos capacit\u00e9s malgr\u00e9 un temps r\u00e9duit, mais nous sommes tr\u00e8s fiers d\u2019y \u00eatre arriv\u00e9s \u00bb, a-t-il ajout\u00e9.<\/span><\/p>\n<p class=\"p2\"><span class=\"s2\">L\u2019acc\u00e8s au stade est encadr\u00e9 par la structure BYM (Burkina Yin-Wisgr Meta), charg\u00e9e de l\u2019entretien des installations. Des consignes strictes ont \u00e9t\u00e9 \u00e9tablies afin de pr\u00e9server la qualit\u00e9 du tartan et des infrastructures.<\/span><\/p>\n<p class=\"p2\"><span class=\"s2\">Du c\u00f4t\u00e9 des athl\u00e8tes, cette r\u00e9ouverture repr\u00e9sente une source de motivation et d\u2019espoir. Aristide Nikiema, sprinter du club MAC (Moving Athletic Center), salue l\u2019am\u00e9lioration des conditions de pr\u00e9paration.<\/span><\/p>\n<p class=\"p2\"><span class=\"s2\">\u00ab Nous remercions la ligue de nous permettre de revenir nous entra\u00eener au stade apr\u00e8s plusieurs ann\u00e9es. Avant, nous nous entra\u00eenions dans des conditions peu propices. Avec le tartan et les nouvelles installations, nous allons progresser. Nous sommes conscients des consignes et nous allons les respecter \u00e0 la lettre afin de garder le lieu propre \u00bb, a-t-il confi\u00e9.<\/span><\/p>\n<p class=\"p2\"><span class=\"s2\">\u00c0 travers cette initiative, la ligue du Kadiogo r\u00e9affirme sa volont\u00e9 de promouvoir et de d\u00e9velopper l\u2019athl\u00e9tisme dans la r\u00e9gion, en offrant aux athl\u00e8tes des conditions de travail plus professionnelles et propices \u00e0 la performance.<\/span><\/p>\n","protected":false},"excerpt":{"rendered":"<p>Les athl\u00e8tes de la ligue du Kadiogo s\u2019entra\u00eenent d\u00e9sormais sur le tartan du Stade du<\/p>\n","protected":false},"author":2,"featured_media":3501,"comment_status":"open","ping_status":"open","sticky":false,"template":"","format":"standard","meta":{"_et_pb_use_builder":"","_et_pb_old_content":"","_et_gb_content_width":"","footnotes":""},"categories":[12],"tags":[],"class_list":["post-3500","post","type-post","status-publish","format-standard","has-post-thumbnail","hentry","category-sports"],"yoast_head":"<!-- This site is optimized with the Yoast SEO plugin v27.5 - https:\/\/yoast.com\/product\/yoast-seo-wordpress\/ -->\n<title>Athl\u00e9tisme\/Burkina : les athl\u00e8tes du Kadiogo retrouvent le tartan du Stade du 4-Ao\u00fbt - Vox Sahel<\/title>\n<meta name=\"robots\" content=\"index, follow, max-snippet:-1, max-image-preview:large, max-video-preview:-1\" \/>\n<link rel=\"canonical\" href=\"https:\/\/voxsahel.com\/?p=3500\" \/>\n<meta property=\"og:locale\" content=\"fr_FR\" \/>\n<meta property=\"og:type\" content=\"article\" \/>\n<meta property=\"og:title\" content=\"Athl\u00e9tisme\/Burkina : les athl\u00e8tes du Kadiogo retrouvent le tartan du Stade du 4-Ao\u00fbt - Vox Sahel\" \/>\n<meta property=\"og:description\" content=\"Les athl\u00e8tes de la ligue du Kadiogo s\u2019entra\u00eenent d\u00e9sormais sur le tartan du Stade du\" \/>\n<meta property=\"og:url\" content=\"https:\/\/voxsahel.com\/?p=3500\" \/>\n<meta property=\"og:site_name\" content=\"Vox Sahel\" \/>\n<meta property=\"article:publisher\" content=\"https:\/\/www.facebook.com\/journal.voxsahel\" \/>\n<meta property=\"article:published_time\" content=\"2026-05-01T10:33:56+00:00\" \/>\n<meta property=\"og:image\" content=\"https:\/\/voxsahel.com\/wp-content\/uploads\/2026\/05\/IMG_5781.jpeg\" \/>\n\t<meta property=\"og:image:width\" content=\"2048\" \/>\n\t<meta property=\"og:image:height\" content=\"1536\" \/>\n\t<meta property=\"og:image:type\" content=\"image\/jpeg\" \/>\n<meta name=\"author\" content=\"Vox Sahel\" \/>\n<meta name=\"twitter:card\" content=\"summary_large_image\" \/>\n<meta name=\"twitter:label1\" content=\"\u00c9crit par\" \/>\n\t<meta name=\"twitter:data1\" content=\"Vox Sahel\" \/>\n\t<meta name=\"twitter:label2\" content=\"Dur\u00e9e de lecture estim\u00e9e\" \/>\n\t<meta name=\"twitter:data2\" content=\"3 minutes\" \/>\n<script type=\"application\/ld+json\" class=\"yoast-schema-graph\">{\"@context\":\"https:\\\/\\\/schema.org\",\"@graph\":[{\"@type\":\"Article\",\"@id\":\"https:\\\/\\\/voxsahel.com\\\/?p=3500#article\",\"isPartOf\":{\"@id\":\"https:\\\/\\\/voxsahel.com\\\/?p=3500\"},\"author\":{\"name\":\"Vox Sahel\",\"@id\":\"https:\\\/\\\/voxsahel.com\\\/#\\\/schema\\\/person\\\/b4043608248f8fa227cd760e7ff1e19e\"},\"headline\":\"Athl\u00e9tisme\\\/Burkina : les athl\u00e8tes du Kadiogo retrouvent le tartan du Stade du 4-Ao\u00fbt\",\"datePublished\":\"2026-05-01T10:33:56+00:00\",\"mainEntityOfPage\":{\"@id\":\"https:\\\/\\\/voxsahel.com\\\/?p=3500\"},\"wordCount\":471,\"commentCount\":0,\"publisher\":{\"@id\":\"https:\\\/\\\/voxsahel.com\\\/#organization\"},\"image\":{\"@id\":\"https:\\\/\\\/voxsahel.com\\\/?p=3500#primaryimage\"},\"thumbnailUrl\":\"https:\\\/\\\/voxsahel.com\\\/wp-content\\\/uploads\\\/2026\\\/05\\\/IMG_5781.jpeg\",\"articleSection\":[\"SPORTS\"],\"inLanguage\":\"fr-FR\",\"potentialAction\":[{\"@type\":\"CommentAction\",\"name\":\"Comment\",\"target\":[\"https:\\\/\\\/voxsahel.com\\\/?p=3500#respond\"]}]},{\"@type\":\"WebPage\",\"@id\":\"https:\\\/\\\/voxsahel.com\\\/?p=3500\",\"url\":\"https:\\\/\\\/voxsahel.com\\\/?p=3500\",\"name\":\"Athl\u00e9tisme\\\/Burkina : les athl\u00e8tes du Kadiogo retrouvent le tartan du Stade du 4-Ao\u00fbt - Vox Sahel\",\"isPartOf\":{\"@id\":\"https:\\\/\\\/voxsahel.com\\\/#website\"},\"primaryImageOfPage\":{\"@id\":\"https:\\\/\\\/voxsahel.com\\\/?p=3500#primaryimage\"},\"image\":{\"@id\":\"https:\\\/\\\/voxsahel.com\\\/?p=3500#primaryimage\"},\"thumbnailUrl\":\"https:\\\/\\\/voxsahel.com\\\/wp-content\\\/uploads\\\/2026\\\/05\\\/IMG_5781.jpeg\",\"datePublished\":\"2026-05-01T10:33:56+00:00\",\"breadcrumb\":{\"@id\":\"https:\\\/\\\/voxsahel.com\\\/?p=3500#breadcrumb\"},\"inLanguage\":\"fr-FR\",\"potentialAction\":[{\"@type\":\"ReadAction\",\"target\":[\"https:\\\/\\\/voxsahel.com\\\/?p=3500\"]}]},{\"@type\":\"ImageObject\",\"inLanguage\":\"fr-FR\",\"@id\":\"https:\\\/\\\/voxsahel.com\\\/?p=3500#primaryimage\",\"url\":\"https:\\\/\\\/voxsahel.com\\\/wp-content\\\/uploads\\\/2026\\\/05\\\/IMG_5781.jpeg\",\"contentUrl\":\"https:\\\/\\\/voxsahel.com\\\/wp-content\\\/uploads\\\/2026\\\/05\\\/IMG_5781.jpeg\",\"width\":2048,\"height\":1536},{\"@type\":\"BreadcrumbList\",\"@id\":\"https:\\\/\\\/voxsahel.com\\\/?p=3500#breadcrumb\",\"itemListElement\":[{\"@type\":\"ListItem\",\"position\":1,\"name\":\"Home\",\"item\":\"https:\\\/\\\/voxsahel.com\\\/\"},{\"@type\":\"ListItem\",\"position\":2,\"name\":\"Athl\u00e9tisme\\\/Burkina : les athl\u00e8tes du Kadiogo retrouvent le tartan du Stade du 4-Ao\u00fbt\"}]},{\"@type\":\"WebSite\",\"@id\":\"https:\\\/\\\/voxsahel.com\\\/#website\",\"url\":\"https:\\\/\\\/voxsahel.com\\\/\",\"name\":\"Vox Sahel\",\"description\":\"Informez-vous sur le Sahel en un clic\",\"publisher\":{\"@id\":\"https:\\\/\\\/voxsahel.com\\\/#organization\"},\"potentialAction\":[{\"@type\":\"SearchAction\",\"target\":{\"@type\":\"EntryPoint\",\"urlTemplate\":\"https:\\\/\\\/voxsahel.com\\\/?s={search_term_string}\"},\"query-input\":{\"@type\":\"PropertyValueSpecification\",\"valueRequired\":true,\"valueName\":\"search_term_string\"}}],\"inLanguage\":\"fr-FR\"},{\"@type\":\"Organization\",\"@id\":\"https:\\\/\\\/voxsahel.com\\\/#organization\",\"name\":\"Vox Sahel\",\"url\":\"https:\\\/\\\/voxsahel.com\\\/\",\"logo\":{\"@type\":\"ImageObject\",\"inLanguage\":\"fr-FR\",\"@id\":\"https:\\\/\\\/voxsahel.com\\\/#\\\/schema\\\/logo\\\/image\\\/\",\"url\":\"https:\\\/\\\/voxsahel.com\\\/wp-content\\\/uploads\\\/2024\\\/09\\\/Logo-Vox-Sahel.jpg\",\"contentUrl\":\"https:\\\/\\\/voxsahel.com\\\/wp-content\\\/uploads\\\/2024\\\/09\\\/Logo-Vox-Sahel.jpg\",\"width\":1181,\"height\":848,\"caption\":\"Vox Sahel\"},\"image\":{\"@id\":\"https:\\\/\\\/voxsahel.com\\\/#\\\/schema\\\/logo\\\/image\\\/\"},\"sameAs\":[\"https:\\\/\\\/www.facebook.com\\\/journal.voxsahel\"]},{\"@type\":\"Person\",\"@id\":\"https:\\\/\\\/voxsahel.com\\\/#\\\/schema\\\/person\\\/b4043608248f8fa227cd760e7ff1e19e\",\"name\":\"Vox Sahel\",\"image\":{\"@type\":\"ImageObject\",\"inLanguage\":\"fr-FR\",\"@id\":\"https:\\\/\\\/secure.gravatar.com\\\/avatar\\\/f70e7fa0cb9b29d4a7c5788d6eb2e9ab4d3135cbae1c9161810fdf77a8964699?s=96&d=mm&r=g\",\"url\":\"https:\\\/\\\/secure.gravatar.com\\\/avatar\\\/f70e7fa0cb9b29d4a7c5788d6eb2e9ab4d3135cbae1c9161810fdf77a8964699?s=96&d=mm&r=g\",\"contentUrl\":\"https:\\\/\\\/secure.gravatar.com\\\/avatar\\\/f70e7fa0cb9b29d4a7c5788d6eb2e9ab4d3135cbae1c9161810fdf77a8964699?s=96&d=mm&r=g\",\"caption\":\"Vox Sahel\"},\"sameAs\":[\"http:\\\/\\\/www.voxsahel.com\"],\"url\":\"https:\\\/\\\/voxsahel.com\\\/?author=2\"}]}<\/script>\n<!-- \/ Yoast SEO plugin. -->","yoast_head_json":{"title":"Athl\u00e9tisme\/Burkina : les athl\u00e8tes du Kadiogo retrouvent le tartan du Stade du 4-Ao\u00fbt - Vox Sahel","robots":{"index":"index","follow":"follow","max-snippet":"max-snippet:-1","max-image-preview":"max-image-preview:large","max-video-preview":"max-video-preview:-1"},"canonical":"https:\/\/voxsahel.com\/?p=3500","og_locale":"fr_FR","og_type":"article","og_title":"Athl\u00e9tisme\/Burkina : les athl\u00e8tes du Kadiogo retrouvent le tartan du Stade du 4-Ao\u00fbt - Vox Sahel","og_description":"Les athl\u00e8tes de la ligue du Kadiogo s\u2019entra\u00eenent d\u00e9sormais sur le tartan du Stade du","og_url":"https:\/\/voxsahel.com\/?p=3500","og_site_name":"Vox Sahel","article_publisher":"https:\/\/www.facebook.com\/journal.voxsahel","article_published_time":"2026-05-01T10:33:56+00:00","og_image":[{"width":2048,"height":1536,"url":"https:\/\/voxsahel.com\/wp-content\/uploads\/2026\/05\/IMG_5781.jpeg","type":"image\/jpeg"}],"author":"Vox Sahel","twitter_card":"summary_large_image","twitter_misc":{"\u00c9crit par":"Vox Sahel","Dur\u00e9e de lecture estim\u00e9e":"3 minutes"},"schema":{"@context":"https:\/\/schema.org","@graph":[{"@type":"Article","@id":"https:\/\/voxsahel.com\/?p=3500#article","isPartOf":{"@id":"https:\/\/voxsahel.com\/?p=3500"},"author":{"name":"Vox Sahel","@id":"https:\/\/voxsahel.com\/#\/schema\/person\/b4043608248f8fa227cd760e7ff1e19e"},"headline":"Athl\u00e9tisme\/Burkina : les athl\u00e8tes du Kadiogo retrouvent le tartan du Stade du 4-Ao\u00fbt","datePublished":"2026-05-01T10:33:56+00:00","mainEntityOfPage":{"@id":"https:\/\/voxsahel.com\/?p=3500"},"wordCount":471,"commentCount":0,"publisher":{"@id":"https:\/\/voxsahel.com\/#organization"},"image":{"@id":"https:\/\/voxsahel.com\/?p=3500#primaryimage"},"thumbnailUrl":"https:\/\/voxsahel.com\/wp-content\/uploads\/2026\/05\/IMG_5781.jpeg","articleSection":["SPORTS"],"inLanguage":"fr-FR","potentialAction":[{"@type":"CommentAction","name":"Comment","target":["https:\/\/voxsahel.com\/?p=3500#respond"]}]},{"@type":"WebPage","@id":"https:\/\/voxsahel.com\/?p=3500","url":"https:\/\/voxsahel.com\/?p=3500","name":"Athl\u00e9tisme\/Burkina : les athl\u00e8tes du Kadiogo retrouvent le tartan du Stade du 4-Ao\u00fbt - Vox Sahel","isPartOf":{"@id":"https:\/\/voxsahel.com\/#website"},"primaryImageOfPage":{"@id":"https:\/\/voxsahel.com\/?p=3500#primaryimage"},"image":{"@id":"https:\/\/voxsahel.com\/?p=3500#primaryimage"},"thumbnailUrl":"https:\/\/voxsahel.com\/wp-content\/uploads\/2026\/05\/IMG_5781.jpeg","datePublished":"2026-05-01T10:33:56+00:00","breadcrumb":{"@id":"https:\/\/voxsahel.com\/?p=3500#breadcrumb"},"inLanguage":"fr-FR","potentialAction":[{"@type":"ReadAction","target":["https:\/\/voxsahel.com\/?p=3500"]}]},{"@type":"ImageObject","inLanguage":"fr-FR","@id":"https:\/\/voxsahel.com\/?p=3500#primaryimage","url":"https:\/\/voxsahel.com\/wp-content\/uploads\/2026\/05\/IMG_5781.jpeg","contentUrl":"https:\/\/voxsahel.com\/wp-content\/uploads\/2026\/05\/IMG_5781.jpeg","width":2048,"height":1536},{"@type":"BreadcrumbList","@id":"https:\/\/voxsahel.com\/?p=3500#breadcrumb","itemListElement":[{"@type":"ListItem","position":1,"name":"Home","item":"https:\/\/voxsahel.com\/"},{"@type":"ListItem","position":2,"name":"Athl\u00e9tisme\/Burkina : les athl\u00e8tes du Kadiogo retrouvent le tartan du Stade du 4-Ao\u00fbt"}]},{"@type":"WebSite","@id":"https:\/\/voxsahel.com\/#website","url":"https:\/\/voxsahel.com\/","name":"Vox Sahel","description":"Informez-vous sur le Sahel en un clic","publisher":{"@id":"https:\/\/voxsahel.com\/#organization"},"potentialAction":[{"@type":"SearchAction","target":{"@type":"EntryPoint","urlTemplate":"https:\/\/voxsahel.com\/?s={search_term_string}"},"query-input":{"@type":"PropertyValueSpecification","valueRequired":true,"valueName":"search_term_string"}}],"inLanguage":"fr-FR"},{"@type":"Organization","@id":"https:\/\/voxsahel.com\/#organization","name":"Vox Sahel","url":"https:\/\/voxsahel.com\/","logo":{"@type":"ImageObject","inLanguage":"fr-FR","@id":"https:\/\/voxsahel.com\/#\/schema\/logo\/image\/","url":"https:\/\/voxsahel.com\/wp-content\/uploads\/2024\/09\/Logo-Vox-Sahel.jpg","contentUrl":"https:\/\/voxsahel.com\/wp-content\/uploads\/2024\/09\/Logo-Vox-Sahel.jpg","width":1181,"height":848,"caption":"Vox Sahel"},"image":{"@id":"https:\/\/voxsahel.com\/#\/schema\/logo\/image\/"},"sameAs":["https:\/\/www.facebook.com\/journal.voxsahel"]},{"@type":"Person","@id":"https:\/\/voxsahel.com\/#\/schema\/person\/b4043608248f8fa227cd760e7ff1e19e","name":"Vox Sahel","image":{"@type":"ImageObject","inLanguage":"fr-FR","@id":"https:\/\/secure.gravatar.com\/avatar\/f70e7fa0cb9b29d4a7c5788d6eb2e9ab4d3135cbae1c9161810fdf77a8964699?s=96&d=mm&r=g","url":"https:\/\/secure.gravatar.com\/avatar\/f70e7fa0cb9b29d4a7c5788d6eb2e9ab4d3135cbae1c9161810fdf77a8964699?s=96&d=mm&r=g","contentUrl":"https:\/\/secure.gravatar.com\/avatar\/f70e7fa0cb9b29d4a7c5788d6eb2e9ab4d3135cbae1c9161810fdf77a8964699?s=96&d=mm&r=g","caption":"Vox Sahel"},"sameAs":["http:\/\/www.voxsahel.com"],"url":"https:\/\/voxsahel.com\/?author=2"}]}},"_links":{"self":[{"href":"https:\/\/voxsahel.com\/index.php?rest_route=\/wp\/v2\/posts\/3500","targetHints":{"allow":["GET"]}}],"collection":[{"href":"https:\/\/voxsahel.com\/index.php?rest_route=\/wp\/v2\/posts"}],"about":[{"href":"https:\/\/voxsahel.com\/index.php?rest_route=\/wp\/v2\/types\/post"}],"author":[{"embeddable":true,"href":"https:\/\/voxsahel.com\/index.php?rest_route=\/wp\/v2\/users\/2"}],"replies":[{"embeddable":true,"href":"https:\/\/voxsahel.com\/index.php?rest_route=%2Fwp%2Fv2%2Fcomments&post=3500"}],"version-history":[{"count":1,"href":"https:\/\/voxsahel.com\/index.php?rest_route=\/wp\/v2\/posts\/3500\/revisions"}],"predecessor-version":[{"id":3502,"href":"https:\/\/voxsahel.com\/index.php?rest_route=\/wp\/v2\/posts\/3500\/revisions\/3502"}],"wp:featuredmedia":[{"embeddable":true,"href":"https:\/\/voxsahel.com\/index.php?rest_route=\/wp\/v2\/media\/3501"}],"wp:attachment":[{"href":"https:\/\/voxsahel.com\/index.php?rest_route=%2Fwp%2Fv2%2Fmedia&parent=3500"}],"wp:term":[{"taxonomy":"category","embeddable":true,"href":"https:\/\/voxsahel.com\/index.php?rest_route=%2Fwp%2Fv2%2Fcategories&post=3500"},{"taxonomy":"post_tag","embeddable":true,"href":"https:\/\/voxsahel.com\/index.php?rest_route=%2Fwp%2Fv2%2Ftags&post=3500"}],"curies":[{"name":"wp","href":"https:\/\/api.w.org\/{rel}","templated":true}]}}