{"id":3498,"date":"2026-04-27T08:10:01","date_gmt":"2026-04-27T08:10:01","guid":{"rendered":"https:\/\/voxsahel.com\/?p=3498"},"modified":"2026-04-27T08:11:11","modified_gmt":"2026-04-27T08:11:11","slug":"attaques-terroristes-au-mali-lurgence-dune-strategie-securitaire-plus-anticipative","status":"publish","type":"post","link":"https:\/\/voxsahel.com\/?p=3498","title":{"rendered":"Attaques terroristes au Mali: L\u2019urgence d\u2019une strat\u00e9gie s\u00e9curitaire plus anticipative"},"content":{"rendered":"<p class=\"p1\"><span class=\"s1\">Les r\u00e9centes attaques coordonn\u00e9es \u00e0 Bamako, Kati et dans plusieurs localit\u00e9s du pays relancent une question devenue incontournable : que se passe-t-il r\u00e9ellement au niveau de la strat\u00e9gie s\u00e9curitaire de l\u2019arm\u00e9e malienne ? <\/span><\/p>\n<p class=\"p1\"><span class=\"s1\">Sans c\u00e9der \u00e0 la critique facile ni minimiser l\u2019engagement des Forces arm\u00e9es maliennes, il est difficile d\u2019ignorer la r\u00e9p\u00e9tition de ces offensives, parfois spectaculaires, dont les cons\u00e9quences humaines et mat\u00e9rielles restent lourdes. L\u2019arm\u00e9e a, une fois de plus, r\u00e9agi avec vigueur. <\/span><\/p>\n<p class=\"p1\"><span class=\"s1\">Les communiqu\u00e9s officiels \u00e9voquent une riposte efficace, des assaillants neutralis\u00e9s et une situation sous contr\u00f4le. Mais au-del\u00e0 de la r\u00e9action, c\u2019est la capacit\u00e9 d\u2019anticipation qui interpelle. Comment des groupes arm\u00e9s peuvent-ils encore frapper des cibles aussi sensibles, parfois au c\u0153ur m\u00eame du dispositif s\u00e9curitaire, sans \u00eatre d\u00e9tect\u00e9s en amont ? <\/span><\/p>\n<p class=\"p1\"><span class=\"s1\">La question du renseignement appara\u00eet ici centrale. Dans un contexte de guerre asym\u00e9trique, o\u00f9 l\u2019ennemi privil\u00e9gie la surprise et la mobilit\u00e9, la pr\u00e9cision du renseignement est un levier d\u00e9terminant. Sans une connaissance fine des mouvements, des r\u00e9seaux et des intentions adverses, les forces r\u00e9guli\u00e8res restent condamn\u00e9es \u00e0 r\u00e9agir plut\u00f4t qu\u2019\u00e0 pr\u00e9venir. <\/span><\/p>\n<p class=\"p1\"><span class=\"s1\">Or, chaque attaque r\u00e9ussie fragilise non seulement la s\u00e9curit\u00e9 nationale, mais aussi la confiance des populations. Cette situation d\u00e9passe d\u2019ailleurs le seul cadre national. Le Mali est aujourd\u2019hui un pilier de l\u2019Alliance des Etats du Sahel, dont la cr\u00e9dibilit\u00e9 repose en partie sur la capacit\u00e9 de ses membres \u00e0 contenir la menace s\u00e9curitaire. <\/span><\/p>\n<p class=\"p1\"><span class=\"s1\">Des attaques r\u00e9p\u00e9t\u00e9es dans la capitale ou dans des villes strat\u00e9giques envoient un signal pr\u00e9occupant, tant \u00e0 l\u2019int\u00e9rieur qu\u2019\u00e0 l\u2019ext\u00e9rieur. Il ne s\u2019agit pas de remettre en cause l\u2019engagement des hommes sur le terrain, ni les sacrifices consentis. Mais plut\u00f4t d\u2019inviter \u00e0 une r\u00e9flexion lucide et constructive sur les dispositifs en place. <\/span><\/p>\n<p class=\"p1\"><span class=\"s1\">Faut-il repenser la coordination entre les diff\u00e9rents corps ? Renforcer les capacit\u00e9s de renseignement humain et technologique ? Mieux int\u00e9grer les populations dans les m\u00e9canismes d\u2019alerte pr\u00e9coce ? L\u2019enjeu est clair. Il faut passer d\u2019une logique de r\u00e9action \u00e0 une v\u00e9ritable culture de l\u2019anticipation. Car dans ce type de conflit, la victoire ne se mesure pas seulement \u00e0 la puissance de feu, mais \u00e0 la capacit\u00e9 d\u2019emp\u00eacher l\u2019ennemi d\u2019agir.<\/span><\/p>\n<p class=\"p1\"><span style=\"text-align: right;\">Le Mali est \u00e0 un tournant. Pour pr\u00e9server sa stabilit\u00e9 et renforcer sa position au sein de l\u2019AES, il lui faudra sans doute adapter sa strat\u00e9gie, affiner ses outils et renforcer son intelligence op\u00e9rationnelle. C\u2019est \u00e0 ce prix que les attaques d\u2019aujourd\u2019hui ne deviendront pas la norme de demain.<\/span><\/p>\n<p class=\"p1\" style=\"text-align: right;\"><strong><span class=\"s1\">La R\u00e9daction<\/span><\/strong><\/p>\n","protected":false},"excerpt":{"rendered":"<p>Les r\u00e9centes attaques coordonn\u00e9es \u00e0 Bamako, Kati et dans plusieurs localit\u00e9s du pays relancent une<\/p>\n","protected":false},"author":2,"featured_media":3496,"comment_status":"open","ping_status":"open","sticky":false,"template":"","format":"standard","meta":{"_et_pb_use_builder":"","_et_pb_old_content":"","_et_gb_content_width":"","footnotes":""},"categories":[15],"tags":[124,676,236,31,20],"class_list":["post-3498","post","type-post","status-publish","format-standard","has-post-thumbnail","hentry","category-international","tag-assimi-goita","tag-crise-securitaire","tag-forces-armees-maliennes","tag-mali","tag-terrorisme"],"yoast_head":"<!-- This site is optimized with the Yoast SEO plugin v27.4 - https:\/\/yoast.com\/product\/yoast-seo-wordpress\/ -->\n<title>Attaques terroristes au Mali: L\u2019urgence d\u2019une strat\u00e9gie s\u00e9curitaire plus anticipative - Vox Sahel<\/title>\n<meta name=\"robots\" content=\"index, follow, max-snippet:-1, max-image-preview:large, max-video-preview:-1\" \/>\n<link rel=\"canonical\" href=\"https:\/\/voxsahel.com\/?p=3498\" \/>\n<meta property=\"og:locale\" content=\"fr_FR\" \/>\n<meta property=\"og:type\" content=\"article\" \/>\n<meta property=\"og:title\" content=\"Attaques terroristes au Mali: L\u2019urgence d\u2019une strat\u00e9gie s\u00e9curitaire plus anticipative - Vox Sahel\" \/>\n<meta property=\"og:description\" content=\"Les r\u00e9centes attaques coordonn\u00e9es \u00e0 Bamako, Kati et dans plusieurs localit\u00e9s du pays relancent une\" \/>\n<meta property=\"og:url\" content=\"https:\/\/voxsahel.com\/?p=3498\" \/>\n<meta property=\"og:site_name\" content=\"Vox Sahel\" \/>\n<meta property=\"article:publisher\" content=\"https:\/\/www.facebook.com\/journal.voxsahel\" \/>\n<meta property=\"article:published_time\" content=\"2026-04-27T08:10:01+00:00\" \/>\n<meta property=\"article:modified_time\" content=\"2026-04-27T08:11:11+00:00\" \/>\n<meta property=\"og:image\" content=\"https:\/\/voxsahel.com\/wp-content\/uploads\/2026\/04\/EDITO-VOX-SAHEL.jpeg\" \/>\n\t<meta property=\"og:image:width\" content=\"430\" \/>\n\t<meta property=\"og:image:height\" content=\"305\" \/>\n\t<meta property=\"og:image:type\" content=\"image\/jpeg\" \/>\n<meta name=\"author\" content=\"Vox Sahel\" \/>\n<meta name=\"twitter:card\" content=\"summary_large_image\" \/>\n<meta name=\"twitter:label1\" content=\"\u00c9crit par\" \/>\n\t<meta name=\"twitter:data1\" content=\"Vox Sahel\" \/>\n\t<meta name=\"twitter:label2\" content=\"Dur\u00e9e de lecture estim\u00e9e\" \/>\n\t<meta name=\"twitter:data2\" content=\"3 minutes\" \/>\n<script type=\"application\/ld+json\" class=\"yoast-schema-graph\">{\"@context\":\"https:\\\/\\\/schema.org\",\"@graph\":[{\"@type\":\"Article\",\"@id\":\"https:\\\/\\\/voxsahel.com\\\/?p=3498#article\",\"isPartOf\":{\"@id\":\"https:\\\/\\\/voxsahel.com\\\/?p=3498\"},\"author\":{\"name\":\"Vox Sahel\",\"@id\":\"https:\\\/\\\/voxsahel.com\\\/#\\\/schema\\\/person\\\/b4043608248f8fa227cd760e7ff1e19e\"},\"headline\":\"Attaques terroristes au Mali: L\u2019urgence d\u2019une strat\u00e9gie s\u00e9curitaire plus anticipative\",\"datePublished\":\"2026-04-27T08:10:01+00:00\",\"dateModified\":\"2026-04-27T08:11:11+00:00\",\"mainEntityOfPage\":{\"@id\":\"https:\\\/\\\/voxsahel.com\\\/?p=3498\"},\"wordCount\":486,\"commentCount\":0,\"publisher\":{\"@id\":\"https:\\\/\\\/voxsahel.com\\\/#organization\"},\"image\":{\"@id\":\"https:\\\/\\\/voxsahel.com\\\/?p=3498#primaryimage\"},\"thumbnailUrl\":\"https:\\\/\\\/voxsahel.com\\\/wp-content\\\/uploads\\\/2026\\\/04\\\/EDITO-VOX-SAHEL.jpeg\",\"keywords\":[\"Assimi GO\u00cfTA\",\"Crise s\u00e9curitaire\",\"Forces Arm\u00e9es Maliennes\",\"Mali\",\"Terrorisme\"],\"articleSection\":[\"INTERNATIONAL\"],\"inLanguage\":\"fr-FR\",\"potentialAction\":[{\"@type\":\"CommentAction\",\"name\":\"Comment\",\"target\":[\"https:\\\/\\\/voxsahel.com\\\/?p=3498#respond\"]}]},{\"@type\":\"WebPage\",\"@id\":\"https:\\\/\\\/voxsahel.com\\\/?p=3498\",\"url\":\"https:\\\/\\\/voxsahel.com\\\/?p=3498\",\"name\":\"Attaques terroristes au Mali: L\u2019urgence d\u2019une strat\u00e9gie s\u00e9curitaire plus anticipative - Vox Sahel\",\"isPartOf\":{\"@id\":\"https:\\\/\\\/voxsahel.com\\\/#website\"},\"primaryImageOfPage\":{\"@id\":\"https:\\\/\\\/voxsahel.com\\\/?p=3498#primaryimage\"},\"image\":{\"@id\":\"https:\\\/\\\/voxsahel.com\\\/?p=3498#primaryimage\"},\"thumbnailUrl\":\"https:\\\/\\\/voxsahel.com\\\/wp-content\\\/uploads\\\/2026\\\/04\\\/EDITO-VOX-SAHEL.jpeg\",\"datePublished\":\"2026-04-27T08:10:01+00:00\",\"dateModified\":\"2026-04-27T08:11:11+00:00\",\"breadcrumb\":{\"@id\":\"https:\\\/\\\/voxsahel.com\\\/?p=3498#breadcrumb\"},\"inLanguage\":\"fr-FR\",\"potentialAction\":[{\"@type\":\"ReadAction\",\"target\":[\"https:\\\/\\\/voxsahel.com\\\/?p=3498\"]}]},{\"@type\":\"ImageObject\",\"inLanguage\":\"fr-FR\",\"@id\":\"https:\\\/\\\/voxsahel.com\\\/?p=3498#primaryimage\",\"url\":\"https:\\\/\\\/voxsahel.com\\\/wp-content\\\/uploads\\\/2026\\\/04\\\/EDITO-VOX-SAHEL.jpeg\",\"contentUrl\":\"https:\\\/\\\/voxsahel.com\\\/wp-content\\\/uploads\\\/2026\\\/04\\\/EDITO-VOX-SAHEL.jpeg\",\"width\":430,\"height\":305},{\"@type\":\"BreadcrumbList\",\"@id\":\"https:\\\/\\\/voxsahel.com\\\/?p=3498#breadcrumb\",\"itemListElement\":[{\"@type\":\"ListItem\",\"position\":1,\"name\":\"Home\",\"item\":\"https:\\\/\\\/voxsahel.com\\\/\"},{\"@type\":\"ListItem\",\"position\":2,\"name\":\"Attaques terroristes au Mali: L\u2019urgence d\u2019une strat\u00e9gie s\u00e9curitaire plus anticipative\"}]},{\"@type\":\"WebSite\",\"@id\":\"https:\\\/\\\/voxsahel.com\\\/#website\",\"url\":\"https:\\\/\\\/voxsahel.com\\\/\",\"name\":\"Vox Sahel\",\"description\":\"Informez-vous sur le Sahel en un clic\",\"publisher\":{\"@id\":\"https:\\\/\\\/voxsahel.com\\\/#organization\"},\"potentialAction\":[{\"@type\":\"SearchAction\",\"target\":{\"@type\":\"EntryPoint\",\"urlTemplate\":\"https:\\\/\\\/voxsahel.com\\\/?s={search_term_string}\"},\"query-input\":{\"@type\":\"PropertyValueSpecification\",\"valueRequired\":true,\"valueName\":\"search_term_string\"}}],\"inLanguage\":\"fr-FR\"},{\"@type\":\"Organization\",\"@id\":\"https:\\\/\\\/voxsahel.com\\\/#organization\",\"name\":\"Vox Sahel\",\"url\":\"https:\\\/\\\/voxsahel.com\\\/\",\"logo\":{\"@type\":\"ImageObject\",\"inLanguage\":\"fr-FR\",\"@id\":\"https:\\\/\\\/voxsahel.com\\\/#\\\/schema\\\/logo\\\/image\\\/\",\"url\":\"https:\\\/\\\/voxsahel.com\\\/wp-content\\\/uploads\\\/2024\\\/09\\\/Logo-Vox-Sahel.jpg\",\"contentUrl\":\"https:\\\/\\\/voxsahel.com\\\/wp-content\\\/uploads\\\/2024\\\/09\\\/Logo-Vox-Sahel.jpg\",\"width\":1181,\"height\":848,\"caption\":\"Vox Sahel\"},\"image\":{\"@id\":\"https:\\\/\\\/voxsahel.com\\\/#\\\/schema\\\/logo\\\/image\\\/\"},\"sameAs\":[\"https:\\\/\\\/www.facebook.com\\\/journal.voxsahel\"]},{\"@type\":\"Person\",\"@id\":\"https:\\\/\\\/voxsahel.com\\\/#\\\/schema\\\/person\\\/b4043608248f8fa227cd760e7ff1e19e\",\"name\":\"Vox Sahel\",\"image\":{\"@type\":\"ImageObject\",\"inLanguage\":\"fr-FR\",\"@id\":\"https:\\\/\\\/secure.gravatar.com\\\/avatar\\\/f70e7fa0cb9b29d4a7c5788d6eb2e9ab4d3135cbae1c9161810fdf77a8964699?s=96&d=mm&r=g\",\"url\":\"https:\\\/\\\/secure.gravatar.com\\\/avatar\\\/f70e7fa0cb9b29d4a7c5788d6eb2e9ab4d3135cbae1c9161810fdf77a8964699?s=96&d=mm&r=g\",\"contentUrl\":\"https:\\\/\\\/secure.gravatar.com\\\/avatar\\\/f70e7fa0cb9b29d4a7c5788d6eb2e9ab4d3135cbae1c9161810fdf77a8964699?s=96&d=mm&r=g\",\"caption\":\"Vox Sahel\"},\"sameAs\":[\"http:\\\/\\\/www.voxsahel.com\"],\"url\":\"https:\\\/\\\/voxsahel.com\\\/?author=2\"}]}<\/script>\n<!-- \/ Yoast SEO plugin. -->","yoast_head_json":{"title":"Attaques terroristes au Mali: L\u2019urgence d\u2019une strat\u00e9gie s\u00e9curitaire plus anticipative - Vox Sahel","robots":{"index":"index","follow":"follow","max-snippet":"max-snippet:-1","max-image-preview":"max-image-preview:large","max-video-preview":"max-video-preview:-1"},"canonical":"https:\/\/voxsahel.com\/?p=3498","og_locale":"fr_FR","og_type":"article","og_title":"Attaques terroristes au Mali: L\u2019urgence d\u2019une strat\u00e9gie s\u00e9curitaire plus anticipative - Vox Sahel","og_description":"Les r\u00e9centes attaques coordonn\u00e9es \u00e0 Bamako, Kati et dans plusieurs localit\u00e9s du pays relancent une","og_url":"https:\/\/voxsahel.com\/?p=3498","og_site_name":"Vox Sahel","article_publisher":"https:\/\/www.facebook.com\/journal.voxsahel","article_published_time":"2026-04-27T08:10:01+00:00","article_modified_time":"2026-04-27T08:11:11+00:00","og_image":[{"width":430,"height":305,"url":"https:\/\/voxsahel.com\/wp-content\/uploads\/2026\/04\/EDITO-VOX-SAHEL.jpeg","type":"image\/jpeg"}],"author":"Vox Sahel","twitter_card":"summary_large_image","twitter_misc":{"\u00c9crit par":"Vox Sahel","Dur\u00e9e de lecture estim\u00e9e":"3 minutes"},"schema":{"@context":"https:\/\/schema.org","@graph":[{"@type":"Article","@id":"https:\/\/voxsahel.com\/?p=3498#article","isPartOf":{"@id":"https:\/\/voxsahel.com\/?p=3498"},"author":{"name":"Vox Sahel","@id":"https:\/\/voxsahel.com\/#\/schema\/person\/b4043608248f8fa227cd760e7ff1e19e"},"headline":"Attaques terroristes au Mali: L\u2019urgence d\u2019une strat\u00e9gie s\u00e9curitaire plus anticipative","datePublished":"2026-04-27T08:10:01+00:00","dateModified":"2026-04-27T08:11:11+00:00","mainEntityOfPage":{"@id":"https:\/\/voxsahel.com\/?p=3498"},"wordCount":486,"commentCount":0,"publisher":{"@id":"https:\/\/voxsahel.com\/#organization"},"image":{"@id":"https:\/\/voxsahel.com\/?p=3498#primaryimage"},"thumbnailUrl":"https:\/\/voxsahel.com\/wp-content\/uploads\/2026\/04\/EDITO-VOX-SAHEL.jpeg","keywords":["Assimi GO\u00cfTA","Crise s\u00e9curitaire","Forces Arm\u00e9es Maliennes","Mali","Terrorisme"],"articleSection":["INTERNATIONAL"],"inLanguage":"fr-FR","potentialAction":[{"@type":"CommentAction","name":"Comment","target":["https:\/\/voxsahel.com\/?p=3498#respond"]}]},{"@type":"WebPage","@id":"https:\/\/voxsahel.com\/?p=3498","url":"https:\/\/voxsahel.com\/?p=3498","name":"Attaques terroristes au Mali: L\u2019urgence d\u2019une strat\u00e9gie s\u00e9curitaire plus anticipative - Vox Sahel","isPartOf":{"@id":"https:\/\/voxsahel.com\/#website"},"primaryImageOfPage":{"@id":"https:\/\/voxsahel.com\/?p=3498#primaryimage"},"image":{"@id":"https:\/\/voxsahel.com\/?p=3498#primaryimage"},"thumbnailUrl":"https:\/\/voxsahel.com\/wp-content\/uploads\/2026\/04\/EDITO-VOX-SAHEL.jpeg","datePublished":"2026-04-27T08:10:01+00:00","dateModified":"2026-04-27T08:11:11+00:00","breadcrumb":{"@id":"https:\/\/voxsahel.com\/?p=3498#breadcrumb"},"inLanguage":"fr-FR","potentialAction":[{"@type":"ReadAction","target":["https:\/\/voxsahel.com\/?p=3498"]}]},{"@type":"ImageObject","inLanguage":"fr-FR","@id":"https:\/\/voxsahel.com\/?p=3498#primaryimage","url":"https:\/\/voxsahel.com\/wp-content\/uploads\/2026\/04\/EDITO-VOX-SAHEL.jpeg","contentUrl":"https:\/\/voxsahel.com\/wp-content\/uploads\/2026\/04\/EDITO-VOX-SAHEL.jpeg","width":430,"height":305},{"@type":"BreadcrumbList","@id":"https:\/\/voxsahel.com\/?p=3498#breadcrumb","itemListElement":[{"@type":"ListItem","position":1,"name":"Home","item":"https:\/\/voxsahel.com\/"},{"@type":"ListItem","position":2,"name":"Attaques terroristes au Mali: L\u2019urgence d\u2019une strat\u00e9gie s\u00e9curitaire plus anticipative"}]},{"@type":"WebSite","@id":"https:\/\/voxsahel.com\/#website","url":"https:\/\/voxsahel.com\/","name":"Vox Sahel","description":"Informez-vous sur le Sahel en un clic","publisher":{"@id":"https:\/\/voxsahel.com\/#organization"},"potentialAction":[{"@type":"SearchAction","target":{"@type":"EntryPoint","urlTemplate":"https:\/\/voxsahel.com\/?s={search_term_string}"},"query-input":{"@type":"PropertyValueSpecification","valueRequired":true,"valueName":"search_term_string"}}],"inLanguage":"fr-FR"},{"@type":"Organization","@id":"https:\/\/voxsahel.com\/#organization","name":"Vox Sahel","url":"https:\/\/voxsahel.com\/","logo":{"@type":"ImageObject","inLanguage":"fr-FR","@id":"https:\/\/voxsahel.com\/#\/schema\/logo\/image\/","url":"https:\/\/voxsahel.com\/wp-content\/uploads\/2024\/09\/Logo-Vox-Sahel.jpg","contentUrl":"https:\/\/voxsahel.com\/wp-content\/uploads\/2024\/09\/Logo-Vox-Sahel.jpg","width":1181,"height":848,"caption":"Vox Sahel"},"image":{"@id":"https:\/\/voxsahel.com\/#\/schema\/logo\/image\/"},"sameAs":["https:\/\/www.facebook.com\/journal.voxsahel"]},{"@type":"Person","@id":"https:\/\/voxsahel.com\/#\/schema\/person\/b4043608248f8fa227cd760e7ff1e19e","name":"Vox Sahel","image":{"@type":"ImageObject","inLanguage":"fr-FR","@id":"https:\/\/secure.gravatar.com\/avatar\/f70e7fa0cb9b29d4a7c5788d6eb2e9ab4d3135cbae1c9161810fdf77a8964699?s=96&d=mm&r=g","url":"https:\/\/secure.gravatar.com\/avatar\/f70e7fa0cb9b29d4a7c5788d6eb2e9ab4d3135cbae1c9161810fdf77a8964699?s=96&d=mm&r=g","contentUrl":"https:\/\/secure.gravatar.com\/avatar\/f70e7fa0cb9b29d4a7c5788d6eb2e9ab4d3135cbae1c9161810fdf77a8964699?s=96&d=mm&r=g","caption":"Vox Sahel"},"sameAs":["http:\/\/www.voxsahel.com"],"url":"https:\/\/voxsahel.com\/?author=2"}]}},"_links":{"self":[{"href":"https:\/\/voxsahel.com\/index.php?rest_route=\/wp\/v2\/posts\/3498","targetHints":{"allow":["GET"]}}],"collection":[{"href":"https:\/\/voxsahel.com\/index.php?rest_route=\/wp\/v2\/posts"}],"about":[{"href":"https:\/\/voxsahel.com\/index.php?rest_route=\/wp\/v2\/types\/post"}],"author":[{"embeddable":true,"href":"https:\/\/voxsahel.com\/index.php?rest_route=\/wp\/v2\/users\/2"}],"replies":[{"embeddable":true,"href":"https:\/\/voxsahel.com\/index.php?rest_route=%2Fwp%2Fv2%2Fcomments&post=3498"}],"version-history":[{"count":1,"href":"https:\/\/voxsahel.com\/index.php?rest_route=\/wp\/v2\/posts\/3498\/revisions"}],"predecessor-version":[{"id":3499,"href":"https:\/\/voxsahel.com\/index.php?rest_route=\/wp\/v2\/posts\/3498\/revisions\/3499"}],"wp:featuredmedia":[{"embeddable":true,"href":"https:\/\/voxsahel.com\/index.php?rest_route=\/wp\/v2\/media\/3496"}],"wp:attachment":[{"href":"https:\/\/voxsahel.com\/index.php?rest_route=%2Fwp%2Fv2%2Fmedia&parent=3498"}],"wp:term":[{"taxonomy":"category","embeddable":true,"href":"https:\/\/voxsahel.com\/index.php?rest_route=%2Fwp%2Fv2%2Fcategories&post=3498"},{"taxonomy":"post_tag","embeddable":true,"href":"https:\/\/voxsahel.com\/index.php?rest_route=%2Fwp%2Fv2%2Ftags&post=3498"}],"curies":[{"name":"wp","href":"https:\/\/api.w.org\/{rel}","templated":true}]}}