{"id":347,"date":"2024-09-24T21:00:54","date_gmt":"2024-09-24T21:00:54","guid":{"rendered":"https:\/\/voxsahel.com\/?p=347"},"modified":"2024-09-24T21:00:54","modified_gmt":"2024-09-24T21:00:54","slug":"tournoi-de-grandes-vacances-t-g-v-biso-na-biso-sadjuge-le-trophee-de-la-premiere-edition","status":"publish","type":"post","link":"https:\/\/voxsahel.com\/?p=347","title":{"rendered":"Tournoi de Grandes Vacances (T.G.V) : Biso-Na-Biso s\u2019adjuge le troph\u00e9e de la premi\u00e8re \u00e9dition"},"content":{"rendered":"<p class=\"p1\"><span class=\"s2\">La premi\u00e8re \u00e9dition du <\/span><span class=\"s1\">Tournoi de Grandes Vacances (T.G.V)<\/span><span class=\"s2\"> s\u2019est achev\u00e9e en apoth\u00e9ose ce dimanche 22 septembre 2024. Apr\u00e8s des semaines de comp\u00e9tition acharn\u00e9e, l\u2019\u00e9quipe <\/span><span class=\"s1\">Biso-Na-Biso<\/span><span class=\"s2\"> s&rsquo;est impos\u00e9e lors de la finale en battant ses adversaires par le plus petit des scores, 1-0.<\/span><\/p>\n<p class=\"p1\"><span class=\"s2\">Le match, tr\u00e8s attendu, a tenu toutes ses promesses. Malgr\u00e9 une premi\u00e8re mi-temps tendue et \u00e9quilibr\u00e9e qui s\u2019est sold\u00e9e par un score vierge (0-0), les deux \u00e9quipes ont redoubl\u00e9 d&rsquo;efforts \u00e0 la reprise. C\u2019est finalement l\u2019\u00e9quipe Biso-Na-Biso qui a su tirer profit d\u2019une de leurs rares occasions pour marquer l\u2019unique but de la rencontre, assurant ainsi leur victoire.<\/span><\/p>\n<p class=\"p1\"><span class=\"s2\">Le capitaine de l\u2019\u00e9quipe victorieuse, dans son discours, a f\u00e9licit\u00e9 ses co\u00e9quipiers pour leur d\u00e9termination et a reconnu la qualit\u00e9 de l&rsquo;adversaire : \u00ab <\/span><span class=\"s1\">C\u2019\u00e9tait un match de belle facture, mais on a su tirer notre \u00e9pingle du jeu. On \u00e9tait venus pour gagner et on l\u2019a fait, c\u2019est l\u2019essentiel. L\u2019adversaire n\u2019a pas d\u00e9m\u00e9rit\u00e9, mais il fallait un vainqueur, et la chance nous a souri.<\/span><span class=\"s2\"> \u00bb<\/span><\/p>\n<p class=\"p1\"><span class=\"s2\">Au-del\u00e0 de la comp\u00e9tition sportive, cet \u00e9v\u00e9nement s\u2019est d\u00e9roul\u00e9 sous le th\u00e8me <\/span><span class=\"s1\">\u00ab Jeunesse et Drogue : R\u00f4le des parents \u00bb<\/span><span class=\"s2\">, un sujet sensible et crucial pour la communaut\u00e9. Le promoteur du tournoi, <\/span><span class=\"s1\">Naam Ou\u00e9draogo<\/span><span class=\"s2\">, n&rsquo;a pas cach\u00e9 sa satisfaction quant \u00e0 l&rsquo;issue de cette premi\u00e8re \u00e9dition. \u00ab <\/span><span class=\"s1\">Tout est bien qui finit bien. Je suis un promoteur combl\u00e9 pour cette premi\u00e8re \u00e9dition. Merci \u00e0 tous : les parrains, invit\u00e9s d&rsquo;honneur, jeunes, parents, ainsi que tous ceux qui sont venus assister \u00e0 cette finale.<\/span><span class=\"s2\"> \u00bb<\/span><\/p>\n<p class=\"p1\"><span class=\"s2\">Il a \u00e9galement soulign\u00e9 l\u2019importance du th\u00e8me choisi : \u00ab <\/span><span class=\"s1\">Nous avons discut\u00e9 de la vie des jeunes et de la contribution des parents pour une jeunesse plus \u00e9panouie et responsable.<\/span><span class=\"s2\"> \u00bb Un message que le parrain de l\u2019\u00e9v\u00e9nement, <\/span><span class=\"s1\">Lassan\u00e9 Dipama<\/span><span class=\"s2\">, a \u00e9galement appuy\u00e9, en insistant sur la n\u00e9cessit\u00e9 pour les jeunes de se d\u00e9tourner des substances illicites et de se concentrer sur leur avenir.<\/span><\/p>\n<p class=\"p1\"><span class=\"s2\">Cette premi\u00e8re \u00e9dition du T.G.V a r\u00e9uni de nombreux jeunes du quartier <\/span><span class=\"s1\">Song Naaba<\/span><span class=\"s2\">, ainsi que des supporters venus de divers horizons. L\u2019\u00e9v\u00e9nement a \u00e9galement \u00e9t\u00e9 l&rsquo;occasion de renforcer les liens communautaires et de sensibiliser les jeunes sur les dangers de la drogue.<\/span><\/p>\n<p class=\"p1\"><span class=\"s2\">Le tournoi a \u00e9t\u00e9 un franc succ\u00e8s, aussi bien sur le plan sportif que social. Il aura permis de promouvoir non seulement le talent des jeunes, mais aussi des valeurs importantes pour leur avenir. Tous les regards sont d\u00e9sormais tourn\u00e9s vers la prochaine \u00e9dition, qui promet d&rsquo;\u00eatre encore plus grande.<\/span><\/p>\n<p>Par Vox Sahel<\/p>\n","protected":false},"excerpt":{"rendered":"<p>La premi\u00e8re \u00e9dition du Tournoi de Grandes Vacances (T.G.V) s\u2019est achev\u00e9e en apoth\u00e9ose ce dimanche<\/p>\n","protected":false},"author":2,"featured_media":352,"comment_status":"open","ping_status":"open","sticky":false,"template":"","format":"standard","meta":{"_et_pb_use_builder":"","_et_pb_old_content":"","_et_gb_content_width":"","footnotes":""},"categories":[12],"tags":[18,40,35,204,205,34],"class_list":["post-347","post","type-post","status-publish","format-standard","has-post-thumbnail","hentry","category-sports","tag-burkina-faso","tag-federation-burkinabe-de-football","tag-football","tag-lassane-dipama","tag-maracana","tag-sport"],"yoast_head":"<!-- This site is optimized with the Yoast SEO plugin v27.5 - https:\/\/yoast.com\/product\/yoast-seo-wordpress\/ -->\n<title>Tournoi de Grandes Vacances (T.G.V) : Biso-Na-Biso s\u2019adjuge le troph\u00e9e de la premi\u00e8re \u00e9dition - Vox Sahel<\/title>\n<meta name=\"robots\" content=\"index, follow, max-snippet:-1, max-image-preview:large, max-video-preview:-1\" \/>\n<link rel=\"canonical\" href=\"https:\/\/voxsahel.com\/?p=347\" \/>\n<meta property=\"og:locale\" content=\"fr_FR\" \/>\n<meta property=\"og:type\" content=\"article\" \/>\n<meta property=\"og:title\" content=\"Tournoi de Grandes Vacances (T.G.V) : Biso-Na-Biso s\u2019adjuge le troph\u00e9e de la premi\u00e8re \u00e9dition - Vox Sahel\" \/>\n<meta property=\"og:description\" content=\"La premi\u00e8re \u00e9dition du Tournoi de Grandes Vacances (T.G.V) s\u2019est achev\u00e9e en apoth\u00e9ose ce dimanche\" \/>\n<meta property=\"og:url\" content=\"https:\/\/voxsahel.com\/?p=347\" \/>\n<meta property=\"og:site_name\" content=\"Vox Sahel\" \/>\n<meta property=\"article:publisher\" content=\"https:\/\/www.facebook.com\/journal.voxsahel\" \/>\n<meta property=\"article:published_time\" content=\"2024-09-24T21:00:54+00:00\" \/>\n<meta property=\"og:image\" content=\"https:\/\/voxsahel.com\/wp-content\/uploads\/2024\/09\/IMG_0594-scaled.jpeg\" \/>\n\t<meta property=\"og:image:width\" content=\"2560\" \/>\n\t<meta property=\"og:image:height\" content=\"1920\" \/>\n\t<meta property=\"og:image:type\" content=\"image\/jpeg\" \/>\n<meta name=\"author\" content=\"Vox Sahel\" \/>\n<meta name=\"twitter:card\" content=\"summary_large_image\" \/>\n<meta name=\"twitter:label1\" content=\"\u00c9crit par\" \/>\n\t<meta name=\"twitter:data1\" content=\"Vox Sahel\" \/>\n\t<meta name=\"twitter:label2\" content=\"Dur\u00e9e de lecture estim\u00e9e\" \/>\n\t<meta name=\"twitter:data2\" content=\"3 minutes\" \/>\n<script type=\"application\/ld+json\" class=\"yoast-schema-graph\">{\"@context\":\"https:\\\/\\\/schema.org\",\"@graph\":[{\"@type\":\"Article\",\"@id\":\"https:\\\/\\\/voxsahel.com\\\/?p=347#article\",\"isPartOf\":{\"@id\":\"https:\\\/\\\/voxsahel.com\\\/?p=347\"},\"author\":{\"name\":\"Vox Sahel\",\"@id\":\"https:\\\/\\\/voxsahel.com\\\/#\\\/schema\\\/person\\\/b4043608248f8fa227cd760e7ff1e19e\"},\"headline\":\"Tournoi de Grandes Vacances (T.G.V) : Biso-Na-Biso s\u2019adjuge le troph\u00e9e de la premi\u00e8re \u00e9dition\",\"datePublished\":\"2024-09-24T21:00:54+00:00\",\"mainEntityOfPage\":{\"@id\":\"https:\\\/\\\/voxsahel.com\\\/?p=347\"},\"wordCount\":478,\"commentCount\":0,\"publisher\":{\"@id\":\"https:\\\/\\\/voxsahel.com\\\/#organization\"},\"image\":{\"@id\":\"https:\\\/\\\/voxsahel.com\\\/?p=347#primaryimage\"},\"thumbnailUrl\":\"https:\\\/\\\/voxsahel.com\\\/wp-content\\\/uploads\\\/2024\\\/09\\\/IMG_0594-scaled.jpeg\",\"keywords\":[\"Burkina Faso\",\"F\u00e9d\u00e9ration Burkinab\u00e8 de Football\",\"Football\",\"Lassan\u00e9 Dipama\",\"Maracana\",\"Sport\"],\"articleSection\":[\"SPORTS\"],\"inLanguage\":\"fr-FR\",\"potentialAction\":[{\"@type\":\"CommentAction\",\"name\":\"Comment\",\"target\":[\"https:\\\/\\\/voxsahel.com\\\/?p=347#respond\"]}]},{\"@type\":\"WebPage\",\"@id\":\"https:\\\/\\\/voxsahel.com\\\/?p=347\",\"url\":\"https:\\\/\\\/voxsahel.com\\\/?p=347\",\"name\":\"Tournoi de Grandes Vacances (T.G.V) : Biso-Na-Biso s\u2019adjuge le troph\u00e9e de la premi\u00e8re \u00e9dition - Vox Sahel\",\"isPartOf\":{\"@id\":\"https:\\\/\\\/voxsahel.com\\\/#website\"},\"primaryImageOfPage\":{\"@id\":\"https:\\\/\\\/voxsahel.com\\\/?p=347#primaryimage\"},\"image\":{\"@id\":\"https:\\\/\\\/voxsahel.com\\\/?p=347#primaryimage\"},\"thumbnailUrl\":\"https:\\\/\\\/voxsahel.com\\\/wp-content\\\/uploads\\\/2024\\\/09\\\/IMG_0594-scaled.jpeg\",\"datePublished\":\"2024-09-24T21:00:54+00:00\",\"breadcrumb\":{\"@id\":\"https:\\\/\\\/voxsahel.com\\\/?p=347#breadcrumb\"},\"inLanguage\":\"fr-FR\",\"potentialAction\":[{\"@type\":\"ReadAction\",\"target\":[\"https:\\\/\\\/voxsahel.com\\\/?p=347\"]}]},{\"@type\":\"ImageObject\",\"inLanguage\":\"fr-FR\",\"@id\":\"https:\\\/\\\/voxsahel.com\\\/?p=347#primaryimage\",\"url\":\"https:\\\/\\\/voxsahel.com\\\/wp-content\\\/uploads\\\/2024\\\/09\\\/IMG_0594-scaled.jpeg\",\"contentUrl\":\"https:\\\/\\\/voxsahel.com\\\/wp-content\\\/uploads\\\/2024\\\/09\\\/IMG_0594-scaled.jpeg\",\"width\":2560,\"height\":1920},{\"@type\":\"BreadcrumbList\",\"@id\":\"https:\\\/\\\/voxsahel.com\\\/?p=347#breadcrumb\",\"itemListElement\":[{\"@type\":\"ListItem\",\"position\":1,\"name\":\"Home\",\"item\":\"https:\\\/\\\/voxsahel.com\\\/\"},{\"@type\":\"ListItem\",\"position\":2,\"name\":\"Tournoi de Grandes Vacances (T.G.V) : Biso-Na-Biso s\u2019adjuge le troph\u00e9e de la premi\u00e8re \u00e9dition\"}]},{\"@type\":\"WebSite\",\"@id\":\"https:\\\/\\\/voxsahel.com\\\/#website\",\"url\":\"https:\\\/\\\/voxsahel.com\\\/\",\"name\":\"Vox Sahel\",\"description\":\"Informez-vous sur le Sahel en un clic\",\"publisher\":{\"@id\":\"https:\\\/\\\/voxsahel.com\\\/#organization\"},\"potentialAction\":[{\"@type\":\"SearchAction\",\"target\":{\"@type\":\"EntryPoint\",\"urlTemplate\":\"https:\\\/\\\/voxsahel.com\\\/?s={search_term_string}\"},\"query-input\":{\"@type\":\"PropertyValueSpecification\",\"valueRequired\":true,\"valueName\":\"search_term_string\"}}],\"inLanguage\":\"fr-FR\"},{\"@type\":\"Organization\",\"@id\":\"https:\\\/\\\/voxsahel.com\\\/#organization\",\"name\":\"Vox Sahel\",\"url\":\"https:\\\/\\\/voxsahel.com\\\/\",\"logo\":{\"@type\":\"ImageObject\",\"inLanguage\":\"fr-FR\",\"@id\":\"https:\\\/\\\/voxsahel.com\\\/#\\\/schema\\\/logo\\\/image\\\/\",\"url\":\"https:\\\/\\\/voxsahel.com\\\/wp-content\\\/uploads\\\/2024\\\/09\\\/Logo-Vox-Sahel.jpg\",\"contentUrl\":\"https:\\\/\\\/voxsahel.com\\\/wp-content\\\/uploads\\\/2024\\\/09\\\/Logo-Vox-Sahel.jpg\",\"width\":1181,\"height\":848,\"caption\":\"Vox Sahel\"},\"image\":{\"@id\":\"https:\\\/\\\/voxsahel.com\\\/#\\\/schema\\\/logo\\\/image\\\/\"},\"sameAs\":[\"https:\\\/\\\/www.facebook.com\\\/journal.voxsahel\"]},{\"@type\":\"Person\",\"@id\":\"https:\\\/\\\/voxsahel.com\\\/#\\\/schema\\\/person\\\/b4043608248f8fa227cd760e7ff1e19e\",\"name\":\"Vox Sahel\",\"image\":{\"@type\":\"ImageObject\",\"inLanguage\":\"fr-FR\",\"@id\":\"https:\\\/\\\/secure.gravatar.com\\\/avatar\\\/f70e7fa0cb9b29d4a7c5788d6eb2e9ab4d3135cbae1c9161810fdf77a8964699?s=96&d=mm&r=g\",\"url\":\"https:\\\/\\\/secure.gravatar.com\\\/avatar\\\/f70e7fa0cb9b29d4a7c5788d6eb2e9ab4d3135cbae1c9161810fdf77a8964699?s=96&d=mm&r=g\",\"contentUrl\":\"https:\\\/\\\/secure.gravatar.com\\\/avatar\\\/f70e7fa0cb9b29d4a7c5788d6eb2e9ab4d3135cbae1c9161810fdf77a8964699?s=96&d=mm&r=g\",\"caption\":\"Vox Sahel\"},\"sameAs\":[\"http:\\\/\\\/www.voxsahel.com\"],\"url\":\"https:\\\/\\\/voxsahel.com\\\/?author=2\"}]}<\/script>\n<!-- \/ Yoast SEO plugin. -->","yoast_head_json":{"title":"Tournoi de Grandes Vacances (T.G.V) : Biso-Na-Biso s\u2019adjuge le troph\u00e9e de la premi\u00e8re \u00e9dition - Vox Sahel","robots":{"index":"index","follow":"follow","max-snippet":"max-snippet:-1","max-image-preview":"max-image-preview:large","max-video-preview":"max-video-preview:-1"},"canonical":"https:\/\/voxsahel.com\/?p=347","og_locale":"fr_FR","og_type":"article","og_title":"Tournoi de Grandes Vacances (T.G.V) : Biso-Na-Biso s\u2019adjuge le troph\u00e9e de la premi\u00e8re \u00e9dition - Vox Sahel","og_description":"La premi\u00e8re \u00e9dition du Tournoi de Grandes Vacances (T.G.V) s\u2019est achev\u00e9e en apoth\u00e9ose ce dimanche","og_url":"https:\/\/voxsahel.com\/?p=347","og_site_name":"Vox Sahel","article_publisher":"https:\/\/www.facebook.com\/journal.voxsahel","article_published_time":"2024-09-24T21:00:54+00:00","og_image":[{"width":2560,"height":1920,"url":"https:\/\/voxsahel.com\/wp-content\/uploads\/2024\/09\/IMG_0594-scaled.jpeg","type":"image\/jpeg"}],"author":"Vox Sahel","twitter_card":"summary_large_image","twitter_misc":{"\u00c9crit par":"Vox Sahel","Dur\u00e9e de lecture estim\u00e9e":"3 minutes"},"schema":{"@context":"https:\/\/schema.org","@graph":[{"@type":"Article","@id":"https:\/\/voxsahel.com\/?p=347#article","isPartOf":{"@id":"https:\/\/voxsahel.com\/?p=347"},"author":{"name":"Vox Sahel","@id":"https:\/\/voxsahel.com\/#\/schema\/person\/b4043608248f8fa227cd760e7ff1e19e"},"headline":"Tournoi de Grandes Vacances (T.G.V) : Biso-Na-Biso s\u2019adjuge le troph\u00e9e de la premi\u00e8re \u00e9dition","datePublished":"2024-09-24T21:00:54+00:00","mainEntityOfPage":{"@id":"https:\/\/voxsahel.com\/?p=347"},"wordCount":478,"commentCount":0,"publisher":{"@id":"https:\/\/voxsahel.com\/#organization"},"image":{"@id":"https:\/\/voxsahel.com\/?p=347#primaryimage"},"thumbnailUrl":"https:\/\/voxsahel.com\/wp-content\/uploads\/2024\/09\/IMG_0594-scaled.jpeg","keywords":["Burkina Faso","F\u00e9d\u00e9ration Burkinab\u00e8 de Football","Football","Lassan\u00e9 Dipama","Maracana","Sport"],"articleSection":["SPORTS"],"inLanguage":"fr-FR","potentialAction":[{"@type":"CommentAction","name":"Comment","target":["https:\/\/voxsahel.com\/?p=347#respond"]}]},{"@type":"WebPage","@id":"https:\/\/voxsahel.com\/?p=347","url":"https:\/\/voxsahel.com\/?p=347","name":"Tournoi de Grandes Vacances (T.G.V) : Biso-Na-Biso s\u2019adjuge le troph\u00e9e de la premi\u00e8re \u00e9dition - Vox Sahel","isPartOf":{"@id":"https:\/\/voxsahel.com\/#website"},"primaryImageOfPage":{"@id":"https:\/\/voxsahel.com\/?p=347#primaryimage"},"image":{"@id":"https:\/\/voxsahel.com\/?p=347#primaryimage"},"thumbnailUrl":"https:\/\/voxsahel.com\/wp-content\/uploads\/2024\/09\/IMG_0594-scaled.jpeg","datePublished":"2024-09-24T21:00:54+00:00","breadcrumb":{"@id":"https:\/\/voxsahel.com\/?p=347#breadcrumb"},"inLanguage":"fr-FR","potentialAction":[{"@type":"ReadAction","target":["https:\/\/voxsahel.com\/?p=347"]}]},{"@type":"ImageObject","inLanguage":"fr-FR","@id":"https:\/\/voxsahel.com\/?p=347#primaryimage","url":"https:\/\/voxsahel.com\/wp-content\/uploads\/2024\/09\/IMG_0594-scaled.jpeg","contentUrl":"https:\/\/voxsahel.com\/wp-content\/uploads\/2024\/09\/IMG_0594-scaled.jpeg","width":2560,"height":1920},{"@type":"BreadcrumbList","@id":"https:\/\/voxsahel.com\/?p=347#breadcrumb","itemListElement":[{"@type":"ListItem","position":1,"name":"Home","item":"https:\/\/voxsahel.com\/"},{"@type":"ListItem","position":2,"name":"Tournoi de Grandes Vacances (T.G.V) : Biso-Na-Biso s\u2019adjuge le troph\u00e9e de la premi\u00e8re \u00e9dition"}]},{"@type":"WebSite","@id":"https:\/\/voxsahel.com\/#website","url":"https:\/\/voxsahel.com\/","name":"Vox Sahel","description":"Informez-vous sur le Sahel en un clic","publisher":{"@id":"https:\/\/voxsahel.com\/#organization"},"potentialAction":[{"@type":"SearchAction","target":{"@type":"EntryPoint","urlTemplate":"https:\/\/voxsahel.com\/?s={search_term_string}"},"query-input":{"@type":"PropertyValueSpecification","valueRequired":true,"valueName":"search_term_string"}}],"inLanguage":"fr-FR"},{"@type":"Organization","@id":"https:\/\/voxsahel.com\/#organization","name":"Vox Sahel","url":"https:\/\/voxsahel.com\/","logo":{"@type":"ImageObject","inLanguage":"fr-FR","@id":"https:\/\/voxsahel.com\/#\/schema\/logo\/image\/","url":"https:\/\/voxsahel.com\/wp-content\/uploads\/2024\/09\/Logo-Vox-Sahel.jpg","contentUrl":"https:\/\/voxsahel.com\/wp-content\/uploads\/2024\/09\/Logo-Vox-Sahel.jpg","width":1181,"height":848,"caption":"Vox Sahel"},"image":{"@id":"https:\/\/voxsahel.com\/#\/schema\/logo\/image\/"},"sameAs":["https:\/\/www.facebook.com\/journal.voxsahel"]},{"@type":"Person","@id":"https:\/\/voxsahel.com\/#\/schema\/person\/b4043608248f8fa227cd760e7ff1e19e","name":"Vox Sahel","image":{"@type":"ImageObject","inLanguage":"fr-FR","@id":"https:\/\/secure.gravatar.com\/avatar\/f70e7fa0cb9b29d4a7c5788d6eb2e9ab4d3135cbae1c9161810fdf77a8964699?s=96&d=mm&r=g","url":"https:\/\/secure.gravatar.com\/avatar\/f70e7fa0cb9b29d4a7c5788d6eb2e9ab4d3135cbae1c9161810fdf77a8964699?s=96&d=mm&r=g","contentUrl":"https:\/\/secure.gravatar.com\/avatar\/f70e7fa0cb9b29d4a7c5788d6eb2e9ab4d3135cbae1c9161810fdf77a8964699?s=96&d=mm&r=g","caption":"Vox Sahel"},"sameAs":["http:\/\/www.voxsahel.com"],"url":"https:\/\/voxsahel.com\/?author=2"}]}},"_links":{"self":[{"href":"https:\/\/voxsahel.com\/index.php?rest_route=\/wp\/v2\/posts\/347","targetHints":{"allow":["GET"]}}],"collection":[{"href":"https:\/\/voxsahel.com\/index.php?rest_route=\/wp\/v2\/posts"}],"about":[{"href":"https:\/\/voxsahel.com\/index.php?rest_route=\/wp\/v2\/types\/post"}],"author":[{"embeddable":true,"href":"https:\/\/voxsahel.com\/index.php?rest_route=\/wp\/v2\/users\/2"}],"replies":[{"embeddable":true,"href":"https:\/\/voxsahel.com\/index.php?rest_route=%2Fwp%2Fv2%2Fcomments&post=347"}],"version-history":[{"count":1,"href":"https:\/\/voxsahel.com\/index.php?rest_route=\/wp\/v2\/posts\/347\/revisions"}],"predecessor-version":[{"id":353,"href":"https:\/\/voxsahel.com\/index.php?rest_route=\/wp\/v2\/posts\/347\/revisions\/353"}],"wp:featuredmedia":[{"embeddable":true,"href":"https:\/\/voxsahel.com\/index.php?rest_route=\/wp\/v2\/media\/352"}],"wp:attachment":[{"href":"https:\/\/voxsahel.com\/index.php?rest_route=%2Fwp%2Fv2%2Fmedia&parent=347"}],"wp:term":[{"taxonomy":"category","embeddable":true,"href":"https:\/\/voxsahel.com\/index.php?rest_route=%2Fwp%2Fv2%2Fcategories&post=347"},{"taxonomy":"post_tag","embeddable":true,"href":"https:\/\/voxsahel.com\/index.php?rest_route=%2Fwp%2Fv2%2Ftags&post=347"}],"curies":[{"name":"wp","href":"https:\/\/api.w.org\/{rel}","templated":true}]}}