{"id":3410,"date":"2026-03-13T01:40:54","date_gmt":"2026-03-13T01:40:54","guid":{"rendered":"https:\/\/voxsahel.com\/?p=3410"},"modified":"2026-03-13T01:42:24","modified_gmt":"2026-03-13T01:42:24","slug":"burkina-faso-une-vague-de-fortes-chaleurs-attendue-entre-fin-mars-et-debut-mai-2026","status":"publish","type":"post","link":"https:\/\/voxsahel.com\/?p=3410","title":{"rendered":"Burkina Faso : une vague de fortes chaleurs attendue entre fin mars et d\u00e9but mai 2026"},"content":{"rendered":"<p class=\"p1\"><strong>Le Burkina Faso devrait conna\u00eetre des temp\u00e9ratures sup\u00e9rieures aux normales saisonni\u00e8res au cours du trimestre mars\u2013avril\u2013mai 2026. Selon les pr\u00e9visions de l\u2019Agence nationale de la m\u00e9t\u00e9orologie du Burkina Faso, la chaleur s\u2019installera progressivement d\u00e8s mars et pourrait atteindre des pics d\u00e9passant les 40\u00b0C dans plusieurs r\u00e9gions du pays.<\/strong><\/p>\n<p class=\"p1\"><span class=\"s2\">Au Burkina Faso, les prochains mois s\u2019annoncent particuli\u00e8rement chauds. D\u2019apr\u00e8s les pr\u00e9visions saisonni\u00e8res publi\u00e9es par l\u2019Agence nationale de la m\u00e9t\u00e9orologie du Burkina Faso, la p\u00e9riode allant de mars \u00e0 mai 2026 devrait \u00eatre marqu\u00e9e par <\/span><span class=\"s1\">des temp\u00e9ratures globalement plus \u00e9lev\u00e9es que la normale<\/span><span class=\"s2\"> sur la majeure partie du territoire.<\/span><\/p>\n<p class=\"p1\"><span class=\"s2\">Selon les projections de l\u2019agence m\u00e9t\u00e9orologique nationale, la hausse des temp\u00e9ratures devrait s\u2019installer progressivement d\u00e8s le mois de mars, avant d\u2019atteindre son <\/span><span class=\"s1\">pic entre avril et le d\u00e9but du mois de mai<\/span><span class=\"s2\">. Cette situation concernera particuli\u00e8rement les zones nord et sud du pays, o\u00f9 la chaleur pourrait se r\u00e9v\u00e9ler plus intense.<\/span><\/p>\n<p class=\"p1\"><span class=\"s2\">Dans le d\u00e9tail, les pr\u00e9visions indiquent que <\/span><span class=\"s1\">dans la partie nord<\/span><span class=\"s2\">, les temp\u00e9ratures maximales journali\u00e8res pourraient atteindre <\/span><span class=\"s1\">entre 42\u00b0C et 45\u00b0C<\/span><span class=\"s2\"> par moments. <\/span><span class=\"s1\">Dans la zone centrale<\/span><span class=\"s2\">, les maximales devraient <\/span><span class=\"s1\">osciller entre 41\u00b0C et 43\u00b0C<\/span><span class=\"s2\">, tandis que <\/span><span class=\"s1\">dans le sud du pays<\/span><span class=\"s2\">, elles pourraient <\/span><span class=\"s1\">d\u00e9passer les 40\u00b0C<\/span><span class=\"s2\">.<\/span><\/p>\n<p class=\"p1\"><span class=\"s2\">L\u2019Agence nationale de la m\u00e9t\u00e9orologie du Burkina Faso n\u2019exclut pas \u00e9galement <\/span><span class=\"s1\">des \u00e9pisodes de chaleur extr\u00eame<\/span><span class=\"s2\">, m\u00eame si leur intensit\u00e9 devrait rester globalement moins s\u00e9v\u00e8re que celle observ\u00e9e lors de certaines saisons r\u00e9centes, notamment en 2024.<\/span><\/p>\n<p class=\"p1\"><strong><span class=\"s1\">Des mesures de pr\u00e9vention recommand\u00e9es<\/span><\/strong><\/p>\n<p class=\"p1\"><span class=\"s2\">Face \u00e0 ces conditions climatiques annonc\u00e9es, l\u2019agence m\u00e9t\u00e9orologique appelle les populations \u00e0 adopter des comportements pr\u00e9ventifs afin de limiter les risques li\u00e9s aux fortes chaleurs.<\/span><\/p>\n<p class=\"p1\"><span class=\"s2\">Elle recommande notamment de <\/span><span class=\"s1\">boire r\u00e9guli\u00e8rement de l\u2019eau<\/span><span class=\"s2\">, de <\/span><span class=\"s1\">veiller \u00e0 l\u2019hydratation des personnes les plus vuln\u00e9rables<\/span><span class=\"s2\">, notamment les enfants et les personnes \u00e2g\u00e9es, d\u2019<\/span><span class=\"s1\">\u00e9viter les expositions prolong\u00e9es au soleil<\/span><span class=\"s2\"> et de <\/span><span class=\"s1\">r\u00e9duire les efforts physiques durant les heures les plus chaudes de la journ\u00e9e<\/span><span class=\"s2\">.<\/span><\/p>\n<p style=\"text-align: right;\"><strong>Par Vox Sahel\u00a0<\/strong><\/p>\n","protected":false},"excerpt":{"rendered":"<p>Le Burkina Faso devrait conna\u00eetre des temp\u00e9ratures sup\u00e9rieures aux normales saisonni\u00e8res au cours du trimestre<\/p>\n","protected":false},"author":2,"featured_media":3412,"comment_status":"open","ping_status":"open","sticky":false,"template":"","format":"standard","meta":{"_et_pb_use_builder":"","_et_pb_old_content":"","_et_gb_content_width":"","footnotes":""},"categories":[5],"tags":[],"class_list":["post-3410","post","type-post","status-publish","format-standard","has-post-thumbnail","hentry","category-societe"],"yoast_head":"<!-- This site is optimized with the Yoast SEO plugin v27.4 - https:\/\/yoast.com\/product\/yoast-seo-wordpress\/ -->\n<title>Burkina Faso : une vague de fortes chaleurs attendue entre fin mars et d\u00e9but mai 2026 - Vox Sahel<\/title>\n<meta name=\"robots\" content=\"index, follow, max-snippet:-1, max-image-preview:large, max-video-preview:-1\" \/>\n<link rel=\"canonical\" href=\"https:\/\/voxsahel.com\/?p=3410\" \/>\n<meta property=\"og:locale\" content=\"fr_FR\" \/>\n<meta property=\"og:type\" content=\"article\" \/>\n<meta property=\"og:title\" content=\"Burkina Faso : une vague de fortes chaleurs attendue entre fin mars et d\u00e9but mai 2026 - Vox Sahel\" \/>\n<meta property=\"og:description\" content=\"Le Burkina Faso devrait conna\u00eetre des temp\u00e9ratures sup\u00e9rieures aux normales saisonni\u00e8res au cours du trimestre\" \/>\n<meta property=\"og:url\" content=\"https:\/\/voxsahel.com\/?p=3410\" \/>\n<meta property=\"og:site_name\" content=\"Vox Sahel\" \/>\n<meta property=\"article:publisher\" content=\"https:\/\/www.facebook.com\/journal.voxsahel\" \/>\n<meta property=\"article:published_time\" content=\"2026-03-13T01:40:54+00:00\" \/>\n<meta property=\"article:modified_time\" content=\"2026-03-13T01:42:24+00:00\" \/>\n<meta property=\"og:image\" content=\"https:\/\/voxsahel.com\/wp-content\/uploads\/2026\/03\/IMG_5177.jpeg\" \/>\n\t<meta property=\"og:image:width\" content=\"1500\" \/>\n\t<meta property=\"og:image:height\" content=\"1186\" \/>\n\t<meta property=\"og:image:type\" content=\"image\/jpeg\" \/>\n<meta name=\"author\" content=\"Vox Sahel\" \/>\n<meta name=\"twitter:card\" content=\"summary_large_image\" \/>\n<meta name=\"twitter:label1\" content=\"\u00c9crit par\" \/>\n\t<meta name=\"twitter:data1\" content=\"Vox Sahel\" \/>\n\t<meta name=\"twitter:label2\" content=\"Dur\u00e9e de lecture estim\u00e9e\" \/>\n\t<meta name=\"twitter:data2\" content=\"2 minutes\" \/>\n<script type=\"application\/ld+json\" class=\"yoast-schema-graph\">{\"@context\":\"https:\\\/\\\/schema.org\",\"@graph\":[{\"@type\":\"Article\",\"@id\":\"https:\\\/\\\/voxsahel.com\\\/?p=3410#article\",\"isPartOf\":{\"@id\":\"https:\\\/\\\/voxsahel.com\\\/?p=3410\"},\"author\":{\"name\":\"Vox Sahel\",\"@id\":\"https:\\\/\\\/voxsahel.com\\\/#\\\/schema\\\/person\\\/b4043608248f8fa227cd760e7ff1e19e\"},\"headline\":\"Burkina Faso : une vague de fortes chaleurs attendue entre fin mars et d\u00e9but mai 2026\",\"datePublished\":\"2026-03-13T01:40:54+00:00\",\"dateModified\":\"2026-03-13T01:42:24+00:00\",\"mainEntityOfPage\":{\"@id\":\"https:\\\/\\\/voxsahel.com\\\/?p=3410\"},\"wordCount\":389,\"commentCount\":0,\"publisher\":{\"@id\":\"https:\\\/\\\/voxsahel.com\\\/#organization\"},\"image\":{\"@id\":\"https:\\\/\\\/voxsahel.com\\\/?p=3410#primaryimage\"},\"thumbnailUrl\":\"https:\\\/\\\/voxsahel.com\\\/wp-content\\\/uploads\\\/2026\\\/03\\\/IMG_5177.jpeg\",\"articleSection\":[\"SOCIETE\"],\"inLanguage\":\"fr-FR\",\"potentialAction\":[{\"@type\":\"CommentAction\",\"name\":\"Comment\",\"target\":[\"https:\\\/\\\/voxsahel.com\\\/?p=3410#respond\"]}]},{\"@type\":\"WebPage\",\"@id\":\"https:\\\/\\\/voxsahel.com\\\/?p=3410\",\"url\":\"https:\\\/\\\/voxsahel.com\\\/?p=3410\",\"name\":\"Burkina Faso : une vague de fortes chaleurs attendue entre fin mars et d\u00e9but mai 2026 - Vox Sahel\",\"isPartOf\":{\"@id\":\"https:\\\/\\\/voxsahel.com\\\/#website\"},\"primaryImageOfPage\":{\"@id\":\"https:\\\/\\\/voxsahel.com\\\/?p=3410#primaryimage\"},\"image\":{\"@id\":\"https:\\\/\\\/voxsahel.com\\\/?p=3410#primaryimage\"},\"thumbnailUrl\":\"https:\\\/\\\/voxsahel.com\\\/wp-content\\\/uploads\\\/2026\\\/03\\\/IMG_5177.jpeg\",\"datePublished\":\"2026-03-13T01:40:54+00:00\",\"dateModified\":\"2026-03-13T01:42:24+00:00\",\"breadcrumb\":{\"@id\":\"https:\\\/\\\/voxsahel.com\\\/?p=3410#breadcrumb\"},\"inLanguage\":\"fr-FR\",\"potentialAction\":[{\"@type\":\"ReadAction\",\"target\":[\"https:\\\/\\\/voxsahel.com\\\/?p=3410\"]}]},{\"@type\":\"ImageObject\",\"inLanguage\":\"fr-FR\",\"@id\":\"https:\\\/\\\/voxsahel.com\\\/?p=3410#primaryimage\",\"url\":\"https:\\\/\\\/voxsahel.com\\\/wp-content\\\/uploads\\\/2026\\\/03\\\/IMG_5177.jpeg\",\"contentUrl\":\"https:\\\/\\\/voxsahel.com\\\/wp-content\\\/uploads\\\/2026\\\/03\\\/IMG_5177.jpeg\",\"width\":1500,\"height\":1186},{\"@type\":\"BreadcrumbList\",\"@id\":\"https:\\\/\\\/voxsahel.com\\\/?p=3410#breadcrumb\",\"itemListElement\":[{\"@type\":\"ListItem\",\"position\":1,\"name\":\"Home\",\"item\":\"https:\\\/\\\/voxsahel.com\\\/\"},{\"@type\":\"ListItem\",\"position\":2,\"name\":\"Burkina Faso : une vague de fortes chaleurs attendue entre fin mars et d\u00e9but mai 2026\"}]},{\"@type\":\"WebSite\",\"@id\":\"https:\\\/\\\/voxsahel.com\\\/#website\",\"url\":\"https:\\\/\\\/voxsahel.com\\\/\",\"name\":\"Vox Sahel\",\"description\":\"Informez-vous sur le Sahel en un clic\",\"publisher\":{\"@id\":\"https:\\\/\\\/voxsahel.com\\\/#organization\"},\"potentialAction\":[{\"@type\":\"SearchAction\",\"target\":{\"@type\":\"EntryPoint\",\"urlTemplate\":\"https:\\\/\\\/voxsahel.com\\\/?s={search_term_string}\"},\"query-input\":{\"@type\":\"PropertyValueSpecification\",\"valueRequired\":true,\"valueName\":\"search_term_string\"}}],\"inLanguage\":\"fr-FR\"},{\"@type\":\"Organization\",\"@id\":\"https:\\\/\\\/voxsahel.com\\\/#organization\",\"name\":\"Vox Sahel\",\"url\":\"https:\\\/\\\/voxsahel.com\\\/\",\"logo\":{\"@type\":\"ImageObject\",\"inLanguage\":\"fr-FR\",\"@id\":\"https:\\\/\\\/voxsahel.com\\\/#\\\/schema\\\/logo\\\/image\\\/\",\"url\":\"https:\\\/\\\/voxsahel.com\\\/wp-content\\\/uploads\\\/2024\\\/09\\\/Logo-Vox-Sahel.jpg\",\"contentUrl\":\"https:\\\/\\\/voxsahel.com\\\/wp-content\\\/uploads\\\/2024\\\/09\\\/Logo-Vox-Sahel.jpg\",\"width\":1181,\"height\":848,\"caption\":\"Vox Sahel\"},\"image\":{\"@id\":\"https:\\\/\\\/voxsahel.com\\\/#\\\/schema\\\/logo\\\/image\\\/\"},\"sameAs\":[\"https:\\\/\\\/www.facebook.com\\\/journal.voxsahel\"]},{\"@type\":\"Person\",\"@id\":\"https:\\\/\\\/voxsahel.com\\\/#\\\/schema\\\/person\\\/b4043608248f8fa227cd760e7ff1e19e\",\"name\":\"Vox Sahel\",\"image\":{\"@type\":\"ImageObject\",\"inLanguage\":\"fr-FR\",\"@id\":\"https:\\\/\\\/secure.gravatar.com\\\/avatar\\\/f70e7fa0cb9b29d4a7c5788d6eb2e9ab4d3135cbae1c9161810fdf77a8964699?s=96&d=mm&r=g\",\"url\":\"https:\\\/\\\/secure.gravatar.com\\\/avatar\\\/f70e7fa0cb9b29d4a7c5788d6eb2e9ab4d3135cbae1c9161810fdf77a8964699?s=96&d=mm&r=g\",\"contentUrl\":\"https:\\\/\\\/secure.gravatar.com\\\/avatar\\\/f70e7fa0cb9b29d4a7c5788d6eb2e9ab4d3135cbae1c9161810fdf77a8964699?s=96&d=mm&r=g\",\"caption\":\"Vox Sahel\"},\"sameAs\":[\"http:\\\/\\\/www.voxsahel.com\"],\"url\":\"https:\\\/\\\/voxsahel.com\\\/?author=2\"}]}<\/script>\n<!-- \/ Yoast SEO plugin. -->","yoast_head_json":{"title":"Burkina Faso : une vague de fortes chaleurs attendue entre fin mars et d\u00e9but mai 2026 - Vox Sahel","robots":{"index":"index","follow":"follow","max-snippet":"max-snippet:-1","max-image-preview":"max-image-preview:large","max-video-preview":"max-video-preview:-1"},"canonical":"https:\/\/voxsahel.com\/?p=3410","og_locale":"fr_FR","og_type":"article","og_title":"Burkina Faso : une vague de fortes chaleurs attendue entre fin mars et d\u00e9but mai 2026 - Vox Sahel","og_description":"Le Burkina Faso devrait conna\u00eetre des temp\u00e9ratures sup\u00e9rieures aux normales saisonni\u00e8res au cours du trimestre","og_url":"https:\/\/voxsahel.com\/?p=3410","og_site_name":"Vox Sahel","article_publisher":"https:\/\/www.facebook.com\/journal.voxsahel","article_published_time":"2026-03-13T01:40:54+00:00","article_modified_time":"2026-03-13T01:42:24+00:00","og_image":[{"width":1500,"height":1186,"url":"https:\/\/voxsahel.com\/wp-content\/uploads\/2026\/03\/IMG_5177.jpeg","type":"image\/jpeg"}],"author":"Vox Sahel","twitter_card":"summary_large_image","twitter_misc":{"\u00c9crit par":"Vox Sahel","Dur\u00e9e de lecture estim\u00e9e":"2 minutes"},"schema":{"@context":"https:\/\/schema.org","@graph":[{"@type":"Article","@id":"https:\/\/voxsahel.com\/?p=3410#article","isPartOf":{"@id":"https:\/\/voxsahel.com\/?p=3410"},"author":{"name":"Vox Sahel","@id":"https:\/\/voxsahel.com\/#\/schema\/person\/b4043608248f8fa227cd760e7ff1e19e"},"headline":"Burkina Faso : une vague de fortes chaleurs attendue entre fin mars et d\u00e9but mai 2026","datePublished":"2026-03-13T01:40:54+00:00","dateModified":"2026-03-13T01:42:24+00:00","mainEntityOfPage":{"@id":"https:\/\/voxsahel.com\/?p=3410"},"wordCount":389,"commentCount":0,"publisher":{"@id":"https:\/\/voxsahel.com\/#organization"},"image":{"@id":"https:\/\/voxsahel.com\/?p=3410#primaryimage"},"thumbnailUrl":"https:\/\/voxsahel.com\/wp-content\/uploads\/2026\/03\/IMG_5177.jpeg","articleSection":["SOCIETE"],"inLanguage":"fr-FR","potentialAction":[{"@type":"CommentAction","name":"Comment","target":["https:\/\/voxsahel.com\/?p=3410#respond"]}]},{"@type":"WebPage","@id":"https:\/\/voxsahel.com\/?p=3410","url":"https:\/\/voxsahel.com\/?p=3410","name":"Burkina Faso : une vague de fortes chaleurs attendue entre fin mars et d\u00e9but mai 2026 - Vox Sahel","isPartOf":{"@id":"https:\/\/voxsahel.com\/#website"},"primaryImageOfPage":{"@id":"https:\/\/voxsahel.com\/?p=3410#primaryimage"},"image":{"@id":"https:\/\/voxsahel.com\/?p=3410#primaryimage"},"thumbnailUrl":"https:\/\/voxsahel.com\/wp-content\/uploads\/2026\/03\/IMG_5177.jpeg","datePublished":"2026-03-13T01:40:54+00:00","dateModified":"2026-03-13T01:42:24+00:00","breadcrumb":{"@id":"https:\/\/voxsahel.com\/?p=3410#breadcrumb"},"inLanguage":"fr-FR","potentialAction":[{"@type":"ReadAction","target":["https:\/\/voxsahel.com\/?p=3410"]}]},{"@type":"ImageObject","inLanguage":"fr-FR","@id":"https:\/\/voxsahel.com\/?p=3410#primaryimage","url":"https:\/\/voxsahel.com\/wp-content\/uploads\/2026\/03\/IMG_5177.jpeg","contentUrl":"https:\/\/voxsahel.com\/wp-content\/uploads\/2026\/03\/IMG_5177.jpeg","width":1500,"height":1186},{"@type":"BreadcrumbList","@id":"https:\/\/voxsahel.com\/?p=3410#breadcrumb","itemListElement":[{"@type":"ListItem","position":1,"name":"Home","item":"https:\/\/voxsahel.com\/"},{"@type":"ListItem","position":2,"name":"Burkina Faso : une vague de fortes chaleurs attendue entre fin mars et d\u00e9but mai 2026"}]},{"@type":"WebSite","@id":"https:\/\/voxsahel.com\/#website","url":"https:\/\/voxsahel.com\/","name":"Vox Sahel","description":"Informez-vous sur le Sahel en un clic","publisher":{"@id":"https:\/\/voxsahel.com\/#organization"},"potentialAction":[{"@type":"SearchAction","target":{"@type":"EntryPoint","urlTemplate":"https:\/\/voxsahel.com\/?s={search_term_string}"},"query-input":{"@type":"PropertyValueSpecification","valueRequired":true,"valueName":"search_term_string"}}],"inLanguage":"fr-FR"},{"@type":"Organization","@id":"https:\/\/voxsahel.com\/#organization","name":"Vox Sahel","url":"https:\/\/voxsahel.com\/","logo":{"@type":"ImageObject","inLanguage":"fr-FR","@id":"https:\/\/voxsahel.com\/#\/schema\/logo\/image\/","url":"https:\/\/voxsahel.com\/wp-content\/uploads\/2024\/09\/Logo-Vox-Sahel.jpg","contentUrl":"https:\/\/voxsahel.com\/wp-content\/uploads\/2024\/09\/Logo-Vox-Sahel.jpg","width":1181,"height":848,"caption":"Vox Sahel"},"image":{"@id":"https:\/\/voxsahel.com\/#\/schema\/logo\/image\/"},"sameAs":["https:\/\/www.facebook.com\/journal.voxsahel"]},{"@type":"Person","@id":"https:\/\/voxsahel.com\/#\/schema\/person\/b4043608248f8fa227cd760e7ff1e19e","name":"Vox Sahel","image":{"@type":"ImageObject","inLanguage":"fr-FR","@id":"https:\/\/secure.gravatar.com\/avatar\/f70e7fa0cb9b29d4a7c5788d6eb2e9ab4d3135cbae1c9161810fdf77a8964699?s=96&d=mm&r=g","url":"https:\/\/secure.gravatar.com\/avatar\/f70e7fa0cb9b29d4a7c5788d6eb2e9ab4d3135cbae1c9161810fdf77a8964699?s=96&d=mm&r=g","contentUrl":"https:\/\/secure.gravatar.com\/avatar\/f70e7fa0cb9b29d4a7c5788d6eb2e9ab4d3135cbae1c9161810fdf77a8964699?s=96&d=mm&r=g","caption":"Vox Sahel"},"sameAs":["http:\/\/www.voxsahel.com"],"url":"https:\/\/voxsahel.com\/?author=2"}]}},"_links":{"self":[{"href":"https:\/\/voxsahel.com\/index.php?rest_route=\/wp\/v2\/posts\/3410","targetHints":{"allow":["GET"]}}],"collection":[{"href":"https:\/\/voxsahel.com\/index.php?rest_route=\/wp\/v2\/posts"}],"about":[{"href":"https:\/\/voxsahel.com\/index.php?rest_route=\/wp\/v2\/types\/post"}],"author":[{"embeddable":true,"href":"https:\/\/voxsahel.com\/index.php?rest_route=\/wp\/v2\/users\/2"}],"replies":[{"embeddable":true,"href":"https:\/\/voxsahel.com\/index.php?rest_route=%2Fwp%2Fv2%2Fcomments&post=3410"}],"version-history":[{"count":3,"href":"https:\/\/voxsahel.com\/index.php?rest_route=\/wp\/v2\/posts\/3410\/revisions"}],"predecessor-version":[{"id":3415,"href":"https:\/\/voxsahel.com\/index.php?rest_route=\/wp\/v2\/posts\/3410\/revisions\/3415"}],"wp:featuredmedia":[{"embeddable":true,"href":"https:\/\/voxsahel.com\/index.php?rest_route=\/wp\/v2\/media\/3412"}],"wp:attachment":[{"href":"https:\/\/voxsahel.com\/index.php?rest_route=%2Fwp%2Fv2%2Fmedia&parent=3410"}],"wp:term":[{"taxonomy":"category","embeddable":true,"href":"https:\/\/voxsahel.com\/index.php?rest_route=%2Fwp%2Fv2%2Fcategories&post=3410"},{"taxonomy":"post_tag","embeddable":true,"href":"https:\/\/voxsahel.com\/index.php?rest_route=%2Fwp%2Fv2%2Ftags&post=3410"}],"curies":[{"name":"wp","href":"https:\/\/api.w.org\/{rel}","templated":true}]}}