{"id":3408,"date":"2026-03-09T10:02:44","date_gmt":"2026-03-09T10:02:44","guid":{"rendered":"https:\/\/voxsahel.com\/?p=3408"},"modified":"2026-03-09T10:02:44","modified_gmt":"2026-03-09T10:02:44","slug":"edito-rupture-collective-de-jeune-musulmans-chretiens-quand-la-fraternite-burkinabe-transcende-tout","status":"publish","type":"post","link":"https:\/\/voxsahel.com\/?p=3408","title":{"rendered":"Edito\/Rupture collective de je\u00fbne musulmans-chr\u00e9tiens\u00a0: Quand la fraternit\u00e9 burkinab\u00e8 transcende tout\u00a0!"},"content":{"rendered":"<p>Depuis quelques ann\u00e9es au Burkina Faso, un constat encourageant se d\u00e9gage \u00e0 chaque p\u00e9riode de je\u00fbne : les ruptures collectives se multiplient, r\u00e9unissant musulmans et chr\u00e9tiens autour d\u2019une m\u00eame table. Ce qui aurait pu \u00eatre un simple moment religieux est devenu, au fil du temps, un v\u00e9ritable symbole de fraternit\u00e9 et de coh\u00e9sion sociale.<\/p>\n<p>Cette ann\u00e9e encore, la tradition a \u00e9t\u00e9 respect\u00e9e. Un peu partout dans le pays, des initiatives de ruptures collectives ont rassembl\u00e9 des citoyens de diff\u00e9rentes confessions. Des gestes simples, mais profond\u00e9ment significatifs, qui rappellent que la solidarit\u00e9 et le vivre-ensemble restent des valeurs profond\u00e9ment ancr\u00e9es dans la soci\u00e9t\u00e9 burkinab\u00e8.<\/p>\n<p>L\u2019image la plus marquante reste sans doute celle observ\u00e9e \u00e0 la Place de la Nation \u00e0 Ouagadougou o\u00f9 plus de 5 000 personnes, chr\u00e9tiens et musulmans confondus, ont rompu le je\u00fbne ensemble. Une sc\u00e8ne forte qui tranche avec les clich\u00e9s et les pr\u00e9jug\u00e9s que certains tentent d\u2019entretenir ou de faire croire. Ici, pas de division, pas de suspicion, seulement des Burkinab\u00e8 r\u00e9unis, partageant un repas et un moment de fraternit\u00e9.<\/p>\n<p>C\u2019est pr\u00e9cis\u00e9ment cela que l\u2019on souhaite voir et encourager : des Burkinab\u00e8 capables de se parler, de se comprendre et de se soutenir malgr\u00e9 leurs diff\u00e9rences religieuses ou culturelles. Car au-del\u00e0 de tout, nous partageons la m\u00eame terre, les m\u00eames espoirs et les m\u00eames d\u00e9fis. Avant d\u2019\u00eatre chr\u00e9tiens ou musulmans, nous sommes des Burkinab\u00e8, et plus encore, des \u00eatres humains. Il faut donc saluer ces initiatives et encourager leur multiplication.<\/p>\n<p>Elles sont la preuve que la coh\u00e9sion sociale n\u2019est pas un simple slogan, mais une r\u00e9alit\u00e9 v\u00e9cue au quotidien par des citoyens qui refusent de c\u00e9der aux discours de division. Plus que jamais, il nous appartient de pr\u00e9server cet esprit de fraternit\u00e9, de continuer \u00e0 b\u00e2tir des ponts entre les communaut\u00e9s et d\u2019aller au-del\u00e0 des pr\u00e9jug\u00e9s. C\u2019est \u00e0 ce prix que nous ferons mentir tous ceux qui souhaitent nous voir divis\u00e9s. Et c\u2019est ainsi que le Burkina Faso continuera de montrer que sa plus grande force r\u00e9side dans l\u2019unit\u00e9 de son peuple.<\/p>\n<p style=\"text-align: right;\"><strong>La R\u00e9daction<\/strong><\/p>\n","protected":false},"excerpt":{"rendered":"<p>Depuis quelques ann\u00e9es au Burkina Faso, un constat encourageant se d\u00e9gage \u00e0 chaque p\u00e9riode de<\/p>\n","protected":false},"author":2,"featured_media":0,"comment_status":"open","ping_status":"open","sticky":false,"template":"","format":"standard","meta":{"_et_pb_use_builder":"","_et_pb_old_content":"","_et_gb_content_width":"","footnotes":""},"categories":[5],"tags":[973,368,397,670,641,640,387],"class_list":["post-3408","post","type-post","status-publish","format-standard","hentry","category-societe","tag-careme","tag-communaute-musulmane-du-burkina-faso","tag-federation-des-associations-islamiques-du-burkina","tag-islam","tag-jeune","tag-ramadan","tag-religion"],"yoast_head":"<!-- This site is optimized with the Yoast SEO plugin v27.4 - https:\/\/yoast.com\/product\/yoast-seo-wordpress\/ -->\n<title>Edito\/Rupture collective de je\u00fbne musulmans-chr\u00e9tiens\u00a0: Quand la fraternit\u00e9 burkinab\u00e8 transcende tout\u00a0! - Vox Sahel<\/title>\n<meta name=\"robots\" content=\"index, follow, max-snippet:-1, max-image-preview:large, max-video-preview:-1\" \/>\n<link rel=\"canonical\" href=\"https:\/\/voxsahel.com\/?p=3408\" \/>\n<meta property=\"og:locale\" content=\"fr_FR\" \/>\n<meta property=\"og:type\" content=\"article\" \/>\n<meta property=\"og:title\" content=\"Edito\/Rupture collective de je\u00fbne musulmans-chr\u00e9tiens\u00a0: Quand la fraternit\u00e9 burkinab\u00e8 transcende tout\u00a0! - Vox Sahel\" \/>\n<meta property=\"og:description\" content=\"Depuis quelques ann\u00e9es au Burkina Faso, un constat encourageant se d\u00e9gage \u00e0 chaque p\u00e9riode de\" \/>\n<meta property=\"og:url\" content=\"https:\/\/voxsahel.com\/?p=3408\" \/>\n<meta property=\"og:site_name\" content=\"Vox Sahel\" \/>\n<meta property=\"article:publisher\" content=\"https:\/\/www.facebook.com\/journal.voxsahel\" \/>\n<meta property=\"article:published_time\" content=\"2026-03-09T10:02:44+00:00\" \/>\n<meta property=\"og:image\" content=\"https:\/\/voxsahel.com\/wp-content\/uploads\/2024\/09\/Logo-Vox-Sahel.jpg\" \/>\n\t<meta property=\"og:image:width\" content=\"1181\" \/>\n\t<meta property=\"og:image:height\" content=\"848\" \/>\n\t<meta property=\"og:image:type\" content=\"image\/jpeg\" \/>\n<meta name=\"author\" content=\"Vox Sahel\" \/>\n<meta name=\"twitter:card\" content=\"summary_large_image\" \/>\n<meta name=\"twitter:label1\" content=\"\u00c9crit par\" \/>\n\t<meta name=\"twitter:data1\" content=\"Vox Sahel\" \/>\n\t<meta name=\"twitter:label2\" content=\"Dur\u00e9e de lecture estim\u00e9e\" \/>\n\t<meta name=\"twitter:data2\" content=\"2 minutes\" \/>\n<script type=\"application\/ld+json\" class=\"yoast-schema-graph\">{\"@context\":\"https:\\\/\\\/schema.org\",\"@graph\":[{\"@type\":\"Article\",\"@id\":\"https:\\\/\\\/voxsahel.com\\\/?p=3408#article\",\"isPartOf\":{\"@id\":\"https:\\\/\\\/voxsahel.com\\\/?p=3408\"},\"author\":{\"name\":\"Vox Sahel\",\"@id\":\"https:\\\/\\\/voxsahel.com\\\/#\\\/schema\\\/person\\\/b4043608248f8fa227cd760e7ff1e19e\"},\"headline\":\"Edito\\\/Rupture collective de je\u00fbne musulmans-chr\u00e9tiens\u00a0: Quand la fraternit\u00e9 burkinab\u00e8 transcende tout\u00a0!\",\"datePublished\":\"2026-03-09T10:02:44+00:00\",\"mainEntityOfPage\":{\"@id\":\"https:\\\/\\\/voxsahel.com\\\/?p=3408\"},\"wordCount\":397,\"commentCount\":0,\"publisher\":{\"@id\":\"https:\\\/\\\/voxsahel.com\\\/#organization\"},\"keywords\":[\"Car\u00eame\",\"Communaut\u00e9 musulmane du Burkina Faso\",\"F\u00e9d\u00e9ration des associations islamiques du Burkina\",\"Islam\",\"Je\u00fbne\",\"Ramadan\",\"Religion\"],\"articleSection\":[\"SOCIETE\"],\"inLanguage\":\"fr-FR\",\"potentialAction\":[{\"@type\":\"CommentAction\",\"name\":\"Comment\",\"target\":[\"https:\\\/\\\/voxsahel.com\\\/?p=3408#respond\"]}]},{\"@type\":\"WebPage\",\"@id\":\"https:\\\/\\\/voxsahel.com\\\/?p=3408\",\"url\":\"https:\\\/\\\/voxsahel.com\\\/?p=3408\",\"name\":\"Edito\\\/Rupture collective de je\u00fbne musulmans-chr\u00e9tiens\u00a0: Quand la fraternit\u00e9 burkinab\u00e8 transcende tout\u00a0! - Vox Sahel\",\"isPartOf\":{\"@id\":\"https:\\\/\\\/voxsahel.com\\\/#website\"},\"datePublished\":\"2026-03-09T10:02:44+00:00\",\"breadcrumb\":{\"@id\":\"https:\\\/\\\/voxsahel.com\\\/?p=3408#breadcrumb\"},\"inLanguage\":\"fr-FR\",\"potentialAction\":[{\"@type\":\"ReadAction\",\"target\":[\"https:\\\/\\\/voxsahel.com\\\/?p=3408\"]}]},{\"@type\":\"BreadcrumbList\",\"@id\":\"https:\\\/\\\/voxsahel.com\\\/?p=3408#breadcrumb\",\"itemListElement\":[{\"@type\":\"ListItem\",\"position\":1,\"name\":\"Home\",\"item\":\"https:\\\/\\\/voxsahel.com\\\/\"},{\"@type\":\"ListItem\",\"position\":2,\"name\":\"Edito\\\/Rupture collective de je\u00fbne musulmans-chr\u00e9tiens\u00a0: Quand la fraternit\u00e9 burkinab\u00e8 transcende tout\u00a0!\"}]},{\"@type\":\"WebSite\",\"@id\":\"https:\\\/\\\/voxsahel.com\\\/#website\",\"url\":\"https:\\\/\\\/voxsahel.com\\\/\",\"name\":\"Vox Sahel\",\"description\":\"Informez-vous sur le Sahel en un clic\",\"publisher\":{\"@id\":\"https:\\\/\\\/voxsahel.com\\\/#organization\"},\"potentialAction\":[{\"@type\":\"SearchAction\",\"target\":{\"@type\":\"EntryPoint\",\"urlTemplate\":\"https:\\\/\\\/voxsahel.com\\\/?s={search_term_string}\"},\"query-input\":{\"@type\":\"PropertyValueSpecification\",\"valueRequired\":true,\"valueName\":\"search_term_string\"}}],\"inLanguage\":\"fr-FR\"},{\"@type\":\"Organization\",\"@id\":\"https:\\\/\\\/voxsahel.com\\\/#organization\",\"name\":\"Vox Sahel\",\"url\":\"https:\\\/\\\/voxsahel.com\\\/\",\"logo\":{\"@type\":\"ImageObject\",\"inLanguage\":\"fr-FR\",\"@id\":\"https:\\\/\\\/voxsahel.com\\\/#\\\/schema\\\/logo\\\/image\\\/\",\"url\":\"https:\\\/\\\/voxsahel.com\\\/wp-content\\\/uploads\\\/2024\\\/09\\\/Logo-Vox-Sahel.jpg\",\"contentUrl\":\"https:\\\/\\\/voxsahel.com\\\/wp-content\\\/uploads\\\/2024\\\/09\\\/Logo-Vox-Sahel.jpg\",\"width\":1181,\"height\":848,\"caption\":\"Vox Sahel\"},\"image\":{\"@id\":\"https:\\\/\\\/voxsahel.com\\\/#\\\/schema\\\/logo\\\/image\\\/\"},\"sameAs\":[\"https:\\\/\\\/www.facebook.com\\\/journal.voxsahel\"]},{\"@type\":\"Person\",\"@id\":\"https:\\\/\\\/voxsahel.com\\\/#\\\/schema\\\/person\\\/b4043608248f8fa227cd760e7ff1e19e\",\"name\":\"Vox Sahel\",\"image\":{\"@type\":\"ImageObject\",\"inLanguage\":\"fr-FR\",\"@id\":\"https:\\\/\\\/secure.gravatar.com\\\/avatar\\\/f70e7fa0cb9b29d4a7c5788d6eb2e9ab4d3135cbae1c9161810fdf77a8964699?s=96&d=mm&r=g\",\"url\":\"https:\\\/\\\/secure.gravatar.com\\\/avatar\\\/f70e7fa0cb9b29d4a7c5788d6eb2e9ab4d3135cbae1c9161810fdf77a8964699?s=96&d=mm&r=g\",\"contentUrl\":\"https:\\\/\\\/secure.gravatar.com\\\/avatar\\\/f70e7fa0cb9b29d4a7c5788d6eb2e9ab4d3135cbae1c9161810fdf77a8964699?s=96&d=mm&r=g\",\"caption\":\"Vox Sahel\"},\"sameAs\":[\"http:\\\/\\\/www.voxsahel.com\"],\"url\":\"https:\\\/\\\/voxsahel.com\\\/?author=2\"}]}<\/script>\n<!-- \/ Yoast SEO plugin. -->","yoast_head_json":{"title":"Edito\/Rupture collective de je\u00fbne musulmans-chr\u00e9tiens\u00a0: Quand la fraternit\u00e9 burkinab\u00e8 transcende tout\u00a0! - Vox Sahel","robots":{"index":"index","follow":"follow","max-snippet":"max-snippet:-1","max-image-preview":"max-image-preview:large","max-video-preview":"max-video-preview:-1"},"canonical":"https:\/\/voxsahel.com\/?p=3408","og_locale":"fr_FR","og_type":"article","og_title":"Edito\/Rupture collective de je\u00fbne musulmans-chr\u00e9tiens\u00a0: Quand la fraternit\u00e9 burkinab\u00e8 transcende tout\u00a0! - Vox Sahel","og_description":"Depuis quelques ann\u00e9es au Burkina Faso, un constat encourageant se d\u00e9gage \u00e0 chaque p\u00e9riode de","og_url":"https:\/\/voxsahel.com\/?p=3408","og_site_name":"Vox Sahel","article_publisher":"https:\/\/www.facebook.com\/journal.voxsahel","article_published_time":"2026-03-09T10:02:44+00:00","og_image":[{"width":1181,"height":848,"url":"https:\/\/voxsahel.com\/wp-content\/uploads\/2024\/09\/Logo-Vox-Sahel.jpg","type":"image\/jpeg"}],"author":"Vox Sahel","twitter_card":"summary_large_image","twitter_misc":{"\u00c9crit par":"Vox Sahel","Dur\u00e9e de lecture estim\u00e9e":"2 minutes"},"schema":{"@context":"https:\/\/schema.org","@graph":[{"@type":"Article","@id":"https:\/\/voxsahel.com\/?p=3408#article","isPartOf":{"@id":"https:\/\/voxsahel.com\/?p=3408"},"author":{"name":"Vox Sahel","@id":"https:\/\/voxsahel.com\/#\/schema\/person\/b4043608248f8fa227cd760e7ff1e19e"},"headline":"Edito\/Rupture collective de je\u00fbne musulmans-chr\u00e9tiens\u00a0: Quand la fraternit\u00e9 burkinab\u00e8 transcende tout\u00a0!","datePublished":"2026-03-09T10:02:44+00:00","mainEntityOfPage":{"@id":"https:\/\/voxsahel.com\/?p=3408"},"wordCount":397,"commentCount":0,"publisher":{"@id":"https:\/\/voxsahel.com\/#organization"},"keywords":["Car\u00eame","Communaut\u00e9 musulmane du Burkina Faso","F\u00e9d\u00e9ration des associations islamiques du Burkina","Islam","Je\u00fbne","Ramadan","Religion"],"articleSection":["SOCIETE"],"inLanguage":"fr-FR","potentialAction":[{"@type":"CommentAction","name":"Comment","target":["https:\/\/voxsahel.com\/?p=3408#respond"]}]},{"@type":"WebPage","@id":"https:\/\/voxsahel.com\/?p=3408","url":"https:\/\/voxsahel.com\/?p=3408","name":"Edito\/Rupture collective de je\u00fbne musulmans-chr\u00e9tiens\u00a0: Quand la fraternit\u00e9 burkinab\u00e8 transcende tout\u00a0! - Vox Sahel","isPartOf":{"@id":"https:\/\/voxsahel.com\/#website"},"datePublished":"2026-03-09T10:02:44+00:00","breadcrumb":{"@id":"https:\/\/voxsahel.com\/?p=3408#breadcrumb"},"inLanguage":"fr-FR","potentialAction":[{"@type":"ReadAction","target":["https:\/\/voxsahel.com\/?p=3408"]}]},{"@type":"BreadcrumbList","@id":"https:\/\/voxsahel.com\/?p=3408#breadcrumb","itemListElement":[{"@type":"ListItem","position":1,"name":"Home","item":"https:\/\/voxsahel.com\/"},{"@type":"ListItem","position":2,"name":"Edito\/Rupture collective de je\u00fbne musulmans-chr\u00e9tiens\u00a0: Quand la fraternit\u00e9 burkinab\u00e8 transcende tout\u00a0!"}]},{"@type":"WebSite","@id":"https:\/\/voxsahel.com\/#website","url":"https:\/\/voxsahel.com\/","name":"Vox Sahel","description":"Informez-vous sur le Sahel en un clic","publisher":{"@id":"https:\/\/voxsahel.com\/#organization"},"potentialAction":[{"@type":"SearchAction","target":{"@type":"EntryPoint","urlTemplate":"https:\/\/voxsahel.com\/?s={search_term_string}"},"query-input":{"@type":"PropertyValueSpecification","valueRequired":true,"valueName":"search_term_string"}}],"inLanguage":"fr-FR"},{"@type":"Organization","@id":"https:\/\/voxsahel.com\/#organization","name":"Vox Sahel","url":"https:\/\/voxsahel.com\/","logo":{"@type":"ImageObject","inLanguage":"fr-FR","@id":"https:\/\/voxsahel.com\/#\/schema\/logo\/image\/","url":"https:\/\/voxsahel.com\/wp-content\/uploads\/2024\/09\/Logo-Vox-Sahel.jpg","contentUrl":"https:\/\/voxsahel.com\/wp-content\/uploads\/2024\/09\/Logo-Vox-Sahel.jpg","width":1181,"height":848,"caption":"Vox Sahel"},"image":{"@id":"https:\/\/voxsahel.com\/#\/schema\/logo\/image\/"},"sameAs":["https:\/\/www.facebook.com\/journal.voxsahel"]},{"@type":"Person","@id":"https:\/\/voxsahel.com\/#\/schema\/person\/b4043608248f8fa227cd760e7ff1e19e","name":"Vox Sahel","image":{"@type":"ImageObject","inLanguage":"fr-FR","@id":"https:\/\/secure.gravatar.com\/avatar\/f70e7fa0cb9b29d4a7c5788d6eb2e9ab4d3135cbae1c9161810fdf77a8964699?s=96&d=mm&r=g","url":"https:\/\/secure.gravatar.com\/avatar\/f70e7fa0cb9b29d4a7c5788d6eb2e9ab4d3135cbae1c9161810fdf77a8964699?s=96&d=mm&r=g","contentUrl":"https:\/\/secure.gravatar.com\/avatar\/f70e7fa0cb9b29d4a7c5788d6eb2e9ab4d3135cbae1c9161810fdf77a8964699?s=96&d=mm&r=g","caption":"Vox Sahel"},"sameAs":["http:\/\/www.voxsahel.com"],"url":"https:\/\/voxsahel.com\/?author=2"}]}},"_links":{"self":[{"href":"https:\/\/voxsahel.com\/index.php?rest_route=\/wp\/v2\/posts\/3408","targetHints":{"allow":["GET"]}}],"collection":[{"href":"https:\/\/voxsahel.com\/index.php?rest_route=\/wp\/v2\/posts"}],"about":[{"href":"https:\/\/voxsahel.com\/index.php?rest_route=\/wp\/v2\/types\/post"}],"author":[{"embeddable":true,"href":"https:\/\/voxsahel.com\/index.php?rest_route=\/wp\/v2\/users\/2"}],"replies":[{"embeddable":true,"href":"https:\/\/voxsahel.com\/index.php?rest_route=%2Fwp%2Fv2%2Fcomments&post=3408"}],"version-history":[{"count":1,"href":"https:\/\/voxsahel.com\/index.php?rest_route=\/wp\/v2\/posts\/3408\/revisions"}],"predecessor-version":[{"id":3409,"href":"https:\/\/voxsahel.com\/index.php?rest_route=\/wp\/v2\/posts\/3408\/revisions\/3409"}],"wp:attachment":[{"href":"https:\/\/voxsahel.com\/index.php?rest_route=%2Fwp%2Fv2%2Fmedia&parent=3408"}],"wp:term":[{"taxonomy":"category","embeddable":true,"href":"https:\/\/voxsahel.com\/index.php?rest_route=%2Fwp%2Fv2%2Fcategories&post=3408"},{"taxonomy":"post_tag","embeddable":true,"href":"https:\/\/voxsahel.com\/index.php?rest_route=%2Fwp%2Fv2%2Ftags&post=3408"}],"curies":[{"name":"wp","href":"https:\/\/api.w.org\/{rel}","templated":true}]}}