{"id":3404,"date":"2026-03-08T04:56:46","date_gmt":"2026-03-08T04:56:46","guid":{"rendered":"https:\/\/voxsahel.com\/?p=3404"},"modified":"2026-03-08T05:03:03","modified_gmt":"2026-03-08T05:03:03","slug":"journee-internationale-des-droits-des-femmes-2026-message-du-directeur-general-de-nutrifor-industrie-sa","status":"publish","type":"post","link":"https:\/\/voxsahel.com\/?p=3404","title":{"rendered":"Journ\u00e9e Internationale des Droits des Femmes 2026 : Message du Directeur G\u00e9n\u00e9ral de Nutrifor Industrie SA"},"content":{"rendered":"<p class=\"p1\">Message du Directeur G\u00e9n\u00e9ral de Nutrifor Industrie SA \u00e0 l\u2019occasion de la 169\u00e8me \u00e9dition de la Journ\u00e9e Internationale des Droits des Femmes 2026<\/p>\n<p class=\"p1\"><span class=\"s2\">En ce <\/span><span class=\"s3\">8 mars 2026<\/span><span class=\"s2\">, journ\u00e9e d\u00e9di\u00e9e \u00e0 la c\u00e9l\u00e9bration de la femme \u00e0 travers le monde, je souhaite rendre un hommage sinc\u00e8re et profond\u00e9ment respectueux \u00e0 toutes les femmes du Burkina Faso.<\/span><\/p>\n<p class=\"p1\"><span class=\"s2\">Cette ann\u00e9e, notre pays nous invite \u00e0 r\u00e9fl\u00e9chir autour du th\u00e8me : <\/span><span class=\"s1\">\u00ab <\/span><span class=\"s3\">B\u00e2tir une paix durable au Burkina Faso : quelles contributions des femmes et des filles \u00e0 la promotion du vivre-ensemble<\/span><span class=\"s1\"> \u00bb<\/span><span class=\"s2\">. Ce th\u00e8me nous rappelle avec force que les femmes sont au c\u0153ur de la r\u00e9silience de notre nation. Par leur courage, leur engagement et leur sens du sacrifice, elles sont des piliers de la coh\u00e9sion sociale, des promotrices du vivre-ensemble et de v\u00e9ritables artisanes de la paix.<\/span><\/p>\n<p class=\"p1\"><span class=\"s2\">Chez <\/span><span class=\"s1\">Nutrifor Industrie SA<\/span><span class=\"s2\">, nous sommes convaincus que l\u2019autonomisation \u00e9conomique des femmes constitue un levier essentiel pour renforcer la stabilit\u00e9 des familles et consolider une paix durable. C\u2019est pourquoi nous offrons aux femmes des opportunit\u00e9s concr\u00e8tes \u00e0 travers la vente en d\u00e9tail de nos produits cr\u00e9ant ainsi des activit\u00e9s g\u00e9n\u00e9ratrices de revenus Par les emplois saisonniers et temporaires offerts nous permettons aux femmes de disposer de ressources pour subvenir dignement aux besoins de leurs familles.<\/span><\/p>\n<p class=\"p1\"><span class=\"s2\">Aussi, dans le contexte de la <\/span><span class=\"s1\">R\u00e9volution Populaire Progressiste<\/span><span class=\"s2\">, nous devons \u00e9galement repenser nos choix de consommation et notre responsabilit\u00e9 collective envers les g\u00e9n\u00e9rations futures. Nous ne pouvons plus continuer \u00e0 nourrir nos enfants exclusivement avec des produits import\u00e9s dont nous ne ma\u00eetrisons ni la qualit\u00e9, ni le processus de fabrication. C\u2019est dans cette vision que <\/span><span class=\"s1\">Nutrifor Industrie SA<\/span><span class=\"s2\"> s\u2019engage \u00e0 promouvoir des solutions locales et s\u00fbres, notamment \u00e0 travers la <\/span><span class=\"s1\">farine infantile Super L\u00e9o<\/span><span class=\"s2\">, produite \u00e0 partir de mati\u00e8res premi\u00e8res locales soigneusement s\u00e9lectionn\u00e9es afin d\u2019offrir aux enfants une alimentation nutritive, saine et adapt\u00e9e \u00e0 nos r\u00e9alit\u00e9s.<\/span><\/p>\n<p class=\"p1\"><span class=\"s2\">Ch\u00e8res femmes du Burkina Faso, votre r\u00f4le est d\u00e9terminant dans la construction d\u2019un pays plus uni, plus r\u00e9silient et plus souverain.<\/span><\/p>\n<p class=\"p1\"><span class=\"s3\">Femmes, ensemble, continuons \u00e0 soutenir les initiatives nationales, \u00e0 promouvoir nos produits et \u00e0 b\u00e2tir un Burkina Faso plus fort, solidaire et r\u00e9silient.<\/span><\/p>\n<p class=\"p1\"><span class=\"s3\">\u00a0<\/span><\/p>\n<p class=\"p1\" style=\"text-align: right;\"><strong><span class=\"s3\">Hamadou PARE\/DG Nutrifor Industrie SA<\/span><\/strong><\/p>\n","protected":false},"excerpt":{"rendered":"<p>Message du Directeur G\u00e9n\u00e9ral de Nutrifor Industrie SA \u00e0 l\u2019occasion de la 169\u00e8me \u00e9dition de<\/p>\n","protected":false},"author":2,"featured_media":3407,"comment_status":"open","ping_status":"open","sticky":false,"template":"","format":"standard","meta":{"_et_pb_use_builder":"","_et_pb_old_content":"","_et_gb_content_width":"","footnotes":""},"categories":[5],"tags":[],"class_list":["post-3404","post","type-post","status-publish","format-standard","has-post-thumbnail","hentry","category-societe"],"yoast_head":"<!-- This site is optimized with the Yoast SEO plugin v27.4 - https:\/\/yoast.com\/product\/yoast-seo-wordpress\/ -->\n<title>Journ\u00e9e Internationale des Droits des Femmes 2026 : Message du Directeur G\u00e9n\u00e9ral de Nutrifor Industrie SA - Vox Sahel<\/title>\n<meta name=\"robots\" content=\"index, follow, max-snippet:-1, max-image-preview:large, max-video-preview:-1\" \/>\n<link rel=\"canonical\" href=\"https:\/\/voxsahel.com\/?p=3404\" \/>\n<meta property=\"og:locale\" content=\"fr_FR\" \/>\n<meta property=\"og:type\" content=\"article\" \/>\n<meta property=\"og:title\" content=\"Journ\u00e9e Internationale des Droits des Femmes 2026 : Message du Directeur G\u00e9n\u00e9ral de Nutrifor Industrie SA - Vox Sahel\" \/>\n<meta property=\"og:description\" content=\"Message du Directeur G\u00e9n\u00e9ral de Nutrifor Industrie SA \u00e0 l\u2019occasion de la 169\u00e8me \u00e9dition de\" \/>\n<meta property=\"og:url\" content=\"https:\/\/voxsahel.com\/?p=3404\" \/>\n<meta property=\"og:site_name\" content=\"Vox Sahel\" \/>\n<meta property=\"article:publisher\" content=\"https:\/\/www.facebook.com\/journal.voxsahel\" \/>\n<meta property=\"article:published_time\" content=\"2026-03-08T04:56:46+00:00\" \/>\n<meta property=\"article:modified_time\" content=\"2026-03-08T05:03:03+00:00\" \/>\n<meta property=\"og:image\" content=\"https:\/\/voxsahel.com\/wp-content\/uploads\/2026\/03\/23ac376f-c220-4ff1-9f2f-614acf0b0d0b.jpeg\" \/>\n\t<meta property=\"og:image:width\" content=\"271\" \/>\n\t<meta property=\"og:image:height\" content=\"320\" \/>\n\t<meta property=\"og:image:type\" content=\"image\/jpeg\" \/>\n<meta name=\"author\" content=\"Vox Sahel\" \/>\n<meta name=\"twitter:card\" content=\"summary_large_image\" \/>\n<meta name=\"twitter:label1\" content=\"\u00c9crit par\" \/>\n\t<meta name=\"twitter:data1\" content=\"Vox Sahel\" \/>\n\t<meta name=\"twitter:label2\" content=\"Dur\u00e9e de lecture estim\u00e9e\" \/>\n\t<meta name=\"twitter:data2\" content=\"3 minutes\" \/>\n<script type=\"application\/ld+json\" class=\"yoast-schema-graph\">{\"@context\":\"https:\\\/\\\/schema.org\",\"@graph\":[{\"@type\":\"Article\",\"@id\":\"https:\\\/\\\/voxsahel.com\\\/?p=3404#article\",\"isPartOf\":{\"@id\":\"https:\\\/\\\/voxsahel.com\\\/?p=3404\"},\"author\":{\"name\":\"Vox Sahel\",\"@id\":\"https:\\\/\\\/voxsahel.com\\\/#\\\/schema\\\/person\\\/b4043608248f8fa227cd760e7ff1e19e\"},\"headline\":\"Journ\u00e9e Internationale des Droits des Femmes 2026 : Message du Directeur G\u00e9n\u00e9ral de Nutrifor Industrie SA\",\"datePublished\":\"2026-03-08T04:56:46+00:00\",\"dateModified\":\"2026-03-08T05:03:03+00:00\",\"mainEntityOfPage\":{\"@id\":\"https:\\\/\\\/voxsahel.com\\\/?p=3404\"},\"wordCount\":408,\"commentCount\":0,\"publisher\":{\"@id\":\"https:\\\/\\\/voxsahel.com\\\/#organization\"},\"image\":{\"@id\":\"https:\\\/\\\/voxsahel.com\\\/?p=3404#primaryimage\"},\"thumbnailUrl\":\"https:\\\/\\\/voxsahel.com\\\/wp-content\\\/uploads\\\/2026\\\/03\\\/23ac376f-c220-4ff1-9f2f-614acf0b0d0b.jpeg\",\"articleSection\":[\"SOCIETE\"],\"inLanguage\":\"fr-FR\",\"potentialAction\":[{\"@type\":\"CommentAction\",\"name\":\"Comment\",\"target\":[\"https:\\\/\\\/voxsahel.com\\\/?p=3404#respond\"]}]},{\"@type\":\"WebPage\",\"@id\":\"https:\\\/\\\/voxsahel.com\\\/?p=3404\",\"url\":\"https:\\\/\\\/voxsahel.com\\\/?p=3404\",\"name\":\"Journ\u00e9e Internationale des Droits des Femmes 2026 : Message du Directeur G\u00e9n\u00e9ral de Nutrifor Industrie SA - Vox Sahel\",\"isPartOf\":{\"@id\":\"https:\\\/\\\/voxsahel.com\\\/#website\"},\"primaryImageOfPage\":{\"@id\":\"https:\\\/\\\/voxsahel.com\\\/?p=3404#primaryimage\"},\"image\":{\"@id\":\"https:\\\/\\\/voxsahel.com\\\/?p=3404#primaryimage\"},\"thumbnailUrl\":\"https:\\\/\\\/voxsahel.com\\\/wp-content\\\/uploads\\\/2026\\\/03\\\/23ac376f-c220-4ff1-9f2f-614acf0b0d0b.jpeg\",\"datePublished\":\"2026-03-08T04:56:46+00:00\",\"dateModified\":\"2026-03-08T05:03:03+00:00\",\"breadcrumb\":{\"@id\":\"https:\\\/\\\/voxsahel.com\\\/?p=3404#breadcrumb\"},\"inLanguage\":\"fr-FR\",\"potentialAction\":[{\"@type\":\"ReadAction\",\"target\":[\"https:\\\/\\\/voxsahel.com\\\/?p=3404\"]}]},{\"@type\":\"ImageObject\",\"inLanguage\":\"fr-FR\",\"@id\":\"https:\\\/\\\/voxsahel.com\\\/?p=3404#primaryimage\",\"url\":\"https:\\\/\\\/voxsahel.com\\\/wp-content\\\/uploads\\\/2026\\\/03\\\/23ac376f-c220-4ff1-9f2f-614acf0b0d0b.jpeg\",\"contentUrl\":\"https:\\\/\\\/voxsahel.com\\\/wp-content\\\/uploads\\\/2026\\\/03\\\/23ac376f-c220-4ff1-9f2f-614acf0b0d0b.jpeg\",\"width\":271,\"height\":320},{\"@type\":\"BreadcrumbList\",\"@id\":\"https:\\\/\\\/voxsahel.com\\\/?p=3404#breadcrumb\",\"itemListElement\":[{\"@type\":\"ListItem\",\"position\":1,\"name\":\"Home\",\"item\":\"https:\\\/\\\/voxsahel.com\\\/\"},{\"@type\":\"ListItem\",\"position\":2,\"name\":\"Journ\u00e9e Internationale des Droits des Femmes 2026 : Message du Directeur G\u00e9n\u00e9ral de Nutrifor Industrie SA\"}]},{\"@type\":\"WebSite\",\"@id\":\"https:\\\/\\\/voxsahel.com\\\/#website\",\"url\":\"https:\\\/\\\/voxsahel.com\\\/\",\"name\":\"Vox Sahel\",\"description\":\"Informez-vous sur le Sahel en un clic\",\"publisher\":{\"@id\":\"https:\\\/\\\/voxsahel.com\\\/#organization\"},\"potentialAction\":[{\"@type\":\"SearchAction\",\"target\":{\"@type\":\"EntryPoint\",\"urlTemplate\":\"https:\\\/\\\/voxsahel.com\\\/?s={search_term_string}\"},\"query-input\":{\"@type\":\"PropertyValueSpecification\",\"valueRequired\":true,\"valueName\":\"search_term_string\"}}],\"inLanguage\":\"fr-FR\"},{\"@type\":\"Organization\",\"@id\":\"https:\\\/\\\/voxsahel.com\\\/#organization\",\"name\":\"Vox Sahel\",\"url\":\"https:\\\/\\\/voxsahel.com\\\/\",\"logo\":{\"@type\":\"ImageObject\",\"inLanguage\":\"fr-FR\",\"@id\":\"https:\\\/\\\/voxsahel.com\\\/#\\\/schema\\\/logo\\\/image\\\/\",\"url\":\"https:\\\/\\\/voxsahel.com\\\/wp-content\\\/uploads\\\/2024\\\/09\\\/Logo-Vox-Sahel.jpg\",\"contentUrl\":\"https:\\\/\\\/voxsahel.com\\\/wp-content\\\/uploads\\\/2024\\\/09\\\/Logo-Vox-Sahel.jpg\",\"width\":1181,\"height\":848,\"caption\":\"Vox Sahel\"},\"image\":{\"@id\":\"https:\\\/\\\/voxsahel.com\\\/#\\\/schema\\\/logo\\\/image\\\/\"},\"sameAs\":[\"https:\\\/\\\/www.facebook.com\\\/journal.voxsahel\"]},{\"@type\":\"Person\",\"@id\":\"https:\\\/\\\/voxsahel.com\\\/#\\\/schema\\\/person\\\/b4043608248f8fa227cd760e7ff1e19e\",\"name\":\"Vox Sahel\",\"image\":{\"@type\":\"ImageObject\",\"inLanguage\":\"fr-FR\",\"@id\":\"https:\\\/\\\/secure.gravatar.com\\\/avatar\\\/f70e7fa0cb9b29d4a7c5788d6eb2e9ab4d3135cbae1c9161810fdf77a8964699?s=96&d=mm&r=g\",\"url\":\"https:\\\/\\\/secure.gravatar.com\\\/avatar\\\/f70e7fa0cb9b29d4a7c5788d6eb2e9ab4d3135cbae1c9161810fdf77a8964699?s=96&d=mm&r=g\",\"contentUrl\":\"https:\\\/\\\/secure.gravatar.com\\\/avatar\\\/f70e7fa0cb9b29d4a7c5788d6eb2e9ab4d3135cbae1c9161810fdf77a8964699?s=96&d=mm&r=g\",\"caption\":\"Vox Sahel\"},\"sameAs\":[\"http:\\\/\\\/www.voxsahel.com\"],\"url\":\"https:\\\/\\\/voxsahel.com\\\/?author=2\"}]}<\/script>\n<!-- \/ Yoast SEO plugin. -->","yoast_head_json":{"title":"Journ\u00e9e Internationale des Droits des Femmes 2026 : Message du Directeur G\u00e9n\u00e9ral de Nutrifor Industrie SA - Vox Sahel","robots":{"index":"index","follow":"follow","max-snippet":"max-snippet:-1","max-image-preview":"max-image-preview:large","max-video-preview":"max-video-preview:-1"},"canonical":"https:\/\/voxsahel.com\/?p=3404","og_locale":"fr_FR","og_type":"article","og_title":"Journ\u00e9e Internationale des Droits des Femmes 2026 : Message du Directeur G\u00e9n\u00e9ral de Nutrifor Industrie SA - Vox Sahel","og_description":"Message du Directeur G\u00e9n\u00e9ral de Nutrifor Industrie SA \u00e0 l\u2019occasion de la 169\u00e8me \u00e9dition de","og_url":"https:\/\/voxsahel.com\/?p=3404","og_site_name":"Vox Sahel","article_publisher":"https:\/\/www.facebook.com\/journal.voxsahel","article_published_time":"2026-03-08T04:56:46+00:00","article_modified_time":"2026-03-08T05:03:03+00:00","og_image":[{"width":271,"height":320,"url":"https:\/\/voxsahel.com\/wp-content\/uploads\/2026\/03\/23ac376f-c220-4ff1-9f2f-614acf0b0d0b.jpeg","type":"image\/jpeg"}],"author":"Vox Sahel","twitter_card":"summary_large_image","twitter_misc":{"\u00c9crit par":"Vox Sahel","Dur\u00e9e de lecture estim\u00e9e":"3 minutes"},"schema":{"@context":"https:\/\/schema.org","@graph":[{"@type":"Article","@id":"https:\/\/voxsahel.com\/?p=3404#article","isPartOf":{"@id":"https:\/\/voxsahel.com\/?p=3404"},"author":{"name":"Vox Sahel","@id":"https:\/\/voxsahel.com\/#\/schema\/person\/b4043608248f8fa227cd760e7ff1e19e"},"headline":"Journ\u00e9e Internationale des Droits des Femmes 2026 : Message du Directeur G\u00e9n\u00e9ral de Nutrifor Industrie SA","datePublished":"2026-03-08T04:56:46+00:00","dateModified":"2026-03-08T05:03:03+00:00","mainEntityOfPage":{"@id":"https:\/\/voxsahel.com\/?p=3404"},"wordCount":408,"commentCount":0,"publisher":{"@id":"https:\/\/voxsahel.com\/#organization"},"image":{"@id":"https:\/\/voxsahel.com\/?p=3404#primaryimage"},"thumbnailUrl":"https:\/\/voxsahel.com\/wp-content\/uploads\/2026\/03\/23ac376f-c220-4ff1-9f2f-614acf0b0d0b.jpeg","articleSection":["SOCIETE"],"inLanguage":"fr-FR","potentialAction":[{"@type":"CommentAction","name":"Comment","target":["https:\/\/voxsahel.com\/?p=3404#respond"]}]},{"@type":"WebPage","@id":"https:\/\/voxsahel.com\/?p=3404","url":"https:\/\/voxsahel.com\/?p=3404","name":"Journ\u00e9e Internationale des Droits des Femmes 2026 : Message du Directeur G\u00e9n\u00e9ral de Nutrifor Industrie SA - Vox Sahel","isPartOf":{"@id":"https:\/\/voxsahel.com\/#website"},"primaryImageOfPage":{"@id":"https:\/\/voxsahel.com\/?p=3404#primaryimage"},"image":{"@id":"https:\/\/voxsahel.com\/?p=3404#primaryimage"},"thumbnailUrl":"https:\/\/voxsahel.com\/wp-content\/uploads\/2026\/03\/23ac376f-c220-4ff1-9f2f-614acf0b0d0b.jpeg","datePublished":"2026-03-08T04:56:46+00:00","dateModified":"2026-03-08T05:03:03+00:00","breadcrumb":{"@id":"https:\/\/voxsahel.com\/?p=3404#breadcrumb"},"inLanguage":"fr-FR","potentialAction":[{"@type":"ReadAction","target":["https:\/\/voxsahel.com\/?p=3404"]}]},{"@type":"ImageObject","inLanguage":"fr-FR","@id":"https:\/\/voxsahel.com\/?p=3404#primaryimage","url":"https:\/\/voxsahel.com\/wp-content\/uploads\/2026\/03\/23ac376f-c220-4ff1-9f2f-614acf0b0d0b.jpeg","contentUrl":"https:\/\/voxsahel.com\/wp-content\/uploads\/2026\/03\/23ac376f-c220-4ff1-9f2f-614acf0b0d0b.jpeg","width":271,"height":320},{"@type":"BreadcrumbList","@id":"https:\/\/voxsahel.com\/?p=3404#breadcrumb","itemListElement":[{"@type":"ListItem","position":1,"name":"Home","item":"https:\/\/voxsahel.com\/"},{"@type":"ListItem","position":2,"name":"Journ\u00e9e Internationale des Droits des Femmes 2026 : Message du Directeur G\u00e9n\u00e9ral de Nutrifor Industrie SA"}]},{"@type":"WebSite","@id":"https:\/\/voxsahel.com\/#website","url":"https:\/\/voxsahel.com\/","name":"Vox Sahel","description":"Informez-vous sur le Sahel en un clic","publisher":{"@id":"https:\/\/voxsahel.com\/#organization"},"potentialAction":[{"@type":"SearchAction","target":{"@type":"EntryPoint","urlTemplate":"https:\/\/voxsahel.com\/?s={search_term_string}"},"query-input":{"@type":"PropertyValueSpecification","valueRequired":true,"valueName":"search_term_string"}}],"inLanguage":"fr-FR"},{"@type":"Organization","@id":"https:\/\/voxsahel.com\/#organization","name":"Vox Sahel","url":"https:\/\/voxsahel.com\/","logo":{"@type":"ImageObject","inLanguage":"fr-FR","@id":"https:\/\/voxsahel.com\/#\/schema\/logo\/image\/","url":"https:\/\/voxsahel.com\/wp-content\/uploads\/2024\/09\/Logo-Vox-Sahel.jpg","contentUrl":"https:\/\/voxsahel.com\/wp-content\/uploads\/2024\/09\/Logo-Vox-Sahel.jpg","width":1181,"height":848,"caption":"Vox Sahel"},"image":{"@id":"https:\/\/voxsahel.com\/#\/schema\/logo\/image\/"},"sameAs":["https:\/\/www.facebook.com\/journal.voxsahel"]},{"@type":"Person","@id":"https:\/\/voxsahel.com\/#\/schema\/person\/b4043608248f8fa227cd760e7ff1e19e","name":"Vox Sahel","image":{"@type":"ImageObject","inLanguage":"fr-FR","@id":"https:\/\/secure.gravatar.com\/avatar\/f70e7fa0cb9b29d4a7c5788d6eb2e9ab4d3135cbae1c9161810fdf77a8964699?s=96&d=mm&r=g","url":"https:\/\/secure.gravatar.com\/avatar\/f70e7fa0cb9b29d4a7c5788d6eb2e9ab4d3135cbae1c9161810fdf77a8964699?s=96&d=mm&r=g","contentUrl":"https:\/\/secure.gravatar.com\/avatar\/f70e7fa0cb9b29d4a7c5788d6eb2e9ab4d3135cbae1c9161810fdf77a8964699?s=96&d=mm&r=g","caption":"Vox Sahel"},"sameAs":["http:\/\/www.voxsahel.com"],"url":"https:\/\/voxsahel.com\/?author=2"}]}},"_links":{"self":[{"href":"https:\/\/voxsahel.com\/index.php?rest_route=\/wp\/v2\/posts\/3404","targetHints":{"allow":["GET"]}}],"collection":[{"href":"https:\/\/voxsahel.com\/index.php?rest_route=\/wp\/v2\/posts"}],"about":[{"href":"https:\/\/voxsahel.com\/index.php?rest_route=\/wp\/v2\/types\/post"}],"author":[{"embeddable":true,"href":"https:\/\/voxsahel.com\/index.php?rest_route=\/wp\/v2\/users\/2"}],"replies":[{"embeddable":true,"href":"https:\/\/voxsahel.com\/index.php?rest_route=%2Fwp%2Fv2%2Fcomments&post=3404"}],"version-history":[{"count":1,"href":"https:\/\/voxsahel.com\/index.php?rest_route=\/wp\/v2\/posts\/3404\/revisions"}],"predecessor-version":[{"id":3406,"href":"https:\/\/voxsahel.com\/index.php?rest_route=\/wp\/v2\/posts\/3404\/revisions\/3406"}],"wp:featuredmedia":[{"embeddable":true,"href":"https:\/\/voxsahel.com\/index.php?rest_route=\/wp\/v2\/media\/3407"}],"wp:attachment":[{"href":"https:\/\/voxsahel.com\/index.php?rest_route=%2Fwp%2Fv2%2Fmedia&parent=3404"}],"wp:term":[{"taxonomy":"category","embeddable":true,"href":"https:\/\/voxsahel.com\/index.php?rest_route=%2Fwp%2Fv2%2Fcategories&post=3404"},{"taxonomy":"post_tag","embeddable":true,"href":"https:\/\/voxsahel.com\/index.php?rest_route=%2Fwp%2Fv2%2Ftags&post=3404"}],"curies":[{"name":"wp","href":"https:\/\/api.w.org\/{rel}","templated":true}]}}