{"id":340,"date":"2024-09-23T22:09:36","date_gmt":"2024-09-23T22:09:36","guid":{"rendered":"https:\/\/voxsahel.com\/?p=340"},"modified":"2024-09-23T22:09:36","modified_gmt":"2024-09-23T22:09:36","slug":"tentatives-de-destabilisation-au-burkina-faso-le-ministre-de-la-securite-revele-un-vaste-complot","status":"publish","type":"post","link":"https:\/\/voxsahel.com\/?p=340","title":{"rendered":"Tentatives de d\u00e9stabilisation au Burkina Faso : le ministre de la S\u00e9curit\u00e9 r\u00e9v\u00e8le un vaste complot"},"content":{"rendered":"<p><strong>Lors d&rsquo;une d\u00e9claration diffus\u00e9e \u00e0 la t\u00e9l\u00e9vision nationale le lundi 23 septembre 2024, le ministre burkinab\u00e8 de la S\u00e9curit\u00e9, Mahamadou Sana, a expos\u00e9 les d\u00e9tails d&rsquo;un vaste complot visant \u00e0 d\u00e9stabiliser le Burkina Faso. Ce plan, orchestr\u00e9 depuis l&rsquo;\u00e9tranger et soutenu par des forces internes, avait pour objectif de saper la souverainet\u00e9 nationale \u00e0 travers une s\u00e9rie d&rsquo;attaques coordonn\u00e9es.<\/strong><\/p>\n<p><a href=\"https:\/\/voxsahel.com\/wp-content\/uploads\/2024\/09\/IMG_0970.mp4\">Tentatives de d\u00e9stabilisation au Burkina Faso : le ministre de la S\u00e9curit\u00e9 r\u00e9v\u00e8le un vaste complot<\/a><\/p>\n<p>Selon le ministre, des informations recueillies gr\u00e2ce \u00e0 la collaboration avec les services de renseignement de l&rsquo;Alliance des Etats du Sahel ont permis de suivre de pr\u00e8s les activit\u00e9s d&rsquo;un r\u00e9seau compos\u00e9 d&rsquo;individus r\u00e9sidant en C\u00f4te d&rsquo;Ivoire. Ces acteurs, soutenus par des services de renseignement \u00e9trangers, comprenaient aussi bien des civils que des militaires, actifs dans des op\u00e9rations de subversion contre le pays.<\/p>\n<p>Le ministre Sana a r\u00e9v\u00e9l\u00e9 que ces d\u00e9stabilisateurs avaient conclu un contrat avec des groupes terroristes, baptis\u00e9s \u00ab Les Centraux \u00bb, auxquels ils avaient fourni des formations sp\u00e9cifiques. Les premi\u00e8res actions incluaient l&rsquo;attaque sanglante de Barsalogho le 24 ao\u00fbt 2024, un massacre de civils destin\u00e9 \u00e0 semer la terreur et faciliter des offensives majeures contre des institutions r\u00e9publicaines.<\/p>\n<p>Un groupe de 150 terroristes, parti du centre-est du pays, devait attaquer Ouagadougou, avec pour objectif la prise du palais pr\u00e9sidentiel \u00e0 Koulouba. D&rsquo;autres groupes, infiltr\u00e9s depuis la C\u00f4te d&rsquo;Ivoire, \u00e9taient charg\u00e9s de bloquer l&rsquo;a\u00e9roport, d&rsquo;attaquer des bases militaires, et de semer la confusion parmi les forces burkinab\u00e8.<\/p>\n<p>L&rsquo;op\u00e9ration de suivi men\u00e9e par les services de s\u00e9curit\u00e9 a permis l&rsquo;arrestation de plusieurs suspects, dont le commandant Ahmed Kinda, alias Akoshi, qui se cachait sous une fausse identit\u00e9 au Niger. Ancien chef des forces sp\u00e9ciales, il est soup\u00e7onn\u00e9 d&rsquo;avoir dirig\u00e9 les op\u00e9rations terroristes. Les deux chefs terroristes captur\u00e9s \u00e0 ses c\u00f4t\u00e9s, Ousmane Abdoulaye et Amadou Amadou Idrissa, ont \u00e9galement avou\u00e9 leur implication.<\/p>\n<p>Parmi les autres cerveaux du complot, Aziz Diallo, ancien maire et d\u00e9put\u00e9 de Dori, aujourd&rsquo;hui en Centrafrique, est suspect\u00e9 de lien avec des groupes terroristes sah\u00e9liens. D&rsquo;autres personnalit\u00e9s influentes, dont d&rsquo;anciens responsables militaires et politiques comme Djibril Yip\u00e9n\u00e9 Bassol\u00e9, Newton Ahmed Barry et Fran\u00e7ois Zoungrana, sont \u00e9galement mentionn\u00e9es.<\/p>\n<p>Face \u00e0 la gravit\u00e9 de la situation, le ministre a indiqu\u00e9 que des op\u00e9rations antiterroristes sp\u00e9ciales ont \u00e9t\u00e9 lanc\u00e9es pour neutraliser les groupes terroristes et leurs complices. Les forces burkinab\u00e8, bien que cibl\u00e9es, ont r\u00e9ussi \u00e0 d\u00e9jouer plusieurs attaques. De nouvelles arrestations sont en cours, et les services de renseignement continuent d&rsquo;enqu\u00eater sur les ramifications internes et internationales de ce complot.<\/p>\n<p>Mamoudou Sana a conclu son intervention en exhortant les familles des individus impliqu\u00e9s \u00e0 collaborer avec les autorit\u00e9s pour d\u00e9noncer les comploteurs. \u00ab La r\u00e9cr\u00e9ation est termin\u00e9e \u00bb, a-t-il martel\u00e9, promettant une r\u00e9ponse ferme et r\u00e9solue \u00e0 toute tentative de semer le chaos dans le pays. Selon le ministre, dans les prochains jours, des communications intercept\u00e9es et des preuves suppl\u00e9mentaires seront diffus\u00e9es au public, afin de renforcer la vigilance nationale face \u00e0 ces menaces.<\/p>\n<p style=\"text-align: right;\"><strong>Par Vox Sahel<\/strong><\/p>\n","protected":false},"excerpt":{"rendered":"<p>Lors d&rsquo;une d\u00e9claration diffus\u00e9e \u00e0 la t\u00e9l\u00e9vision nationale le lundi 23 septembre 2024, le ministre<\/p>\n","protected":false},"author":2,"featured_media":342,"comment_status":"open","ping_status":"open","sticky":false,"template":"","format":"standard","meta":{"_et_pb_use_builder":"","_et_pb_old_content":"","_et_gb_content_width":"","footnotes":""},"categories":[6],"tags":[61,62,101,18,80,200,31,60,201,139,20],"class_list":["post-340","post","type-post","status-publish","format-standard","has-post-thumbnail","hentry","category-politique","tag-aes","tag-alliance-des-etats-du-sahel","tag-barsalogho","tag-burkina-faso","tag-cote-divoire","tag-mahamadou-sana","tag-mali","tag-niger","tag-nigeria","tag-securite","tag-terrorisme"],"yoast_head":"<!-- This site is optimized with the Yoast SEO plugin v27.5 - https:\/\/yoast.com\/product\/yoast-seo-wordpress\/ -->\n<title>Tentatives de d\u00e9stabilisation au Burkina Faso : le ministre de la S\u00e9curit\u00e9 r\u00e9v\u00e8le un vaste complot - Vox Sahel<\/title>\n<meta name=\"robots\" content=\"index, follow, max-snippet:-1, max-image-preview:large, max-video-preview:-1\" \/>\n<link rel=\"canonical\" href=\"https:\/\/voxsahel.com\/?p=340\" \/>\n<meta property=\"og:locale\" content=\"fr_FR\" \/>\n<meta property=\"og:type\" content=\"article\" \/>\n<meta property=\"og:title\" content=\"Tentatives de d\u00e9stabilisation au Burkina Faso : le ministre de la S\u00e9curit\u00e9 r\u00e9v\u00e8le un vaste complot - Vox Sahel\" \/>\n<meta property=\"og:description\" content=\"Lors d&rsquo;une d\u00e9claration diffus\u00e9e \u00e0 la t\u00e9l\u00e9vision nationale le lundi 23 septembre 2024, le ministre\" \/>\n<meta property=\"og:url\" content=\"https:\/\/voxsahel.com\/?p=340\" \/>\n<meta property=\"og:site_name\" content=\"Vox Sahel\" \/>\n<meta property=\"article:publisher\" content=\"https:\/\/www.facebook.com\/journal.voxsahel\" \/>\n<meta property=\"article:published_time\" content=\"2024-09-23T22:09:36+00:00\" \/>\n<meta property=\"og:image\" content=\"https:\/\/voxsahel.com\/wp-content\/uploads\/2024\/09\/Mahamoudou-Sana.jpg\" \/>\n\t<meta property=\"og:image:width\" content=\"1080\" \/>\n\t<meta property=\"og:image:height\" content=\"608\" \/>\n\t<meta property=\"og:image:type\" content=\"image\/jpeg\" \/>\n<meta name=\"author\" content=\"Vox Sahel\" \/>\n<meta name=\"twitter:card\" content=\"summary_large_image\" \/>\n<meta name=\"twitter:label1\" content=\"\u00c9crit par\" \/>\n\t<meta name=\"twitter:data1\" content=\"Vox Sahel\" \/>\n\t<meta name=\"twitter:label2\" content=\"Dur\u00e9e de lecture estim\u00e9e\" \/>\n\t<meta name=\"twitter:data2\" content=\"3 minutes\" \/>\n<script type=\"application\/ld+json\" class=\"yoast-schema-graph\">{\"@context\":\"https:\\\/\\\/schema.org\",\"@graph\":[{\"@type\":\"Article\",\"@id\":\"https:\\\/\\\/voxsahel.com\\\/?p=340#article\",\"isPartOf\":{\"@id\":\"https:\\\/\\\/voxsahel.com\\\/?p=340\"},\"author\":{\"name\":\"Vox Sahel\",\"@id\":\"https:\\\/\\\/voxsahel.com\\\/#\\\/schema\\\/person\\\/b4043608248f8fa227cd760e7ff1e19e\"},\"headline\":\"Tentatives de d\u00e9stabilisation au Burkina Faso : le ministre de la S\u00e9curit\u00e9 r\u00e9v\u00e8le un vaste complot\",\"datePublished\":\"2024-09-23T22:09:36+00:00\",\"mainEntityOfPage\":{\"@id\":\"https:\\\/\\\/voxsahel.com\\\/?p=340\"},\"wordCount\":576,\"commentCount\":0,\"publisher\":{\"@id\":\"https:\\\/\\\/voxsahel.com\\\/#organization\"},\"image\":{\"@id\":\"https:\\\/\\\/voxsahel.com\\\/?p=340#primaryimage\"},\"thumbnailUrl\":\"https:\\\/\\\/voxsahel.com\\\/wp-content\\\/uploads\\\/2024\\\/09\\\/Mahamoudou-Sana.jpg\",\"keywords\":[\"AES\",\"Alliance des \u00c9tats du Sahel\",\"Barsalogho\",\"Burkina Faso\",\"C\u00f4te d\u2019Ivoire\",\"Mahamadou Sana\",\"Mali\",\"Niger\",\"Nig\u00e9ria\",\"S\u00e9curit\u00e9\",\"Terrorisme\"],\"articleSection\":[\"POLITIQUE\"],\"inLanguage\":\"fr-FR\",\"potentialAction\":[{\"@type\":\"CommentAction\",\"name\":\"Comment\",\"target\":[\"https:\\\/\\\/voxsahel.com\\\/?p=340#respond\"]}]},{\"@type\":\"WebPage\",\"@id\":\"https:\\\/\\\/voxsahel.com\\\/?p=340\",\"url\":\"https:\\\/\\\/voxsahel.com\\\/?p=340\",\"name\":\"Tentatives de d\u00e9stabilisation au Burkina Faso : le ministre de la S\u00e9curit\u00e9 r\u00e9v\u00e8le un vaste complot - Vox Sahel\",\"isPartOf\":{\"@id\":\"https:\\\/\\\/voxsahel.com\\\/#website\"},\"primaryImageOfPage\":{\"@id\":\"https:\\\/\\\/voxsahel.com\\\/?p=340#primaryimage\"},\"image\":{\"@id\":\"https:\\\/\\\/voxsahel.com\\\/?p=340#primaryimage\"},\"thumbnailUrl\":\"https:\\\/\\\/voxsahel.com\\\/wp-content\\\/uploads\\\/2024\\\/09\\\/Mahamoudou-Sana.jpg\",\"datePublished\":\"2024-09-23T22:09:36+00:00\",\"breadcrumb\":{\"@id\":\"https:\\\/\\\/voxsahel.com\\\/?p=340#breadcrumb\"},\"inLanguage\":\"fr-FR\",\"potentialAction\":[{\"@type\":\"ReadAction\",\"target\":[\"https:\\\/\\\/voxsahel.com\\\/?p=340\"]}]},{\"@type\":\"ImageObject\",\"inLanguage\":\"fr-FR\",\"@id\":\"https:\\\/\\\/voxsahel.com\\\/?p=340#primaryimage\",\"url\":\"https:\\\/\\\/voxsahel.com\\\/wp-content\\\/uploads\\\/2024\\\/09\\\/Mahamoudou-Sana.jpg\",\"contentUrl\":\"https:\\\/\\\/voxsahel.com\\\/wp-content\\\/uploads\\\/2024\\\/09\\\/Mahamoudou-Sana.jpg\",\"width\":1080,\"height\":608,\"caption\":\"Tentatives de d\u00e9stabilisation au Burkina Faso : le ministre de la S\u00e9curit\u00e9 r\u00e9v\u00e8le un vaste complot\"},{\"@type\":\"BreadcrumbList\",\"@id\":\"https:\\\/\\\/voxsahel.com\\\/?p=340#breadcrumb\",\"itemListElement\":[{\"@type\":\"ListItem\",\"position\":1,\"name\":\"Home\",\"item\":\"https:\\\/\\\/voxsahel.com\\\/\"},{\"@type\":\"ListItem\",\"position\":2,\"name\":\"Tentatives de d\u00e9stabilisation au Burkina Faso : le ministre de la S\u00e9curit\u00e9 r\u00e9v\u00e8le un vaste complot\"}]},{\"@type\":\"WebSite\",\"@id\":\"https:\\\/\\\/voxsahel.com\\\/#website\",\"url\":\"https:\\\/\\\/voxsahel.com\\\/\",\"name\":\"Vox Sahel\",\"description\":\"Informez-vous sur le Sahel en un clic\",\"publisher\":{\"@id\":\"https:\\\/\\\/voxsahel.com\\\/#organization\"},\"potentialAction\":[{\"@type\":\"SearchAction\",\"target\":{\"@type\":\"EntryPoint\",\"urlTemplate\":\"https:\\\/\\\/voxsahel.com\\\/?s={search_term_string}\"},\"query-input\":{\"@type\":\"PropertyValueSpecification\",\"valueRequired\":true,\"valueName\":\"search_term_string\"}}],\"inLanguage\":\"fr-FR\"},{\"@type\":\"Organization\",\"@id\":\"https:\\\/\\\/voxsahel.com\\\/#organization\",\"name\":\"Vox Sahel\",\"url\":\"https:\\\/\\\/voxsahel.com\\\/\",\"logo\":{\"@type\":\"ImageObject\",\"inLanguage\":\"fr-FR\",\"@id\":\"https:\\\/\\\/voxsahel.com\\\/#\\\/schema\\\/logo\\\/image\\\/\",\"url\":\"https:\\\/\\\/voxsahel.com\\\/wp-content\\\/uploads\\\/2024\\\/09\\\/Logo-Vox-Sahel.jpg\",\"contentUrl\":\"https:\\\/\\\/voxsahel.com\\\/wp-content\\\/uploads\\\/2024\\\/09\\\/Logo-Vox-Sahel.jpg\",\"width\":1181,\"height\":848,\"caption\":\"Vox Sahel\"},\"image\":{\"@id\":\"https:\\\/\\\/voxsahel.com\\\/#\\\/schema\\\/logo\\\/image\\\/\"},\"sameAs\":[\"https:\\\/\\\/www.facebook.com\\\/journal.voxsahel\"]},{\"@type\":\"Person\",\"@id\":\"https:\\\/\\\/voxsahel.com\\\/#\\\/schema\\\/person\\\/b4043608248f8fa227cd760e7ff1e19e\",\"name\":\"Vox Sahel\",\"image\":{\"@type\":\"ImageObject\",\"inLanguage\":\"fr-FR\",\"@id\":\"https:\\\/\\\/secure.gravatar.com\\\/avatar\\\/f70e7fa0cb9b29d4a7c5788d6eb2e9ab4d3135cbae1c9161810fdf77a8964699?s=96&d=mm&r=g\",\"url\":\"https:\\\/\\\/secure.gravatar.com\\\/avatar\\\/f70e7fa0cb9b29d4a7c5788d6eb2e9ab4d3135cbae1c9161810fdf77a8964699?s=96&d=mm&r=g\",\"contentUrl\":\"https:\\\/\\\/secure.gravatar.com\\\/avatar\\\/f70e7fa0cb9b29d4a7c5788d6eb2e9ab4d3135cbae1c9161810fdf77a8964699?s=96&d=mm&r=g\",\"caption\":\"Vox Sahel\"},\"sameAs\":[\"http:\\\/\\\/www.voxsahel.com\"],\"url\":\"https:\\\/\\\/voxsahel.com\\\/?author=2\"}]}<\/script>\n<!-- \/ Yoast SEO plugin. -->","yoast_head_json":{"title":"Tentatives de d\u00e9stabilisation au Burkina Faso : le ministre de la S\u00e9curit\u00e9 r\u00e9v\u00e8le un vaste complot - Vox Sahel","robots":{"index":"index","follow":"follow","max-snippet":"max-snippet:-1","max-image-preview":"max-image-preview:large","max-video-preview":"max-video-preview:-1"},"canonical":"https:\/\/voxsahel.com\/?p=340","og_locale":"fr_FR","og_type":"article","og_title":"Tentatives de d\u00e9stabilisation au Burkina Faso : le ministre de la S\u00e9curit\u00e9 r\u00e9v\u00e8le un vaste complot - Vox Sahel","og_description":"Lors d&rsquo;une d\u00e9claration diffus\u00e9e \u00e0 la t\u00e9l\u00e9vision nationale le lundi 23 septembre 2024, le ministre","og_url":"https:\/\/voxsahel.com\/?p=340","og_site_name":"Vox Sahel","article_publisher":"https:\/\/www.facebook.com\/journal.voxsahel","article_published_time":"2024-09-23T22:09:36+00:00","og_image":[{"width":1080,"height":608,"url":"https:\/\/voxsahel.com\/wp-content\/uploads\/2024\/09\/Mahamoudou-Sana.jpg","type":"image\/jpeg"}],"author":"Vox Sahel","twitter_card":"summary_large_image","twitter_misc":{"\u00c9crit par":"Vox Sahel","Dur\u00e9e de lecture estim\u00e9e":"3 minutes"},"schema":{"@context":"https:\/\/schema.org","@graph":[{"@type":"Article","@id":"https:\/\/voxsahel.com\/?p=340#article","isPartOf":{"@id":"https:\/\/voxsahel.com\/?p=340"},"author":{"name":"Vox Sahel","@id":"https:\/\/voxsahel.com\/#\/schema\/person\/b4043608248f8fa227cd760e7ff1e19e"},"headline":"Tentatives de d\u00e9stabilisation au Burkina Faso : le ministre de la S\u00e9curit\u00e9 r\u00e9v\u00e8le un vaste complot","datePublished":"2024-09-23T22:09:36+00:00","mainEntityOfPage":{"@id":"https:\/\/voxsahel.com\/?p=340"},"wordCount":576,"commentCount":0,"publisher":{"@id":"https:\/\/voxsahel.com\/#organization"},"image":{"@id":"https:\/\/voxsahel.com\/?p=340#primaryimage"},"thumbnailUrl":"https:\/\/voxsahel.com\/wp-content\/uploads\/2024\/09\/Mahamoudou-Sana.jpg","keywords":["AES","Alliance des \u00c9tats du Sahel","Barsalogho","Burkina Faso","C\u00f4te d\u2019Ivoire","Mahamadou Sana","Mali","Niger","Nig\u00e9ria","S\u00e9curit\u00e9","Terrorisme"],"articleSection":["POLITIQUE"],"inLanguage":"fr-FR","potentialAction":[{"@type":"CommentAction","name":"Comment","target":["https:\/\/voxsahel.com\/?p=340#respond"]}]},{"@type":"WebPage","@id":"https:\/\/voxsahel.com\/?p=340","url":"https:\/\/voxsahel.com\/?p=340","name":"Tentatives de d\u00e9stabilisation au Burkina Faso : le ministre de la S\u00e9curit\u00e9 r\u00e9v\u00e8le un vaste complot - Vox Sahel","isPartOf":{"@id":"https:\/\/voxsahel.com\/#website"},"primaryImageOfPage":{"@id":"https:\/\/voxsahel.com\/?p=340#primaryimage"},"image":{"@id":"https:\/\/voxsahel.com\/?p=340#primaryimage"},"thumbnailUrl":"https:\/\/voxsahel.com\/wp-content\/uploads\/2024\/09\/Mahamoudou-Sana.jpg","datePublished":"2024-09-23T22:09:36+00:00","breadcrumb":{"@id":"https:\/\/voxsahel.com\/?p=340#breadcrumb"},"inLanguage":"fr-FR","potentialAction":[{"@type":"ReadAction","target":["https:\/\/voxsahel.com\/?p=340"]}]},{"@type":"ImageObject","inLanguage":"fr-FR","@id":"https:\/\/voxsahel.com\/?p=340#primaryimage","url":"https:\/\/voxsahel.com\/wp-content\/uploads\/2024\/09\/Mahamoudou-Sana.jpg","contentUrl":"https:\/\/voxsahel.com\/wp-content\/uploads\/2024\/09\/Mahamoudou-Sana.jpg","width":1080,"height":608,"caption":"Tentatives de d\u00e9stabilisation au Burkina Faso : le ministre de la S\u00e9curit\u00e9 r\u00e9v\u00e8le un vaste complot"},{"@type":"BreadcrumbList","@id":"https:\/\/voxsahel.com\/?p=340#breadcrumb","itemListElement":[{"@type":"ListItem","position":1,"name":"Home","item":"https:\/\/voxsahel.com\/"},{"@type":"ListItem","position":2,"name":"Tentatives de d\u00e9stabilisation au Burkina Faso : le ministre de la S\u00e9curit\u00e9 r\u00e9v\u00e8le un vaste complot"}]},{"@type":"WebSite","@id":"https:\/\/voxsahel.com\/#website","url":"https:\/\/voxsahel.com\/","name":"Vox Sahel","description":"Informez-vous sur le Sahel en un clic","publisher":{"@id":"https:\/\/voxsahel.com\/#organization"},"potentialAction":[{"@type":"SearchAction","target":{"@type":"EntryPoint","urlTemplate":"https:\/\/voxsahel.com\/?s={search_term_string}"},"query-input":{"@type":"PropertyValueSpecification","valueRequired":true,"valueName":"search_term_string"}}],"inLanguage":"fr-FR"},{"@type":"Organization","@id":"https:\/\/voxsahel.com\/#organization","name":"Vox Sahel","url":"https:\/\/voxsahel.com\/","logo":{"@type":"ImageObject","inLanguage":"fr-FR","@id":"https:\/\/voxsahel.com\/#\/schema\/logo\/image\/","url":"https:\/\/voxsahel.com\/wp-content\/uploads\/2024\/09\/Logo-Vox-Sahel.jpg","contentUrl":"https:\/\/voxsahel.com\/wp-content\/uploads\/2024\/09\/Logo-Vox-Sahel.jpg","width":1181,"height":848,"caption":"Vox Sahel"},"image":{"@id":"https:\/\/voxsahel.com\/#\/schema\/logo\/image\/"},"sameAs":["https:\/\/www.facebook.com\/journal.voxsahel"]},{"@type":"Person","@id":"https:\/\/voxsahel.com\/#\/schema\/person\/b4043608248f8fa227cd760e7ff1e19e","name":"Vox Sahel","image":{"@type":"ImageObject","inLanguage":"fr-FR","@id":"https:\/\/secure.gravatar.com\/avatar\/f70e7fa0cb9b29d4a7c5788d6eb2e9ab4d3135cbae1c9161810fdf77a8964699?s=96&d=mm&r=g","url":"https:\/\/secure.gravatar.com\/avatar\/f70e7fa0cb9b29d4a7c5788d6eb2e9ab4d3135cbae1c9161810fdf77a8964699?s=96&d=mm&r=g","contentUrl":"https:\/\/secure.gravatar.com\/avatar\/f70e7fa0cb9b29d4a7c5788d6eb2e9ab4d3135cbae1c9161810fdf77a8964699?s=96&d=mm&r=g","caption":"Vox Sahel"},"sameAs":["http:\/\/www.voxsahel.com"],"url":"https:\/\/voxsahel.com\/?author=2"}]}},"_links":{"self":[{"href":"https:\/\/voxsahel.com\/index.php?rest_route=\/wp\/v2\/posts\/340","targetHints":{"allow":["GET"]}}],"collection":[{"href":"https:\/\/voxsahel.com\/index.php?rest_route=\/wp\/v2\/posts"}],"about":[{"href":"https:\/\/voxsahel.com\/index.php?rest_route=\/wp\/v2\/types\/post"}],"author":[{"embeddable":true,"href":"https:\/\/voxsahel.com\/index.php?rest_route=\/wp\/v2\/users\/2"}],"replies":[{"embeddable":true,"href":"https:\/\/voxsahel.com\/index.php?rest_route=%2Fwp%2Fv2%2Fcomments&post=340"}],"version-history":[{"count":1,"href":"https:\/\/voxsahel.com\/index.php?rest_route=\/wp\/v2\/posts\/340\/revisions"}],"predecessor-version":[{"id":343,"href":"https:\/\/voxsahel.com\/index.php?rest_route=\/wp\/v2\/posts\/340\/revisions\/343"}],"wp:featuredmedia":[{"embeddable":true,"href":"https:\/\/voxsahel.com\/index.php?rest_route=\/wp\/v2\/media\/342"}],"wp:attachment":[{"href":"https:\/\/voxsahel.com\/index.php?rest_route=%2Fwp%2Fv2%2Fmedia&parent=340"}],"wp:term":[{"taxonomy":"category","embeddable":true,"href":"https:\/\/voxsahel.com\/index.php?rest_route=%2Fwp%2Fv2%2Fcategories&post=340"},{"taxonomy":"post_tag","embeddable":true,"href":"https:\/\/voxsahel.com\/index.php?rest_route=%2Fwp%2Fv2%2Ftags&post=340"}],"curies":[{"name":"wp","href":"https:\/\/api.w.org\/{rel}","templated":true}]}}