{"id":3353,"date":"2026-01-31T22:39:40","date_gmt":"2026-01-31T22:39:40","guid":{"rendered":"https:\/\/voxsahel.com\/?p=3353"},"modified":"2026-01-31T22:39:40","modified_gmt":"2026-01-31T22:39:40","slug":"attaque-contre-des-infrastructures-strategiques-au-niger-laes-condamne-une-attaque-barbare-et-lache-contre-niamey-et-reaffirme-sa-determination","status":"publish","type":"post","link":"https:\/\/voxsahel.com\/?p=3353","title":{"rendered":"Attaque contre des infrastructures strat\u00e9giques au Niger : L\u2019AES condamne une attaque \u00ab barbare et l\u00e2che \u00bb contre Niamey et r\u00e9affirme sa d\u00e9termination"},"content":{"rendered":"<p class=\"s3\"><strong><span class=\"s2\"><span class=\"bumpedFont15\">Le Niger, membre de la Conf\u00e9d\u00e9ration des <\/span><\/span><span class=\"s2\"><span class=\"bumpedFont15\">E<\/span><\/span><span class=\"s2\"><span class=\"bumpedFont15\">tats du Sahel (AES), a \u00e9t\u00e9 la cible d\u2019une attaque dans la nuit du 28 au 29 janvier 2026 \u00e0 Niamey. Face \u00e0 cette agression visant notamment la base a\u00e9rienne 101 et l\u2019a\u00e9roport international Diori Hamani, la Conf\u00e9d\u00e9ration des <\/span><\/span><span class=\"s2\"><span class=\"bumpedFont15\">Etats <\/span><\/span><span class=\"s2\"><span class=\"bumpedFont15\">du Sahel a r\u00e9agi \u00e0 travers un communiqu\u00e9 <\/span><\/span><span class=\"s2\"><span class=\"bumpedFont15\">sign\u00e9 le 31 janvier 2026 <\/span><\/span><span class=\"s2\"><span class=\"bumpedFont15\">de son Pr\u00e9sident.<\/span><\/span><\/strong><\/p>\n<p class=\"s3\"><span class=\"s2\"><span class=\"bumpedFont15\">La Conf\u00e9d\u00e9ration des <\/span><\/span><span class=\"s2\"><span class=\"bumpedFont15\">E<\/span><\/span><span class=\"s2\"><span class=\"bumpedFont15\">tats du Sahel (AES) a fait l\u2019objet d\u2019une agression dans la nuit du 28 au 29 janvier 2026 \u00e0 Niamey, en R\u00e9publique du Niger. L\u2019attaque a notamment cibl\u00e9 la base a\u00e9rienne 101 ainsi que l\u2019a\u00e9roport international Diori Hamani, touchant \u00e0 la fois des infrastructures strat\u00e9giques et des installations civiles.<\/span><\/span><\/p>\n<p class=\"s3\"><span class=\"s2\"><span class=\"bumpedFont15\">Dans son communiqu\u00e9, le Pr\u00e9sident de la Conf\u00e9d\u00e9ration des <\/span><\/span><span class=\"s2\"><span class=\"bumpedFont15\">E<\/span><\/span><span class=\"s2\"><span class=\"bumpedFont15\">tats du Sahel (AES), le Capitaine Ibrahim Traor\u00e9, a d\u00e9nonc\u00e9 \u00ab une attaque pr\u00e9m\u00e9dit\u00e9e, coordonn\u00e9e et aveugle \u00bb, ayant mis gravement en danger \u00ab des populations innocentes ainsi que des biens \u00e0 usage civil \u00bb. Selon la Conf\u00e9d\u00e9ration, ces actes visent \u00e9galement \u00ab la s\u00e9curit\u00e9 collective, la stabilit\u00e9 r\u00e9gionale et les efforts communs de paix et de d\u00e9veloppement d\u00e9ploy\u00e9s par les peuples sah\u00e9liens \u00bb.<\/span><\/span><\/p>\n<p class=\"s3\"><span class=\"s2\"><span class=\"bumpedFont15\">La Conf\u00e9d\u00e9ration des \u00c9tats du Sahel condamne \u00ab avec la plus grande fermet\u00e9 ces actes l\u00e2ches, barbares et indiscrimin\u00e9s \u00bb et souligne que ces violences \u00ab ne sauraient \u00eatre r\u00e9duites \u00e0 de simples actes isol\u00e9s \u00bb. Elles s\u2019inscrivent dans \u00ab une strat\u00e9gie de d\u00e9stabilisation nourrie et entretenue par des r\u00e9seaux de soutiens multiformes \u00bb, incluant \u00ab des appuis directs ou indirects, notamment des sponsors \u00e9tatiques \u00e9trangers \u00bb, dont \u00ab la responsabilit\u00e9 morale, politique est pleinement engag\u00e9e \u00bb. <\/span><\/span><\/p>\n<p class=\"s3\"><span class=\"s2\"><span class=\"bumpedFont15\">L\u2019AES met en garde contre \u00ab toute complaisance, instrumentalisation ou soutien, sous quelque forme que ce soit, \u00e0 ces entreprises criminelles \u00bb.Face \u00e0 cette situation, le Pr\u00e9sident de la Conf\u00e9d\u00e9ration r\u00e9affirme que \u00ab les auteurs de ces violences, ainsi que tous ceux qui les financent, les arment, les renseignent ou leur offrent des soutiens politiques, r\u00e9pondront de leurs actes \u00bb.<\/span><\/span><\/p>\n<p class=\"s3\"><span class=\"s2\"><span class=\"bumpedFont15\"> Il souligne \u00e9galement que \u00ab les <\/span><\/span><span class=\"s2\"><span class=\"bumpedFont15\">Etats <\/span><\/span><span class=\"s2\"><span class=\"bumpedFont15\">membres de la Conf\u00e9d\u00e9ration AES demeurent unis, vigilants et r\u00e9solument engag\u00e9s dans une lutte coordonn\u00e9e, souveraine et d\u00e9termin\u00e9e contre le terrorisme et ses soutiens, quels qu\u2019ils soient \u00bb.<\/span><\/span><\/p>\n<p class=\"s3\" style=\"text-align: left;\"><span class=\"s2\"><span class=\"bumpedFont15\">La Conf\u00e9d\u00e9ration des <\/span><\/span><span class=\"s2\"><span class=\"bumpedFont15\">E<\/span><\/span><span class=\"s2\"><span class=\"bumpedFont15\">tats du Sahel exprime \u00ab sa solidarit\u00e9 totale au peuple, au Gouvernement de la R\u00e9publique du Niger et \u00e0 ses Forces de d\u00e9fense et de s\u00e9curit\u00e9 \u00bb, tout en saluant \u00ab leur courage et leur engagement dans la protection des populations \u00bb. Elle r\u00e9affirme enfin que \u00ab rien ne saurait entamer la d\u00e9termination des peuples sah\u00e9liens \u00e0 d\u00e9fendre leur souverainet\u00e9, \u00e0 prot\u00e9ger leurs populations et \u00e0 construire un avenir fond\u00e9 sur la paix, la justice et l\u2019ind\u00e9pendance r\u00e9elle \u00bb.<\/span><\/span><\/p>\n<p class=\"s3\" style=\"text-align: left;\"><strong><span class=\"s2\"><span class=\"bumpedFont15\">Par Amir BAKO<\/span><\/span><\/strong><\/p>\n","protected":false},"excerpt":{"rendered":"<p>Le Niger, membre de la Conf\u00e9d\u00e9ration des Etats du Sahel (AES), a \u00e9t\u00e9 la cible<\/p>\n","protected":false},"author":2,"featured_media":3354,"comment_status":"open","ping_status":"open","sticky":false,"template":"","format":"standard","meta":{"_et_pb_use_builder":"","_et_pb_old_content":"","_et_gb_content_width":"","footnotes":""},"categories":[1],"tags":[],"class_list":["post-3353","post","type-post","status-publish","format-standard","has-post-thumbnail","hentry","category-faits-divers"],"yoast_head":"<!-- This site is optimized with the Yoast SEO plugin v27.5 - https:\/\/yoast.com\/product\/yoast-seo-wordpress\/ -->\n<title>Attaque contre des infrastructures strat\u00e9giques au Niger : L\u2019AES condamne une attaque \u00ab barbare et l\u00e2che \u00bb contre Niamey et r\u00e9affirme sa d\u00e9termination - Vox Sahel<\/title>\n<meta name=\"robots\" content=\"index, follow, max-snippet:-1, max-image-preview:large, max-video-preview:-1\" \/>\n<link rel=\"canonical\" href=\"https:\/\/voxsahel.com\/?p=3353\" \/>\n<meta property=\"og:locale\" content=\"fr_FR\" \/>\n<meta property=\"og:type\" content=\"article\" \/>\n<meta property=\"og:title\" content=\"Attaque contre des infrastructures strat\u00e9giques au Niger : L\u2019AES condamne une attaque \u00ab barbare et l\u00e2che \u00bb contre Niamey et r\u00e9affirme sa d\u00e9termination - Vox Sahel\" \/>\n<meta property=\"og:description\" content=\"Le Niger, membre de la Conf\u00e9d\u00e9ration des Etats du Sahel (AES), a \u00e9t\u00e9 la cible\" \/>\n<meta property=\"og:url\" content=\"https:\/\/voxsahel.com\/?p=3353\" \/>\n<meta property=\"og:site_name\" content=\"Vox Sahel\" \/>\n<meta property=\"article:publisher\" content=\"https:\/\/www.facebook.com\/journal.voxsahel\" \/>\n<meta property=\"article:published_time\" content=\"2026-01-31T22:39:40+00:00\" \/>\n<meta property=\"og:image\" content=\"https:\/\/voxsahel.com\/wp-content\/uploads\/2026\/01\/IMG_4310.jpeg\" \/>\n\t<meta property=\"og:image:width\" content=\"1200\" \/>\n\t<meta property=\"og:image:height\" content=\"675\" \/>\n\t<meta property=\"og:image:type\" content=\"image\/jpeg\" \/>\n<meta name=\"author\" content=\"Vox Sahel\" \/>\n<meta name=\"twitter:card\" content=\"summary_large_image\" \/>\n<meta name=\"twitter:label1\" content=\"\u00c9crit par\" \/>\n\t<meta name=\"twitter:data1\" content=\"Vox Sahel\" \/>\n\t<meta name=\"twitter:label2\" content=\"Dur\u00e9e de lecture estim\u00e9e\" \/>\n\t<meta name=\"twitter:data2\" content=\"3 minutes\" \/>\n<script type=\"application\/ld+json\" class=\"yoast-schema-graph\">{\"@context\":\"https:\\\/\\\/schema.org\",\"@graph\":[{\"@type\":\"Article\",\"@id\":\"https:\\\/\\\/voxsahel.com\\\/?p=3353#article\",\"isPartOf\":{\"@id\":\"https:\\\/\\\/voxsahel.com\\\/?p=3353\"},\"author\":{\"name\":\"Vox Sahel\",\"@id\":\"https:\\\/\\\/voxsahel.com\\\/#\\\/schema\\\/person\\\/b4043608248f8fa227cd760e7ff1e19e\"},\"headline\":\"Attaque contre des infrastructures strat\u00e9giques au Niger : L\u2019AES condamne une attaque \u00ab barbare et l\u00e2che \u00bb contre Niamey et r\u00e9affirme sa d\u00e9termination\",\"datePublished\":\"2026-01-31T22:39:40+00:00\",\"mainEntityOfPage\":{\"@id\":\"https:\\\/\\\/voxsahel.com\\\/?p=3353\"},\"wordCount\":498,\"commentCount\":0,\"publisher\":{\"@id\":\"https:\\\/\\\/voxsahel.com\\\/#organization\"},\"image\":{\"@id\":\"https:\\\/\\\/voxsahel.com\\\/?p=3353#primaryimage\"},\"thumbnailUrl\":\"https:\\\/\\\/voxsahel.com\\\/wp-content\\\/uploads\\\/2026\\\/01\\\/IMG_4310.jpeg\",\"articleSection\":[\"FAITS DIVERS\"],\"inLanguage\":\"fr-FR\",\"potentialAction\":[{\"@type\":\"CommentAction\",\"name\":\"Comment\",\"target\":[\"https:\\\/\\\/voxsahel.com\\\/?p=3353#respond\"]}]},{\"@type\":\"WebPage\",\"@id\":\"https:\\\/\\\/voxsahel.com\\\/?p=3353\",\"url\":\"https:\\\/\\\/voxsahel.com\\\/?p=3353\",\"name\":\"Attaque contre des infrastructures strat\u00e9giques au Niger : L\u2019AES condamne une attaque \u00ab barbare et l\u00e2che \u00bb contre Niamey et r\u00e9affirme sa d\u00e9termination - Vox Sahel\",\"isPartOf\":{\"@id\":\"https:\\\/\\\/voxsahel.com\\\/#website\"},\"primaryImageOfPage\":{\"@id\":\"https:\\\/\\\/voxsahel.com\\\/?p=3353#primaryimage\"},\"image\":{\"@id\":\"https:\\\/\\\/voxsahel.com\\\/?p=3353#primaryimage\"},\"thumbnailUrl\":\"https:\\\/\\\/voxsahel.com\\\/wp-content\\\/uploads\\\/2026\\\/01\\\/IMG_4310.jpeg\",\"datePublished\":\"2026-01-31T22:39:40+00:00\",\"breadcrumb\":{\"@id\":\"https:\\\/\\\/voxsahel.com\\\/?p=3353#breadcrumb\"},\"inLanguage\":\"fr-FR\",\"potentialAction\":[{\"@type\":\"ReadAction\",\"target\":[\"https:\\\/\\\/voxsahel.com\\\/?p=3353\"]}]},{\"@type\":\"ImageObject\",\"inLanguage\":\"fr-FR\",\"@id\":\"https:\\\/\\\/voxsahel.com\\\/?p=3353#primaryimage\",\"url\":\"https:\\\/\\\/voxsahel.com\\\/wp-content\\\/uploads\\\/2026\\\/01\\\/IMG_4310.jpeg\",\"contentUrl\":\"https:\\\/\\\/voxsahel.com\\\/wp-content\\\/uploads\\\/2026\\\/01\\\/IMG_4310.jpeg\",\"width\":1200,\"height\":675},{\"@type\":\"BreadcrumbList\",\"@id\":\"https:\\\/\\\/voxsahel.com\\\/?p=3353#breadcrumb\",\"itemListElement\":[{\"@type\":\"ListItem\",\"position\":1,\"name\":\"Home\",\"item\":\"https:\\\/\\\/voxsahel.com\\\/\"},{\"@type\":\"ListItem\",\"position\":2,\"name\":\"Attaque contre des infrastructures strat\u00e9giques au Niger : L\u2019AES condamne une attaque \u00ab barbare et l\u00e2che \u00bb contre Niamey et r\u00e9affirme sa d\u00e9termination\"}]},{\"@type\":\"WebSite\",\"@id\":\"https:\\\/\\\/voxsahel.com\\\/#website\",\"url\":\"https:\\\/\\\/voxsahel.com\\\/\",\"name\":\"Vox Sahel\",\"description\":\"Informez-vous sur le Sahel en un clic\",\"publisher\":{\"@id\":\"https:\\\/\\\/voxsahel.com\\\/#organization\"},\"potentialAction\":[{\"@type\":\"SearchAction\",\"target\":{\"@type\":\"EntryPoint\",\"urlTemplate\":\"https:\\\/\\\/voxsahel.com\\\/?s={search_term_string}\"},\"query-input\":{\"@type\":\"PropertyValueSpecification\",\"valueRequired\":true,\"valueName\":\"search_term_string\"}}],\"inLanguage\":\"fr-FR\"},{\"@type\":\"Organization\",\"@id\":\"https:\\\/\\\/voxsahel.com\\\/#organization\",\"name\":\"Vox Sahel\",\"url\":\"https:\\\/\\\/voxsahel.com\\\/\",\"logo\":{\"@type\":\"ImageObject\",\"inLanguage\":\"fr-FR\",\"@id\":\"https:\\\/\\\/voxsahel.com\\\/#\\\/schema\\\/logo\\\/image\\\/\",\"url\":\"https:\\\/\\\/voxsahel.com\\\/wp-content\\\/uploads\\\/2024\\\/09\\\/Logo-Vox-Sahel.jpg\",\"contentUrl\":\"https:\\\/\\\/voxsahel.com\\\/wp-content\\\/uploads\\\/2024\\\/09\\\/Logo-Vox-Sahel.jpg\",\"width\":1181,\"height\":848,\"caption\":\"Vox Sahel\"},\"image\":{\"@id\":\"https:\\\/\\\/voxsahel.com\\\/#\\\/schema\\\/logo\\\/image\\\/\"},\"sameAs\":[\"https:\\\/\\\/www.facebook.com\\\/journal.voxsahel\"]},{\"@type\":\"Person\",\"@id\":\"https:\\\/\\\/voxsahel.com\\\/#\\\/schema\\\/person\\\/b4043608248f8fa227cd760e7ff1e19e\",\"name\":\"Vox Sahel\",\"image\":{\"@type\":\"ImageObject\",\"inLanguage\":\"fr-FR\",\"@id\":\"https:\\\/\\\/secure.gravatar.com\\\/avatar\\\/f70e7fa0cb9b29d4a7c5788d6eb2e9ab4d3135cbae1c9161810fdf77a8964699?s=96&d=mm&r=g\",\"url\":\"https:\\\/\\\/secure.gravatar.com\\\/avatar\\\/f70e7fa0cb9b29d4a7c5788d6eb2e9ab4d3135cbae1c9161810fdf77a8964699?s=96&d=mm&r=g\",\"contentUrl\":\"https:\\\/\\\/secure.gravatar.com\\\/avatar\\\/f70e7fa0cb9b29d4a7c5788d6eb2e9ab4d3135cbae1c9161810fdf77a8964699?s=96&d=mm&r=g\",\"caption\":\"Vox Sahel\"},\"sameAs\":[\"http:\\\/\\\/www.voxsahel.com\"],\"url\":\"https:\\\/\\\/voxsahel.com\\\/?author=2\"}]}<\/script>\n<!-- \/ Yoast SEO plugin. -->","yoast_head_json":{"title":"Attaque contre des infrastructures strat\u00e9giques au Niger : L\u2019AES condamne une attaque \u00ab barbare et l\u00e2che \u00bb contre Niamey et r\u00e9affirme sa d\u00e9termination - Vox Sahel","robots":{"index":"index","follow":"follow","max-snippet":"max-snippet:-1","max-image-preview":"max-image-preview:large","max-video-preview":"max-video-preview:-1"},"canonical":"https:\/\/voxsahel.com\/?p=3353","og_locale":"fr_FR","og_type":"article","og_title":"Attaque contre des infrastructures strat\u00e9giques au Niger : L\u2019AES condamne une attaque \u00ab barbare et l\u00e2che \u00bb contre Niamey et r\u00e9affirme sa d\u00e9termination - Vox Sahel","og_description":"Le Niger, membre de la Conf\u00e9d\u00e9ration des Etats du Sahel (AES), a \u00e9t\u00e9 la cible","og_url":"https:\/\/voxsahel.com\/?p=3353","og_site_name":"Vox Sahel","article_publisher":"https:\/\/www.facebook.com\/journal.voxsahel","article_published_time":"2026-01-31T22:39:40+00:00","og_image":[{"width":1200,"height":675,"url":"https:\/\/voxsahel.com\/wp-content\/uploads\/2026\/01\/IMG_4310.jpeg","type":"image\/jpeg"}],"author":"Vox Sahel","twitter_card":"summary_large_image","twitter_misc":{"\u00c9crit par":"Vox Sahel","Dur\u00e9e de lecture estim\u00e9e":"3 minutes"},"schema":{"@context":"https:\/\/schema.org","@graph":[{"@type":"Article","@id":"https:\/\/voxsahel.com\/?p=3353#article","isPartOf":{"@id":"https:\/\/voxsahel.com\/?p=3353"},"author":{"name":"Vox Sahel","@id":"https:\/\/voxsahel.com\/#\/schema\/person\/b4043608248f8fa227cd760e7ff1e19e"},"headline":"Attaque contre des infrastructures strat\u00e9giques au Niger : L\u2019AES condamne une attaque \u00ab barbare et l\u00e2che \u00bb contre Niamey et r\u00e9affirme sa d\u00e9termination","datePublished":"2026-01-31T22:39:40+00:00","mainEntityOfPage":{"@id":"https:\/\/voxsahel.com\/?p=3353"},"wordCount":498,"commentCount":0,"publisher":{"@id":"https:\/\/voxsahel.com\/#organization"},"image":{"@id":"https:\/\/voxsahel.com\/?p=3353#primaryimage"},"thumbnailUrl":"https:\/\/voxsahel.com\/wp-content\/uploads\/2026\/01\/IMG_4310.jpeg","articleSection":["FAITS DIVERS"],"inLanguage":"fr-FR","potentialAction":[{"@type":"CommentAction","name":"Comment","target":["https:\/\/voxsahel.com\/?p=3353#respond"]}]},{"@type":"WebPage","@id":"https:\/\/voxsahel.com\/?p=3353","url":"https:\/\/voxsahel.com\/?p=3353","name":"Attaque contre des infrastructures strat\u00e9giques au Niger : L\u2019AES condamne une attaque \u00ab barbare et l\u00e2che \u00bb contre Niamey et r\u00e9affirme sa d\u00e9termination - Vox Sahel","isPartOf":{"@id":"https:\/\/voxsahel.com\/#website"},"primaryImageOfPage":{"@id":"https:\/\/voxsahel.com\/?p=3353#primaryimage"},"image":{"@id":"https:\/\/voxsahel.com\/?p=3353#primaryimage"},"thumbnailUrl":"https:\/\/voxsahel.com\/wp-content\/uploads\/2026\/01\/IMG_4310.jpeg","datePublished":"2026-01-31T22:39:40+00:00","breadcrumb":{"@id":"https:\/\/voxsahel.com\/?p=3353#breadcrumb"},"inLanguage":"fr-FR","potentialAction":[{"@type":"ReadAction","target":["https:\/\/voxsahel.com\/?p=3353"]}]},{"@type":"ImageObject","inLanguage":"fr-FR","@id":"https:\/\/voxsahel.com\/?p=3353#primaryimage","url":"https:\/\/voxsahel.com\/wp-content\/uploads\/2026\/01\/IMG_4310.jpeg","contentUrl":"https:\/\/voxsahel.com\/wp-content\/uploads\/2026\/01\/IMG_4310.jpeg","width":1200,"height":675},{"@type":"BreadcrumbList","@id":"https:\/\/voxsahel.com\/?p=3353#breadcrumb","itemListElement":[{"@type":"ListItem","position":1,"name":"Home","item":"https:\/\/voxsahel.com\/"},{"@type":"ListItem","position":2,"name":"Attaque contre des infrastructures strat\u00e9giques au Niger : L\u2019AES condamne une attaque \u00ab barbare et l\u00e2che \u00bb contre Niamey et r\u00e9affirme sa d\u00e9termination"}]},{"@type":"WebSite","@id":"https:\/\/voxsahel.com\/#website","url":"https:\/\/voxsahel.com\/","name":"Vox Sahel","description":"Informez-vous sur le Sahel en un clic","publisher":{"@id":"https:\/\/voxsahel.com\/#organization"},"potentialAction":[{"@type":"SearchAction","target":{"@type":"EntryPoint","urlTemplate":"https:\/\/voxsahel.com\/?s={search_term_string}"},"query-input":{"@type":"PropertyValueSpecification","valueRequired":true,"valueName":"search_term_string"}}],"inLanguage":"fr-FR"},{"@type":"Organization","@id":"https:\/\/voxsahel.com\/#organization","name":"Vox Sahel","url":"https:\/\/voxsahel.com\/","logo":{"@type":"ImageObject","inLanguage":"fr-FR","@id":"https:\/\/voxsahel.com\/#\/schema\/logo\/image\/","url":"https:\/\/voxsahel.com\/wp-content\/uploads\/2024\/09\/Logo-Vox-Sahel.jpg","contentUrl":"https:\/\/voxsahel.com\/wp-content\/uploads\/2024\/09\/Logo-Vox-Sahel.jpg","width":1181,"height":848,"caption":"Vox Sahel"},"image":{"@id":"https:\/\/voxsahel.com\/#\/schema\/logo\/image\/"},"sameAs":["https:\/\/www.facebook.com\/journal.voxsahel"]},{"@type":"Person","@id":"https:\/\/voxsahel.com\/#\/schema\/person\/b4043608248f8fa227cd760e7ff1e19e","name":"Vox Sahel","image":{"@type":"ImageObject","inLanguage":"fr-FR","@id":"https:\/\/secure.gravatar.com\/avatar\/f70e7fa0cb9b29d4a7c5788d6eb2e9ab4d3135cbae1c9161810fdf77a8964699?s=96&d=mm&r=g","url":"https:\/\/secure.gravatar.com\/avatar\/f70e7fa0cb9b29d4a7c5788d6eb2e9ab4d3135cbae1c9161810fdf77a8964699?s=96&d=mm&r=g","contentUrl":"https:\/\/secure.gravatar.com\/avatar\/f70e7fa0cb9b29d4a7c5788d6eb2e9ab4d3135cbae1c9161810fdf77a8964699?s=96&d=mm&r=g","caption":"Vox Sahel"},"sameAs":["http:\/\/www.voxsahel.com"],"url":"https:\/\/voxsahel.com\/?author=2"}]}},"_links":{"self":[{"href":"https:\/\/voxsahel.com\/index.php?rest_route=\/wp\/v2\/posts\/3353","targetHints":{"allow":["GET"]}}],"collection":[{"href":"https:\/\/voxsahel.com\/index.php?rest_route=\/wp\/v2\/posts"}],"about":[{"href":"https:\/\/voxsahel.com\/index.php?rest_route=\/wp\/v2\/types\/post"}],"author":[{"embeddable":true,"href":"https:\/\/voxsahel.com\/index.php?rest_route=\/wp\/v2\/users\/2"}],"replies":[{"embeddable":true,"href":"https:\/\/voxsahel.com\/index.php?rest_route=%2Fwp%2Fv2%2Fcomments&post=3353"}],"version-history":[{"count":1,"href":"https:\/\/voxsahel.com\/index.php?rest_route=\/wp\/v2\/posts\/3353\/revisions"}],"predecessor-version":[{"id":3355,"href":"https:\/\/voxsahel.com\/index.php?rest_route=\/wp\/v2\/posts\/3353\/revisions\/3355"}],"wp:featuredmedia":[{"embeddable":true,"href":"https:\/\/voxsahel.com\/index.php?rest_route=\/wp\/v2\/media\/3354"}],"wp:attachment":[{"href":"https:\/\/voxsahel.com\/index.php?rest_route=%2Fwp%2Fv2%2Fmedia&parent=3353"}],"wp:term":[{"taxonomy":"category","embeddable":true,"href":"https:\/\/voxsahel.com\/index.php?rest_route=%2Fwp%2Fv2%2Fcategories&post=3353"},{"taxonomy":"post_tag","embeddable":true,"href":"https:\/\/voxsahel.com\/index.php?rest_route=%2Fwp%2Fv2%2Ftags&post=3353"}],"curies":[{"name":"wp","href":"https:\/\/api.w.org\/{rel}","templated":true}]}}