{"id":3345,"date":"2026-01-31T22:01:53","date_gmt":"2026-01-31T22:01:53","guid":{"rendered":"https:\/\/voxsahel.com\/?p=3345"},"modified":"2026-01-31T22:05:15","modified_gmt":"2026-01-31T22:05:15","slug":"ouagadougou-18-afrodescendants-britanniques-rendent-hommage-a-ibrahim-traore-et-renouent-avec-leurs-racines","status":"publish","type":"post","link":"https:\/\/voxsahel.com\/?p=3345","title":{"rendered":"Ouagadougou\u00a0: 18 afrodescendants britanniques rendent hommage \u00e0 Ibrahim Traor\u00e9 et renouent avec leurs racines"},"content":{"rendered":"<p><strong>Dix-huit afrodescendants vivant au Royaume-Uni, principalement originaires de la Jama\u00efque et des Cara\u00efbes, se sont recueillis le 30 janvier 2026 au M\u00e9morial Thomas Sankara \u00e0 Ouagadougou. Ce p\u00e8lerinage symbolique s\u2019inscrit dans un voyage de reconnexion avec leurs racines africaines et de soutien \u00e0 la R\u00e9volution progressiste engag\u00e9e au Burkina Faso.<\/strong><\/p>\n<p>Arrach\u00e9s \u00e0 l\u2019Afrique par l\u2019histoire et dispers\u00e9s dans le monde, ces descendants d\u2019Africains d\u00e9port\u00e9s portent encore en eux la m\u00e9moire d\u2019une terre qu\u2019ils n\u2019ont parfois jamais foul\u00e9e, mais \u00e0 laquelle ils demeurent profond\u00e9ment attach\u00e9s. C\u2019est dans cette dynamique qu\u2019ils ont foul\u00e9 la terre du pays des Hommes int\u00e8gres en allant se recueillir au M\u00e9morial Thomas Sankara dans la soir\u00e9e du 30 janvier.<\/p>\n<figure id=\"attachment_3347\" aria-describedby=\"caption-attachment-3347\" style=\"width: 640px\" class=\"wp-caption aligncenter\"><img loading=\"lazy\" decoding=\"async\" class=\"size-large wp-image-3347\" src=\"https:\/\/voxsahel.com\/wp-content\/uploads\/2026\/01\/Vox2-770x1024.jpeg\" alt=\"Wendpagnangd\u00e9 Alain Rouamba, Pr\u00e9sident de la communaut\u00e9 burkinab\u00e8 au Royaume-Uni a f\u00e9licit\u00e9 les autorit\u00e9s pour le travail abattu\" width=\"640\" height=\"851\" srcset=\"https:\/\/voxsahel.com\/wp-content\/uploads\/2026\/01\/Vox2-770x1024.jpeg 770w, https:\/\/voxsahel.com\/wp-content\/uploads\/2026\/01\/Vox2-226x300.jpeg 226w, https:\/\/voxsahel.com\/wp-content\/uploads\/2026\/01\/Vox2-768x1021.jpeg 768w, https:\/\/voxsahel.com\/wp-content\/uploads\/2026\/01\/Vox2-610x811.jpeg 610w, https:\/\/voxsahel.com\/wp-content\/uploads\/2026\/01\/Vox2.jpeg 963w\" sizes=\"(max-width: 640px) 100vw, 640px\" \/><figcaption id=\"caption-attachment-3347\" class=\"wp-caption-text\"><strong>Wendpagnangd\u00e9 Alain Rouamba, Pr\u00e9sident de la communaut\u00e9 burkinab\u00e8 au Royaume-Uni a f\u00e9licit\u00e9 les autorit\u00e9s pour le travail abattu<\/strong><\/figcaption><\/figure>\n<p>Pr\u00e9sident de la communaut\u00e9 burkinab\u00e8 au Royaume-Uni, Wendpagnangd\u00e9 Alain Rouamba explique : \u00ab <em>Notre pr\u00e9sence ici, au M\u00e9morial, vise \u00e0 permettre \u00e0 des fr\u00e8res et s\u0153urs de la diaspora de se reconnecter \u00e0 leurs racines africaines<\/em> \u00bb. Il a soulign\u00e9 que le choix du Burkina Faso s\u2019est impos\u00e9 naturellement : \u00ab <em>Beaucoup d\u2019entre eux appr\u00e9cient et soutiennent les actions que m\u00e8ne notre Pr\u00e9sident, le capitaine Ibrahim Traor\u00e9, ainsi que la dynamique de la R\u00e9volution progressiste engag\u00e9e dans notre pays<\/em> \u00bb. Le groupe, compos\u00e9 de descendants d\u2019Africains d\u00e9port\u00e9s dans les Cara\u00efbes, notamment en Jama\u00efque, \u00e0 Sainte-Lucie ou \u00e0 la Barbade, entend <em>\u00ab apporter leur modeste soutien et leurs encouragements \u00e0 cette r\u00e9volution<\/em> \u00bb.<\/p>\n<p>Le s\u00e9jour de quinze jours comprend des visites culturelles et touristiques \u00e0 Laongo et \u00e0 la mare aux ca\u00efmans sacr\u00e9s. \u00ab <em>Ma perception est tr\u00e8s positive. Ce que j\u2019ai constat\u00e9 de mes propres yeux est encourageant <\/em>\u00bb, a confi\u00e9 Wendpagnangd\u00e9 Alain Rouamba quant \u00e0 la d\u00e9marche entreprise par les nouvelles autorit\u00e9s. \u00ab <em>Je dis donc chapeau \u00e0 nos dirigeants et aux forces engag\u00e9es pour le travail abattu <\/em>\u00bb, ajoute-t-il, rappelant que <em>\u00ab la r\u00e9volution n\u2019est jamais facile, car rien ne se construit du jour au lendemain <\/em>\u00bb.<\/p>\n<figure id=\"attachment_3348\" aria-describedby=\"caption-attachment-3348\" style=\"width: 640px\" class=\"wp-caption aligncenter\"><img loading=\"lazy\" decoding=\"async\" class=\"size-large wp-image-3348\" src=\"https:\/\/voxsahel.com\/wp-content\/uploads\/2026\/01\/Vox1-1024x770.jpeg\" alt=\"Jabulansi Urhobo a appel\u00e9 le capitaine Ibrahim Traor\u00e9 \u00e0 ne pas se d\u00e9courager \" width=\"640\" height=\"481\" srcset=\"https:\/\/voxsahel.com\/wp-content\/uploads\/2026\/01\/Vox1-1024x770.jpeg 1024w, https:\/\/voxsahel.com\/wp-content\/uploads\/2026\/01\/Vox1-300x226.jpeg 300w, https:\/\/voxsahel.com\/wp-content\/uploads\/2026\/01\/Vox1-768x578.jpeg 768w, https:\/\/voxsahel.com\/wp-content\/uploads\/2026\/01\/Vox1-510x382.jpeg 510w, https:\/\/voxsahel.com\/wp-content\/uploads\/2026\/01\/Vox1-1080x813.jpeg 1080w, https:\/\/voxsahel.com\/wp-content\/uploads\/2026\/01\/Vox1-610x459.jpeg 610w, https:\/\/voxsahel.com\/wp-content\/uploads\/2026\/01\/Vox1-720x540.jpeg 720w, https:\/\/voxsahel.com\/wp-content\/uploads\/2026\/01\/Vox1.jpeg 1280w\" sizes=\"(max-width: 640px) 100vw, 640px\" \/><figcaption id=\"caption-attachment-3348\" class=\"wp-caption-text\"><strong>Jabulansi Urhobo a appel\u00e9 le capitaine Ibrahim Traor\u00e9 \u00e0 ne pas se d\u00e9courager<\/strong><\/figcaption><\/figure>\n<p>Pour Jabulansi Urhobo, membre de la diaspora afro-carib\u00e9enne originaire de la Jama\u00efque, le voyage rev\u00eat une forte charge symbolique : <em>\u00ab Nos anc\u00eatres ont \u00e9t\u00e9 kidnapp\u00e9s et arrach\u00e9s \u00e0 cette terre. Aujourd\u2019hui, nous effectuons un p\u00e8lerinage vers notre terre m\u00e8re<\/em> \u00bb. Inspir\u00e9 par Thomas Sankara et Ibrahim Traor\u00e9, il affirme : \u00ab <em>Ils nous inspirent et nous montrent ce qui est possible pour nous, malgr\u00e9 tout ce que nous avons v\u00e9cu<\/em> \u00bb. \u00ab <em>Jusqu\u2019\u00e0 pr\u00e9sent, oui, j\u2019ai beaucoup appr\u00e9ci\u00e9 <\/em>\u00bb, confie-t-il, estimant que \u00ab <em>le Burkina Faso est, selon moi, l\u2019un des pays les plus inspirants, notamment du point de vue politique et des perspectives de d\u00e9veloppement futur<\/em> \u00bb.<\/p>\n<p>S\u2019adressant \u00e0 la diaspora, il cite Marcus Mosiah Garvey : <em>\u00ab Si vous n\u2019avez pas confiance en vous-m\u00eames, vous \u00eates d\u00e9j\u00e0 deux fois vaincus dans la course de la vie<\/em> \u00bb. \u00ab <em>Nous devons avoir confiance en nous-m\u00eames et en notre peuple, afin de reconna\u00eetre et de soutenir les actions positives qui sont men\u00e9es pour notre bien-\u00eatre collectif<\/em> \u00bb, poursuit-il, invitant \u00e9galement \u00e0 oser le voyage : \u00ab Il ne faut pas avoir peur de voyager, car le voyage ouvre l\u2019esprit \u00bb.<\/p>\n<p><img loading=\"lazy\" decoding=\"async\" class=\"aligncenter size-large wp-image-3351\" src=\"https:\/\/voxsahel.com\/wp-content\/uploads\/2026\/01\/Vox3-770x1024.jpeg\" alt=\"\" width=\"640\" height=\"851\" srcset=\"https:\/\/voxsahel.com\/wp-content\/uploads\/2026\/01\/Vox3-770x1024.jpeg 770w, https:\/\/voxsahel.com\/wp-content\/uploads\/2026\/01\/Vox3-226x300.jpeg 226w, https:\/\/voxsahel.com\/wp-content\/uploads\/2026\/01\/Vox3-768x1021.jpeg 768w, https:\/\/voxsahel.com\/wp-content\/uploads\/2026\/01\/Vox3-610x811.jpeg 610w, https:\/\/voxsahel.com\/wp-content\/uploads\/2026\/01\/Vox3.jpeg 963w\" sizes=\"(max-width: 640px) 100vw, 640px\" \/><\/p>\n<p>A l\u2019attention du Pr\u00e9sident du Faso, son message est sans \u00e9quivoque : <em>\u00ab Qu\u2019il ne se d\u00e9courage pas, et qu\u2019il continue d\u2019avancer avec d\u00e9termination. Nous, membres de la diaspora, sommes derri\u00e8re lui et nous continuerons \u00e0 le soutenir<\/em> \u00bb.<\/p>\n<p style=\"text-align: right;\"><strong>Par Amir BAKO<\/strong><\/p>\n","protected":false},"excerpt":{"rendered":"<p>Dix-huit afrodescendants vivant au Royaume-Uni, principalement originaires de la Jama\u00efque et des Cara\u00efbes, se sont<\/p>\n","protected":false},"author":2,"featured_media":3346,"comment_status":"open","ping_status":"open","sticky":false,"template":"","format":"standard","meta":{"_et_pb_use_builder":"","_et_pb_old_content":"","_et_gb_content_width":"","footnotes":""},"categories":[1],"tags":[],"class_list":["post-3345","post","type-post","status-publish","format-standard","has-post-thumbnail","hentry","category-faits-divers"],"yoast_head":"<!-- This site is optimized with the Yoast SEO plugin v27.5 - https:\/\/yoast.com\/product\/yoast-seo-wordpress\/ -->\n<title>Ouagadougou\u00a0: 18 afrodescendants britanniques rendent hommage \u00e0 Ibrahim Traor\u00e9 et renouent avec leurs racines - Vox Sahel<\/title>\n<meta name=\"robots\" content=\"index, follow, max-snippet:-1, max-image-preview:large, max-video-preview:-1\" \/>\n<link rel=\"canonical\" href=\"https:\/\/voxsahel.com\/?p=3345\" \/>\n<meta property=\"og:locale\" content=\"fr_FR\" \/>\n<meta property=\"og:type\" content=\"article\" \/>\n<meta property=\"og:title\" content=\"Ouagadougou\u00a0: 18 afrodescendants britanniques rendent hommage \u00e0 Ibrahim Traor\u00e9 et renouent avec leurs racines - Vox Sahel\" \/>\n<meta property=\"og:description\" content=\"Dix-huit afrodescendants vivant au Royaume-Uni, principalement originaires de la Jama\u00efque et des Cara\u00efbes, se sont\" \/>\n<meta property=\"og:url\" content=\"https:\/\/voxsahel.com\/?p=3345\" \/>\n<meta property=\"og:site_name\" content=\"Vox Sahel\" \/>\n<meta property=\"article:publisher\" content=\"https:\/\/www.facebook.com\/journal.voxsahel\" \/>\n<meta property=\"article:published_time\" content=\"2026-01-31T22:01:53+00:00\" \/>\n<meta property=\"article:modified_time\" content=\"2026-01-31T22:05:15+00:00\" \/>\n<meta property=\"og:image\" content=\"https:\/\/voxsahel.com\/wp-content\/uploads\/2026\/01\/Vox-.jpg\" \/>\n\t<meta property=\"og:image:width\" content=\"1280\" \/>\n\t<meta property=\"og:image:height\" content=\"963\" \/>\n\t<meta property=\"og:image:type\" content=\"image\/jpeg\" \/>\n<meta name=\"author\" content=\"Vox Sahel\" \/>\n<meta name=\"twitter:card\" content=\"summary_large_image\" \/>\n<meta name=\"twitter:label1\" content=\"\u00c9crit par\" \/>\n\t<meta name=\"twitter:data1\" content=\"Vox Sahel\" \/>\n\t<meta name=\"twitter:label2\" content=\"Dur\u00e9e de lecture estim\u00e9e\" \/>\n\t<meta name=\"twitter:data2\" content=\"4 minutes\" \/>\n<script type=\"application\/ld+json\" class=\"yoast-schema-graph\">{\"@context\":\"https:\\\/\\\/schema.org\",\"@graph\":[{\"@type\":\"Article\",\"@id\":\"https:\\\/\\\/voxsahel.com\\\/?p=3345#article\",\"isPartOf\":{\"@id\":\"https:\\\/\\\/voxsahel.com\\\/?p=3345\"},\"author\":{\"name\":\"Vox Sahel\",\"@id\":\"https:\\\/\\\/voxsahel.com\\\/#\\\/schema\\\/person\\\/b4043608248f8fa227cd760e7ff1e19e\"},\"headline\":\"Ouagadougou\u00a0: 18 afrodescendants britanniques rendent hommage \u00e0 Ibrahim Traor\u00e9 et renouent avec leurs racines\",\"datePublished\":\"2026-01-31T22:01:53+00:00\",\"dateModified\":\"2026-01-31T22:05:15+00:00\",\"mainEntityOfPage\":{\"@id\":\"https:\\\/\\\/voxsahel.com\\\/?p=3345\"},\"wordCount\":634,\"commentCount\":0,\"publisher\":{\"@id\":\"https:\\\/\\\/voxsahel.com\\\/#organization\"},\"image\":{\"@id\":\"https:\\\/\\\/voxsahel.com\\\/?p=3345#primaryimage\"},\"thumbnailUrl\":\"https:\\\/\\\/voxsahel.com\\\/wp-content\\\/uploads\\\/2026\\\/01\\\/Vox-.jpg\",\"articleSection\":[\"FAITS DIVERS\"],\"inLanguage\":\"fr-FR\",\"potentialAction\":[{\"@type\":\"CommentAction\",\"name\":\"Comment\",\"target\":[\"https:\\\/\\\/voxsahel.com\\\/?p=3345#respond\"]}]},{\"@type\":\"WebPage\",\"@id\":\"https:\\\/\\\/voxsahel.com\\\/?p=3345\",\"url\":\"https:\\\/\\\/voxsahel.com\\\/?p=3345\",\"name\":\"Ouagadougou\u00a0: 18 afrodescendants britanniques rendent hommage \u00e0 Ibrahim Traor\u00e9 et renouent avec leurs racines - Vox Sahel\",\"isPartOf\":{\"@id\":\"https:\\\/\\\/voxsahel.com\\\/#website\"},\"primaryImageOfPage\":{\"@id\":\"https:\\\/\\\/voxsahel.com\\\/?p=3345#primaryimage\"},\"image\":{\"@id\":\"https:\\\/\\\/voxsahel.com\\\/?p=3345#primaryimage\"},\"thumbnailUrl\":\"https:\\\/\\\/voxsahel.com\\\/wp-content\\\/uploads\\\/2026\\\/01\\\/Vox-.jpg\",\"datePublished\":\"2026-01-31T22:01:53+00:00\",\"dateModified\":\"2026-01-31T22:05:15+00:00\",\"breadcrumb\":{\"@id\":\"https:\\\/\\\/voxsahel.com\\\/?p=3345#breadcrumb\"},\"inLanguage\":\"fr-FR\",\"potentialAction\":[{\"@type\":\"ReadAction\",\"target\":[\"https:\\\/\\\/voxsahel.com\\\/?p=3345\"]}]},{\"@type\":\"ImageObject\",\"inLanguage\":\"fr-FR\",\"@id\":\"https:\\\/\\\/voxsahel.com\\\/?p=3345#primaryimage\",\"url\":\"https:\\\/\\\/voxsahel.com\\\/wp-content\\\/uploads\\\/2026\\\/01\\\/Vox-.jpg\",\"contentUrl\":\"https:\\\/\\\/voxsahel.com\\\/wp-content\\\/uploads\\\/2026\\\/01\\\/Vox-.jpg\",\"width\":1280,\"height\":963},{\"@type\":\"BreadcrumbList\",\"@id\":\"https:\\\/\\\/voxsahel.com\\\/?p=3345#breadcrumb\",\"itemListElement\":[{\"@type\":\"ListItem\",\"position\":1,\"name\":\"Home\",\"item\":\"https:\\\/\\\/voxsahel.com\\\/\"},{\"@type\":\"ListItem\",\"position\":2,\"name\":\"Ouagadougou\u00a0: 18 afrodescendants britanniques rendent hommage \u00e0 Ibrahim Traor\u00e9 et renouent avec leurs racines\"}]},{\"@type\":\"WebSite\",\"@id\":\"https:\\\/\\\/voxsahel.com\\\/#website\",\"url\":\"https:\\\/\\\/voxsahel.com\\\/\",\"name\":\"Vox Sahel\",\"description\":\"Informez-vous sur le Sahel en un clic\",\"publisher\":{\"@id\":\"https:\\\/\\\/voxsahel.com\\\/#organization\"},\"potentialAction\":[{\"@type\":\"SearchAction\",\"target\":{\"@type\":\"EntryPoint\",\"urlTemplate\":\"https:\\\/\\\/voxsahel.com\\\/?s={search_term_string}\"},\"query-input\":{\"@type\":\"PropertyValueSpecification\",\"valueRequired\":true,\"valueName\":\"search_term_string\"}}],\"inLanguage\":\"fr-FR\"},{\"@type\":\"Organization\",\"@id\":\"https:\\\/\\\/voxsahel.com\\\/#organization\",\"name\":\"Vox Sahel\",\"url\":\"https:\\\/\\\/voxsahel.com\\\/\",\"logo\":{\"@type\":\"ImageObject\",\"inLanguage\":\"fr-FR\",\"@id\":\"https:\\\/\\\/voxsahel.com\\\/#\\\/schema\\\/logo\\\/image\\\/\",\"url\":\"https:\\\/\\\/voxsahel.com\\\/wp-content\\\/uploads\\\/2024\\\/09\\\/Logo-Vox-Sahel.jpg\",\"contentUrl\":\"https:\\\/\\\/voxsahel.com\\\/wp-content\\\/uploads\\\/2024\\\/09\\\/Logo-Vox-Sahel.jpg\",\"width\":1181,\"height\":848,\"caption\":\"Vox Sahel\"},\"image\":{\"@id\":\"https:\\\/\\\/voxsahel.com\\\/#\\\/schema\\\/logo\\\/image\\\/\"},\"sameAs\":[\"https:\\\/\\\/www.facebook.com\\\/journal.voxsahel\"]},{\"@type\":\"Person\",\"@id\":\"https:\\\/\\\/voxsahel.com\\\/#\\\/schema\\\/person\\\/b4043608248f8fa227cd760e7ff1e19e\",\"name\":\"Vox Sahel\",\"image\":{\"@type\":\"ImageObject\",\"inLanguage\":\"fr-FR\",\"@id\":\"https:\\\/\\\/secure.gravatar.com\\\/avatar\\\/f70e7fa0cb9b29d4a7c5788d6eb2e9ab4d3135cbae1c9161810fdf77a8964699?s=96&d=mm&r=g\",\"url\":\"https:\\\/\\\/secure.gravatar.com\\\/avatar\\\/f70e7fa0cb9b29d4a7c5788d6eb2e9ab4d3135cbae1c9161810fdf77a8964699?s=96&d=mm&r=g\",\"contentUrl\":\"https:\\\/\\\/secure.gravatar.com\\\/avatar\\\/f70e7fa0cb9b29d4a7c5788d6eb2e9ab4d3135cbae1c9161810fdf77a8964699?s=96&d=mm&r=g\",\"caption\":\"Vox Sahel\"},\"sameAs\":[\"http:\\\/\\\/www.voxsahel.com\"],\"url\":\"https:\\\/\\\/voxsahel.com\\\/?author=2\"}]}<\/script>\n<!-- \/ Yoast SEO plugin. -->","yoast_head_json":{"title":"Ouagadougou\u00a0: 18 afrodescendants britanniques rendent hommage \u00e0 Ibrahim Traor\u00e9 et renouent avec leurs racines - Vox Sahel","robots":{"index":"index","follow":"follow","max-snippet":"max-snippet:-1","max-image-preview":"max-image-preview:large","max-video-preview":"max-video-preview:-1"},"canonical":"https:\/\/voxsahel.com\/?p=3345","og_locale":"fr_FR","og_type":"article","og_title":"Ouagadougou\u00a0: 18 afrodescendants britanniques rendent hommage \u00e0 Ibrahim Traor\u00e9 et renouent avec leurs racines - Vox Sahel","og_description":"Dix-huit afrodescendants vivant au Royaume-Uni, principalement originaires de la Jama\u00efque et des Cara\u00efbes, se sont","og_url":"https:\/\/voxsahel.com\/?p=3345","og_site_name":"Vox Sahel","article_publisher":"https:\/\/www.facebook.com\/journal.voxsahel","article_published_time":"2026-01-31T22:01:53+00:00","article_modified_time":"2026-01-31T22:05:15+00:00","og_image":[{"width":1280,"height":963,"url":"https:\/\/voxsahel.com\/wp-content\/uploads\/2026\/01\/Vox-.jpg","type":"image\/jpeg"}],"author":"Vox Sahel","twitter_card":"summary_large_image","twitter_misc":{"\u00c9crit par":"Vox Sahel","Dur\u00e9e de lecture estim\u00e9e":"4 minutes"},"schema":{"@context":"https:\/\/schema.org","@graph":[{"@type":"Article","@id":"https:\/\/voxsahel.com\/?p=3345#article","isPartOf":{"@id":"https:\/\/voxsahel.com\/?p=3345"},"author":{"name":"Vox Sahel","@id":"https:\/\/voxsahel.com\/#\/schema\/person\/b4043608248f8fa227cd760e7ff1e19e"},"headline":"Ouagadougou\u00a0: 18 afrodescendants britanniques rendent hommage \u00e0 Ibrahim Traor\u00e9 et renouent avec leurs racines","datePublished":"2026-01-31T22:01:53+00:00","dateModified":"2026-01-31T22:05:15+00:00","mainEntityOfPage":{"@id":"https:\/\/voxsahel.com\/?p=3345"},"wordCount":634,"commentCount":0,"publisher":{"@id":"https:\/\/voxsahel.com\/#organization"},"image":{"@id":"https:\/\/voxsahel.com\/?p=3345#primaryimage"},"thumbnailUrl":"https:\/\/voxsahel.com\/wp-content\/uploads\/2026\/01\/Vox-.jpg","articleSection":["FAITS DIVERS"],"inLanguage":"fr-FR","potentialAction":[{"@type":"CommentAction","name":"Comment","target":["https:\/\/voxsahel.com\/?p=3345#respond"]}]},{"@type":"WebPage","@id":"https:\/\/voxsahel.com\/?p=3345","url":"https:\/\/voxsahel.com\/?p=3345","name":"Ouagadougou\u00a0: 18 afrodescendants britanniques rendent hommage \u00e0 Ibrahim Traor\u00e9 et renouent avec leurs racines - Vox Sahel","isPartOf":{"@id":"https:\/\/voxsahel.com\/#website"},"primaryImageOfPage":{"@id":"https:\/\/voxsahel.com\/?p=3345#primaryimage"},"image":{"@id":"https:\/\/voxsahel.com\/?p=3345#primaryimage"},"thumbnailUrl":"https:\/\/voxsahel.com\/wp-content\/uploads\/2026\/01\/Vox-.jpg","datePublished":"2026-01-31T22:01:53+00:00","dateModified":"2026-01-31T22:05:15+00:00","breadcrumb":{"@id":"https:\/\/voxsahel.com\/?p=3345#breadcrumb"},"inLanguage":"fr-FR","potentialAction":[{"@type":"ReadAction","target":["https:\/\/voxsahel.com\/?p=3345"]}]},{"@type":"ImageObject","inLanguage":"fr-FR","@id":"https:\/\/voxsahel.com\/?p=3345#primaryimage","url":"https:\/\/voxsahel.com\/wp-content\/uploads\/2026\/01\/Vox-.jpg","contentUrl":"https:\/\/voxsahel.com\/wp-content\/uploads\/2026\/01\/Vox-.jpg","width":1280,"height":963},{"@type":"BreadcrumbList","@id":"https:\/\/voxsahel.com\/?p=3345#breadcrumb","itemListElement":[{"@type":"ListItem","position":1,"name":"Home","item":"https:\/\/voxsahel.com\/"},{"@type":"ListItem","position":2,"name":"Ouagadougou\u00a0: 18 afrodescendants britanniques rendent hommage \u00e0 Ibrahim Traor\u00e9 et renouent avec leurs racines"}]},{"@type":"WebSite","@id":"https:\/\/voxsahel.com\/#website","url":"https:\/\/voxsahel.com\/","name":"Vox Sahel","description":"Informez-vous sur le Sahel en un clic","publisher":{"@id":"https:\/\/voxsahel.com\/#organization"},"potentialAction":[{"@type":"SearchAction","target":{"@type":"EntryPoint","urlTemplate":"https:\/\/voxsahel.com\/?s={search_term_string}"},"query-input":{"@type":"PropertyValueSpecification","valueRequired":true,"valueName":"search_term_string"}}],"inLanguage":"fr-FR"},{"@type":"Organization","@id":"https:\/\/voxsahel.com\/#organization","name":"Vox Sahel","url":"https:\/\/voxsahel.com\/","logo":{"@type":"ImageObject","inLanguage":"fr-FR","@id":"https:\/\/voxsahel.com\/#\/schema\/logo\/image\/","url":"https:\/\/voxsahel.com\/wp-content\/uploads\/2024\/09\/Logo-Vox-Sahel.jpg","contentUrl":"https:\/\/voxsahel.com\/wp-content\/uploads\/2024\/09\/Logo-Vox-Sahel.jpg","width":1181,"height":848,"caption":"Vox Sahel"},"image":{"@id":"https:\/\/voxsahel.com\/#\/schema\/logo\/image\/"},"sameAs":["https:\/\/www.facebook.com\/journal.voxsahel"]},{"@type":"Person","@id":"https:\/\/voxsahel.com\/#\/schema\/person\/b4043608248f8fa227cd760e7ff1e19e","name":"Vox Sahel","image":{"@type":"ImageObject","inLanguage":"fr-FR","@id":"https:\/\/secure.gravatar.com\/avatar\/f70e7fa0cb9b29d4a7c5788d6eb2e9ab4d3135cbae1c9161810fdf77a8964699?s=96&d=mm&r=g","url":"https:\/\/secure.gravatar.com\/avatar\/f70e7fa0cb9b29d4a7c5788d6eb2e9ab4d3135cbae1c9161810fdf77a8964699?s=96&d=mm&r=g","contentUrl":"https:\/\/secure.gravatar.com\/avatar\/f70e7fa0cb9b29d4a7c5788d6eb2e9ab4d3135cbae1c9161810fdf77a8964699?s=96&d=mm&r=g","caption":"Vox Sahel"},"sameAs":["http:\/\/www.voxsahel.com"],"url":"https:\/\/voxsahel.com\/?author=2"}]}},"_links":{"self":[{"href":"https:\/\/voxsahel.com\/index.php?rest_route=\/wp\/v2\/posts\/3345","targetHints":{"allow":["GET"]}}],"collection":[{"href":"https:\/\/voxsahel.com\/index.php?rest_route=\/wp\/v2\/posts"}],"about":[{"href":"https:\/\/voxsahel.com\/index.php?rest_route=\/wp\/v2\/types\/post"}],"author":[{"embeddable":true,"href":"https:\/\/voxsahel.com\/index.php?rest_route=\/wp\/v2\/users\/2"}],"replies":[{"embeddable":true,"href":"https:\/\/voxsahel.com\/index.php?rest_route=%2Fwp%2Fv2%2Fcomments&post=3345"}],"version-history":[{"count":3,"href":"https:\/\/voxsahel.com\/index.php?rest_route=\/wp\/v2\/posts\/3345\/revisions"}],"predecessor-version":[{"id":3352,"href":"https:\/\/voxsahel.com\/index.php?rest_route=\/wp\/v2\/posts\/3345\/revisions\/3352"}],"wp:featuredmedia":[{"embeddable":true,"href":"https:\/\/voxsahel.com\/index.php?rest_route=\/wp\/v2\/media\/3346"}],"wp:attachment":[{"href":"https:\/\/voxsahel.com\/index.php?rest_route=%2Fwp%2Fv2%2Fmedia&parent=3345"}],"wp:term":[{"taxonomy":"category","embeddable":true,"href":"https:\/\/voxsahel.com\/index.php?rest_route=%2Fwp%2Fv2%2Fcategories&post=3345"},{"taxonomy":"post_tag","embeddable":true,"href":"https:\/\/voxsahel.com\/index.php?rest_route=%2Fwp%2Fv2%2Ftags&post=3345"}],"curies":[{"name":"wp","href":"https:\/\/api.w.org\/{rel}","templated":true}]}}