{"id":3335,"date":"2026-01-29T09:52:52","date_gmt":"2026-01-29T09:52:52","guid":{"rendered":"https:\/\/voxsahel.com\/?p=3335"},"modified":"2026-01-29T09:52:52","modified_gmt":"2026-01-29T09:52:52","slug":"can-discipline-quand-la-caf-rappelle-a-lordre-le-senegal-et-le-maroc","status":"publish","type":"post","link":"https:\/\/voxsahel.com\/?p=3335","title":{"rendered":"CAN \u2013 Discipline : Quand la CAF rappelle \u00e0 l\u2019ordre le S\u00e9n\u00e9gal et le Maroc"},"content":{"rendered":"<p class=\"p1\"><span class=\"s2\">Il aura fallu des d\u00e9bordements r\u00e9p\u00e9t\u00e9s, des contestations excessives et une tension devenue incontr\u00f4lable pour que la Conf\u00e9d\u00e9ration Africaine de Football (CAF) sorte le carton rouge institutionnel. Le S\u00e9n\u00e9gal et le Maroc, deux poids lourds du football africain, viennent d\u2019en faire l\u2019am\u00e8re exp\u00e9rience.<\/span><\/p>\n<p class=\"p1\"><span class=\"s2\">Champion d\u2019Afrique et mod\u00e8le souvent cit\u00e9, le S\u00e9n\u00e9gal a vu son image s\u00e9rieusement \u00e9corn\u00e9e. La sanction inflig\u00e9e \u00e0 <\/span><span class=\"s1\">Pape Bouna Thiaw<\/span><span class=\"s2\">, suspendu <\/span><span class=\"s1\">cinq matchs CAF<\/span><span class=\"s2\"> et lourdement amend\u00e9, sonne comme un d\u00e9saveu cinglant. Plus inqui\u00e9tant encore, l\u2019attitude de certains joueurs, <\/span><span class=\"s1\">Iliman Ndiaye<\/span><span class=\"s2\"> et <\/span><span class=\"s1\">Isma\u00efla Sarr<\/span><span class=\"s2\">, sanctionn\u00e9s pour leur comportement envers l\u2019arbitre, r\u00e9v\u00e8le un malaise plus profond : celui d\u2019une \u00e9quipe qui a laiss\u00e9 la frustration prendre le pas sur la ma\u00eetrise.<\/span><\/p>\n<p class=\"p1\"><span class=\"s2\">Mais le v\u00e9ritable signal est collectif. <\/span><span class=\"s1\">615 000 dollars d\u2019amendes cumul\u00e9es<\/span><span class=\"s2\"> pour la FSF : supporters incontr\u00f4l\u00e9s, staff d\u00e9bord\u00e9, joueurs indisciplin\u00e9s. Un chiffre qui en dit long sur une d\u00e9rive que la CAF n\u2019entend plus tol\u00e9rer.<\/span><\/p>\n<p class=\"p1\"><span class=\"s2\">Pays h\u00f4te et nation ambitieuse, le Maroc n\u2019a pas non plus \u00e9t\u00e9 \u00e0 la hauteur de son statut. <\/span><span class=\"s1\">Achraf Hakimi<\/span><span class=\"s2\">, pourtant symbole d\u2019exemplarit\u00e9, est rappel\u00e9 \u00e0 l\u2019ordre. <\/span><span class=\"s1\">Isma\u00ebl Saibari<\/span><span class=\"s2\">, lui, paie cash une attitude jug\u00e9e incompatible avec l\u2019exigence du haut niveau.<\/span><\/p>\n<p class=\"p1\"><span class=\"s2\">Les sanctions inflig\u00e9es \u00e0 la FRMF pour l\u2019envahissement de la zone VAR et l\u2019utilisation de lasers dans les tribunes exposent une autre r\u00e9alit\u00e9 : quand la pression du r\u00e9sultat se transforme en volont\u00e9 d\u2019influencer le jeu, la ligne rouge est franchie.<\/span><\/p>\n<p class=\"p1\"><strong><span class=\"s1\">La CAF tranche, le d\u00e9bat demeure<\/span><\/strong><\/p>\n<p class=\"p1\"><span class=\"s2\">En rejetant la protestation du Maroc contre le S\u00e9n\u00e9gal, la CAF a choisi la fermet\u00e9 et la cl\u00f4ture du d\u00e9bat r\u00e9glementaire. Mais le fond du probl\u00e8me demeure : <\/span><span class=\"s1\">le football africain peut-il continuer \u00e0 grandir sans une r\u00e9volution des comportements ?<\/span><\/p>\n<p class=\"p1\"><span class=\"s2\">Ces sanctions ne sont pas qu\u2019une punition. Elles sont un avertissement. \u00c0 l\u2019heure o\u00f9 la CAN se veut une vitrine mondiale, le spectacle ne peut plus \u00eatre g\u00e2ch\u00e9 par des d\u00e9rives qui fragilisent la cr\u00e9dibilit\u00e9 de la comp\u00e9tition.<\/span><\/p>\n<p class=\"p1\"><span class=\"s2\">Le S\u00e9n\u00e9gal et le Maroc ont \u00e9t\u00e9 rappel\u00e9s \u00e0 l\u2019ordre. Demain, ce pourrait \u00eatre n\u2019importe qui d\u2019autre. La CAF a frapp\u00e9 fort. Reste \u00e0 savoir si le message sera enfin entendu sur les pelouses africaines.<\/span><\/p>\n<p class=\"p1\" style=\"text-align: right;\"><strong><span class=\"s2\">Par Vox Sahel <\/span><\/strong><\/p>\n","protected":false},"excerpt":{"rendered":"<p>Il aura fallu des d\u00e9bordements r\u00e9p\u00e9t\u00e9s, des contestations excessives et une tension devenue incontr\u00f4lable pour<\/p>\n","protected":false},"author":2,"featured_media":3336,"comment_status":"open","ping_status":"open","sticky":false,"template":"","format":"standard","meta":{"_et_pb_use_builder":"","_et_pb_old_content":"","_et_gb_content_width":"","footnotes":""},"categories":[1],"tags":[],"class_list":["post-3335","post","type-post","status-publish","format-standard","has-post-thumbnail","hentry","category-faits-divers"],"yoast_head":"<!-- This site is optimized with the Yoast SEO plugin v27.5 - https:\/\/yoast.com\/product\/yoast-seo-wordpress\/ -->\n<title>CAN \u2013 Discipline : Quand la CAF rappelle \u00e0 l\u2019ordre le S\u00e9n\u00e9gal et le Maroc - Vox Sahel<\/title>\n<meta name=\"robots\" content=\"index, follow, max-snippet:-1, max-image-preview:large, max-video-preview:-1\" \/>\n<link rel=\"canonical\" href=\"https:\/\/voxsahel.com\/?p=3335\" \/>\n<meta property=\"og:locale\" content=\"fr_FR\" \/>\n<meta property=\"og:type\" content=\"article\" \/>\n<meta property=\"og:title\" content=\"CAN \u2013 Discipline : Quand la CAF rappelle \u00e0 l\u2019ordre le S\u00e9n\u00e9gal et le Maroc - Vox Sahel\" \/>\n<meta property=\"og:description\" content=\"Il aura fallu des d\u00e9bordements r\u00e9p\u00e9t\u00e9s, des contestations excessives et une tension devenue incontr\u00f4lable pour\" \/>\n<meta property=\"og:url\" content=\"https:\/\/voxsahel.com\/?p=3335\" \/>\n<meta property=\"og:site_name\" content=\"Vox Sahel\" \/>\n<meta property=\"article:publisher\" content=\"https:\/\/www.facebook.com\/journal.voxsahel\" \/>\n<meta property=\"article:published_time\" content=\"2026-01-29T09:52:52+00:00\" \/>\n<meta property=\"og:image\" content=\"https:\/\/voxsahel.com\/wp-content\/uploads\/2026\/01\/IMG_4266.jpeg\" \/>\n\t<meta property=\"og:image:width\" content=\"560\" \/>\n\t<meta property=\"og:image:height\" content=\"420\" \/>\n\t<meta property=\"og:image:type\" content=\"image\/jpeg\" \/>\n<meta name=\"author\" content=\"Vox Sahel\" \/>\n<meta name=\"twitter:card\" content=\"summary_large_image\" \/>\n<meta name=\"twitter:label1\" content=\"\u00c9crit par\" \/>\n\t<meta name=\"twitter:data1\" content=\"Vox Sahel\" \/>\n\t<meta name=\"twitter:label2\" content=\"Dur\u00e9e de lecture estim\u00e9e\" \/>\n\t<meta name=\"twitter:data2\" content=\"2 minutes\" \/>\n<script type=\"application\/ld+json\" class=\"yoast-schema-graph\">{\"@context\":\"https:\\\/\\\/schema.org\",\"@graph\":[{\"@type\":\"Article\",\"@id\":\"https:\\\/\\\/voxsahel.com\\\/?p=3335#article\",\"isPartOf\":{\"@id\":\"https:\\\/\\\/voxsahel.com\\\/?p=3335\"},\"author\":{\"name\":\"Vox Sahel\",\"@id\":\"https:\\\/\\\/voxsahel.com\\\/#\\\/schema\\\/person\\\/b4043608248f8fa227cd760e7ff1e19e\"},\"headline\":\"CAN \u2013 Discipline : Quand la CAF rappelle \u00e0 l\u2019ordre le S\u00e9n\u00e9gal et le Maroc\",\"datePublished\":\"2026-01-29T09:52:52+00:00\",\"mainEntityOfPage\":{\"@id\":\"https:\\\/\\\/voxsahel.com\\\/?p=3335\"},\"wordCount\":428,\"commentCount\":0,\"publisher\":{\"@id\":\"https:\\\/\\\/voxsahel.com\\\/#organization\"},\"image\":{\"@id\":\"https:\\\/\\\/voxsahel.com\\\/?p=3335#primaryimage\"},\"thumbnailUrl\":\"https:\\\/\\\/voxsahel.com\\\/wp-content\\\/uploads\\\/2026\\\/01\\\/IMG_4266.jpeg\",\"articleSection\":[\"FAITS DIVERS\"],\"inLanguage\":\"fr-FR\",\"potentialAction\":[{\"@type\":\"CommentAction\",\"name\":\"Comment\",\"target\":[\"https:\\\/\\\/voxsahel.com\\\/?p=3335#respond\"]}]},{\"@type\":\"WebPage\",\"@id\":\"https:\\\/\\\/voxsahel.com\\\/?p=3335\",\"url\":\"https:\\\/\\\/voxsahel.com\\\/?p=3335\",\"name\":\"CAN \u2013 Discipline : Quand la CAF rappelle \u00e0 l\u2019ordre le S\u00e9n\u00e9gal et le Maroc - Vox Sahel\",\"isPartOf\":{\"@id\":\"https:\\\/\\\/voxsahel.com\\\/#website\"},\"primaryImageOfPage\":{\"@id\":\"https:\\\/\\\/voxsahel.com\\\/?p=3335#primaryimage\"},\"image\":{\"@id\":\"https:\\\/\\\/voxsahel.com\\\/?p=3335#primaryimage\"},\"thumbnailUrl\":\"https:\\\/\\\/voxsahel.com\\\/wp-content\\\/uploads\\\/2026\\\/01\\\/IMG_4266.jpeg\",\"datePublished\":\"2026-01-29T09:52:52+00:00\",\"breadcrumb\":{\"@id\":\"https:\\\/\\\/voxsahel.com\\\/?p=3335#breadcrumb\"},\"inLanguage\":\"fr-FR\",\"potentialAction\":[{\"@type\":\"ReadAction\",\"target\":[\"https:\\\/\\\/voxsahel.com\\\/?p=3335\"]}]},{\"@type\":\"ImageObject\",\"inLanguage\":\"fr-FR\",\"@id\":\"https:\\\/\\\/voxsahel.com\\\/?p=3335#primaryimage\",\"url\":\"https:\\\/\\\/voxsahel.com\\\/wp-content\\\/uploads\\\/2026\\\/01\\\/IMG_4266.jpeg\",\"contentUrl\":\"https:\\\/\\\/voxsahel.com\\\/wp-content\\\/uploads\\\/2026\\\/01\\\/IMG_4266.jpeg\",\"width\":560,\"height\":420},{\"@type\":\"BreadcrumbList\",\"@id\":\"https:\\\/\\\/voxsahel.com\\\/?p=3335#breadcrumb\",\"itemListElement\":[{\"@type\":\"ListItem\",\"position\":1,\"name\":\"Home\",\"item\":\"https:\\\/\\\/voxsahel.com\\\/\"},{\"@type\":\"ListItem\",\"position\":2,\"name\":\"CAN \u2013 Discipline : Quand la CAF rappelle \u00e0 l\u2019ordre le S\u00e9n\u00e9gal et le Maroc\"}]},{\"@type\":\"WebSite\",\"@id\":\"https:\\\/\\\/voxsahel.com\\\/#website\",\"url\":\"https:\\\/\\\/voxsahel.com\\\/\",\"name\":\"Vox Sahel\",\"description\":\"Informez-vous sur le Sahel en un clic\",\"publisher\":{\"@id\":\"https:\\\/\\\/voxsahel.com\\\/#organization\"},\"potentialAction\":[{\"@type\":\"SearchAction\",\"target\":{\"@type\":\"EntryPoint\",\"urlTemplate\":\"https:\\\/\\\/voxsahel.com\\\/?s={search_term_string}\"},\"query-input\":{\"@type\":\"PropertyValueSpecification\",\"valueRequired\":true,\"valueName\":\"search_term_string\"}}],\"inLanguage\":\"fr-FR\"},{\"@type\":\"Organization\",\"@id\":\"https:\\\/\\\/voxsahel.com\\\/#organization\",\"name\":\"Vox Sahel\",\"url\":\"https:\\\/\\\/voxsahel.com\\\/\",\"logo\":{\"@type\":\"ImageObject\",\"inLanguage\":\"fr-FR\",\"@id\":\"https:\\\/\\\/voxsahel.com\\\/#\\\/schema\\\/logo\\\/image\\\/\",\"url\":\"https:\\\/\\\/voxsahel.com\\\/wp-content\\\/uploads\\\/2024\\\/09\\\/Logo-Vox-Sahel.jpg\",\"contentUrl\":\"https:\\\/\\\/voxsahel.com\\\/wp-content\\\/uploads\\\/2024\\\/09\\\/Logo-Vox-Sahel.jpg\",\"width\":1181,\"height\":848,\"caption\":\"Vox Sahel\"},\"image\":{\"@id\":\"https:\\\/\\\/voxsahel.com\\\/#\\\/schema\\\/logo\\\/image\\\/\"},\"sameAs\":[\"https:\\\/\\\/www.facebook.com\\\/journal.voxsahel\"]},{\"@type\":\"Person\",\"@id\":\"https:\\\/\\\/voxsahel.com\\\/#\\\/schema\\\/person\\\/b4043608248f8fa227cd760e7ff1e19e\",\"name\":\"Vox Sahel\",\"image\":{\"@type\":\"ImageObject\",\"inLanguage\":\"fr-FR\",\"@id\":\"https:\\\/\\\/secure.gravatar.com\\\/avatar\\\/f70e7fa0cb9b29d4a7c5788d6eb2e9ab4d3135cbae1c9161810fdf77a8964699?s=96&d=mm&r=g\",\"url\":\"https:\\\/\\\/secure.gravatar.com\\\/avatar\\\/f70e7fa0cb9b29d4a7c5788d6eb2e9ab4d3135cbae1c9161810fdf77a8964699?s=96&d=mm&r=g\",\"contentUrl\":\"https:\\\/\\\/secure.gravatar.com\\\/avatar\\\/f70e7fa0cb9b29d4a7c5788d6eb2e9ab4d3135cbae1c9161810fdf77a8964699?s=96&d=mm&r=g\",\"caption\":\"Vox Sahel\"},\"sameAs\":[\"http:\\\/\\\/www.voxsahel.com\"],\"url\":\"https:\\\/\\\/voxsahel.com\\\/?author=2\"}]}<\/script>\n<!-- \/ Yoast SEO plugin. -->","yoast_head_json":{"title":"CAN \u2013 Discipline : Quand la CAF rappelle \u00e0 l\u2019ordre le S\u00e9n\u00e9gal et le Maroc - Vox Sahel","robots":{"index":"index","follow":"follow","max-snippet":"max-snippet:-1","max-image-preview":"max-image-preview:large","max-video-preview":"max-video-preview:-1"},"canonical":"https:\/\/voxsahel.com\/?p=3335","og_locale":"fr_FR","og_type":"article","og_title":"CAN \u2013 Discipline : Quand la CAF rappelle \u00e0 l\u2019ordre le S\u00e9n\u00e9gal et le Maroc - Vox Sahel","og_description":"Il aura fallu des d\u00e9bordements r\u00e9p\u00e9t\u00e9s, des contestations excessives et une tension devenue incontr\u00f4lable pour","og_url":"https:\/\/voxsahel.com\/?p=3335","og_site_name":"Vox Sahel","article_publisher":"https:\/\/www.facebook.com\/journal.voxsahel","article_published_time":"2026-01-29T09:52:52+00:00","og_image":[{"width":560,"height":420,"url":"https:\/\/voxsahel.com\/wp-content\/uploads\/2026\/01\/IMG_4266.jpeg","type":"image\/jpeg"}],"author":"Vox Sahel","twitter_card":"summary_large_image","twitter_misc":{"\u00c9crit par":"Vox Sahel","Dur\u00e9e de lecture estim\u00e9e":"2 minutes"},"schema":{"@context":"https:\/\/schema.org","@graph":[{"@type":"Article","@id":"https:\/\/voxsahel.com\/?p=3335#article","isPartOf":{"@id":"https:\/\/voxsahel.com\/?p=3335"},"author":{"name":"Vox Sahel","@id":"https:\/\/voxsahel.com\/#\/schema\/person\/b4043608248f8fa227cd760e7ff1e19e"},"headline":"CAN \u2013 Discipline : Quand la CAF rappelle \u00e0 l\u2019ordre le S\u00e9n\u00e9gal et le Maroc","datePublished":"2026-01-29T09:52:52+00:00","mainEntityOfPage":{"@id":"https:\/\/voxsahel.com\/?p=3335"},"wordCount":428,"commentCount":0,"publisher":{"@id":"https:\/\/voxsahel.com\/#organization"},"image":{"@id":"https:\/\/voxsahel.com\/?p=3335#primaryimage"},"thumbnailUrl":"https:\/\/voxsahel.com\/wp-content\/uploads\/2026\/01\/IMG_4266.jpeg","articleSection":["FAITS DIVERS"],"inLanguage":"fr-FR","potentialAction":[{"@type":"CommentAction","name":"Comment","target":["https:\/\/voxsahel.com\/?p=3335#respond"]}]},{"@type":"WebPage","@id":"https:\/\/voxsahel.com\/?p=3335","url":"https:\/\/voxsahel.com\/?p=3335","name":"CAN \u2013 Discipline : Quand la CAF rappelle \u00e0 l\u2019ordre le S\u00e9n\u00e9gal et le Maroc - Vox Sahel","isPartOf":{"@id":"https:\/\/voxsahel.com\/#website"},"primaryImageOfPage":{"@id":"https:\/\/voxsahel.com\/?p=3335#primaryimage"},"image":{"@id":"https:\/\/voxsahel.com\/?p=3335#primaryimage"},"thumbnailUrl":"https:\/\/voxsahel.com\/wp-content\/uploads\/2026\/01\/IMG_4266.jpeg","datePublished":"2026-01-29T09:52:52+00:00","breadcrumb":{"@id":"https:\/\/voxsahel.com\/?p=3335#breadcrumb"},"inLanguage":"fr-FR","potentialAction":[{"@type":"ReadAction","target":["https:\/\/voxsahel.com\/?p=3335"]}]},{"@type":"ImageObject","inLanguage":"fr-FR","@id":"https:\/\/voxsahel.com\/?p=3335#primaryimage","url":"https:\/\/voxsahel.com\/wp-content\/uploads\/2026\/01\/IMG_4266.jpeg","contentUrl":"https:\/\/voxsahel.com\/wp-content\/uploads\/2026\/01\/IMG_4266.jpeg","width":560,"height":420},{"@type":"BreadcrumbList","@id":"https:\/\/voxsahel.com\/?p=3335#breadcrumb","itemListElement":[{"@type":"ListItem","position":1,"name":"Home","item":"https:\/\/voxsahel.com\/"},{"@type":"ListItem","position":2,"name":"CAN \u2013 Discipline : Quand la CAF rappelle \u00e0 l\u2019ordre le S\u00e9n\u00e9gal et le Maroc"}]},{"@type":"WebSite","@id":"https:\/\/voxsahel.com\/#website","url":"https:\/\/voxsahel.com\/","name":"Vox Sahel","description":"Informez-vous sur le Sahel en un clic","publisher":{"@id":"https:\/\/voxsahel.com\/#organization"},"potentialAction":[{"@type":"SearchAction","target":{"@type":"EntryPoint","urlTemplate":"https:\/\/voxsahel.com\/?s={search_term_string}"},"query-input":{"@type":"PropertyValueSpecification","valueRequired":true,"valueName":"search_term_string"}}],"inLanguage":"fr-FR"},{"@type":"Organization","@id":"https:\/\/voxsahel.com\/#organization","name":"Vox Sahel","url":"https:\/\/voxsahel.com\/","logo":{"@type":"ImageObject","inLanguage":"fr-FR","@id":"https:\/\/voxsahel.com\/#\/schema\/logo\/image\/","url":"https:\/\/voxsahel.com\/wp-content\/uploads\/2024\/09\/Logo-Vox-Sahel.jpg","contentUrl":"https:\/\/voxsahel.com\/wp-content\/uploads\/2024\/09\/Logo-Vox-Sahel.jpg","width":1181,"height":848,"caption":"Vox Sahel"},"image":{"@id":"https:\/\/voxsahel.com\/#\/schema\/logo\/image\/"},"sameAs":["https:\/\/www.facebook.com\/journal.voxsahel"]},{"@type":"Person","@id":"https:\/\/voxsahel.com\/#\/schema\/person\/b4043608248f8fa227cd760e7ff1e19e","name":"Vox Sahel","image":{"@type":"ImageObject","inLanguage":"fr-FR","@id":"https:\/\/secure.gravatar.com\/avatar\/f70e7fa0cb9b29d4a7c5788d6eb2e9ab4d3135cbae1c9161810fdf77a8964699?s=96&d=mm&r=g","url":"https:\/\/secure.gravatar.com\/avatar\/f70e7fa0cb9b29d4a7c5788d6eb2e9ab4d3135cbae1c9161810fdf77a8964699?s=96&d=mm&r=g","contentUrl":"https:\/\/secure.gravatar.com\/avatar\/f70e7fa0cb9b29d4a7c5788d6eb2e9ab4d3135cbae1c9161810fdf77a8964699?s=96&d=mm&r=g","caption":"Vox Sahel"},"sameAs":["http:\/\/www.voxsahel.com"],"url":"https:\/\/voxsahel.com\/?author=2"}]}},"_links":{"self":[{"href":"https:\/\/voxsahel.com\/index.php?rest_route=\/wp\/v2\/posts\/3335","targetHints":{"allow":["GET"]}}],"collection":[{"href":"https:\/\/voxsahel.com\/index.php?rest_route=\/wp\/v2\/posts"}],"about":[{"href":"https:\/\/voxsahel.com\/index.php?rest_route=\/wp\/v2\/types\/post"}],"author":[{"embeddable":true,"href":"https:\/\/voxsahel.com\/index.php?rest_route=\/wp\/v2\/users\/2"}],"replies":[{"embeddable":true,"href":"https:\/\/voxsahel.com\/index.php?rest_route=%2Fwp%2Fv2%2Fcomments&post=3335"}],"version-history":[{"count":1,"href":"https:\/\/voxsahel.com\/index.php?rest_route=\/wp\/v2\/posts\/3335\/revisions"}],"predecessor-version":[{"id":3337,"href":"https:\/\/voxsahel.com\/index.php?rest_route=\/wp\/v2\/posts\/3335\/revisions\/3337"}],"wp:featuredmedia":[{"embeddable":true,"href":"https:\/\/voxsahel.com\/index.php?rest_route=\/wp\/v2\/media\/3336"}],"wp:attachment":[{"href":"https:\/\/voxsahel.com\/index.php?rest_route=%2Fwp%2Fv2%2Fmedia&parent=3335"}],"wp:term":[{"taxonomy":"category","embeddable":true,"href":"https:\/\/voxsahel.com\/index.php?rest_route=%2Fwp%2Fv2%2Fcategories&post=3335"},{"taxonomy":"post_tag","embeddable":true,"href":"https:\/\/voxsahel.com\/index.php?rest_route=%2Fwp%2Fv2%2Ftags&post=3335"}],"curies":[{"name":"wp","href":"https:\/\/api.w.org\/{rel}","templated":true}]}}