{"id":3326,"date":"2026-01-24T07:01:34","date_gmt":"2026-01-24T07:01:34","guid":{"rendered":"https:\/\/voxsahel.com\/?p=3326"},"modified":"2026-01-24T07:02:49","modified_gmt":"2026-01-24T07:02:49","slug":"decrypt-elimination-des-etalons-a-la-can-2025-quand-la-debacle-impose-lheure-de-verite","status":"publish","type":"post","link":"https:\/\/voxsahel.com\/?p=3326","title":{"rendered":"D\u00e9crypt\/Elimination des Etalons \u00e0 la CAN 2025: Quand la d\u00e9b\u00e2cle impose l\u2019heure de v\u00e9rit\u00e9"},"content":{"rendered":"<p class=\"p1\">La lourde d\u00e9faite des Etalons face aux \u00c9l\u00e9phants de C\u00f4te d\u2019Ivoire (3-0) \u00e0 la CAN 2025 a retenti comme un v\u00e9ritable s\u00e9isme au Burkina Faso. Plus qu\u2019un revers sportif, ce match a agi comme un r\u00e9v\u00e9lateur brutal, mettant \u00e0 nu des failles longtemps dissimul\u00e9es, des insuffisances tol\u00e9r\u00e9es et des espoirs collectifs une fois encore fracass\u00e9s.<\/p>\n<p class=\"p1\">Car entre le Burkina Faso et la C\u00f4te d\u2019Ivoire, il ne s\u2019agit jamais d\u2019une rencontre ordinaire. C\u2019est un derby charg\u00e9 d\u2019histoire, de fiert\u00e9 et de rivalit\u00e9 fraternelle. Sur les r\u00e9seaux sociaux, la confiance \u00e9tait affich\u00e9e sans d\u00e9tour. Beaucoup croyaient \u00e0 une prestation \u00e0 la hauteur du rang acquis par les Etalons ces derni\u00e8res ann\u00e9es. Mais au coup de sifflet final, la r\u00e9alit\u00e9 du terrain s\u2019est impos\u00e9e avec une brutalit\u00e9 implacable.<\/p>\n<p class=\"p1\">Pendant quatre-vingt-dix minutes, les \u00c9l\u00e9phants ont dict\u00e9 leur loi avec ma\u00eetrise, efficacit\u00e9 et s\u00e9r\u00e9nit\u00e9. En face, les \u00c9talons ont donn\u00e9 l\u2019image d\u2019une \u00e9quipe d\u00e9pass\u00e9e, h\u00e9sitante, sans plan clair ni r\u00e9action d\u2019orgueil. Le plus douloureux n\u2019est pas tant le score que la mani\u00e8re. Cette rencontre a ressembl\u00e9 \u00e0 une promenade de sant\u00e9 pour l\u2019adversaire, face \u00e0 une s\u00e9lection burkinab\u00e8 incapable d\u2019opposer une r\u00e9sistance digne de son statut et de son histoire r\u00e9cente.<\/p>\n<p class=\"p1\">La d\u00e9sillusion est immense pour un peuple passionn\u00e9, profond\u00e9ment attach\u00e9 \u00e0 son \u00e9quipe nationale. Mais au-del\u00e0 de la col\u00e8re et de la tristesse, l\u2019heure n\u2019est ni aux insultes ni aux excuses faciles. Cette d\u00e9faite doit \u00eatre un \u00e9lectrochoc salutaire.<\/p>\n<p class=\"p1\">Depuis des ann\u00e9es, des voix alertent sur les dysfonctionnements dans la gestion du football burkinab\u00e8. Trop souvent, ces critiques ont \u00e9t\u00e9 minimis\u00e9es ou balay\u00e9es d\u2019un revers de main. Le match du mardi 6 janvier 2026 vient malheureusement leur donner un \u00e9cho retentissant.<\/p>\n<p class=\"p1\">Les responsabilit\u00e9s sont multiples et doivent \u00eatre assum\u00e9es avec lucidit\u00e9 et courage. Le staff technique ne peut \u00e9luder une autocritique profonde : choix tactiques, pr\u00e9paration, s\u00e9lection des joueurs, capacit\u00e9 d\u2019adaptation en cours de match, tout m\u00e9rite d\u2019\u00eatre interrog\u00e9. Les joueurs, eux aussi, sont interpell\u00e9s. Porter le maillot national n\u2019est ni un acquis ni une formalit\u00e9. C\u2019est un honneur qui exige engagement total, discipline et esprit de sacrifice, surtout dans un derby aussi symbolique.<\/p>\n<p class=\"p1\">Mais la r\u00e9flexion ne saurait se limiter au rectangle vert. Les instances dirigeantes du football burkinab\u00e8, ainsi que le minist\u00e8re en charge des Sports, portent une responsabilit\u00e9 \u00e9vidente. Vision \u00e0 long terme, stabilit\u00e9 des projets, coh\u00e9rence des d\u00e9cisions et transparence dans la gestion demeurent des chantiers inachev\u00e9s. Le copinage et les choix complaisants doivent c\u00e9der la place \u00e0 la comp\u00e9tence, au m\u00e9rite et \u00e0 l\u2019exigence de r\u00e9sultats.<\/p>\n<p class=\"p1\">Le paradoxe est cruel : le Burkina Faso dispose d\u2019un vivier de talents ind\u00e9niable. De nombreux joueurs brillent dans des championnats comp\u00e9titifs. Le probl\u00e8me n\u2019est donc pas l\u2019absence de qualit\u00e9, mais son exploitation d\u00e9faillante. Il est urgent de repenser en profondeur la politique footballistique nationale : formation \u00e0 la base, renforcement des centres de formation, modernisation des infrastructures et mise en avant de cadres comp\u00e9tents anim\u00e9s d\u2019un v\u00e9ritable amour du football et du pays.<\/p>\n<p class=\"p1\">Le Burkina Faso n\u2019est plus un simple outsider du football africain. Les performances pass\u00e9es ont hiss\u00e9 les \u00c9talons au rang de nation respect\u00e9e. A ce niveau, l\u2019improvisation, la r\u00e9signation et la m\u00e9diocrit\u00e9 n\u2019ont plus leur place. Etre une grande nation de football, c\u2019est accepter l\u2019exigence permanente, la rigueur et la remise en question constante.<\/p>\n<p class=\"p1\">La d\u00e9b\u00e2cle face \u00e0 la C\u00f4te d\u2019Ivoire doit donc marquer un tournant d\u00e9cisif. Soit elle restera un \u00e9ni\u00e8me \u00e9pisode douloureux rapidement oubli\u00e9, soit elle deviendra le point de d\u00e9part d\u2019une refondation courageuse et ambitieuse du football burkinab\u00e8.<\/p>\n<p class=\"p1\">Une certitude demeure : le peuple burkinab\u00e8, passionn\u00e9 et exigeant, n\u2019attend plus des discours, mais des actes forts, des d\u00e9cisions courageuses et des r\u00e9sultats \u00e0 la hauteur de ses espoirs.<\/p>\n<p class=\"p1\" style=\"text-align: right;\"><strong><span class=\"s2\">Amie BAKO<\/span><\/strong><\/p>\n","protected":false},"excerpt":{"rendered":"<p>La lourde d\u00e9faite des Etalons face aux \u00c9l\u00e9phants de C\u00f4te d\u2019Ivoire (3-0) \u00e0 la CAN<\/p>\n","protected":false},"author":2,"featured_media":3327,"comment_status":"open","ping_status":"open","sticky":false,"template":"","format":"standard","meta":{"_et_pb_use_builder":"","_et_pb_old_content":"","_et_gb_content_width":"","footnotes":""},"categories":[1],"tags":[18,39,38,37,660,348,40,35,34],"class_list":["post-3326","post","type-post","status-publish","format-standard","has-post-thumbnail","hentry","category-faits-divers","tag-burkina-faso","tag-caf","tag-can","tag-can-maroc-2025","tag-confederation-africaine-de-football","tag-coupe-dafrique-des-nations","tag-federation-burkinabe-de-football","tag-football","tag-sport"],"yoast_head":"<!-- This site is optimized with the Yoast SEO plugin v27.5 - https:\/\/yoast.com\/product\/yoast-seo-wordpress\/ -->\n<title>D\u00e9crypt\/Elimination des Etalons \u00e0 la CAN 2025: Quand la d\u00e9b\u00e2cle impose l\u2019heure de v\u00e9rit\u00e9 - Vox Sahel<\/title>\n<meta name=\"robots\" content=\"index, follow, max-snippet:-1, max-image-preview:large, max-video-preview:-1\" \/>\n<link rel=\"canonical\" href=\"https:\/\/voxsahel.com\/?p=3326\" \/>\n<meta property=\"og:locale\" content=\"fr_FR\" \/>\n<meta property=\"og:type\" content=\"article\" \/>\n<meta property=\"og:title\" content=\"D\u00e9crypt\/Elimination des Etalons \u00e0 la CAN 2025: Quand la d\u00e9b\u00e2cle impose l\u2019heure de v\u00e9rit\u00e9 - Vox Sahel\" \/>\n<meta property=\"og:description\" content=\"La lourde d\u00e9faite des Etalons face aux \u00c9l\u00e9phants de C\u00f4te d\u2019Ivoire (3-0) \u00e0 la CAN\" \/>\n<meta property=\"og:url\" content=\"https:\/\/voxsahel.com\/?p=3326\" \/>\n<meta property=\"og:site_name\" content=\"Vox Sahel\" \/>\n<meta property=\"article:publisher\" content=\"https:\/\/www.facebook.com\/journal.voxsahel\" \/>\n<meta property=\"article:published_time\" content=\"2026-01-24T07:01:34+00:00\" \/>\n<meta property=\"article:modified_time\" content=\"2026-01-24T07:02:49+00:00\" \/>\n<meta property=\"og:image\" content=\"https:\/\/voxsahel.com\/wp-content\/uploads\/2026\/01\/IMG_4210.jpeg\" \/>\n\t<meta property=\"og:image:width\" content=\"1352\" \/>\n\t<meta property=\"og:image:height\" content=\"1248\" \/>\n\t<meta property=\"og:image:type\" content=\"image\/jpeg\" \/>\n<meta name=\"author\" content=\"Vox Sahel\" \/>\n<meta name=\"twitter:card\" content=\"summary_large_image\" \/>\n<meta name=\"twitter:label1\" content=\"\u00c9crit par\" \/>\n\t<meta name=\"twitter:data1\" content=\"Vox Sahel\" \/>\n\t<meta name=\"twitter:label2\" content=\"Dur\u00e9e de lecture estim\u00e9e\" \/>\n\t<meta name=\"twitter:data2\" content=\"4 minutes\" \/>\n<script type=\"application\/ld+json\" class=\"yoast-schema-graph\">{\"@context\":\"https:\\\/\\\/schema.org\",\"@graph\":[{\"@type\":\"Article\",\"@id\":\"https:\\\/\\\/voxsahel.com\\\/?p=3326#article\",\"isPartOf\":{\"@id\":\"https:\\\/\\\/voxsahel.com\\\/?p=3326\"},\"author\":{\"name\":\"Vox Sahel\",\"@id\":\"https:\\\/\\\/voxsahel.com\\\/#\\\/schema\\\/person\\\/b4043608248f8fa227cd760e7ff1e19e\"},\"headline\":\"D\u00e9crypt\\\/Elimination des Etalons \u00e0 la CAN 2025: Quand la d\u00e9b\u00e2cle impose l\u2019heure de v\u00e9rit\u00e9\",\"datePublished\":\"2026-01-24T07:01:34+00:00\",\"dateModified\":\"2026-01-24T07:02:49+00:00\",\"mainEntityOfPage\":{\"@id\":\"https:\\\/\\\/voxsahel.com\\\/?p=3326\"},\"wordCount\":718,\"commentCount\":0,\"publisher\":{\"@id\":\"https:\\\/\\\/voxsahel.com\\\/#organization\"},\"image\":{\"@id\":\"https:\\\/\\\/voxsahel.com\\\/?p=3326#primaryimage\"},\"thumbnailUrl\":\"https:\\\/\\\/voxsahel.com\\\/wp-content\\\/uploads\\\/2026\\\/01\\\/IMG_4210.jpeg\",\"keywords\":[\"Burkina Faso\",\"CAF\",\"CAN\",\"CAN Maroc 2025\",\"Conf\u00e9d\u00e9ration Africaine de Football\",\"Coupe d\u2019Afrique des nations\",\"F\u00e9d\u00e9ration Burkinab\u00e8 de Football\",\"Football\",\"Sport\"],\"articleSection\":[\"FAITS DIVERS\"],\"inLanguage\":\"fr-FR\",\"potentialAction\":[{\"@type\":\"CommentAction\",\"name\":\"Comment\",\"target\":[\"https:\\\/\\\/voxsahel.com\\\/?p=3326#respond\"]}]},{\"@type\":\"WebPage\",\"@id\":\"https:\\\/\\\/voxsahel.com\\\/?p=3326\",\"url\":\"https:\\\/\\\/voxsahel.com\\\/?p=3326\",\"name\":\"D\u00e9crypt\\\/Elimination des Etalons \u00e0 la CAN 2025: Quand la d\u00e9b\u00e2cle impose l\u2019heure de v\u00e9rit\u00e9 - Vox Sahel\",\"isPartOf\":{\"@id\":\"https:\\\/\\\/voxsahel.com\\\/#website\"},\"primaryImageOfPage\":{\"@id\":\"https:\\\/\\\/voxsahel.com\\\/?p=3326#primaryimage\"},\"image\":{\"@id\":\"https:\\\/\\\/voxsahel.com\\\/?p=3326#primaryimage\"},\"thumbnailUrl\":\"https:\\\/\\\/voxsahel.com\\\/wp-content\\\/uploads\\\/2026\\\/01\\\/IMG_4210.jpeg\",\"datePublished\":\"2026-01-24T07:01:34+00:00\",\"dateModified\":\"2026-01-24T07:02:49+00:00\",\"breadcrumb\":{\"@id\":\"https:\\\/\\\/voxsahel.com\\\/?p=3326#breadcrumb\"},\"inLanguage\":\"fr-FR\",\"potentialAction\":[{\"@type\":\"ReadAction\",\"target\":[\"https:\\\/\\\/voxsahel.com\\\/?p=3326\"]}]},{\"@type\":\"ImageObject\",\"inLanguage\":\"fr-FR\",\"@id\":\"https:\\\/\\\/voxsahel.com\\\/?p=3326#primaryimage\",\"url\":\"https:\\\/\\\/voxsahel.com\\\/wp-content\\\/uploads\\\/2026\\\/01\\\/IMG_4210.jpeg\",\"contentUrl\":\"https:\\\/\\\/voxsahel.com\\\/wp-content\\\/uploads\\\/2026\\\/01\\\/IMG_4210.jpeg\",\"width\":1352,\"height\":1248},{\"@type\":\"BreadcrumbList\",\"@id\":\"https:\\\/\\\/voxsahel.com\\\/?p=3326#breadcrumb\",\"itemListElement\":[{\"@type\":\"ListItem\",\"position\":1,\"name\":\"Home\",\"item\":\"https:\\\/\\\/voxsahel.com\\\/\"},{\"@type\":\"ListItem\",\"position\":2,\"name\":\"D\u00e9crypt\\\/Elimination des Etalons \u00e0 la CAN 2025: Quand la d\u00e9b\u00e2cle impose l\u2019heure de v\u00e9rit\u00e9\"}]},{\"@type\":\"WebSite\",\"@id\":\"https:\\\/\\\/voxsahel.com\\\/#website\",\"url\":\"https:\\\/\\\/voxsahel.com\\\/\",\"name\":\"Vox Sahel\",\"description\":\"Informez-vous sur le Sahel en un clic\",\"publisher\":{\"@id\":\"https:\\\/\\\/voxsahel.com\\\/#organization\"},\"potentialAction\":[{\"@type\":\"SearchAction\",\"target\":{\"@type\":\"EntryPoint\",\"urlTemplate\":\"https:\\\/\\\/voxsahel.com\\\/?s={search_term_string}\"},\"query-input\":{\"@type\":\"PropertyValueSpecification\",\"valueRequired\":true,\"valueName\":\"search_term_string\"}}],\"inLanguage\":\"fr-FR\"},{\"@type\":\"Organization\",\"@id\":\"https:\\\/\\\/voxsahel.com\\\/#organization\",\"name\":\"Vox Sahel\",\"url\":\"https:\\\/\\\/voxsahel.com\\\/\",\"logo\":{\"@type\":\"ImageObject\",\"inLanguage\":\"fr-FR\",\"@id\":\"https:\\\/\\\/voxsahel.com\\\/#\\\/schema\\\/logo\\\/image\\\/\",\"url\":\"https:\\\/\\\/voxsahel.com\\\/wp-content\\\/uploads\\\/2024\\\/09\\\/Logo-Vox-Sahel.jpg\",\"contentUrl\":\"https:\\\/\\\/voxsahel.com\\\/wp-content\\\/uploads\\\/2024\\\/09\\\/Logo-Vox-Sahel.jpg\",\"width\":1181,\"height\":848,\"caption\":\"Vox Sahel\"},\"image\":{\"@id\":\"https:\\\/\\\/voxsahel.com\\\/#\\\/schema\\\/logo\\\/image\\\/\"},\"sameAs\":[\"https:\\\/\\\/www.facebook.com\\\/journal.voxsahel\"]},{\"@type\":\"Person\",\"@id\":\"https:\\\/\\\/voxsahel.com\\\/#\\\/schema\\\/person\\\/b4043608248f8fa227cd760e7ff1e19e\",\"name\":\"Vox Sahel\",\"image\":{\"@type\":\"ImageObject\",\"inLanguage\":\"fr-FR\",\"@id\":\"https:\\\/\\\/secure.gravatar.com\\\/avatar\\\/f70e7fa0cb9b29d4a7c5788d6eb2e9ab4d3135cbae1c9161810fdf77a8964699?s=96&d=mm&r=g\",\"url\":\"https:\\\/\\\/secure.gravatar.com\\\/avatar\\\/f70e7fa0cb9b29d4a7c5788d6eb2e9ab4d3135cbae1c9161810fdf77a8964699?s=96&d=mm&r=g\",\"contentUrl\":\"https:\\\/\\\/secure.gravatar.com\\\/avatar\\\/f70e7fa0cb9b29d4a7c5788d6eb2e9ab4d3135cbae1c9161810fdf77a8964699?s=96&d=mm&r=g\",\"caption\":\"Vox Sahel\"},\"sameAs\":[\"http:\\\/\\\/www.voxsahel.com\"],\"url\":\"https:\\\/\\\/voxsahel.com\\\/?author=2\"}]}<\/script>\n<!-- \/ Yoast SEO plugin. -->","yoast_head_json":{"title":"D\u00e9crypt\/Elimination des Etalons \u00e0 la CAN 2025: Quand la d\u00e9b\u00e2cle impose l\u2019heure de v\u00e9rit\u00e9 - Vox Sahel","robots":{"index":"index","follow":"follow","max-snippet":"max-snippet:-1","max-image-preview":"max-image-preview:large","max-video-preview":"max-video-preview:-1"},"canonical":"https:\/\/voxsahel.com\/?p=3326","og_locale":"fr_FR","og_type":"article","og_title":"D\u00e9crypt\/Elimination des Etalons \u00e0 la CAN 2025: Quand la d\u00e9b\u00e2cle impose l\u2019heure de v\u00e9rit\u00e9 - Vox Sahel","og_description":"La lourde d\u00e9faite des Etalons face aux \u00c9l\u00e9phants de C\u00f4te d\u2019Ivoire (3-0) \u00e0 la CAN","og_url":"https:\/\/voxsahel.com\/?p=3326","og_site_name":"Vox Sahel","article_publisher":"https:\/\/www.facebook.com\/journal.voxsahel","article_published_time":"2026-01-24T07:01:34+00:00","article_modified_time":"2026-01-24T07:02:49+00:00","og_image":[{"width":1352,"height":1248,"url":"https:\/\/voxsahel.com\/wp-content\/uploads\/2026\/01\/IMG_4210.jpeg","type":"image\/jpeg"}],"author":"Vox Sahel","twitter_card":"summary_large_image","twitter_misc":{"\u00c9crit par":"Vox Sahel","Dur\u00e9e de lecture estim\u00e9e":"4 minutes"},"schema":{"@context":"https:\/\/schema.org","@graph":[{"@type":"Article","@id":"https:\/\/voxsahel.com\/?p=3326#article","isPartOf":{"@id":"https:\/\/voxsahel.com\/?p=3326"},"author":{"name":"Vox Sahel","@id":"https:\/\/voxsahel.com\/#\/schema\/person\/b4043608248f8fa227cd760e7ff1e19e"},"headline":"D\u00e9crypt\/Elimination des Etalons \u00e0 la CAN 2025: Quand la d\u00e9b\u00e2cle impose l\u2019heure de v\u00e9rit\u00e9","datePublished":"2026-01-24T07:01:34+00:00","dateModified":"2026-01-24T07:02:49+00:00","mainEntityOfPage":{"@id":"https:\/\/voxsahel.com\/?p=3326"},"wordCount":718,"commentCount":0,"publisher":{"@id":"https:\/\/voxsahel.com\/#organization"},"image":{"@id":"https:\/\/voxsahel.com\/?p=3326#primaryimage"},"thumbnailUrl":"https:\/\/voxsahel.com\/wp-content\/uploads\/2026\/01\/IMG_4210.jpeg","keywords":["Burkina Faso","CAF","CAN","CAN Maroc 2025","Conf\u00e9d\u00e9ration Africaine de Football","Coupe d\u2019Afrique des nations","F\u00e9d\u00e9ration Burkinab\u00e8 de Football","Football","Sport"],"articleSection":["FAITS DIVERS"],"inLanguage":"fr-FR","potentialAction":[{"@type":"CommentAction","name":"Comment","target":["https:\/\/voxsahel.com\/?p=3326#respond"]}]},{"@type":"WebPage","@id":"https:\/\/voxsahel.com\/?p=3326","url":"https:\/\/voxsahel.com\/?p=3326","name":"D\u00e9crypt\/Elimination des Etalons \u00e0 la CAN 2025: Quand la d\u00e9b\u00e2cle impose l\u2019heure de v\u00e9rit\u00e9 - Vox Sahel","isPartOf":{"@id":"https:\/\/voxsahel.com\/#website"},"primaryImageOfPage":{"@id":"https:\/\/voxsahel.com\/?p=3326#primaryimage"},"image":{"@id":"https:\/\/voxsahel.com\/?p=3326#primaryimage"},"thumbnailUrl":"https:\/\/voxsahel.com\/wp-content\/uploads\/2026\/01\/IMG_4210.jpeg","datePublished":"2026-01-24T07:01:34+00:00","dateModified":"2026-01-24T07:02:49+00:00","breadcrumb":{"@id":"https:\/\/voxsahel.com\/?p=3326#breadcrumb"},"inLanguage":"fr-FR","potentialAction":[{"@type":"ReadAction","target":["https:\/\/voxsahel.com\/?p=3326"]}]},{"@type":"ImageObject","inLanguage":"fr-FR","@id":"https:\/\/voxsahel.com\/?p=3326#primaryimage","url":"https:\/\/voxsahel.com\/wp-content\/uploads\/2026\/01\/IMG_4210.jpeg","contentUrl":"https:\/\/voxsahel.com\/wp-content\/uploads\/2026\/01\/IMG_4210.jpeg","width":1352,"height":1248},{"@type":"BreadcrumbList","@id":"https:\/\/voxsahel.com\/?p=3326#breadcrumb","itemListElement":[{"@type":"ListItem","position":1,"name":"Home","item":"https:\/\/voxsahel.com\/"},{"@type":"ListItem","position":2,"name":"D\u00e9crypt\/Elimination des Etalons \u00e0 la CAN 2025: Quand la d\u00e9b\u00e2cle impose l\u2019heure de v\u00e9rit\u00e9"}]},{"@type":"WebSite","@id":"https:\/\/voxsahel.com\/#website","url":"https:\/\/voxsahel.com\/","name":"Vox Sahel","description":"Informez-vous sur le Sahel en un clic","publisher":{"@id":"https:\/\/voxsahel.com\/#organization"},"potentialAction":[{"@type":"SearchAction","target":{"@type":"EntryPoint","urlTemplate":"https:\/\/voxsahel.com\/?s={search_term_string}"},"query-input":{"@type":"PropertyValueSpecification","valueRequired":true,"valueName":"search_term_string"}}],"inLanguage":"fr-FR"},{"@type":"Organization","@id":"https:\/\/voxsahel.com\/#organization","name":"Vox Sahel","url":"https:\/\/voxsahel.com\/","logo":{"@type":"ImageObject","inLanguage":"fr-FR","@id":"https:\/\/voxsahel.com\/#\/schema\/logo\/image\/","url":"https:\/\/voxsahel.com\/wp-content\/uploads\/2024\/09\/Logo-Vox-Sahel.jpg","contentUrl":"https:\/\/voxsahel.com\/wp-content\/uploads\/2024\/09\/Logo-Vox-Sahel.jpg","width":1181,"height":848,"caption":"Vox Sahel"},"image":{"@id":"https:\/\/voxsahel.com\/#\/schema\/logo\/image\/"},"sameAs":["https:\/\/www.facebook.com\/journal.voxsahel"]},{"@type":"Person","@id":"https:\/\/voxsahel.com\/#\/schema\/person\/b4043608248f8fa227cd760e7ff1e19e","name":"Vox Sahel","image":{"@type":"ImageObject","inLanguage":"fr-FR","@id":"https:\/\/secure.gravatar.com\/avatar\/f70e7fa0cb9b29d4a7c5788d6eb2e9ab4d3135cbae1c9161810fdf77a8964699?s=96&d=mm&r=g","url":"https:\/\/secure.gravatar.com\/avatar\/f70e7fa0cb9b29d4a7c5788d6eb2e9ab4d3135cbae1c9161810fdf77a8964699?s=96&d=mm&r=g","contentUrl":"https:\/\/secure.gravatar.com\/avatar\/f70e7fa0cb9b29d4a7c5788d6eb2e9ab4d3135cbae1c9161810fdf77a8964699?s=96&d=mm&r=g","caption":"Vox Sahel"},"sameAs":["http:\/\/www.voxsahel.com"],"url":"https:\/\/voxsahel.com\/?author=2"}]}},"_links":{"self":[{"href":"https:\/\/voxsahel.com\/index.php?rest_route=\/wp\/v2\/posts\/3326","targetHints":{"allow":["GET"]}}],"collection":[{"href":"https:\/\/voxsahel.com\/index.php?rest_route=\/wp\/v2\/posts"}],"about":[{"href":"https:\/\/voxsahel.com\/index.php?rest_route=\/wp\/v2\/types\/post"}],"author":[{"embeddable":true,"href":"https:\/\/voxsahel.com\/index.php?rest_route=\/wp\/v2\/users\/2"}],"replies":[{"embeddable":true,"href":"https:\/\/voxsahel.com\/index.php?rest_route=%2Fwp%2Fv2%2Fcomments&post=3326"}],"version-history":[{"count":1,"href":"https:\/\/voxsahel.com\/index.php?rest_route=\/wp\/v2\/posts\/3326\/revisions"}],"predecessor-version":[{"id":3328,"href":"https:\/\/voxsahel.com\/index.php?rest_route=\/wp\/v2\/posts\/3326\/revisions\/3328"}],"wp:featuredmedia":[{"embeddable":true,"href":"https:\/\/voxsahel.com\/index.php?rest_route=\/wp\/v2\/media\/3327"}],"wp:attachment":[{"href":"https:\/\/voxsahel.com\/index.php?rest_route=%2Fwp%2Fv2%2Fmedia&parent=3326"}],"wp:term":[{"taxonomy":"category","embeddable":true,"href":"https:\/\/voxsahel.com\/index.php?rest_route=%2Fwp%2Fv2%2Fcategories&post=3326"},{"taxonomy":"post_tag","embeddable":true,"href":"https:\/\/voxsahel.com\/index.php?rest_route=%2Fwp%2Fv2%2Ftags&post=3326"}],"curies":[{"name":"wp","href":"https:\/\/api.w.org\/{rel}","templated":true}]}}