{"id":3320,"date":"2026-01-21T12:32:42","date_gmt":"2026-01-21T12:32:42","guid":{"rendered":"https:\/\/voxsahel.com\/?p=3320"},"modified":"2026-01-21T12:32:42","modified_gmt":"2026-01-21T12:32:42","slug":"burkina-faso-nutrifor-industrie-sa-recoit-une-mission-technique-du-pam","status":"publish","type":"post","link":"https:\/\/voxsahel.com\/?p=3320","title":{"rendered":"Burkina Faso : Nutrifor Industrie SA re\u00e7oit une mission technique du PAM"},"content":{"rendered":"<p class=\"p1\"><span class=\"s2\">Le mardi 20 janvier 2026, Nutrifor Industrie SA a eu l\u2019honneur d\u2019accueillir une \u00e9quipe technique du Programme Alimentaire Mondial (PAM) pour une visite de son unit\u00e9 de production. Cette rencontre strat\u00e9gique s\u2019inscrit dans la dynamique de renforcement des partenariats entre les acteurs industriels locaux et les organisations internationales engag\u00e9es dans la s\u00e9curit\u00e9 alimentaire.<\/span><\/p>\n<p><img loading=\"lazy\" decoding=\"async\" class=\"aligncenter size-large wp-image-3322\" src=\"https:\/\/voxsahel.com\/wp-content\/uploads\/2026\/01\/IMG_4156-1024x683.jpeg\" alt=\"\" width=\"640\" height=\"427\" srcset=\"https:\/\/voxsahel.com\/wp-content\/uploads\/2026\/01\/IMG_4156-1024x683.jpeg 1024w, https:\/\/voxsahel.com\/wp-content\/uploads\/2026\/01\/IMG_4156-300x200.jpeg 300w, https:\/\/voxsahel.com\/wp-content\/uploads\/2026\/01\/IMG_4156-768x512.jpeg 768w, https:\/\/voxsahel.com\/wp-content\/uploads\/2026\/01\/IMG_4156-1536x1024.jpeg 1536w, https:\/\/voxsahel.com\/wp-content\/uploads\/2026\/01\/IMG_4156-2048x1365.jpeg 2048w, https:\/\/voxsahel.com\/wp-content\/uploads\/2026\/01\/IMG_4156-1080x720.jpeg 1080w, https:\/\/voxsahel.com\/wp-content\/uploads\/2026\/01\/IMG_4156-610x407.jpeg 610w\" sizes=\"(max-width: 640px) 100vw, 640px\" \/><\/p>\n<p class=\"p1\"><span class=\"s2\">Au cours de la visite, Nutrifor Industrie SA a pr\u00e9sent\u00e9 l\u2019ensemble de sa gamme de produits, son processus de fabrication ainsi que les dispositifs mis en place pour garantir la qualit\u00e9 et la s\u00e9curit\u00e9 alimentaire. Les \u00e9changes ont permis \u00e0 l\u2019\u00e9quipe du PAM d\u2019appr\u00e9cier le niveau des investissements r\u00e9alis\u00e9s, le professionnalisme des \u00e9quipes et la conformit\u00e9 globale des produits aux standards requis.<\/span><\/p>\n<p><img loading=\"lazy\" decoding=\"async\" class=\"aligncenter size-large wp-image-3323\" src=\"https:\/\/voxsahel.com\/wp-content\/uploads\/2026\/01\/IMG_4159-1024x683.jpeg\" alt=\"\" width=\"640\" height=\"427\" srcset=\"https:\/\/voxsahel.com\/wp-content\/uploads\/2026\/01\/IMG_4159-1024x683.jpeg 1024w, https:\/\/voxsahel.com\/wp-content\/uploads\/2026\/01\/IMG_4159-300x200.jpeg 300w, https:\/\/voxsahel.com\/wp-content\/uploads\/2026\/01\/IMG_4159-768x512.jpeg 768w, https:\/\/voxsahel.com\/wp-content\/uploads\/2026\/01\/IMG_4159-1536x1024.jpeg 1536w, https:\/\/voxsahel.com\/wp-content\/uploads\/2026\/01\/IMG_4159-2048x1365.jpeg 2048w, https:\/\/voxsahel.com\/wp-content\/uploads\/2026\/01\/IMG_4159-1080x720.jpeg 1080w, https:\/\/voxsahel.com\/wp-content\/uploads\/2026\/01\/IMG_4159-610x407.jpeg 610w\" sizes=\"(max-width: 640px) 100vw, 640px\" \/><\/p>\n<p class=\"p1\"><span class=\"s2\">\u00c0 l\u2019issue de la visite, l\u2019\u00e9quipe technique du PAM s\u2019est dite satisfaite de la qualit\u00e9 des produits et des efforts consentis par Nutrifor Industrie SA pour atteindre un haut niveau d\u2019exigence. Quelques points d\u2019am\u00e9lioration ont \u00e9t\u00e9 relev\u00e9s et feront l\u2019objet d\u2019actions correctives dans une d\u00e9marche d\u2019am\u00e9lioration continue.<\/span><\/p>\n<p><img loading=\"lazy\" decoding=\"async\" class=\"aligncenter size-large wp-image-3324\" src=\"https:\/\/voxsahel.com\/wp-content\/uploads\/2026\/01\/IMG_4158-1024x683.jpeg\" alt=\"\" width=\"640\" height=\"427\" srcset=\"https:\/\/voxsahel.com\/wp-content\/uploads\/2026\/01\/IMG_4158-1024x683.jpeg 1024w, https:\/\/voxsahel.com\/wp-content\/uploads\/2026\/01\/IMG_4158-300x200.jpeg 300w, https:\/\/voxsahel.com\/wp-content\/uploads\/2026\/01\/IMG_4158-768x512.jpeg 768w, https:\/\/voxsahel.com\/wp-content\/uploads\/2026\/01\/IMG_4158-1536x1024.jpeg 1536w, https:\/\/voxsahel.com\/wp-content\/uploads\/2026\/01\/IMG_4158-2048x1365.jpeg 2048w, https:\/\/voxsahel.com\/wp-content\/uploads\/2026\/01\/IMG_4158-1080x720.jpeg 1080w, https:\/\/voxsahel.com\/wp-content\/uploads\/2026\/01\/IMG_4158-610x407.jpeg 610w\" sizes=\"(max-width: 640px) 100vw, 640px\" \/><\/p>\n<p class=\"p1\"><span class=\"s2\">Nutrifor Industrie SA salue cette initiative du PAM, qu\u2019elle consid\u00e8re comme une opportunit\u00e9 majeure de figurer parmi les fournisseurs de cette organisation, tout en renfor\u00e7ant son engagement \u00e0 respecter les normes internationales les plus \u00e9lev\u00e9es.<\/span><\/p>\n<p class=\"p1\">\n","protected":false},"excerpt":{"rendered":"<p>Le mardi 20 janvier 2026, Nutrifor Industrie SA a eu l\u2019honneur d\u2019accueillir une \u00e9quipe technique<\/p>\n","protected":false},"author":2,"featured_media":3321,"comment_status":"open","ping_status":"open","sticky":false,"template":"","format":"standard","meta":{"_et_pb_use_builder":"","_et_pb_old_content":"","_et_gb_content_width":"","footnotes":""},"categories":[8],"tags":[],"class_list":["post-3320","post","type-post","status-publish","format-standard","has-post-thumbnail","hentry","category-developpement"],"yoast_head":"<!-- This site is optimized with the Yoast SEO plugin v27.5 - https:\/\/yoast.com\/product\/yoast-seo-wordpress\/ -->\n<title>Burkina Faso : Nutrifor Industrie SA re\u00e7oit une mission technique du PAM - Vox Sahel<\/title>\n<meta name=\"robots\" content=\"index, follow, max-snippet:-1, max-image-preview:large, max-video-preview:-1\" \/>\n<link rel=\"canonical\" href=\"https:\/\/voxsahel.com\/?p=3320\" \/>\n<meta property=\"og:locale\" content=\"fr_FR\" \/>\n<meta property=\"og:type\" content=\"article\" \/>\n<meta property=\"og:title\" content=\"Burkina Faso : Nutrifor Industrie SA re\u00e7oit une mission technique du PAM - Vox Sahel\" \/>\n<meta property=\"og:description\" content=\"Le mardi 20 janvier 2026, Nutrifor Industrie SA a eu l\u2019honneur d\u2019accueillir une \u00e9quipe technique\" \/>\n<meta property=\"og:url\" content=\"https:\/\/voxsahel.com\/?p=3320\" \/>\n<meta property=\"og:site_name\" content=\"Vox Sahel\" \/>\n<meta property=\"article:publisher\" content=\"https:\/\/www.facebook.com\/journal.voxsahel\" \/>\n<meta property=\"article:published_time\" content=\"2026-01-21T12:32:42+00:00\" \/>\n<meta property=\"og:image\" content=\"https:\/\/voxsahel.com\/wp-content\/uploads\/2026\/01\/IMG_4157-scaled.jpeg\" \/>\n\t<meta property=\"og:image:width\" content=\"2560\" \/>\n\t<meta property=\"og:image:height\" content=\"1707\" \/>\n\t<meta property=\"og:image:type\" content=\"image\/jpeg\" \/>\n<meta name=\"author\" content=\"Vox Sahel\" \/>\n<meta name=\"twitter:card\" content=\"summary_large_image\" \/>\n<meta name=\"twitter:label1\" content=\"\u00c9crit par\" \/>\n\t<meta name=\"twitter:data1\" content=\"Vox Sahel\" \/>\n\t<meta name=\"twitter:label2\" content=\"Dur\u00e9e de lecture estim\u00e9e\" \/>\n\t<meta name=\"twitter:data2\" content=\"2 minutes\" \/>\n<script type=\"application\/ld+json\" class=\"yoast-schema-graph\">{\"@context\":\"https:\\\/\\\/schema.org\",\"@graph\":[{\"@type\":\"Article\",\"@id\":\"https:\\\/\\\/voxsahel.com\\\/?p=3320#article\",\"isPartOf\":{\"@id\":\"https:\\\/\\\/voxsahel.com\\\/?p=3320\"},\"author\":{\"name\":\"Vox Sahel\",\"@id\":\"https:\\\/\\\/voxsahel.com\\\/#\\\/schema\\\/person\\\/b4043608248f8fa227cd760e7ff1e19e\"},\"headline\":\"Burkina Faso : Nutrifor Industrie SA re\u00e7oit une mission technique du PAM\",\"datePublished\":\"2026-01-21T12:32:42+00:00\",\"mainEntityOfPage\":{\"@id\":\"https:\\\/\\\/voxsahel.com\\\/?p=3320\"},\"wordCount\":234,\"commentCount\":0,\"publisher\":{\"@id\":\"https:\\\/\\\/voxsahel.com\\\/#organization\"},\"image\":{\"@id\":\"https:\\\/\\\/voxsahel.com\\\/?p=3320#primaryimage\"},\"thumbnailUrl\":\"https:\\\/\\\/voxsahel.com\\\/wp-content\\\/uploads\\\/2026\\\/01\\\/IMG_4157-scaled.jpeg\",\"articleSection\":[\"DEVELOPPEMENT\"],\"inLanguage\":\"fr-FR\",\"potentialAction\":[{\"@type\":\"CommentAction\",\"name\":\"Comment\",\"target\":[\"https:\\\/\\\/voxsahel.com\\\/?p=3320#respond\"]}]},{\"@type\":\"WebPage\",\"@id\":\"https:\\\/\\\/voxsahel.com\\\/?p=3320\",\"url\":\"https:\\\/\\\/voxsahel.com\\\/?p=3320\",\"name\":\"Burkina Faso : Nutrifor Industrie SA re\u00e7oit une mission technique du PAM - Vox Sahel\",\"isPartOf\":{\"@id\":\"https:\\\/\\\/voxsahel.com\\\/#website\"},\"primaryImageOfPage\":{\"@id\":\"https:\\\/\\\/voxsahel.com\\\/?p=3320#primaryimage\"},\"image\":{\"@id\":\"https:\\\/\\\/voxsahel.com\\\/?p=3320#primaryimage\"},\"thumbnailUrl\":\"https:\\\/\\\/voxsahel.com\\\/wp-content\\\/uploads\\\/2026\\\/01\\\/IMG_4157-scaled.jpeg\",\"datePublished\":\"2026-01-21T12:32:42+00:00\",\"breadcrumb\":{\"@id\":\"https:\\\/\\\/voxsahel.com\\\/?p=3320#breadcrumb\"},\"inLanguage\":\"fr-FR\",\"potentialAction\":[{\"@type\":\"ReadAction\",\"target\":[\"https:\\\/\\\/voxsahel.com\\\/?p=3320\"]}]},{\"@type\":\"ImageObject\",\"inLanguage\":\"fr-FR\",\"@id\":\"https:\\\/\\\/voxsahel.com\\\/?p=3320#primaryimage\",\"url\":\"https:\\\/\\\/voxsahel.com\\\/wp-content\\\/uploads\\\/2026\\\/01\\\/IMG_4157-scaled.jpeg\",\"contentUrl\":\"https:\\\/\\\/voxsahel.com\\\/wp-content\\\/uploads\\\/2026\\\/01\\\/IMG_4157-scaled.jpeg\",\"width\":2560,\"height\":1707},{\"@type\":\"BreadcrumbList\",\"@id\":\"https:\\\/\\\/voxsahel.com\\\/?p=3320#breadcrumb\",\"itemListElement\":[{\"@type\":\"ListItem\",\"position\":1,\"name\":\"Home\",\"item\":\"https:\\\/\\\/voxsahel.com\\\/\"},{\"@type\":\"ListItem\",\"position\":2,\"name\":\"Burkina Faso : Nutrifor Industrie SA re\u00e7oit une mission technique du PAM\"}]},{\"@type\":\"WebSite\",\"@id\":\"https:\\\/\\\/voxsahel.com\\\/#website\",\"url\":\"https:\\\/\\\/voxsahel.com\\\/\",\"name\":\"Vox Sahel\",\"description\":\"Informez-vous sur le Sahel en un clic\",\"publisher\":{\"@id\":\"https:\\\/\\\/voxsahel.com\\\/#organization\"},\"potentialAction\":[{\"@type\":\"SearchAction\",\"target\":{\"@type\":\"EntryPoint\",\"urlTemplate\":\"https:\\\/\\\/voxsahel.com\\\/?s={search_term_string}\"},\"query-input\":{\"@type\":\"PropertyValueSpecification\",\"valueRequired\":true,\"valueName\":\"search_term_string\"}}],\"inLanguage\":\"fr-FR\"},{\"@type\":\"Organization\",\"@id\":\"https:\\\/\\\/voxsahel.com\\\/#organization\",\"name\":\"Vox Sahel\",\"url\":\"https:\\\/\\\/voxsahel.com\\\/\",\"logo\":{\"@type\":\"ImageObject\",\"inLanguage\":\"fr-FR\",\"@id\":\"https:\\\/\\\/voxsahel.com\\\/#\\\/schema\\\/logo\\\/image\\\/\",\"url\":\"https:\\\/\\\/voxsahel.com\\\/wp-content\\\/uploads\\\/2024\\\/09\\\/Logo-Vox-Sahel.jpg\",\"contentUrl\":\"https:\\\/\\\/voxsahel.com\\\/wp-content\\\/uploads\\\/2024\\\/09\\\/Logo-Vox-Sahel.jpg\",\"width\":1181,\"height\":848,\"caption\":\"Vox Sahel\"},\"image\":{\"@id\":\"https:\\\/\\\/voxsahel.com\\\/#\\\/schema\\\/logo\\\/image\\\/\"},\"sameAs\":[\"https:\\\/\\\/www.facebook.com\\\/journal.voxsahel\"]},{\"@type\":\"Person\",\"@id\":\"https:\\\/\\\/voxsahel.com\\\/#\\\/schema\\\/person\\\/b4043608248f8fa227cd760e7ff1e19e\",\"name\":\"Vox Sahel\",\"image\":{\"@type\":\"ImageObject\",\"inLanguage\":\"fr-FR\",\"@id\":\"https:\\\/\\\/secure.gravatar.com\\\/avatar\\\/f70e7fa0cb9b29d4a7c5788d6eb2e9ab4d3135cbae1c9161810fdf77a8964699?s=96&d=mm&r=g\",\"url\":\"https:\\\/\\\/secure.gravatar.com\\\/avatar\\\/f70e7fa0cb9b29d4a7c5788d6eb2e9ab4d3135cbae1c9161810fdf77a8964699?s=96&d=mm&r=g\",\"contentUrl\":\"https:\\\/\\\/secure.gravatar.com\\\/avatar\\\/f70e7fa0cb9b29d4a7c5788d6eb2e9ab4d3135cbae1c9161810fdf77a8964699?s=96&d=mm&r=g\",\"caption\":\"Vox Sahel\"},\"sameAs\":[\"http:\\\/\\\/www.voxsahel.com\"],\"url\":\"https:\\\/\\\/voxsahel.com\\\/?author=2\"}]}<\/script>\n<!-- \/ Yoast SEO plugin. -->","yoast_head_json":{"title":"Burkina Faso : Nutrifor Industrie SA re\u00e7oit une mission technique du PAM - Vox Sahel","robots":{"index":"index","follow":"follow","max-snippet":"max-snippet:-1","max-image-preview":"max-image-preview:large","max-video-preview":"max-video-preview:-1"},"canonical":"https:\/\/voxsahel.com\/?p=3320","og_locale":"fr_FR","og_type":"article","og_title":"Burkina Faso : Nutrifor Industrie SA re\u00e7oit une mission technique du PAM - Vox Sahel","og_description":"Le mardi 20 janvier 2026, Nutrifor Industrie SA a eu l\u2019honneur d\u2019accueillir une \u00e9quipe technique","og_url":"https:\/\/voxsahel.com\/?p=3320","og_site_name":"Vox Sahel","article_publisher":"https:\/\/www.facebook.com\/journal.voxsahel","article_published_time":"2026-01-21T12:32:42+00:00","og_image":[{"width":2560,"height":1707,"url":"https:\/\/voxsahel.com\/wp-content\/uploads\/2026\/01\/IMG_4157-scaled.jpeg","type":"image\/jpeg"}],"author":"Vox Sahel","twitter_card":"summary_large_image","twitter_misc":{"\u00c9crit par":"Vox Sahel","Dur\u00e9e de lecture estim\u00e9e":"2 minutes"},"schema":{"@context":"https:\/\/schema.org","@graph":[{"@type":"Article","@id":"https:\/\/voxsahel.com\/?p=3320#article","isPartOf":{"@id":"https:\/\/voxsahel.com\/?p=3320"},"author":{"name":"Vox Sahel","@id":"https:\/\/voxsahel.com\/#\/schema\/person\/b4043608248f8fa227cd760e7ff1e19e"},"headline":"Burkina Faso : Nutrifor Industrie SA re\u00e7oit une mission technique du PAM","datePublished":"2026-01-21T12:32:42+00:00","mainEntityOfPage":{"@id":"https:\/\/voxsahel.com\/?p=3320"},"wordCount":234,"commentCount":0,"publisher":{"@id":"https:\/\/voxsahel.com\/#organization"},"image":{"@id":"https:\/\/voxsahel.com\/?p=3320#primaryimage"},"thumbnailUrl":"https:\/\/voxsahel.com\/wp-content\/uploads\/2026\/01\/IMG_4157-scaled.jpeg","articleSection":["DEVELOPPEMENT"],"inLanguage":"fr-FR","potentialAction":[{"@type":"CommentAction","name":"Comment","target":["https:\/\/voxsahel.com\/?p=3320#respond"]}]},{"@type":"WebPage","@id":"https:\/\/voxsahel.com\/?p=3320","url":"https:\/\/voxsahel.com\/?p=3320","name":"Burkina Faso : Nutrifor Industrie SA re\u00e7oit une mission technique du PAM - Vox Sahel","isPartOf":{"@id":"https:\/\/voxsahel.com\/#website"},"primaryImageOfPage":{"@id":"https:\/\/voxsahel.com\/?p=3320#primaryimage"},"image":{"@id":"https:\/\/voxsahel.com\/?p=3320#primaryimage"},"thumbnailUrl":"https:\/\/voxsahel.com\/wp-content\/uploads\/2026\/01\/IMG_4157-scaled.jpeg","datePublished":"2026-01-21T12:32:42+00:00","breadcrumb":{"@id":"https:\/\/voxsahel.com\/?p=3320#breadcrumb"},"inLanguage":"fr-FR","potentialAction":[{"@type":"ReadAction","target":["https:\/\/voxsahel.com\/?p=3320"]}]},{"@type":"ImageObject","inLanguage":"fr-FR","@id":"https:\/\/voxsahel.com\/?p=3320#primaryimage","url":"https:\/\/voxsahel.com\/wp-content\/uploads\/2026\/01\/IMG_4157-scaled.jpeg","contentUrl":"https:\/\/voxsahel.com\/wp-content\/uploads\/2026\/01\/IMG_4157-scaled.jpeg","width":2560,"height":1707},{"@type":"BreadcrumbList","@id":"https:\/\/voxsahel.com\/?p=3320#breadcrumb","itemListElement":[{"@type":"ListItem","position":1,"name":"Home","item":"https:\/\/voxsahel.com\/"},{"@type":"ListItem","position":2,"name":"Burkina Faso : Nutrifor Industrie SA re\u00e7oit une mission technique du PAM"}]},{"@type":"WebSite","@id":"https:\/\/voxsahel.com\/#website","url":"https:\/\/voxsahel.com\/","name":"Vox Sahel","description":"Informez-vous sur le Sahel en un clic","publisher":{"@id":"https:\/\/voxsahel.com\/#organization"},"potentialAction":[{"@type":"SearchAction","target":{"@type":"EntryPoint","urlTemplate":"https:\/\/voxsahel.com\/?s={search_term_string}"},"query-input":{"@type":"PropertyValueSpecification","valueRequired":true,"valueName":"search_term_string"}}],"inLanguage":"fr-FR"},{"@type":"Organization","@id":"https:\/\/voxsahel.com\/#organization","name":"Vox Sahel","url":"https:\/\/voxsahel.com\/","logo":{"@type":"ImageObject","inLanguage":"fr-FR","@id":"https:\/\/voxsahel.com\/#\/schema\/logo\/image\/","url":"https:\/\/voxsahel.com\/wp-content\/uploads\/2024\/09\/Logo-Vox-Sahel.jpg","contentUrl":"https:\/\/voxsahel.com\/wp-content\/uploads\/2024\/09\/Logo-Vox-Sahel.jpg","width":1181,"height":848,"caption":"Vox Sahel"},"image":{"@id":"https:\/\/voxsahel.com\/#\/schema\/logo\/image\/"},"sameAs":["https:\/\/www.facebook.com\/journal.voxsahel"]},{"@type":"Person","@id":"https:\/\/voxsahel.com\/#\/schema\/person\/b4043608248f8fa227cd760e7ff1e19e","name":"Vox Sahel","image":{"@type":"ImageObject","inLanguage":"fr-FR","@id":"https:\/\/secure.gravatar.com\/avatar\/f70e7fa0cb9b29d4a7c5788d6eb2e9ab4d3135cbae1c9161810fdf77a8964699?s=96&d=mm&r=g","url":"https:\/\/secure.gravatar.com\/avatar\/f70e7fa0cb9b29d4a7c5788d6eb2e9ab4d3135cbae1c9161810fdf77a8964699?s=96&d=mm&r=g","contentUrl":"https:\/\/secure.gravatar.com\/avatar\/f70e7fa0cb9b29d4a7c5788d6eb2e9ab4d3135cbae1c9161810fdf77a8964699?s=96&d=mm&r=g","caption":"Vox Sahel"},"sameAs":["http:\/\/www.voxsahel.com"],"url":"https:\/\/voxsahel.com\/?author=2"}]}},"_links":{"self":[{"href":"https:\/\/voxsahel.com\/index.php?rest_route=\/wp\/v2\/posts\/3320","targetHints":{"allow":["GET"]}}],"collection":[{"href":"https:\/\/voxsahel.com\/index.php?rest_route=\/wp\/v2\/posts"}],"about":[{"href":"https:\/\/voxsahel.com\/index.php?rest_route=\/wp\/v2\/types\/post"}],"author":[{"embeddable":true,"href":"https:\/\/voxsahel.com\/index.php?rest_route=\/wp\/v2\/users\/2"}],"replies":[{"embeddable":true,"href":"https:\/\/voxsahel.com\/index.php?rest_route=%2Fwp%2Fv2%2Fcomments&post=3320"}],"version-history":[{"count":1,"href":"https:\/\/voxsahel.com\/index.php?rest_route=\/wp\/v2\/posts\/3320\/revisions"}],"predecessor-version":[{"id":3325,"href":"https:\/\/voxsahel.com\/index.php?rest_route=\/wp\/v2\/posts\/3320\/revisions\/3325"}],"wp:featuredmedia":[{"embeddable":true,"href":"https:\/\/voxsahel.com\/index.php?rest_route=\/wp\/v2\/media\/3321"}],"wp:attachment":[{"href":"https:\/\/voxsahel.com\/index.php?rest_route=%2Fwp%2Fv2%2Fmedia&parent=3320"}],"wp:term":[{"taxonomy":"category","embeddable":true,"href":"https:\/\/voxsahel.com\/index.php?rest_route=%2Fwp%2Fv2%2Fcategories&post=3320"},{"taxonomy":"post_tag","embeddable":true,"href":"https:\/\/voxsahel.com\/index.php?rest_route=%2Fwp%2Fv2%2Ftags&post=3320"}],"curies":[{"name":"wp","href":"https:\/\/api.w.org\/{rel}","templated":true}]}}