{"id":332,"date":"2024-09-23T20:12:52","date_gmt":"2024-09-23T20:12:52","guid":{"rendered":"https:\/\/voxsahel.com\/?p=332"},"modified":"2024-09-23T20:26:47","modified_gmt":"2024-09-23T20:26:47","slug":"controle-des-corbillards-ambulances-et-autres-une-decision-salutaire-qui-merite-lengagement-de-tous","status":"publish","type":"post","link":"https:\/\/voxsahel.com\/?p=332","title":{"rendered":"Contr\u00f4le des corbillards, ambulances et autres\u00a0: Une d\u00e9cision salutaire qui m\u00e9rite l&rsquo;engagement de tous"},"content":{"rendered":"<p>La situation s\u00e9curitaire pr\u00e9valant dans le grand Sahel, et plus particuli\u00e8rement au Burkina Faso, exige des mesures adapt\u00e9es pour faire face aux menaces \u00e9mergentes. Face \u00e0 un ennemi qui s&rsquo;adapte continuellement, il est imp\u00e9ratif que les strat\u00e9gies de s\u00e9curit\u00e9 \u00e9voluent de mani\u00e8re proactive. Dans ce contexte, le communiqu\u00e9 de la Police municipale dat\u00e9 du 20 septembre 2024 rev\u00eat une importance cruciale. En effet, la d\u00e9cision de soumettre au contr\u00f4le des v\u00e9hicules habituellement exempt\u00e9s, tels que les ambulances, les corbillards et d&rsquo;autres types de v\u00e9hicules sensibles, r\u00e9pond \u00e0 une n\u00e9cessit\u00e9 de s\u00e9curit\u00e9 publique indiscutable. La nature m\u00eame des menaces actuelles, souvent impr\u00e9visibles, justifie cette mesure.<\/p>\n<p>En int\u00e9grant des v\u00e9hicules comme ceux transportant des restes mortels ou des fonds pr\u00e9cieux dans le cadre de contr\u00f4les syst\u00e9matiques, les autorit\u00e9s renforcent leur capacit\u00e9 \u00e0 d\u00e9tecter et pr\u00e9venir d&rsquo;\u00e9ventuelles manipulations. Ce renforcement des mesures de s\u00e9curit\u00e9 n&rsquo;est pas seulement une r\u00e9action aux \u00e9v\u00e9nements pass\u00e9s, mais une anticipation des risques futurs. Le communiqu\u00e9 pr\u00e9cise que les conducteurs de ces v\u00e9hicules doivent pr\u00e9senter divers documents \u00e0 l&rsquo;entr\u00e9e de Ouagadougou, comme l&rsquo;ordre de mission. Ou les arr\u00eat\u00e9s de transfert, pour attester de la l\u00e9gitimit\u00e9 de leurs d\u00e9placements.<\/p>\n<p>Ce processus vise \u00e0 instaurer une culture de transparence et de responsabilit\u00e9, contribuant \u00e0 la fois \u00e0 la s\u00e9curit\u00e9 des individus et \u00e0 celle des biens. En soumettant ces v\u00e9hicules \u00e0 des v\u00e9rifications rigoureuses, la police se donne les moyens d&rsquo;assurer un contr\u00f4le de qualit\u00e9 sur les circulations sensibles, tout en gardant une flexibilit\u00e9 d&rsquo;action pour d&rsquo;\u00e9ventuelles inspections suppl\u00e9mentaires. Il est \u00e9galement pertinent de souligner que la d\u00e9cision d&rsquo;interdire les signes distinctifs sur ces v\u00e9hicules \u00e0 l&rsquo;entr\u00e9e de la ville est une strat\u00e9gie astucieuse.<\/p>\n<p>En effa\u00e7ant ces rep\u00e8res, les autorit\u00e9s r\u00e9duisent les risques d&rsquo;usurpation d&rsquo;identit\u00e9 et de manipulation par des individus malintentionn\u00e9s. La dissimulation des signes ext\u00e9rieurs facilite ainsi un contr\u00f4le plus strict et r\u00e9duit la probabilit\u00e9 de passage inaper\u00e7u des acteurs du mal. Cependant, pour que ces mesures soient v\u00e9ritablement efficaces, leur application doit \u00eatre rigoureuse et sans faille. L&rsquo;implication de la population est \u00e9galement cruciale ; un partenariat entre les autorit\u00e9s et les citoyens est essentiel pour garantir une surveillance active.<\/p>\n<p>La d\u00e9nonciation de comportements suspects ou de situations anormales par la communaut\u00e9 peut grandement contribuer \u00e0 renforcer la s\u00e9curit\u00e9 collective. La vigilance doit \u00eatre de mise, car chaque membre de la soci\u00e9t\u00e9 a un r\u00f4le \u00e0 jouer dans la protection de son environnement. Il est important de rappeler que l&rsquo;efficacit\u00e9 de ces mesures ne r\u00e9side pas uniquement dans leur \u00e9nonc\u00e9, mais surtout dans leur mise en \u0153uvre sur le terrain. Un laxisme dans l&rsquo;application des contr\u00f4les pourrait annuler les efforts consentis et permettre aux menaces de se d\u00e9velopper.<\/p>\n<p>Les autorit\u00e9s doivent ainsi veiller \u00e0 ce que chaque contr\u00f4le soit effectu\u00e9 avec s\u00e9rieux et rigueur, sans laisser de place \u00e0 la n\u00e9gligence. En conclusion, la d\u00e9cision de soumettre \u00e0 contr\u00f4le les v\u00e9hicules sensibles est une mesure salutaire, n\u00e9cessaire pour prot\u00e9ger les Burkinab\u00e8 et leurs biens. Toutefois, sa r\u00e9ussite d\u00e9pendra de l\u2019engagement tant des autorit\u00e9s que de la population. C&rsquo;est en agissant ensemble, avec d\u00e9termination et vigilance, que nous pourrons esp\u00e9rer cr\u00e9er un environnement plus s\u00fbr et r\u00e9silient face aux d\u00e9fis s\u00e9curitaires qui nous guettent. La s\u00e9curit\u00e9 est l&rsquo;affaire de tous, et chaque geste compte dans cette lutte collective.<\/p>\n<p style=\"text-align: right;\"><strong>La R\u00e9daction\u00a0<\/strong><\/p>\n","protected":false},"excerpt":{"rendered":"<p>La situation s\u00e9curitaire pr\u00e9valant dans le grand Sahel, et plus particuli\u00e8rement au Burkina Faso, exige<\/p>\n","protected":false},"author":2,"featured_media":336,"comment_status":"open","ping_status":"open","sticky":false,"template":"","format":"standard","meta":{"_et_pb_use_builder":"","_et_pb_old_content":"","_et_gb_content_width":"","footnotes":""},"categories":[6],"tags":[18,180,182,181,139,20],"class_list":["post-332","post","type-post","status-publish","format-standard","has-post-thumbnail","hentry","category-politique","tag-burkina-faso","tag-fds","tag-forces-de-defense-et-de-securite","tag-police-municipale","tag-securite","tag-terrorisme"],"yoast_head":"<!-- This site is optimized with the Yoast SEO plugin v27.5 - https:\/\/yoast.com\/product\/yoast-seo-wordpress\/ -->\n<title>Contr\u00f4le des corbillards, ambulances et autres\u00a0: Une d\u00e9cision salutaire qui m\u00e9rite l&#039;engagement de tous - Vox Sahel<\/title>\n<meta name=\"robots\" content=\"index, follow, max-snippet:-1, max-image-preview:large, max-video-preview:-1\" \/>\n<link rel=\"canonical\" href=\"https:\/\/voxsahel.com\/?p=332\" \/>\n<meta property=\"og:locale\" content=\"fr_FR\" \/>\n<meta property=\"og:type\" content=\"article\" \/>\n<meta property=\"og:title\" content=\"Contr\u00f4le des corbillards, ambulances et autres\u00a0: Une d\u00e9cision salutaire qui m\u00e9rite l&#039;engagement de tous - Vox Sahel\" \/>\n<meta property=\"og:description\" content=\"La situation s\u00e9curitaire pr\u00e9valant dans le grand Sahel, et plus particuli\u00e8rement au Burkina Faso, exige\" \/>\n<meta property=\"og:url\" content=\"https:\/\/voxsahel.com\/?p=332\" \/>\n<meta property=\"og:site_name\" content=\"Vox Sahel\" \/>\n<meta property=\"article:publisher\" content=\"https:\/\/www.facebook.com\/journal.voxsahel\" \/>\n<meta property=\"article:published_time\" content=\"2024-09-23T20:12:52+00:00\" \/>\n<meta property=\"article:modified_time\" content=\"2024-09-23T20:26:47+00:00\" \/>\n<meta property=\"og:image\" content=\"https:\/\/voxsahel.com\/wp-content\/uploads\/2024\/09\/IMG_0962.jpeg\" \/>\n\t<meta property=\"og:image:width\" content=\"720\" \/>\n\t<meta property=\"og:image:height\" content=\"433\" \/>\n\t<meta property=\"og:image:type\" content=\"image\/jpeg\" \/>\n<meta name=\"author\" content=\"Vox Sahel\" \/>\n<meta name=\"twitter:card\" content=\"summary_large_image\" \/>\n<meta name=\"twitter:label1\" content=\"\u00c9crit par\" \/>\n\t<meta name=\"twitter:data1\" content=\"Vox Sahel\" \/>\n\t<meta name=\"twitter:label2\" content=\"Dur\u00e9e de lecture estim\u00e9e\" \/>\n\t<meta name=\"twitter:data2\" content=\"3 minutes\" \/>\n<script type=\"application\/ld+json\" class=\"yoast-schema-graph\">{\"@context\":\"https:\\\/\\\/schema.org\",\"@graph\":[{\"@type\":\"Article\",\"@id\":\"https:\\\/\\\/voxsahel.com\\\/?p=332#article\",\"isPartOf\":{\"@id\":\"https:\\\/\\\/voxsahel.com\\\/?p=332\"},\"author\":{\"name\":\"Vox Sahel\",\"@id\":\"https:\\\/\\\/voxsahel.com\\\/#\\\/schema\\\/person\\\/b4043608248f8fa227cd760e7ff1e19e\"},\"headline\":\"Contr\u00f4le des corbillards, ambulances et autres\u00a0: Une d\u00e9cision salutaire qui m\u00e9rite l&rsquo;engagement de tous\",\"datePublished\":\"2024-09-23T20:12:52+00:00\",\"dateModified\":\"2024-09-23T20:26:47+00:00\",\"mainEntityOfPage\":{\"@id\":\"https:\\\/\\\/voxsahel.com\\\/?p=332\"},\"wordCount\":647,\"commentCount\":0,\"publisher\":{\"@id\":\"https:\\\/\\\/voxsahel.com\\\/#organization\"},\"image\":{\"@id\":\"https:\\\/\\\/voxsahel.com\\\/?p=332#primaryimage\"},\"thumbnailUrl\":\"https:\\\/\\\/voxsahel.com\\\/wp-content\\\/uploads\\\/2024\\\/09\\\/IMG_0962.jpeg\",\"keywords\":[\"Burkina Faso\",\"FDS\",\"Forces de d\u00e9fense et de s\u00e9curit\u00e9\",\"Police municipale\",\"S\u00e9curit\u00e9\",\"Terrorisme\"],\"articleSection\":[\"POLITIQUE\"],\"inLanguage\":\"fr-FR\",\"potentialAction\":[{\"@type\":\"CommentAction\",\"name\":\"Comment\",\"target\":[\"https:\\\/\\\/voxsahel.com\\\/?p=332#respond\"]}]},{\"@type\":\"WebPage\",\"@id\":\"https:\\\/\\\/voxsahel.com\\\/?p=332\",\"url\":\"https:\\\/\\\/voxsahel.com\\\/?p=332\",\"name\":\"Contr\u00f4le des corbillards, ambulances et autres\u00a0: Une d\u00e9cision salutaire qui m\u00e9rite l'engagement de tous - Vox Sahel\",\"isPartOf\":{\"@id\":\"https:\\\/\\\/voxsahel.com\\\/#website\"},\"primaryImageOfPage\":{\"@id\":\"https:\\\/\\\/voxsahel.com\\\/?p=332#primaryimage\"},\"image\":{\"@id\":\"https:\\\/\\\/voxsahel.com\\\/?p=332#primaryimage\"},\"thumbnailUrl\":\"https:\\\/\\\/voxsahel.com\\\/wp-content\\\/uploads\\\/2024\\\/09\\\/IMG_0962.jpeg\",\"datePublished\":\"2024-09-23T20:12:52+00:00\",\"dateModified\":\"2024-09-23T20:26:47+00:00\",\"breadcrumb\":{\"@id\":\"https:\\\/\\\/voxsahel.com\\\/?p=332#breadcrumb\"},\"inLanguage\":\"fr-FR\",\"potentialAction\":[{\"@type\":\"ReadAction\",\"target\":[\"https:\\\/\\\/voxsahel.com\\\/?p=332\"]}]},{\"@type\":\"ImageObject\",\"inLanguage\":\"fr-FR\",\"@id\":\"https:\\\/\\\/voxsahel.com\\\/?p=332#primaryimage\",\"url\":\"https:\\\/\\\/voxsahel.com\\\/wp-content\\\/uploads\\\/2024\\\/09\\\/IMG_0962.jpeg\",\"contentUrl\":\"https:\\\/\\\/voxsahel.com\\\/wp-content\\\/uploads\\\/2024\\\/09\\\/IMG_0962.jpeg\",\"width\":720,\"height\":433},{\"@type\":\"BreadcrumbList\",\"@id\":\"https:\\\/\\\/voxsahel.com\\\/?p=332#breadcrumb\",\"itemListElement\":[{\"@type\":\"ListItem\",\"position\":1,\"name\":\"Home\",\"item\":\"https:\\\/\\\/voxsahel.com\\\/\"},{\"@type\":\"ListItem\",\"position\":2,\"name\":\"Contr\u00f4le des corbillards, ambulances et autres\u00a0: Une d\u00e9cision salutaire qui m\u00e9rite l&rsquo;engagement de tous\"}]},{\"@type\":\"WebSite\",\"@id\":\"https:\\\/\\\/voxsahel.com\\\/#website\",\"url\":\"https:\\\/\\\/voxsahel.com\\\/\",\"name\":\"Vox Sahel\",\"description\":\"Informez-vous sur le Sahel en un clic\",\"publisher\":{\"@id\":\"https:\\\/\\\/voxsahel.com\\\/#organization\"},\"potentialAction\":[{\"@type\":\"SearchAction\",\"target\":{\"@type\":\"EntryPoint\",\"urlTemplate\":\"https:\\\/\\\/voxsahel.com\\\/?s={search_term_string}\"},\"query-input\":{\"@type\":\"PropertyValueSpecification\",\"valueRequired\":true,\"valueName\":\"search_term_string\"}}],\"inLanguage\":\"fr-FR\"},{\"@type\":\"Organization\",\"@id\":\"https:\\\/\\\/voxsahel.com\\\/#organization\",\"name\":\"Vox Sahel\",\"url\":\"https:\\\/\\\/voxsahel.com\\\/\",\"logo\":{\"@type\":\"ImageObject\",\"inLanguage\":\"fr-FR\",\"@id\":\"https:\\\/\\\/voxsahel.com\\\/#\\\/schema\\\/logo\\\/image\\\/\",\"url\":\"https:\\\/\\\/voxsahel.com\\\/wp-content\\\/uploads\\\/2024\\\/09\\\/Logo-Vox-Sahel.jpg\",\"contentUrl\":\"https:\\\/\\\/voxsahel.com\\\/wp-content\\\/uploads\\\/2024\\\/09\\\/Logo-Vox-Sahel.jpg\",\"width\":1181,\"height\":848,\"caption\":\"Vox Sahel\"},\"image\":{\"@id\":\"https:\\\/\\\/voxsahel.com\\\/#\\\/schema\\\/logo\\\/image\\\/\"},\"sameAs\":[\"https:\\\/\\\/www.facebook.com\\\/journal.voxsahel\"]},{\"@type\":\"Person\",\"@id\":\"https:\\\/\\\/voxsahel.com\\\/#\\\/schema\\\/person\\\/b4043608248f8fa227cd760e7ff1e19e\",\"name\":\"Vox Sahel\",\"image\":{\"@type\":\"ImageObject\",\"inLanguage\":\"fr-FR\",\"@id\":\"https:\\\/\\\/secure.gravatar.com\\\/avatar\\\/f70e7fa0cb9b29d4a7c5788d6eb2e9ab4d3135cbae1c9161810fdf77a8964699?s=96&d=mm&r=g\",\"url\":\"https:\\\/\\\/secure.gravatar.com\\\/avatar\\\/f70e7fa0cb9b29d4a7c5788d6eb2e9ab4d3135cbae1c9161810fdf77a8964699?s=96&d=mm&r=g\",\"contentUrl\":\"https:\\\/\\\/secure.gravatar.com\\\/avatar\\\/f70e7fa0cb9b29d4a7c5788d6eb2e9ab4d3135cbae1c9161810fdf77a8964699?s=96&d=mm&r=g\",\"caption\":\"Vox Sahel\"},\"sameAs\":[\"http:\\\/\\\/www.voxsahel.com\"],\"url\":\"https:\\\/\\\/voxsahel.com\\\/?author=2\"}]}<\/script>\n<!-- \/ Yoast SEO plugin. -->","yoast_head_json":{"title":"Contr\u00f4le des corbillards, ambulances et autres\u00a0: Une d\u00e9cision salutaire qui m\u00e9rite l'engagement de tous - Vox Sahel","robots":{"index":"index","follow":"follow","max-snippet":"max-snippet:-1","max-image-preview":"max-image-preview:large","max-video-preview":"max-video-preview:-1"},"canonical":"https:\/\/voxsahel.com\/?p=332","og_locale":"fr_FR","og_type":"article","og_title":"Contr\u00f4le des corbillards, ambulances et autres\u00a0: Une d\u00e9cision salutaire qui m\u00e9rite l'engagement de tous - Vox Sahel","og_description":"La situation s\u00e9curitaire pr\u00e9valant dans le grand Sahel, et plus particuli\u00e8rement au Burkina Faso, exige","og_url":"https:\/\/voxsahel.com\/?p=332","og_site_name":"Vox Sahel","article_publisher":"https:\/\/www.facebook.com\/journal.voxsahel","article_published_time":"2024-09-23T20:12:52+00:00","article_modified_time":"2024-09-23T20:26:47+00:00","og_image":[{"width":720,"height":433,"url":"https:\/\/voxsahel.com\/wp-content\/uploads\/2024\/09\/IMG_0962.jpeg","type":"image\/jpeg"}],"author":"Vox Sahel","twitter_card":"summary_large_image","twitter_misc":{"\u00c9crit par":"Vox Sahel","Dur\u00e9e de lecture estim\u00e9e":"3 minutes"},"schema":{"@context":"https:\/\/schema.org","@graph":[{"@type":"Article","@id":"https:\/\/voxsahel.com\/?p=332#article","isPartOf":{"@id":"https:\/\/voxsahel.com\/?p=332"},"author":{"name":"Vox Sahel","@id":"https:\/\/voxsahel.com\/#\/schema\/person\/b4043608248f8fa227cd760e7ff1e19e"},"headline":"Contr\u00f4le des corbillards, ambulances et autres\u00a0: Une d\u00e9cision salutaire qui m\u00e9rite l&rsquo;engagement de tous","datePublished":"2024-09-23T20:12:52+00:00","dateModified":"2024-09-23T20:26:47+00:00","mainEntityOfPage":{"@id":"https:\/\/voxsahel.com\/?p=332"},"wordCount":647,"commentCount":0,"publisher":{"@id":"https:\/\/voxsahel.com\/#organization"},"image":{"@id":"https:\/\/voxsahel.com\/?p=332#primaryimage"},"thumbnailUrl":"https:\/\/voxsahel.com\/wp-content\/uploads\/2024\/09\/IMG_0962.jpeg","keywords":["Burkina Faso","FDS","Forces de d\u00e9fense et de s\u00e9curit\u00e9","Police municipale","S\u00e9curit\u00e9","Terrorisme"],"articleSection":["POLITIQUE"],"inLanguage":"fr-FR","potentialAction":[{"@type":"CommentAction","name":"Comment","target":["https:\/\/voxsahel.com\/?p=332#respond"]}]},{"@type":"WebPage","@id":"https:\/\/voxsahel.com\/?p=332","url":"https:\/\/voxsahel.com\/?p=332","name":"Contr\u00f4le des corbillards, ambulances et autres\u00a0: Une d\u00e9cision salutaire qui m\u00e9rite l'engagement de tous - Vox Sahel","isPartOf":{"@id":"https:\/\/voxsahel.com\/#website"},"primaryImageOfPage":{"@id":"https:\/\/voxsahel.com\/?p=332#primaryimage"},"image":{"@id":"https:\/\/voxsahel.com\/?p=332#primaryimage"},"thumbnailUrl":"https:\/\/voxsahel.com\/wp-content\/uploads\/2024\/09\/IMG_0962.jpeg","datePublished":"2024-09-23T20:12:52+00:00","dateModified":"2024-09-23T20:26:47+00:00","breadcrumb":{"@id":"https:\/\/voxsahel.com\/?p=332#breadcrumb"},"inLanguage":"fr-FR","potentialAction":[{"@type":"ReadAction","target":["https:\/\/voxsahel.com\/?p=332"]}]},{"@type":"ImageObject","inLanguage":"fr-FR","@id":"https:\/\/voxsahel.com\/?p=332#primaryimage","url":"https:\/\/voxsahel.com\/wp-content\/uploads\/2024\/09\/IMG_0962.jpeg","contentUrl":"https:\/\/voxsahel.com\/wp-content\/uploads\/2024\/09\/IMG_0962.jpeg","width":720,"height":433},{"@type":"BreadcrumbList","@id":"https:\/\/voxsahel.com\/?p=332#breadcrumb","itemListElement":[{"@type":"ListItem","position":1,"name":"Home","item":"https:\/\/voxsahel.com\/"},{"@type":"ListItem","position":2,"name":"Contr\u00f4le des corbillards, ambulances et autres\u00a0: Une d\u00e9cision salutaire qui m\u00e9rite l&rsquo;engagement de tous"}]},{"@type":"WebSite","@id":"https:\/\/voxsahel.com\/#website","url":"https:\/\/voxsahel.com\/","name":"Vox Sahel","description":"Informez-vous sur le Sahel en un clic","publisher":{"@id":"https:\/\/voxsahel.com\/#organization"},"potentialAction":[{"@type":"SearchAction","target":{"@type":"EntryPoint","urlTemplate":"https:\/\/voxsahel.com\/?s={search_term_string}"},"query-input":{"@type":"PropertyValueSpecification","valueRequired":true,"valueName":"search_term_string"}}],"inLanguage":"fr-FR"},{"@type":"Organization","@id":"https:\/\/voxsahel.com\/#organization","name":"Vox Sahel","url":"https:\/\/voxsahel.com\/","logo":{"@type":"ImageObject","inLanguage":"fr-FR","@id":"https:\/\/voxsahel.com\/#\/schema\/logo\/image\/","url":"https:\/\/voxsahel.com\/wp-content\/uploads\/2024\/09\/Logo-Vox-Sahel.jpg","contentUrl":"https:\/\/voxsahel.com\/wp-content\/uploads\/2024\/09\/Logo-Vox-Sahel.jpg","width":1181,"height":848,"caption":"Vox Sahel"},"image":{"@id":"https:\/\/voxsahel.com\/#\/schema\/logo\/image\/"},"sameAs":["https:\/\/www.facebook.com\/journal.voxsahel"]},{"@type":"Person","@id":"https:\/\/voxsahel.com\/#\/schema\/person\/b4043608248f8fa227cd760e7ff1e19e","name":"Vox Sahel","image":{"@type":"ImageObject","inLanguage":"fr-FR","@id":"https:\/\/secure.gravatar.com\/avatar\/f70e7fa0cb9b29d4a7c5788d6eb2e9ab4d3135cbae1c9161810fdf77a8964699?s=96&d=mm&r=g","url":"https:\/\/secure.gravatar.com\/avatar\/f70e7fa0cb9b29d4a7c5788d6eb2e9ab4d3135cbae1c9161810fdf77a8964699?s=96&d=mm&r=g","contentUrl":"https:\/\/secure.gravatar.com\/avatar\/f70e7fa0cb9b29d4a7c5788d6eb2e9ab4d3135cbae1c9161810fdf77a8964699?s=96&d=mm&r=g","caption":"Vox Sahel"},"sameAs":["http:\/\/www.voxsahel.com"],"url":"https:\/\/voxsahel.com\/?author=2"}]}},"_links":{"self":[{"href":"https:\/\/voxsahel.com\/index.php?rest_route=\/wp\/v2\/posts\/332","targetHints":{"allow":["GET"]}}],"collection":[{"href":"https:\/\/voxsahel.com\/index.php?rest_route=\/wp\/v2\/posts"}],"about":[{"href":"https:\/\/voxsahel.com\/index.php?rest_route=\/wp\/v2\/types\/post"}],"author":[{"embeddable":true,"href":"https:\/\/voxsahel.com\/index.php?rest_route=\/wp\/v2\/users\/2"}],"replies":[{"embeddable":true,"href":"https:\/\/voxsahel.com\/index.php?rest_route=%2Fwp%2Fv2%2Fcomments&post=332"}],"version-history":[{"count":1,"href":"https:\/\/voxsahel.com\/index.php?rest_route=\/wp\/v2\/posts\/332\/revisions"}],"predecessor-version":[{"id":334,"href":"https:\/\/voxsahel.com\/index.php?rest_route=\/wp\/v2\/posts\/332\/revisions\/334"}],"wp:featuredmedia":[{"embeddable":true,"href":"https:\/\/voxsahel.com\/index.php?rest_route=\/wp\/v2\/media\/336"}],"wp:attachment":[{"href":"https:\/\/voxsahel.com\/index.php?rest_route=%2Fwp%2Fv2%2Fmedia&parent=332"}],"wp:term":[{"taxonomy":"category","embeddable":true,"href":"https:\/\/voxsahel.com\/index.php?rest_route=%2Fwp%2Fv2%2Fcategories&post=332"},{"taxonomy":"post_tag","embeddable":true,"href":"https:\/\/voxsahel.com\/index.php?rest_route=%2Fwp%2Fv2%2Ftags&post=332"}],"curies":[{"name":"wp","href":"https:\/\/api.w.org\/{rel}","templated":true}]}}