{"id":3318,"date":"2026-01-18T23:56:08","date_gmt":"2026-01-18T23:56:08","guid":{"rendered":"https:\/\/voxsahel.com\/?p=3318"},"modified":"2026-01-18T23:57:21","modified_gmt":"2026-01-18T23:57:21","slug":"edito-can-2025-au-maroc-quand-la-fete-du-football-africain-laisse-un-gout-amer","status":"publish","type":"post","link":"https:\/\/voxsahel.com\/?p=3318","title":{"rendered":"\u00c9dito | CAN 2025 au Maroc  : Quand la f\u00eate du football africain laisse un go\u00fbt amer"},"content":{"rendered":"<p class=\"p1\"><span class=\"s1\">La Coupe d\u2019Afrique des Nations 2025, disput\u00e9e au Maroc du 21 d\u00e9cembre2025 au 18 janvier 2026, s\u2019est achev\u00e9e par la victoire du S\u00e9n\u00e9gal, qui d\u00e9croche ainsi sa deuxi\u00e8me \u00e9toile continentale. Un sacre m\u00e9rit\u00e9 pour les Lions de la Teranga, solides et constants tout au long de la comp\u00e9tition. Pourtant, au-del\u00e0 de l\u2019exploit sportif, cette \u00e9dition restera surtout marqu\u00e9e par une succession de controverses qui ont terni l\u2019image de la grande f\u00eate du football africain. <\/span><\/p>\n<p class=\"p1\"><span class=\"s1\">L\u2019arbitrage, en particulier, a cristallis\u00e9 de nombreuses critiques. Jug\u00e9 globalement en de\u00e7\u00e0 des attentes, il a souvent suscit\u00e9 l\u2019incompr\u00e9hension, voire la col\u00e8re des acteurs du jeu. Plusieurs observateurs ont point\u00e9 du doigt des d\u00e9cisions controvers\u00e9es, estimant que le pays organisateur, le Maroc, aurait b\u00e9n\u00e9fici\u00e9 de certains avantages arbitrales lors de moments cl\u00e9s. <\/span><\/p>\n<p class=\"p1\"><span class=\"s1\">Compar\u00e9e \u00e0 la CAN 2023 en C\u00f4te d\u2019Ivoire, unanimement salu\u00e9e pour son ambiance populaire et festive, la CAN marocaine a sembl\u00e9 manquer d\u2019\u00e2me. Stades parfois froids, ferveur en demi-teinte, mobilisation populaire insuffisante : de nombreux supporters et analystes ont regrett\u00e9 l\u2019absence de cette chaleur si caract\u00e9ristique du football africain. <\/span><\/p>\n<p class=\"p1\"><span class=\"s1\">Les critiques ne se sont pas arr\u00eat\u00e9es l\u00e0. A quelques heures de la finale, le s\u00e9lectionneur s\u00e9n\u00e9galais s\u2019est publiquement plaint du dispositif s\u00e9curitaire mis \u00e0 la disposition de son \u00e9quipe, jug\u00e9 insuffisant. La question de la billetterie a \u00e9galement fait pol\u00e9mique, avec un nombre de tickets limit\u00e9 pour les supporters s\u00e9n\u00e9galais, alimentant un sentiment d\u2019injustice.<\/span><\/p>\n<p class=\"p1\"><span class=\"s1\"> Certaines sc\u00e8nes ont choqu\u00e9 l\u2019opinion, notamment lors du match Maroc\u2013Nigeria, o\u00f9 des officiels marocains ont \u00e9t\u00e9 aper\u00e7us en train de retirer les serviettes du gardien nig\u00e9rian, un geste per\u00e7u comme contraire \u00e0 l\u2019\u00e9thique sportive. Mais le point culminant de la controverse reste la finale : un penalty siffl\u00e9 en faveur du Maroc a provoqu\u00e9 une vive contestation. Les joueurs, criant au \u00ab hold-up \u00bb, ont m\u00eame quitt\u00e9 la pelouse avant de revenir, une situation rare et embarrassante pour une comp\u00e9tition de ce niveau. <\/span><\/p>\n<p class=\"p1\"><span class=\"s1\">Au final, cette CAN 2025 laisse un sentiment mitig\u00e9, voire amer. Si le S\u00e9n\u00e9gal peut l\u00e9gitimement savourer son sacre, l\u2019organisation et la gestion de certains aspects de la comp\u00e9tition soul\u00e8vent de s\u00e9rieuses interrogations. <\/span><\/p>\n<p class=\"p1\"><span class=\"s1\">Pour les prochaines \u00e9ditions, plus de rigueur, de transparence et de professionnalisme seront indispensables afin de pr\u00e9server la cr\u00e9dibilit\u00e9 de la CAN, l\u2019image du football africain et, plus largement, celle de l\u2019Afrique sur la sc\u00e8ne sportive internationale.<\/span><\/p>\n<p class=\"p1\" style=\"text-align: right;\"><strong><span class=\"s1\">La R\u00e9daction<\/span><\/strong><\/p>\n","protected":false},"excerpt":{"rendered":"<p>La Coupe d\u2019Afrique des Nations 2025, disput\u00e9e au Maroc du 21 d\u00e9cembre2025 au 18 janvier<\/p>\n","protected":false},"author":2,"featured_media":3276,"comment_status":"open","ping_status":"open","sticky":false,"template":"","format":"standard","meta":{"_et_pb_use_builder":"","_et_pb_old_content":"","_et_gb_content_width":"","footnotes":""},"categories":[1],"tags":[39,38,37,660,348,35,34],"class_list":["post-3318","post","type-post","status-publish","format-standard","has-post-thumbnail","hentry","category-faits-divers","tag-caf","tag-can","tag-can-maroc-2025","tag-confederation-africaine-de-football","tag-coupe-dafrique-des-nations","tag-football","tag-sport"],"yoast_head":"<!-- This site is optimized with the Yoast SEO plugin v27.5 - https:\/\/yoast.com\/product\/yoast-seo-wordpress\/ -->\n<title>\u00c9dito | CAN 2025 au Maroc : Quand la f\u00eate du football africain laisse un go\u00fbt amer - Vox Sahel<\/title>\n<meta name=\"robots\" content=\"index, follow, max-snippet:-1, max-image-preview:large, max-video-preview:-1\" \/>\n<link rel=\"canonical\" href=\"https:\/\/voxsahel.com\/?p=3318\" \/>\n<meta property=\"og:locale\" content=\"fr_FR\" \/>\n<meta property=\"og:type\" content=\"article\" \/>\n<meta property=\"og:title\" content=\"\u00c9dito | CAN 2025 au Maroc : Quand la f\u00eate du football africain laisse un go\u00fbt amer - Vox Sahel\" \/>\n<meta property=\"og:description\" content=\"La Coupe d\u2019Afrique des Nations 2025, disput\u00e9e au Maroc du 21 d\u00e9cembre2025 au 18 janvier\" \/>\n<meta property=\"og:url\" content=\"https:\/\/voxsahel.com\/?p=3318\" \/>\n<meta property=\"og:site_name\" content=\"Vox Sahel\" \/>\n<meta property=\"article:publisher\" content=\"https:\/\/www.facebook.com\/journal.voxsahel\" \/>\n<meta property=\"article:published_time\" content=\"2026-01-18T23:56:08+00:00\" \/>\n<meta property=\"article:modified_time\" content=\"2026-01-18T23:57:21+00:00\" \/>\n<meta property=\"og:image\" content=\"https:\/\/voxsahel.com\/wp-content\/uploads\/2026\/01\/IMG_3957.jpeg\" \/>\n\t<meta property=\"og:image:width\" content=\"430\" \/>\n\t<meta property=\"og:image:height\" content=\"305\" \/>\n\t<meta property=\"og:image:type\" content=\"image\/jpeg\" \/>\n<meta name=\"author\" content=\"Vox Sahel\" \/>\n<meta name=\"twitter:card\" content=\"summary_large_image\" \/>\n<meta name=\"twitter:label1\" content=\"\u00c9crit par\" \/>\n\t<meta name=\"twitter:data1\" content=\"Vox Sahel\" \/>\n\t<meta name=\"twitter:label2\" content=\"Dur\u00e9e de lecture estim\u00e9e\" \/>\n\t<meta name=\"twitter:data2\" content=\"3 minutes\" \/>\n<script type=\"application\/ld+json\" class=\"yoast-schema-graph\">{\"@context\":\"https:\\\/\\\/schema.org\",\"@graph\":[{\"@type\":\"Article\",\"@id\":\"https:\\\/\\\/voxsahel.com\\\/?p=3318#article\",\"isPartOf\":{\"@id\":\"https:\\\/\\\/voxsahel.com\\\/?p=3318\"},\"author\":{\"name\":\"Vox Sahel\",\"@id\":\"https:\\\/\\\/voxsahel.com\\\/#\\\/schema\\\/person\\\/b4043608248f8fa227cd760e7ff1e19e\"},\"headline\":\"\u00c9dito | CAN 2025 au Maroc : Quand la f\u00eate du football africain laisse un go\u00fbt amer\",\"datePublished\":\"2026-01-18T23:56:08+00:00\",\"dateModified\":\"2026-01-18T23:57:21+00:00\",\"mainEntityOfPage\":{\"@id\":\"https:\\\/\\\/voxsahel.com\\\/?p=3318\"},\"wordCount\":452,\"commentCount\":0,\"publisher\":{\"@id\":\"https:\\\/\\\/voxsahel.com\\\/#organization\"},\"image\":{\"@id\":\"https:\\\/\\\/voxsahel.com\\\/?p=3318#primaryimage\"},\"thumbnailUrl\":\"https:\\\/\\\/voxsahel.com\\\/wp-content\\\/uploads\\\/2026\\\/01\\\/IMG_3957.jpeg\",\"keywords\":[\"CAF\",\"CAN\",\"CAN Maroc 2025\",\"Conf\u00e9d\u00e9ration Africaine de Football\",\"Coupe d\u2019Afrique des nations\",\"Football\",\"Sport\"],\"articleSection\":[\"FAITS DIVERS\"],\"inLanguage\":\"fr-FR\",\"potentialAction\":[{\"@type\":\"CommentAction\",\"name\":\"Comment\",\"target\":[\"https:\\\/\\\/voxsahel.com\\\/?p=3318#respond\"]}]},{\"@type\":\"WebPage\",\"@id\":\"https:\\\/\\\/voxsahel.com\\\/?p=3318\",\"url\":\"https:\\\/\\\/voxsahel.com\\\/?p=3318\",\"name\":\"\u00c9dito | CAN 2025 au Maroc : Quand la f\u00eate du football africain laisse un go\u00fbt amer - Vox Sahel\",\"isPartOf\":{\"@id\":\"https:\\\/\\\/voxsahel.com\\\/#website\"},\"primaryImageOfPage\":{\"@id\":\"https:\\\/\\\/voxsahel.com\\\/?p=3318#primaryimage\"},\"image\":{\"@id\":\"https:\\\/\\\/voxsahel.com\\\/?p=3318#primaryimage\"},\"thumbnailUrl\":\"https:\\\/\\\/voxsahel.com\\\/wp-content\\\/uploads\\\/2026\\\/01\\\/IMG_3957.jpeg\",\"datePublished\":\"2026-01-18T23:56:08+00:00\",\"dateModified\":\"2026-01-18T23:57:21+00:00\",\"breadcrumb\":{\"@id\":\"https:\\\/\\\/voxsahel.com\\\/?p=3318#breadcrumb\"},\"inLanguage\":\"fr-FR\",\"potentialAction\":[{\"@type\":\"ReadAction\",\"target\":[\"https:\\\/\\\/voxsahel.com\\\/?p=3318\"]}]},{\"@type\":\"ImageObject\",\"inLanguage\":\"fr-FR\",\"@id\":\"https:\\\/\\\/voxsahel.com\\\/?p=3318#primaryimage\",\"url\":\"https:\\\/\\\/voxsahel.com\\\/wp-content\\\/uploads\\\/2026\\\/01\\\/IMG_3957.jpeg\",\"contentUrl\":\"https:\\\/\\\/voxsahel.com\\\/wp-content\\\/uploads\\\/2026\\\/01\\\/IMG_3957.jpeg\",\"width\":430,\"height\":305},{\"@type\":\"BreadcrumbList\",\"@id\":\"https:\\\/\\\/voxsahel.com\\\/?p=3318#breadcrumb\",\"itemListElement\":[{\"@type\":\"ListItem\",\"position\":1,\"name\":\"Home\",\"item\":\"https:\\\/\\\/voxsahel.com\\\/\"},{\"@type\":\"ListItem\",\"position\":2,\"name\":\"\u00c9dito | CAN 2025 au Maroc : Quand la f\u00eate du football africain laisse un go\u00fbt amer\"}]},{\"@type\":\"WebSite\",\"@id\":\"https:\\\/\\\/voxsahel.com\\\/#website\",\"url\":\"https:\\\/\\\/voxsahel.com\\\/\",\"name\":\"Vox Sahel\",\"description\":\"Informez-vous sur le Sahel en un clic\",\"publisher\":{\"@id\":\"https:\\\/\\\/voxsahel.com\\\/#organization\"},\"potentialAction\":[{\"@type\":\"SearchAction\",\"target\":{\"@type\":\"EntryPoint\",\"urlTemplate\":\"https:\\\/\\\/voxsahel.com\\\/?s={search_term_string}\"},\"query-input\":{\"@type\":\"PropertyValueSpecification\",\"valueRequired\":true,\"valueName\":\"search_term_string\"}}],\"inLanguage\":\"fr-FR\"},{\"@type\":\"Organization\",\"@id\":\"https:\\\/\\\/voxsahel.com\\\/#organization\",\"name\":\"Vox Sahel\",\"url\":\"https:\\\/\\\/voxsahel.com\\\/\",\"logo\":{\"@type\":\"ImageObject\",\"inLanguage\":\"fr-FR\",\"@id\":\"https:\\\/\\\/voxsahel.com\\\/#\\\/schema\\\/logo\\\/image\\\/\",\"url\":\"https:\\\/\\\/voxsahel.com\\\/wp-content\\\/uploads\\\/2024\\\/09\\\/Logo-Vox-Sahel.jpg\",\"contentUrl\":\"https:\\\/\\\/voxsahel.com\\\/wp-content\\\/uploads\\\/2024\\\/09\\\/Logo-Vox-Sahel.jpg\",\"width\":1181,\"height\":848,\"caption\":\"Vox Sahel\"},\"image\":{\"@id\":\"https:\\\/\\\/voxsahel.com\\\/#\\\/schema\\\/logo\\\/image\\\/\"},\"sameAs\":[\"https:\\\/\\\/www.facebook.com\\\/journal.voxsahel\"]},{\"@type\":\"Person\",\"@id\":\"https:\\\/\\\/voxsahel.com\\\/#\\\/schema\\\/person\\\/b4043608248f8fa227cd760e7ff1e19e\",\"name\":\"Vox Sahel\",\"image\":{\"@type\":\"ImageObject\",\"inLanguage\":\"fr-FR\",\"@id\":\"https:\\\/\\\/secure.gravatar.com\\\/avatar\\\/f70e7fa0cb9b29d4a7c5788d6eb2e9ab4d3135cbae1c9161810fdf77a8964699?s=96&d=mm&r=g\",\"url\":\"https:\\\/\\\/secure.gravatar.com\\\/avatar\\\/f70e7fa0cb9b29d4a7c5788d6eb2e9ab4d3135cbae1c9161810fdf77a8964699?s=96&d=mm&r=g\",\"contentUrl\":\"https:\\\/\\\/secure.gravatar.com\\\/avatar\\\/f70e7fa0cb9b29d4a7c5788d6eb2e9ab4d3135cbae1c9161810fdf77a8964699?s=96&d=mm&r=g\",\"caption\":\"Vox Sahel\"},\"sameAs\":[\"http:\\\/\\\/www.voxsahel.com\"],\"url\":\"https:\\\/\\\/voxsahel.com\\\/?author=2\"}]}<\/script>\n<!-- \/ Yoast SEO plugin. -->","yoast_head_json":{"title":"\u00c9dito | CAN 2025 au Maroc : Quand la f\u00eate du football africain laisse un go\u00fbt amer - Vox Sahel","robots":{"index":"index","follow":"follow","max-snippet":"max-snippet:-1","max-image-preview":"max-image-preview:large","max-video-preview":"max-video-preview:-1"},"canonical":"https:\/\/voxsahel.com\/?p=3318","og_locale":"fr_FR","og_type":"article","og_title":"\u00c9dito | CAN 2025 au Maroc : Quand la f\u00eate du football africain laisse un go\u00fbt amer - Vox Sahel","og_description":"La Coupe d\u2019Afrique des Nations 2025, disput\u00e9e au Maroc du 21 d\u00e9cembre2025 au 18 janvier","og_url":"https:\/\/voxsahel.com\/?p=3318","og_site_name":"Vox Sahel","article_publisher":"https:\/\/www.facebook.com\/journal.voxsahel","article_published_time":"2026-01-18T23:56:08+00:00","article_modified_time":"2026-01-18T23:57:21+00:00","og_image":[{"width":430,"height":305,"url":"https:\/\/voxsahel.com\/wp-content\/uploads\/2026\/01\/IMG_3957.jpeg","type":"image\/jpeg"}],"author":"Vox Sahel","twitter_card":"summary_large_image","twitter_misc":{"\u00c9crit par":"Vox Sahel","Dur\u00e9e de lecture estim\u00e9e":"3 minutes"},"schema":{"@context":"https:\/\/schema.org","@graph":[{"@type":"Article","@id":"https:\/\/voxsahel.com\/?p=3318#article","isPartOf":{"@id":"https:\/\/voxsahel.com\/?p=3318"},"author":{"name":"Vox Sahel","@id":"https:\/\/voxsahel.com\/#\/schema\/person\/b4043608248f8fa227cd760e7ff1e19e"},"headline":"\u00c9dito | CAN 2025 au Maroc : Quand la f\u00eate du football africain laisse un go\u00fbt amer","datePublished":"2026-01-18T23:56:08+00:00","dateModified":"2026-01-18T23:57:21+00:00","mainEntityOfPage":{"@id":"https:\/\/voxsahel.com\/?p=3318"},"wordCount":452,"commentCount":0,"publisher":{"@id":"https:\/\/voxsahel.com\/#organization"},"image":{"@id":"https:\/\/voxsahel.com\/?p=3318#primaryimage"},"thumbnailUrl":"https:\/\/voxsahel.com\/wp-content\/uploads\/2026\/01\/IMG_3957.jpeg","keywords":["CAF","CAN","CAN Maroc 2025","Conf\u00e9d\u00e9ration Africaine de Football","Coupe d\u2019Afrique des nations","Football","Sport"],"articleSection":["FAITS DIVERS"],"inLanguage":"fr-FR","potentialAction":[{"@type":"CommentAction","name":"Comment","target":["https:\/\/voxsahel.com\/?p=3318#respond"]}]},{"@type":"WebPage","@id":"https:\/\/voxsahel.com\/?p=3318","url":"https:\/\/voxsahel.com\/?p=3318","name":"\u00c9dito | CAN 2025 au Maroc : Quand la f\u00eate du football africain laisse un go\u00fbt amer - Vox Sahel","isPartOf":{"@id":"https:\/\/voxsahel.com\/#website"},"primaryImageOfPage":{"@id":"https:\/\/voxsahel.com\/?p=3318#primaryimage"},"image":{"@id":"https:\/\/voxsahel.com\/?p=3318#primaryimage"},"thumbnailUrl":"https:\/\/voxsahel.com\/wp-content\/uploads\/2026\/01\/IMG_3957.jpeg","datePublished":"2026-01-18T23:56:08+00:00","dateModified":"2026-01-18T23:57:21+00:00","breadcrumb":{"@id":"https:\/\/voxsahel.com\/?p=3318#breadcrumb"},"inLanguage":"fr-FR","potentialAction":[{"@type":"ReadAction","target":["https:\/\/voxsahel.com\/?p=3318"]}]},{"@type":"ImageObject","inLanguage":"fr-FR","@id":"https:\/\/voxsahel.com\/?p=3318#primaryimage","url":"https:\/\/voxsahel.com\/wp-content\/uploads\/2026\/01\/IMG_3957.jpeg","contentUrl":"https:\/\/voxsahel.com\/wp-content\/uploads\/2026\/01\/IMG_3957.jpeg","width":430,"height":305},{"@type":"BreadcrumbList","@id":"https:\/\/voxsahel.com\/?p=3318#breadcrumb","itemListElement":[{"@type":"ListItem","position":1,"name":"Home","item":"https:\/\/voxsahel.com\/"},{"@type":"ListItem","position":2,"name":"\u00c9dito | CAN 2025 au Maroc : Quand la f\u00eate du football africain laisse un go\u00fbt amer"}]},{"@type":"WebSite","@id":"https:\/\/voxsahel.com\/#website","url":"https:\/\/voxsahel.com\/","name":"Vox Sahel","description":"Informez-vous sur le Sahel en un clic","publisher":{"@id":"https:\/\/voxsahel.com\/#organization"},"potentialAction":[{"@type":"SearchAction","target":{"@type":"EntryPoint","urlTemplate":"https:\/\/voxsahel.com\/?s={search_term_string}"},"query-input":{"@type":"PropertyValueSpecification","valueRequired":true,"valueName":"search_term_string"}}],"inLanguage":"fr-FR"},{"@type":"Organization","@id":"https:\/\/voxsahel.com\/#organization","name":"Vox Sahel","url":"https:\/\/voxsahel.com\/","logo":{"@type":"ImageObject","inLanguage":"fr-FR","@id":"https:\/\/voxsahel.com\/#\/schema\/logo\/image\/","url":"https:\/\/voxsahel.com\/wp-content\/uploads\/2024\/09\/Logo-Vox-Sahel.jpg","contentUrl":"https:\/\/voxsahel.com\/wp-content\/uploads\/2024\/09\/Logo-Vox-Sahel.jpg","width":1181,"height":848,"caption":"Vox Sahel"},"image":{"@id":"https:\/\/voxsahel.com\/#\/schema\/logo\/image\/"},"sameAs":["https:\/\/www.facebook.com\/journal.voxsahel"]},{"@type":"Person","@id":"https:\/\/voxsahel.com\/#\/schema\/person\/b4043608248f8fa227cd760e7ff1e19e","name":"Vox Sahel","image":{"@type":"ImageObject","inLanguage":"fr-FR","@id":"https:\/\/secure.gravatar.com\/avatar\/f70e7fa0cb9b29d4a7c5788d6eb2e9ab4d3135cbae1c9161810fdf77a8964699?s=96&d=mm&r=g","url":"https:\/\/secure.gravatar.com\/avatar\/f70e7fa0cb9b29d4a7c5788d6eb2e9ab4d3135cbae1c9161810fdf77a8964699?s=96&d=mm&r=g","contentUrl":"https:\/\/secure.gravatar.com\/avatar\/f70e7fa0cb9b29d4a7c5788d6eb2e9ab4d3135cbae1c9161810fdf77a8964699?s=96&d=mm&r=g","caption":"Vox Sahel"},"sameAs":["http:\/\/www.voxsahel.com"],"url":"https:\/\/voxsahel.com\/?author=2"}]}},"_links":{"self":[{"href":"https:\/\/voxsahel.com\/index.php?rest_route=\/wp\/v2\/posts\/3318","targetHints":{"allow":["GET"]}}],"collection":[{"href":"https:\/\/voxsahel.com\/index.php?rest_route=\/wp\/v2\/posts"}],"about":[{"href":"https:\/\/voxsahel.com\/index.php?rest_route=\/wp\/v2\/types\/post"}],"author":[{"embeddable":true,"href":"https:\/\/voxsahel.com\/index.php?rest_route=\/wp\/v2\/users\/2"}],"replies":[{"embeddable":true,"href":"https:\/\/voxsahel.com\/index.php?rest_route=%2Fwp%2Fv2%2Fcomments&post=3318"}],"version-history":[{"count":1,"href":"https:\/\/voxsahel.com\/index.php?rest_route=\/wp\/v2\/posts\/3318\/revisions"}],"predecessor-version":[{"id":3319,"href":"https:\/\/voxsahel.com\/index.php?rest_route=\/wp\/v2\/posts\/3318\/revisions\/3319"}],"wp:featuredmedia":[{"embeddable":true,"href":"https:\/\/voxsahel.com\/index.php?rest_route=\/wp\/v2\/media\/3276"}],"wp:attachment":[{"href":"https:\/\/voxsahel.com\/index.php?rest_route=%2Fwp%2Fv2%2Fmedia&parent=3318"}],"wp:term":[{"taxonomy":"category","embeddable":true,"href":"https:\/\/voxsahel.com\/index.php?rest_route=%2Fwp%2Fv2%2Fcategories&post=3318"},{"taxonomy":"post_tag","embeddable":true,"href":"https:\/\/voxsahel.com\/index.php?rest_route=%2Fwp%2Fv2%2Ftags&post=3318"}],"curies":[{"name":"wp","href":"https:\/\/api.w.org\/{rel}","templated":true}]}}