{"id":3303,"date":"2026-01-16T10:39:12","date_gmt":"2026-01-16T10:39:12","guid":{"rendered":"https:\/\/voxsahel.com\/?p=3303"},"modified":"2026-01-16T10:41:46","modified_gmt":"2026-01-16T10:41:46","slug":"cacao-ivoirien-des-centaines-de-camions-bloques-aux-portes-des-ports-une-filiere-sous-tension-malgre-le-prix-record","status":"publish","type":"post","link":"https:\/\/voxsahel.com\/?p=3303","title":{"rendered":"Cacao ivoirien : des centaines de camions bloqu\u00e9s aux portes des ports, une fili\u00e8re sous tension malgr\u00e9 le prix record"},"content":{"rendered":"<p>Aux abords du port autonome d\u2019Abidjan, la sc\u00e8ne est devenue presque ordinaire. Des dizaines de camions stationnent depuis des jours, parfois des semaines, charg\u00e9s chacun de pr\u00e8s de 40 tonnes de f\u00e8ves de cacao. Pour certains chauffeurs routiers, les f\u00eates de fin d\u2019ann\u00e9e se sont d\u00e9roul\u00e9es sur le bitume, loin de leurs familles, dans l\u2019attente incertaine d\u2019une autorisation de d\u00e9chargement.<\/p>\n<p>\u00ab On ne bouge pas, on est l\u00e0. On est fatigu\u00e9s ici \u00bb, confie Moussa, transporteur originaire de Du\u00e9kou\u00e9, visiblement \u00e9puis\u00e9 par l\u2019attente. \u00c0 ses c\u00f4t\u00e9s, d\u2019autres chauffeurs d\u00e9noncent des conditions de stationnement difficiles, voire inexistantes.<br \/>\n\u00ab Quand on vient, il n\u2019y a pas de parking. C\u2019est difficile. Vous avez vu tout \u00e0 l\u2019heure qu\u2019on a eu du mal \u00e0 stationner les camions. Il n\u2019y a pas de place, les routes sont occup\u00e9es \u00bb, explique Ousmane, \u00e9galement transporteur venu de Du\u00e9kou\u00e9.<br \/>\nM\u00eame constat pour Yaya Doumbia, originaire de Daloa : \u00ab Il n\u2019y a pas de place, tout est satur\u00e9. Les camions sont oblig\u00e9s de rester sur les routes. \u00bb<\/p>\n<p>Derri\u00e8re cette congestion logistique se cache une crise plus profonde, qui touche l\u2019ensemble de la fili\u00e8re cacao, pilier de l\u2019\u00e9conomie ivoirienne. La C\u00f4te d\u2019Ivoire, premier producteur mondial, traverse une situation paradoxale : alors que le prix du cacao pay\u00e9 aux producteurs a \u00e9t\u00e9 fix\u00e9 \u00e0 un niveau historique de 2 800 francs CFA le kilo par le Conseil Caf\u00e9 Cacao (CCC) au d\u00e9but de la campagne, en octobre dernier, le march\u00e9 international, lui, s\u2019est depuis retourn\u00e9.<\/p>\n<p>Ce prix record, salu\u00e9 \u00e0 l\u2019\u00e9poque par les planteurs, devait garantir de meilleurs revenus aux producteurs. Mais selon plusieurs organisations paysannes, cette fixation serait aujourd\u2019hui au c\u0153ur du blocage. Le Synapsi, syndicat repr\u00e9sentant les cacao-culteurs, accuse le Conseil Caf\u00e9 Cacao de n\u2019avoir pas suffisamment anticip\u00e9 l\u2019\u00e9volution du march\u00e9 mondial.<\/p>\n<p>\u00ab Malheureusement, aujourd\u2019hui, le cacao a baiss\u00e9 sur le march\u00e9 mondial. Par leur faute, ils n\u2019avaient pas vendu assez de cacao par anticipation. Aujourd\u2019hui, il y a plus de 700 000 tonnes de cacao bloqu\u00e9es chez les paysans. Ils ne savent pas quoi faire \u00bb, affirme Moussa Kon\u00e9, pr\u00e9sident du Syndicat national agricole pour le progr\u00e8s de la C\u00f4te d\u2019Ivoire.<\/p>\n<p>Selon le Synapsi et l\u2019Anaprocy, un autre syndicat agricole, le Conseil Caf\u00e9 Cacao ne d\u00e9livrerait plus les documents n\u00e9cessaires \u00e0 l\u2019exportation, ce qui paralyse toute la cha\u00eene, des coop\u00e9ratives jusqu\u2019aux ports. Une situation aux lourdes cons\u00e9quences \u00e9conomiques : des milliers de producteurs attendent toujours d\u2019\u00eatre pay\u00e9s, tandis que les f\u00e8ves s\u2019accumulent dans les villages et les zones de collecte.<\/p>\n<p>Face \u00e0 la mont\u00e9e des critiques, le directeur g\u00e9n\u00e9ral du Conseil Caf\u00e9 Cacao, Yves Brahima Kon\u00e9, est mont\u00e9 au cr\u00e9neau ce mercredi 17 janvier 2026. Il a rejet\u00e9 la responsabilit\u00e9 sur certains exportateurs, accus\u00e9s de refuser d\u2019acheter le cacao au prix l\u00e9gal fix\u00e9 par l\u2019\u00c9tat.<\/p>\n<p>\u00ab Ce n\u2019est pas la bonne direction quand on demande de diminuer le prix aux producteurs. Ce sont eux les acteurs premiers de la fili\u00e8re. Sans planteurs, il n\u2019y a pas de cacao, il n\u2019y a pas de chocolat. Toute la production de la C\u00f4te d\u2019Ivoire qui sort de nos plantations sera achet\u00e9e. Je veux rassurer nos producteurs \u00bb, a-t-il d\u00e9clar\u00e9.<\/p>\n<p>Mais sur le terrain, ces assurances peinent \u00e0 convaincre. Dans la coop\u00e9rative d\u2019Agboville, au nord d\u2019Abidjan, les capacit\u00e9s de stockage sont satur\u00e9es. Les sacs de cacao s\u2019entassent dans les magasins, tandis que des remorques charg\u00e9es restent stationn\u00e9es \u00e0 l\u2019ext\u00e9rieur, expos\u00e9es aux intemp\u00e9ries.<\/p>\n<p>\u00ab Nos magasins sont remplis. On a m\u00eame charg\u00e9 des remorques qui sont stationn\u00e9es. Cela joue sur la qualit\u00e9, il y a les poids qui s\u2019affaissent. C\u2019est tr\u00e8s compliqu\u00e9. Les camions sont souvent gar\u00e9s dehors, et il y a de petits bateaux qui viennent emporter quelques sacs. Tout le monde est unanime : cette campagne est tr\u00e8s difficile, tr\u00e8s, tr\u00e8s difficile \u00bb, t\u00e9moigne Dramane Sawadogo, pr\u00e9sident de l\u2019Union des coop\u00e9ratives de l\u2019Agnaby Tiassa.<\/p>\n<p>Au-del\u00e0 des difficult\u00e9s logistiques, les acteurs redoutent une d\u00e9gradation de la qualit\u00e9 des f\u00e8ves, ce qui pourrait encore fragiliser la position du cacao ivoirien sur le march\u00e9 international. Le stockage prolong\u00e9, l\u2019humidit\u00e9 et les manipulations r\u00e9p\u00e9t\u00e9es constituent autant de risques pour un produit dont la valeur repose en grande partie sur sa qualit\u00e9.<\/p>\n<p>Pour tenter de calmer les inqui\u00e9tudes, le Conseil Caf\u00e9 Cacao assure que la situation est en voie de normalisation. Selon l\u2019institution, plus de 300 camions ont rejoint les ports d\u2019Abidjan et de San Pedro ce mercredi, et leur d\u00e9chargement serait effectif.<\/p>\n<p>Reste \u00e0 savoir si ces annonces suffiront \u00e0 d\u00e9sengorger durablement les ports et \u00e0 r\u00e9tablir la confiance entre les producteurs, les exportateurs et les autorit\u00e9s de r\u00e9gulation. En attendant, chauffeurs routiers et planteurs continuent de patienter, suspendus aux d\u00e9cisions d\u2019une fili\u00e8re strat\u00e9gique dont les tensions r\u00e9v\u00e8lent, une fois de plus, la fragilit\u00e9 de son \u00e9quilibre.<\/p>\n<p style=\"text-align: right;\"><strong>Par Vox Sahel\u00a0<\/strong><\/p>\n","protected":false},"excerpt":{"rendered":"<p>Aux abords du port autonome d\u2019Abidjan, la sc\u00e8ne est devenue presque ordinaire. Des dizaines de<\/p>\n","protected":false},"author":2,"featured_media":3306,"comment_status":"open","ping_status":"open","sticky":false,"template":"","format":"standard","meta":{"_et_pb_use_builder":"","_et_pb_old_content":"","_et_gb_content_width":"","footnotes":""},"categories":[15],"tags":[964,963,965,80],"class_list":["post-3303","post","type-post","status-publish","format-standard","has-post-thumbnail","hentry","category-international","tag-cacao","tag-cafe","tag-conseil-cafe-cacao","tag-cote-divoire"],"yoast_head":"<!-- This site is optimized with the Yoast SEO plugin v27.5 - https:\/\/yoast.com\/product\/yoast-seo-wordpress\/ -->\n<title>Cacao ivoirien : des centaines de camions bloqu\u00e9s aux portes des ports, une fili\u00e8re sous tension malgr\u00e9 le prix record - Vox Sahel<\/title>\n<meta name=\"robots\" content=\"index, follow, max-snippet:-1, max-image-preview:large, max-video-preview:-1\" \/>\n<link rel=\"canonical\" href=\"https:\/\/voxsahel.com\/?p=3303\" \/>\n<meta property=\"og:locale\" content=\"fr_FR\" \/>\n<meta property=\"og:type\" content=\"article\" \/>\n<meta property=\"og:title\" content=\"Cacao ivoirien : des centaines de camions bloqu\u00e9s aux portes des ports, une fili\u00e8re sous tension malgr\u00e9 le prix record - Vox Sahel\" \/>\n<meta property=\"og:description\" content=\"Aux abords du port autonome d\u2019Abidjan, la sc\u00e8ne est devenue presque ordinaire. Des dizaines de\" \/>\n<meta property=\"og:url\" content=\"https:\/\/voxsahel.com\/?p=3303\" \/>\n<meta property=\"og:site_name\" content=\"Vox Sahel\" \/>\n<meta property=\"article:publisher\" content=\"https:\/\/www.facebook.com\/journal.voxsahel\" \/>\n<meta property=\"article:published_time\" content=\"2026-01-16T10:39:12+00:00\" \/>\n<meta property=\"article:modified_time\" content=\"2026-01-16T10:41:46+00:00\" \/>\n<meta property=\"og:image\" content=\"https:\/\/voxsahel.com\/wp-content\/uploads\/2026\/01\/5080788_6_36b2_des-camions-charges-de-feves-de-cacao_884cdea1188331fc158835937c35f7b1.jpg\" \/>\n\t<meta property=\"og:image:width\" content=\"768\" \/>\n\t<meta property=\"og:image:height\" content=\"512\" \/>\n\t<meta property=\"og:image:type\" content=\"image\/jpeg\" \/>\n<meta name=\"author\" content=\"Vox Sahel\" \/>\n<meta name=\"twitter:card\" content=\"summary_large_image\" \/>\n<meta name=\"twitter:label1\" content=\"\u00c9crit par\" \/>\n\t<meta name=\"twitter:data1\" content=\"Vox Sahel\" \/>\n\t<meta name=\"twitter:label2\" content=\"Dur\u00e9e de lecture estim\u00e9e\" \/>\n\t<meta name=\"twitter:data2\" content=\"5 minutes\" \/>\n<script type=\"application\/ld+json\" class=\"yoast-schema-graph\">{\"@context\":\"https:\\\/\\\/schema.org\",\"@graph\":[{\"@type\":\"Article\",\"@id\":\"https:\\\/\\\/voxsahel.com\\\/?p=3303#article\",\"isPartOf\":{\"@id\":\"https:\\\/\\\/voxsahel.com\\\/?p=3303\"},\"author\":{\"name\":\"Vox Sahel\",\"@id\":\"https:\\\/\\\/voxsahel.com\\\/#\\\/schema\\\/person\\\/b4043608248f8fa227cd760e7ff1e19e\"},\"headline\":\"Cacao ivoirien : des centaines de camions bloqu\u00e9s aux portes des ports, une fili\u00e8re sous tension malgr\u00e9 le prix record\",\"datePublished\":\"2026-01-16T10:39:12+00:00\",\"dateModified\":\"2026-01-16T10:41:46+00:00\",\"mainEntityOfPage\":{\"@id\":\"https:\\\/\\\/voxsahel.com\\\/?p=3303\"},\"wordCount\":899,\"commentCount\":0,\"publisher\":{\"@id\":\"https:\\\/\\\/voxsahel.com\\\/#organization\"},\"image\":{\"@id\":\"https:\\\/\\\/voxsahel.com\\\/?p=3303#primaryimage\"},\"thumbnailUrl\":\"https:\\\/\\\/voxsahel.com\\\/wp-content\\\/uploads\\\/2026\\\/01\\\/5080788_6_36b2_des-camions-charges-de-feves-de-cacao_884cdea1188331fc158835937c35f7b1.jpg\",\"keywords\":[\"Cacao\",\"Caf\u00e9\",\"Conseil Caf\u00e9 Cacao\",\"C\u00f4te d\u2019Ivoire\"],\"articleSection\":[\"INTERNATIONAL\"],\"inLanguage\":\"fr-FR\",\"potentialAction\":[{\"@type\":\"CommentAction\",\"name\":\"Comment\",\"target\":[\"https:\\\/\\\/voxsahel.com\\\/?p=3303#respond\"]}]},{\"@type\":\"WebPage\",\"@id\":\"https:\\\/\\\/voxsahel.com\\\/?p=3303\",\"url\":\"https:\\\/\\\/voxsahel.com\\\/?p=3303\",\"name\":\"Cacao ivoirien : des centaines de camions bloqu\u00e9s aux portes des ports, une fili\u00e8re sous tension malgr\u00e9 le prix record - Vox Sahel\",\"isPartOf\":{\"@id\":\"https:\\\/\\\/voxsahel.com\\\/#website\"},\"primaryImageOfPage\":{\"@id\":\"https:\\\/\\\/voxsahel.com\\\/?p=3303#primaryimage\"},\"image\":{\"@id\":\"https:\\\/\\\/voxsahel.com\\\/?p=3303#primaryimage\"},\"thumbnailUrl\":\"https:\\\/\\\/voxsahel.com\\\/wp-content\\\/uploads\\\/2026\\\/01\\\/5080788_6_36b2_des-camions-charges-de-feves-de-cacao_884cdea1188331fc158835937c35f7b1.jpg\",\"datePublished\":\"2026-01-16T10:39:12+00:00\",\"dateModified\":\"2026-01-16T10:41:46+00:00\",\"breadcrumb\":{\"@id\":\"https:\\\/\\\/voxsahel.com\\\/?p=3303#breadcrumb\"},\"inLanguage\":\"fr-FR\",\"potentialAction\":[{\"@type\":\"ReadAction\",\"target\":[\"https:\\\/\\\/voxsahel.com\\\/?p=3303\"]}]},{\"@type\":\"ImageObject\",\"inLanguage\":\"fr-FR\",\"@id\":\"https:\\\/\\\/voxsahel.com\\\/?p=3303#primaryimage\",\"url\":\"https:\\\/\\\/voxsahel.com\\\/wp-content\\\/uploads\\\/2026\\\/01\\\/5080788_6_36b2_des-camions-charges-de-feves-de-cacao_884cdea1188331fc158835937c35f7b1.jpg\",\"contentUrl\":\"https:\\\/\\\/voxsahel.com\\\/wp-content\\\/uploads\\\/2026\\\/01\\\/5080788_6_36b2_des-camions-charges-de-feves-de-cacao_884cdea1188331fc158835937c35f7b1.jpg\",\"width\":768,\"height\":512},{\"@type\":\"BreadcrumbList\",\"@id\":\"https:\\\/\\\/voxsahel.com\\\/?p=3303#breadcrumb\",\"itemListElement\":[{\"@type\":\"ListItem\",\"position\":1,\"name\":\"Home\",\"item\":\"https:\\\/\\\/voxsahel.com\\\/\"},{\"@type\":\"ListItem\",\"position\":2,\"name\":\"Cacao ivoirien : des centaines de camions bloqu\u00e9s aux portes des ports, une fili\u00e8re sous tension malgr\u00e9 le prix record\"}]},{\"@type\":\"WebSite\",\"@id\":\"https:\\\/\\\/voxsahel.com\\\/#website\",\"url\":\"https:\\\/\\\/voxsahel.com\\\/\",\"name\":\"Vox Sahel\",\"description\":\"Informez-vous sur le Sahel en un clic\",\"publisher\":{\"@id\":\"https:\\\/\\\/voxsahel.com\\\/#organization\"},\"potentialAction\":[{\"@type\":\"SearchAction\",\"target\":{\"@type\":\"EntryPoint\",\"urlTemplate\":\"https:\\\/\\\/voxsahel.com\\\/?s={search_term_string}\"},\"query-input\":{\"@type\":\"PropertyValueSpecification\",\"valueRequired\":true,\"valueName\":\"search_term_string\"}}],\"inLanguage\":\"fr-FR\"},{\"@type\":\"Organization\",\"@id\":\"https:\\\/\\\/voxsahel.com\\\/#organization\",\"name\":\"Vox Sahel\",\"url\":\"https:\\\/\\\/voxsahel.com\\\/\",\"logo\":{\"@type\":\"ImageObject\",\"inLanguage\":\"fr-FR\",\"@id\":\"https:\\\/\\\/voxsahel.com\\\/#\\\/schema\\\/logo\\\/image\\\/\",\"url\":\"https:\\\/\\\/voxsahel.com\\\/wp-content\\\/uploads\\\/2024\\\/09\\\/Logo-Vox-Sahel.jpg\",\"contentUrl\":\"https:\\\/\\\/voxsahel.com\\\/wp-content\\\/uploads\\\/2024\\\/09\\\/Logo-Vox-Sahel.jpg\",\"width\":1181,\"height\":848,\"caption\":\"Vox Sahel\"},\"image\":{\"@id\":\"https:\\\/\\\/voxsahel.com\\\/#\\\/schema\\\/logo\\\/image\\\/\"},\"sameAs\":[\"https:\\\/\\\/www.facebook.com\\\/journal.voxsahel\"]},{\"@type\":\"Person\",\"@id\":\"https:\\\/\\\/voxsahel.com\\\/#\\\/schema\\\/person\\\/b4043608248f8fa227cd760e7ff1e19e\",\"name\":\"Vox Sahel\",\"image\":{\"@type\":\"ImageObject\",\"inLanguage\":\"fr-FR\",\"@id\":\"https:\\\/\\\/secure.gravatar.com\\\/avatar\\\/f70e7fa0cb9b29d4a7c5788d6eb2e9ab4d3135cbae1c9161810fdf77a8964699?s=96&d=mm&r=g\",\"url\":\"https:\\\/\\\/secure.gravatar.com\\\/avatar\\\/f70e7fa0cb9b29d4a7c5788d6eb2e9ab4d3135cbae1c9161810fdf77a8964699?s=96&d=mm&r=g\",\"contentUrl\":\"https:\\\/\\\/secure.gravatar.com\\\/avatar\\\/f70e7fa0cb9b29d4a7c5788d6eb2e9ab4d3135cbae1c9161810fdf77a8964699?s=96&d=mm&r=g\",\"caption\":\"Vox Sahel\"},\"sameAs\":[\"http:\\\/\\\/www.voxsahel.com\"],\"url\":\"https:\\\/\\\/voxsahel.com\\\/?author=2\"}]}<\/script>\n<!-- \/ Yoast SEO plugin. -->","yoast_head_json":{"title":"Cacao ivoirien : des centaines de camions bloqu\u00e9s aux portes des ports, une fili\u00e8re sous tension malgr\u00e9 le prix record - Vox Sahel","robots":{"index":"index","follow":"follow","max-snippet":"max-snippet:-1","max-image-preview":"max-image-preview:large","max-video-preview":"max-video-preview:-1"},"canonical":"https:\/\/voxsahel.com\/?p=3303","og_locale":"fr_FR","og_type":"article","og_title":"Cacao ivoirien : des centaines de camions bloqu\u00e9s aux portes des ports, une fili\u00e8re sous tension malgr\u00e9 le prix record - Vox Sahel","og_description":"Aux abords du port autonome d\u2019Abidjan, la sc\u00e8ne est devenue presque ordinaire. Des dizaines de","og_url":"https:\/\/voxsahel.com\/?p=3303","og_site_name":"Vox Sahel","article_publisher":"https:\/\/www.facebook.com\/journal.voxsahel","article_published_time":"2026-01-16T10:39:12+00:00","article_modified_time":"2026-01-16T10:41:46+00:00","og_image":[{"width":768,"height":512,"url":"https:\/\/voxsahel.com\/wp-content\/uploads\/2026\/01\/5080788_6_36b2_des-camions-charges-de-feves-de-cacao_884cdea1188331fc158835937c35f7b1.jpg","type":"image\/jpeg"}],"author":"Vox Sahel","twitter_card":"summary_large_image","twitter_misc":{"\u00c9crit par":"Vox Sahel","Dur\u00e9e de lecture estim\u00e9e":"5 minutes"},"schema":{"@context":"https:\/\/schema.org","@graph":[{"@type":"Article","@id":"https:\/\/voxsahel.com\/?p=3303#article","isPartOf":{"@id":"https:\/\/voxsahel.com\/?p=3303"},"author":{"name":"Vox Sahel","@id":"https:\/\/voxsahel.com\/#\/schema\/person\/b4043608248f8fa227cd760e7ff1e19e"},"headline":"Cacao ivoirien : des centaines de camions bloqu\u00e9s aux portes des ports, une fili\u00e8re sous tension malgr\u00e9 le prix record","datePublished":"2026-01-16T10:39:12+00:00","dateModified":"2026-01-16T10:41:46+00:00","mainEntityOfPage":{"@id":"https:\/\/voxsahel.com\/?p=3303"},"wordCount":899,"commentCount":0,"publisher":{"@id":"https:\/\/voxsahel.com\/#organization"},"image":{"@id":"https:\/\/voxsahel.com\/?p=3303#primaryimage"},"thumbnailUrl":"https:\/\/voxsahel.com\/wp-content\/uploads\/2026\/01\/5080788_6_36b2_des-camions-charges-de-feves-de-cacao_884cdea1188331fc158835937c35f7b1.jpg","keywords":["Cacao","Caf\u00e9","Conseil Caf\u00e9 Cacao","C\u00f4te d\u2019Ivoire"],"articleSection":["INTERNATIONAL"],"inLanguage":"fr-FR","potentialAction":[{"@type":"CommentAction","name":"Comment","target":["https:\/\/voxsahel.com\/?p=3303#respond"]}]},{"@type":"WebPage","@id":"https:\/\/voxsahel.com\/?p=3303","url":"https:\/\/voxsahel.com\/?p=3303","name":"Cacao ivoirien : des centaines de camions bloqu\u00e9s aux portes des ports, une fili\u00e8re sous tension malgr\u00e9 le prix record - Vox Sahel","isPartOf":{"@id":"https:\/\/voxsahel.com\/#website"},"primaryImageOfPage":{"@id":"https:\/\/voxsahel.com\/?p=3303#primaryimage"},"image":{"@id":"https:\/\/voxsahel.com\/?p=3303#primaryimage"},"thumbnailUrl":"https:\/\/voxsahel.com\/wp-content\/uploads\/2026\/01\/5080788_6_36b2_des-camions-charges-de-feves-de-cacao_884cdea1188331fc158835937c35f7b1.jpg","datePublished":"2026-01-16T10:39:12+00:00","dateModified":"2026-01-16T10:41:46+00:00","breadcrumb":{"@id":"https:\/\/voxsahel.com\/?p=3303#breadcrumb"},"inLanguage":"fr-FR","potentialAction":[{"@type":"ReadAction","target":["https:\/\/voxsahel.com\/?p=3303"]}]},{"@type":"ImageObject","inLanguage":"fr-FR","@id":"https:\/\/voxsahel.com\/?p=3303#primaryimage","url":"https:\/\/voxsahel.com\/wp-content\/uploads\/2026\/01\/5080788_6_36b2_des-camions-charges-de-feves-de-cacao_884cdea1188331fc158835937c35f7b1.jpg","contentUrl":"https:\/\/voxsahel.com\/wp-content\/uploads\/2026\/01\/5080788_6_36b2_des-camions-charges-de-feves-de-cacao_884cdea1188331fc158835937c35f7b1.jpg","width":768,"height":512},{"@type":"BreadcrumbList","@id":"https:\/\/voxsahel.com\/?p=3303#breadcrumb","itemListElement":[{"@type":"ListItem","position":1,"name":"Home","item":"https:\/\/voxsahel.com\/"},{"@type":"ListItem","position":2,"name":"Cacao ivoirien : des centaines de camions bloqu\u00e9s aux portes des ports, une fili\u00e8re sous tension malgr\u00e9 le prix record"}]},{"@type":"WebSite","@id":"https:\/\/voxsahel.com\/#website","url":"https:\/\/voxsahel.com\/","name":"Vox Sahel","description":"Informez-vous sur le Sahel en un clic","publisher":{"@id":"https:\/\/voxsahel.com\/#organization"},"potentialAction":[{"@type":"SearchAction","target":{"@type":"EntryPoint","urlTemplate":"https:\/\/voxsahel.com\/?s={search_term_string}"},"query-input":{"@type":"PropertyValueSpecification","valueRequired":true,"valueName":"search_term_string"}}],"inLanguage":"fr-FR"},{"@type":"Organization","@id":"https:\/\/voxsahel.com\/#organization","name":"Vox Sahel","url":"https:\/\/voxsahel.com\/","logo":{"@type":"ImageObject","inLanguage":"fr-FR","@id":"https:\/\/voxsahel.com\/#\/schema\/logo\/image\/","url":"https:\/\/voxsahel.com\/wp-content\/uploads\/2024\/09\/Logo-Vox-Sahel.jpg","contentUrl":"https:\/\/voxsahel.com\/wp-content\/uploads\/2024\/09\/Logo-Vox-Sahel.jpg","width":1181,"height":848,"caption":"Vox Sahel"},"image":{"@id":"https:\/\/voxsahel.com\/#\/schema\/logo\/image\/"},"sameAs":["https:\/\/www.facebook.com\/journal.voxsahel"]},{"@type":"Person","@id":"https:\/\/voxsahel.com\/#\/schema\/person\/b4043608248f8fa227cd760e7ff1e19e","name":"Vox Sahel","image":{"@type":"ImageObject","inLanguage":"fr-FR","@id":"https:\/\/secure.gravatar.com\/avatar\/f70e7fa0cb9b29d4a7c5788d6eb2e9ab4d3135cbae1c9161810fdf77a8964699?s=96&d=mm&r=g","url":"https:\/\/secure.gravatar.com\/avatar\/f70e7fa0cb9b29d4a7c5788d6eb2e9ab4d3135cbae1c9161810fdf77a8964699?s=96&d=mm&r=g","contentUrl":"https:\/\/secure.gravatar.com\/avatar\/f70e7fa0cb9b29d4a7c5788d6eb2e9ab4d3135cbae1c9161810fdf77a8964699?s=96&d=mm&r=g","caption":"Vox Sahel"},"sameAs":["http:\/\/www.voxsahel.com"],"url":"https:\/\/voxsahel.com\/?author=2"}]}},"_links":{"self":[{"href":"https:\/\/voxsahel.com\/index.php?rest_route=\/wp\/v2\/posts\/3303","targetHints":{"allow":["GET"]}}],"collection":[{"href":"https:\/\/voxsahel.com\/index.php?rest_route=\/wp\/v2\/posts"}],"about":[{"href":"https:\/\/voxsahel.com\/index.php?rest_route=\/wp\/v2\/types\/post"}],"author":[{"embeddable":true,"href":"https:\/\/voxsahel.com\/index.php?rest_route=\/wp\/v2\/users\/2"}],"replies":[{"embeddable":true,"href":"https:\/\/voxsahel.com\/index.php?rest_route=%2Fwp%2Fv2%2Fcomments&post=3303"}],"version-history":[{"count":1,"href":"https:\/\/voxsahel.com\/index.php?rest_route=\/wp\/v2\/posts\/3303\/revisions"}],"predecessor-version":[{"id":3305,"href":"https:\/\/voxsahel.com\/index.php?rest_route=\/wp\/v2\/posts\/3303\/revisions\/3305"}],"wp:featuredmedia":[{"embeddable":true,"href":"https:\/\/voxsahel.com\/index.php?rest_route=\/wp\/v2\/media\/3306"}],"wp:attachment":[{"href":"https:\/\/voxsahel.com\/index.php?rest_route=%2Fwp%2Fv2%2Fmedia&parent=3303"}],"wp:term":[{"taxonomy":"category","embeddable":true,"href":"https:\/\/voxsahel.com\/index.php?rest_route=%2Fwp%2Fv2%2Fcategories&post=3303"},{"taxonomy":"post_tag","embeddable":true,"href":"https:\/\/voxsahel.com\/index.php?rest_route=%2Fwp%2Fv2%2Ftags&post=3303"}],"curies":[{"name":"wp","href":"https:\/\/api.w.org\/{rel}","templated":true}]}}