{"id":3294,"date":"2026-01-16T09:36:02","date_gmt":"2026-01-16T09:36:02","guid":{"rendered":"https:\/\/voxsahel.com\/?p=3294"},"modified":"2026-01-16T10:05:56","modified_gmt":"2026-01-16T10:05:56","slug":"promotion-du-leadership-au-burkina-faso-le-merite-et-lengagement-de-10-personnalites-reconnus-en-2025","status":"publish","type":"post","link":"https:\/\/voxsahel.com\/?p=3294","title":{"rendered":"Promotion du leadership au Burkina Faso\u00a0: Le m\u00e9rite et l\u2019engagement de 10 personnalit\u00e9s reconnus en 2025"},"content":{"rendered":"<p>Dans un Burkina Faso \u00e9prouv\u00e9 par des d\u00e9fis s\u00e9curitaires, \u00e9conomiques et sociaux persistants, des femmes, des hommes et des structures continuent pourtant d\u2019\u00e9clairer l\u2019action publique et citoyenne par leur engagement. C\u2019est cette r\u00e9silience et cette capacit\u00e9 \u00e0 agir que l\u2019Intelligence burkinab\u00e8 pour le d\u00e9veloppement (IBD) a choisi de c\u00e9l\u00e9brer, le jeudi 15 janvier 2026 \u00e0 Ouagadougou, \u00e0 travers une c\u00e9r\u00e9monie de distinction d\u00e9di\u00e9e \u00e0 dix personnalit\u00e9s et structures influentes de l\u2019ann\u00e9e 2025.<\/p>\n<figure id=\"attachment_3296\" aria-describedby=\"caption-attachment-3296\" style=\"width: 640px\" class=\"wp-caption aligncenter\"><img loading=\"lazy\" decoding=\"async\" class=\"wp-image-3296 size-large\" src=\"https:\/\/voxsahel.com\/wp-content\/uploads\/2026\/01\/WhatsApp-Image-2026-01-15-at-21.29.03-1024x683.jpeg\" alt=\"L'assistance lors de l'activit\u00e9\" width=\"640\" height=\"427\" srcset=\"https:\/\/voxsahel.com\/wp-content\/uploads\/2026\/01\/WhatsApp-Image-2026-01-15-at-21.29.03-1024x683.jpeg 1024w, https:\/\/voxsahel.com\/wp-content\/uploads\/2026\/01\/WhatsApp-Image-2026-01-15-at-21.29.03-300x200.jpeg 300w, https:\/\/voxsahel.com\/wp-content\/uploads\/2026\/01\/WhatsApp-Image-2026-01-15-at-21.29.03-768x512.jpeg 768w, https:\/\/voxsahel.com\/wp-content\/uploads\/2026\/01\/WhatsApp-Image-2026-01-15-at-21.29.03-610x407.jpeg 610w, https:\/\/voxsahel.com\/wp-content\/uploads\/2026\/01\/WhatsApp-Image-2026-01-15-at-21.29.03.jpeg 1080w\" sizes=\"(max-width: 640px) 100vw, 640px\" \/><figcaption id=\"caption-attachment-3296\" class=\"wp-caption-text\"><strong>L&rsquo;assistance lors de l&rsquo;activit\u00e9<\/strong><\/figcaption><\/figure>\n<p>Accueillie dans la salle des f\u00eates de l\u2019H\u00f4tel de Ville de Ouagadougou, la c\u00e9r\u00e9monie s\u2019est voulue un cadre solennel de reconnaissance du m\u00e9rite, r\u00e9unissant autorit\u00e9s institutionnelles, leaders communautaires, responsables de structures publiques et priv\u00e9es ainsi que des invit\u00e9s de marque. A travers cette initiative, l\u2019IBD entend promouvoir un leadership ancr\u00e9 dans le patriotisme, l\u2019exemplarit\u00e9 et l\u2019impact concret au service du d\u00e9veloppement national, tout en offrant \u00e0 la jeunesse des mod\u00e8les inspirants dans un contexte souvent marqu\u00e9 par l\u2019incertitude.<\/p>\n<p>Les distinctions ont couvert plusieurs secteurs strat\u00e9giques de la vie nationale. Dans le domaine culturel, Abdoulaye Sourgou a \u00e9t\u00e9 honor\u00e9 pour sa contribution \u00e0 la promotion culturelle. Pour les \u0153uvres sociales, l\u2019Association des orpailleurs pour le d\u00e9veloppement du Ganzourgou a \u00e9t\u00e9 distingu\u00e9e pour ses actions communautaires en faveur des populations. Le secteur de la sant\u00e9 a vu la reconnaissance de Lamine Ou\u00e9draogo, alias Mc Lamine Coach, et d\u2019Adja Salmata Sor\u00e9, salu\u00e9s pour leur engagement en faveur du bien-\u00eatre collectif.<\/p>\n<figure id=\"attachment_3297\" aria-describedby=\"caption-attachment-3297\" style=\"width: 640px\" class=\"wp-caption aligncenter\"><img loading=\"lazy\" decoding=\"async\" class=\"size-large wp-image-3297\" src=\"https:\/\/voxsahel.com\/wp-content\/uploads\/2026\/01\/WhatsApp-Image-2026-01-15-at-21.26.21-1024x683.jpeg\" alt=\"Plusieurs personnes ont \u00e9t\u00e9 r\u00e9compens\u00e9es\" width=\"640\" height=\"427\" srcset=\"https:\/\/voxsahel.com\/wp-content\/uploads\/2026\/01\/WhatsApp-Image-2026-01-15-at-21.26.21-1024x683.jpeg 1024w, https:\/\/voxsahel.com\/wp-content\/uploads\/2026\/01\/WhatsApp-Image-2026-01-15-at-21.26.21-300x200.jpeg 300w, https:\/\/voxsahel.com\/wp-content\/uploads\/2026\/01\/WhatsApp-Image-2026-01-15-at-21.26.21-768x512.jpeg 768w, https:\/\/voxsahel.com\/wp-content\/uploads\/2026\/01\/WhatsApp-Image-2026-01-15-at-21.26.21-610x407.jpeg 610w, https:\/\/voxsahel.com\/wp-content\/uploads\/2026\/01\/WhatsApp-Image-2026-01-15-at-21.26.21.jpeg 1080w\" sizes=\"(max-width: 640px) 100vw, 640px\" \/><figcaption id=\"caption-attachment-3297\" class=\"wp-caption-text\"><strong>Plusieurs personnes ont \u00e9t\u00e9 r\u00e9compens\u00e9es<\/strong><\/figcaption><\/figure>\n<p>Dans la cat\u00e9gorie m\u00e9dias et communication, le m\u00e9dia en ligne Faso7 a \u00e9t\u00e9 consacr\u00e9 m\u00e9dia influent de l\u2019ann\u00e9e, tandis que sur le plan \u00e9conomique, le PDG du groupe Champy International a \u00e9t\u00e9 r\u00e9compens\u00e9 pour son leadership entrepreneurial. En gouvernance politique, Gilbert Ou\u00e9draogo, ministre en charge de la communication, a re\u00e7u une distinction pour son engagement institutionnel.<\/p>\n<p>La s\u00e9curit\u00e9 urbaine n\u2019a pas \u00e9t\u00e9 en reste. Le prix de la cat\u00e9gorie a \u00e9t\u00e9 attribu\u00e9 \u00e0 Maurice Konat\u00e9, Pr\u00e9sident de la D\u00e9l\u00e9gation Sp\u00e9ciale de la commune de Ouagadougou. Repr\u00e9sent\u00e9 par la 4\u1d49 Vice-Pr\u00e9sidente, Sidonie Ou\u00e9draogo\/Dao, il a re\u00e7u le titre de \u00ab Personnalit\u00e9 influente de l\u2019ann\u00e9e 2025 \u00bb pour son leadership et les efforts consentis en faveur du renforcement de la s\u00e9curit\u00e9 urbaine, notamment \u00e0 travers la dynamisation de la police municipale et la mise en \u0153uvre d\u2019actions structurantes au b\u00e9n\u00e9fice des populations.<\/p>\n<p>Le sport et l\u2019industrie ont \u00e9galement \u00e9t\u00e9 mis \u00e0 l\u2019honneur, avec la distinction du club Real du Faso et celle de la soci\u00e9t\u00e9 Faso Tomate SOFATO. Dans les secteurs des mines et de l\u2019environnement, Soleil Ressources International et la SONASP ont \u00e9t\u00e9 honor\u00e9es, tandis qu\u2019en gouvernance administrative, la SONABHY a \u00e9t\u00e9 distingu\u00e9e pour la qualit\u00e9 de sa gestion. En marge des distinctions sectorielles, deux prix sp\u00e9ciaux ont \u00e9t\u00e9 d\u00e9cern\u00e9s. Patrice Zinsidou Sambar\u00e9 et le PDG de Adja International Immo SARL ont \u00e9t\u00e9 consacr\u00e9s personnalit\u00e9s influentes d\u2019honneur de l\u2019ann\u00e9e, en reconnaissance de leur parcours et de leur contribution au d\u00e9veloppement national.<\/p>\n<figure id=\"attachment_3298\" aria-describedby=\"caption-attachment-3298\" style=\"width: 640px\" class=\"wp-caption aligncenter\"><img loading=\"lazy\" decoding=\"async\" class=\"size-large wp-image-3298\" src=\"https:\/\/voxsahel.com\/wp-content\/uploads\/2026\/01\/WhatsApp-Image-2026-01-15-at-21.25.53-1024x683.jpeg\" alt=\"Hermann Ou\u00e9draogo, pr\u00e9sident de IBD\" width=\"640\" height=\"427\" srcset=\"https:\/\/voxsahel.com\/wp-content\/uploads\/2026\/01\/WhatsApp-Image-2026-01-15-at-21.25.53-1024x683.jpeg 1024w, https:\/\/voxsahel.com\/wp-content\/uploads\/2026\/01\/WhatsApp-Image-2026-01-15-at-21.25.53-300x200.jpeg 300w, https:\/\/voxsahel.com\/wp-content\/uploads\/2026\/01\/WhatsApp-Image-2026-01-15-at-21.25.53-768x512.jpeg 768w, https:\/\/voxsahel.com\/wp-content\/uploads\/2026\/01\/WhatsApp-Image-2026-01-15-at-21.25.53-610x407.jpeg 610w, https:\/\/voxsahel.com\/wp-content\/uploads\/2026\/01\/WhatsApp-Image-2026-01-15-at-21.25.53.jpeg 1080w\" sizes=\"(max-width: 640px) 100vw, 640px\" \/><figcaption id=\"caption-attachment-3298\" class=\"wp-caption-text\"><strong>Hermann Ou\u00e9draogo, pr\u00e9sident de IBD<\/strong><\/figcaption><\/figure>\n<p>Pour Hermann Ou\u00e9draogo, pr\u00e9sident de l\u2019IBD, cette initiative r\u00e9pond \u00e0 une vision claire de transformation du leadership au Burkina Faso. \u00ab Le Burkina Faso regorge de nombreux mod\u00e8les qu\u2019il faut mettre en exergue afin d\u2019inciter les jeunes \u00e0 les prendre pour r\u00e9f\u00e9rence et \u00e0 ne pas se d\u00e9courager \u00bb, a-t-il d\u00e9clar\u00e9, pr\u00e9cisant que les crit\u00e8res de s\u00e9lection reposaient sur la reconnaissance professionnelle, le respect des pairs, le patriotisme, l\u2019exp\u00e9rience, les actions sociales significatives et la bonne moralit\u00e9.<\/p>\n<p>Parrain de la c\u00e9r\u00e9monie, le Razaang Naaba de Boudry a salu\u00e9 une d\u00e9marche qui met en lumi\u00e8re la richesse du potentiel humain national. \u00ab En reconnaissant le m\u00e9rite de ces acteurs, nous mettons en exergue des exemples qui inspirent et qui forcent le respect \u00bb, a-t-il soulign\u00e9, invitant les laur\u00e9ats \u00e0 demeurer des r\u00e9f\u00e9rences de probit\u00e9 et de d\u00e9vouement.<\/p>\n<p>&nbsp;<\/p>\n<p>Au terme de la c\u00e9r\u00e9monie, le message port\u00e9 par l\u2019IBD s\u2019est voulu porteur d\u2019espoir. A travers ces distinctions, l\u2019organisation affirme sa volont\u00e9 de contribuer \u00e0 l\u2019\u00e9mergence d\u2019un leadership national capable de redonner confiance \u00e0 une jeunesse en qu\u00eate de rep\u00e8res. En valorisant des parcours fond\u00e9s sur le travail, le patriotisme et l\u2019engagement social, l\u2019IBD rappelle que le Burkina Faso dispose de ressources humaines de grande valeur et que le d\u00e9veloppement du pays passe aussi par la reconnaissance de celles et ceux qui \u0153uvrent, souvent dans la discr\u00e9tion, pour le bien-\u00eatre collectif et l\u2019avenir de la nation.<\/p>\n<p>Par Amir BAKO<\/p>\n<p>&nbsp;<\/p>\n<p>&nbsp;<\/p>\n<p>&nbsp;<\/p>\n<p>&nbsp;<\/p>\n<p>Photo de famille \u00e0 l&rsquo;issue de la c\u00e9r\u00e9monie<\/p>\n<p>&nbsp;<\/p>\n","protected":false},"excerpt":{"rendered":"<p>Dans un Burkina Faso \u00e9prouv\u00e9 par des d\u00e9fis s\u00e9curitaires, \u00e9conomiques et sociaux persistants, des femmes,<\/p>\n","protected":false},"author":2,"featured_media":3295,"comment_status":"open","ping_status":"open","sticky":false,"template":"","format":"standard","meta":{"_et_pb_use_builder":"","_et_pb_old_content":"","_et_gb_content_width":"","footnotes":""},"categories":[5],"tags":[],"class_list":["post-3294","post","type-post","status-publish","format-standard","has-post-thumbnail","hentry","category-societe"],"yoast_head":"<!-- This site is optimized with the Yoast SEO plugin v27.5 - https:\/\/yoast.com\/product\/yoast-seo-wordpress\/ -->\n<title>Promotion du leadership au Burkina Faso\u00a0: Le m\u00e9rite et l\u2019engagement de 10 personnalit\u00e9s reconnus en 2025 - Vox Sahel<\/title>\n<meta name=\"robots\" content=\"index, follow, max-snippet:-1, max-image-preview:large, max-video-preview:-1\" \/>\n<link rel=\"canonical\" href=\"https:\/\/voxsahel.com\/?p=3294\" \/>\n<meta property=\"og:locale\" content=\"fr_FR\" \/>\n<meta property=\"og:type\" content=\"article\" \/>\n<meta property=\"og:title\" content=\"Promotion du leadership au Burkina Faso\u00a0: Le m\u00e9rite et l\u2019engagement de 10 personnalit\u00e9s reconnus en 2025 - Vox Sahel\" \/>\n<meta property=\"og:description\" content=\"Dans un Burkina Faso \u00e9prouv\u00e9 par des d\u00e9fis s\u00e9curitaires, \u00e9conomiques et sociaux persistants, des femmes,\" \/>\n<meta property=\"og:url\" content=\"https:\/\/voxsahel.com\/?p=3294\" \/>\n<meta property=\"og:site_name\" content=\"Vox Sahel\" \/>\n<meta property=\"article:publisher\" content=\"https:\/\/www.facebook.com\/journal.voxsahel\" \/>\n<meta property=\"article:published_time\" content=\"2026-01-16T09:36:02+00:00\" \/>\n<meta property=\"article:modified_time\" content=\"2026-01-16T10:05:56+00:00\" \/>\n<meta property=\"og:image\" content=\"https:\/\/voxsahel.com\/wp-content\/uploads\/2026\/01\/WhatsApp-Image-2026-01-15-at-21.25.54-1.jpeg\" \/>\n\t<meta property=\"og:image:width\" content=\"1080\" \/>\n\t<meta property=\"og:image:height\" content=\"720\" \/>\n\t<meta property=\"og:image:type\" content=\"image\/jpeg\" \/>\n<meta name=\"author\" content=\"Vox Sahel\" \/>\n<meta name=\"twitter:card\" content=\"summary_large_image\" \/>\n<meta name=\"twitter:label1\" content=\"\u00c9crit par\" \/>\n\t<meta name=\"twitter:data1\" content=\"Vox Sahel\" \/>\n\t<meta name=\"twitter:label2\" content=\"Dur\u00e9e de lecture estim\u00e9e\" \/>\n\t<meta name=\"twitter:data2\" content=\"5 minutes\" \/>\n<script type=\"application\/ld+json\" class=\"yoast-schema-graph\">{\"@context\":\"https:\\\/\\\/schema.org\",\"@graph\":[{\"@type\":\"Article\",\"@id\":\"https:\\\/\\\/voxsahel.com\\\/?p=3294#article\",\"isPartOf\":{\"@id\":\"https:\\\/\\\/voxsahel.com\\\/?p=3294\"},\"author\":{\"name\":\"Vox Sahel\",\"@id\":\"https:\\\/\\\/voxsahel.com\\\/#\\\/schema\\\/person\\\/b4043608248f8fa227cd760e7ff1e19e\"},\"headline\":\"Promotion du leadership au Burkina Faso\u00a0: Le m\u00e9rite et l\u2019engagement de 10 personnalit\u00e9s reconnus en 2025\",\"datePublished\":\"2026-01-16T09:36:02+00:00\",\"dateModified\":\"2026-01-16T10:05:56+00:00\",\"mainEntityOfPage\":{\"@id\":\"https:\\\/\\\/voxsahel.com\\\/?p=3294\"},\"wordCount\":879,\"commentCount\":0,\"publisher\":{\"@id\":\"https:\\\/\\\/voxsahel.com\\\/#organization\"},\"image\":{\"@id\":\"https:\\\/\\\/voxsahel.com\\\/?p=3294#primaryimage\"},\"thumbnailUrl\":\"https:\\\/\\\/voxsahel.com\\\/wp-content\\\/uploads\\\/2026\\\/01\\\/WhatsApp-Image-2026-01-15-at-21.25.54-1.jpeg\",\"articleSection\":[\"SOCIETE\"],\"inLanguage\":\"fr-FR\",\"potentialAction\":[{\"@type\":\"CommentAction\",\"name\":\"Comment\",\"target\":[\"https:\\\/\\\/voxsahel.com\\\/?p=3294#respond\"]}]},{\"@type\":\"WebPage\",\"@id\":\"https:\\\/\\\/voxsahel.com\\\/?p=3294\",\"url\":\"https:\\\/\\\/voxsahel.com\\\/?p=3294\",\"name\":\"Promotion du leadership au Burkina Faso\u00a0: Le m\u00e9rite et l\u2019engagement de 10 personnalit\u00e9s reconnus en 2025 - Vox Sahel\",\"isPartOf\":{\"@id\":\"https:\\\/\\\/voxsahel.com\\\/#website\"},\"primaryImageOfPage\":{\"@id\":\"https:\\\/\\\/voxsahel.com\\\/?p=3294#primaryimage\"},\"image\":{\"@id\":\"https:\\\/\\\/voxsahel.com\\\/?p=3294#primaryimage\"},\"thumbnailUrl\":\"https:\\\/\\\/voxsahel.com\\\/wp-content\\\/uploads\\\/2026\\\/01\\\/WhatsApp-Image-2026-01-15-at-21.25.54-1.jpeg\",\"datePublished\":\"2026-01-16T09:36:02+00:00\",\"dateModified\":\"2026-01-16T10:05:56+00:00\",\"breadcrumb\":{\"@id\":\"https:\\\/\\\/voxsahel.com\\\/?p=3294#breadcrumb\"},\"inLanguage\":\"fr-FR\",\"potentialAction\":[{\"@type\":\"ReadAction\",\"target\":[\"https:\\\/\\\/voxsahel.com\\\/?p=3294\"]}]},{\"@type\":\"ImageObject\",\"inLanguage\":\"fr-FR\",\"@id\":\"https:\\\/\\\/voxsahel.com\\\/?p=3294#primaryimage\",\"url\":\"https:\\\/\\\/voxsahel.com\\\/wp-content\\\/uploads\\\/2026\\\/01\\\/WhatsApp-Image-2026-01-15-at-21.25.54-1.jpeg\",\"contentUrl\":\"https:\\\/\\\/voxsahel.com\\\/wp-content\\\/uploads\\\/2026\\\/01\\\/WhatsApp-Image-2026-01-15-at-21.25.54-1.jpeg\",\"width\":1080,\"height\":720},{\"@type\":\"BreadcrumbList\",\"@id\":\"https:\\\/\\\/voxsahel.com\\\/?p=3294#breadcrumb\",\"itemListElement\":[{\"@type\":\"ListItem\",\"position\":1,\"name\":\"Home\",\"item\":\"https:\\\/\\\/voxsahel.com\\\/\"},{\"@type\":\"ListItem\",\"position\":2,\"name\":\"Promotion du leadership au Burkina Faso\u00a0: Le m\u00e9rite et l\u2019engagement de 10 personnalit\u00e9s reconnus en 2025\"}]},{\"@type\":\"WebSite\",\"@id\":\"https:\\\/\\\/voxsahel.com\\\/#website\",\"url\":\"https:\\\/\\\/voxsahel.com\\\/\",\"name\":\"Vox Sahel\",\"description\":\"Informez-vous sur le Sahel en un clic\",\"publisher\":{\"@id\":\"https:\\\/\\\/voxsahel.com\\\/#organization\"},\"potentialAction\":[{\"@type\":\"SearchAction\",\"target\":{\"@type\":\"EntryPoint\",\"urlTemplate\":\"https:\\\/\\\/voxsahel.com\\\/?s={search_term_string}\"},\"query-input\":{\"@type\":\"PropertyValueSpecification\",\"valueRequired\":true,\"valueName\":\"search_term_string\"}}],\"inLanguage\":\"fr-FR\"},{\"@type\":\"Organization\",\"@id\":\"https:\\\/\\\/voxsahel.com\\\/#organization\",\"name\":\"Vox Sahel\",\"url\":\"https:\\\/\\\/voxsahel.com\\\/\",\"logo\":{\"@type\":\"ImageObject\",\"inLanguage\":\"fr-FR\",\"@id\":\"https:\\\/\\\/voxsahel.com\\\/#\\\/schema\\\/logo\\\/image\\\/\",\"url\":\"https:\\\/\\\/voxsahel.com\\\/wp-content\\\/uploads\\\/2024\\\/09\\\/Logo-Vox-Sahel.jpg\",\"contentUrl\":\"https:\\\/\\\/voxsahel.com\\\/wp-content\\\/uploads\\\/2024\\\/09\\\/Logo-Vox-Sahel.jpg\",\"width\":1181,\"height\":848,\"caption\":\"Vox Sahel\"},\"image\":{\"@id\":\"https:\\\/\\\/voxsahel.com\\\/#\\\/schema\\\/logo\\\/image\\\/\"},\"sameAs\":[\"https:\\\/\\\/www.facebook.com\\\/journal.voxsahel\"]},{\"@type\":\"Person\",\"@id\":\"https:\\\/\\\/voxsahel.com\\\/#\\\/schema\\\/person\\\/b4043608248f8fa227cd760e7ff1e19e\",\"name\":\"Vox Sahel\",\"image\":{\"@type\":\"ImageObject\",\"inLanguage\":\"fr-FR\",\"@id\":\"https:\\\/\\\/secure.gravatar.com\\\/avatar\\\/f70e7fa0cb9b29d4a7c5788d6eb2e9ab4d3135cbae1c9161810fdf77a8964699?s=96&d=mm&r=g\",\"url\":\"https:\\\/\\\/secure.gravatar.com\\\/avatar\\\/f70e7fa0cb9b29d4a7c5788d6eb2e9ab4d3135cbae1c9161810fdf77a8964699?s=96&d=mm&r=g\",\"contentUrl\":\"https:\\\/\\\/secure.gravatar.com\\\/avatar\\\/f70e7fa0cb9b29d4a7c5788d6eb2e9ab4d3135cbae1c9161810fdf77a8964699?s=96&d=mm&r=g\",\"caption\":\"Vox Sahel\"},\"sameAs\":[\"http:\\\/\\\/www.voxsahel.com\"],\"url\":\"https:\\\/\\\/voxsahel.com\\\/?author=2\"}]}<\/script>\n<!-- \/ Yoast SEO plugin. -->","yoast_head_json":{"title":"Promotion du leadership au Burkina Faso\u00a0: Le m\u00e9rite et l\u2019engagement de 10 personnalit\u00e9s reconnus en 2025 - Vox Sahel","robots":{"index":"index","follow":"follow","max-snippet":"max-snippet:-1","max-image-preview":"max-image-preview:large","max-video-preview":"max-video-preview:-1"},"canonical":"https:\/\/voxsahel.com\/?p=3294","og_locale":"fr_FR","og_type":"article","og_title":"Promotion du leadership au Burkina Faso\u00a0: Le m\u00e9rite et l\u2019engagement de 10 personnalit\u00e9s reconnus en 2025 - Vox Sahel","og_description":"Dans un Burkina Faso \u00e9prouv\u00e9 par des d\u00e9fis s\u00e9curitaires, \u00e9conomiques et sociaux persistants, des femmes,","og_url":"https:\/\/voxsahel.com\/?p=3294","og_site_name":"Vox Sahel","article_publisher":"https:\/\/www.facebook.com\/journal.voxsahel","article_published_time":"2026-01-16T09:36:02+00:00","article_modified_time":"2026-01-16T10:05:56+00:00","og_image":[{"width":1080,"height":720,"url":"https:\/\/voxsahel.com\/wp-content\/uploads\/2026\/01\/WhatsApp-Image-2026-01-15-at-21.25.54-1.jpeg","type":"image\/jpeg"}],"author":"Vox Sahel","twitter_card":"summary_large_image","twitter_misc":{"\u00c9crit par":"Vox Sahel","Dur\u00e9e de lecture estim\u00e9e":"5 minutes"},"schema":{"@context":"https:\/\/schema.org","@graph":[{"@type":"Article","@id":"https:\/\/voxsahel.com\/?p=3294#article","isPartOf":{"@id":"https:\/\/voxsahel.com\/?p=3294"},"author":{"name":"Vox Sahel","@id":"https:\/\/voxsahel.com\/#\/schema\/person\/b4043608248f8fa227cd760e7ff1e19e"},"headline":"Promotion du leadership au Burkina Faso\u00a0: Le m\u00e9rite et l\u2019engagement de 10 personnalit\u00e9s reconnus en 2025","datePublished":"2026-01-16T09:36:02+00:00","dateModified":"2026-01-16T10:05:56+00:00","mainEntityOfPage":{"@id":"https:\/\/voxsahel.com\/?p=3294"},"wordCount":879,"commentCount":0,"publisher":{"@id":"https:\/\/voxsahel.com\/#organization"},"image":{"@id":"https:\/\/voxsahel.com\/?p=3294#primaryimage"},"thumbnailUrl":"https:\/\/voxsahel.com\/wp-content\/uploads\/2026\/01\/WhatsApp-Image-2026-01-15-at-21.25.54-1.jpeg","articleSection":["SOCIETE"],"inLanguage":"fr-FR","potentialAction":[{"@type":"CommentAction","name":"Comment","target":["https:\/\/voxsahel.com\/?p=3294#respond"]}]},{"@type":"WebPage","@id":"https:\/\/voxsahel.com\/?p=3294","url":"https:\/\/voxsahel.com\/?p=3294","name":"Promotion du leadership au Burkina Faso\u00a0: Le m\u00e9rite et l\u2019engagement de 10 personnalit\u00e9s reconnus en 2025 - Vox Sahel","isPartOf":{"@id":"https:\/\/voxsahel.com\/#website"},"primaryImageOfPage":{"@id":"https:\/\/voxsahel.com\/?p=3294#primaryimage"},"image":{"@id":"https:\/\/voxsahel.com\/?p=3294#primaryimage"},"thumbnailUrl":"https:\/\/voxsahel.com\/wp-content\/uploads\/2026\/01\/WhatsApp-Image-2026-01-15-at-21.25.54-1.jpeg","datePublished":"2026-01-16T09:36:02+00:00","dateModified":"2026-01-16T10:05:56+00:00","breadcrumb":{"@id":"https:\/\/voxsahel.com\/?p=3294#breadcrumb"},"inLanguage":"fr-FR","potentialAction":[{"@type":"ReadAction","target":["https:\/\/voxsahel.com\/?p=3294"]}]},{"@type":"ImageObject","inLanguage":"fr-FR","@id":"https:\/\/voxsahel.com\/?p=3294#primaryimage","url":"https:\/\/voxsahel.com\/wp-content\/uploads\/2026\/01\/WhatsApp-Image-2026-01-15-at-21.25.54-1.jpeg","contentUrl":"https:\/\/voxsahel.com\/wp-content\/uploads\/2026\/01\/WhatsApp-Image-2026-01-15-at-21.25.54-1.jpeg","width":1080,"height":720},{"@type":"BreadcrumbList","@id":"https:\/\/voxsahel.com\/?p=3294#breadcrumb","itemListElement":[{"@type":"ListItem","position":1,"name":"Home","item":"https:\/\/voxsahel.com\/"},{"@type":"ListItem","position":2,"name":"Promotion du leadership au Burkina Faso\u00a0: Le m\u00e9rite et l\u2019engagement de 10 personnalit\u00e9s reconnus en 2025"}]},{"@type":"WebSite","@id":"https:\/\/voxsahel.com\/#website","url":"https:\/\/voxsahel.com\/","name":"Vox Sahel","description":"Informez-vous sur le Sahel en un clic","publisher":{"@id":"https:\/\/voxsahel.com\/#organization"},"potentialAction":[{"@type":"SearchAction","target":{"@type":"EntryPoint","urlTemplate":"https:\/\/voxsahel.com\/?s={search_term_string}"},"query-input":{"@type":"PropertyValueSpecification","valueRequired":true,"valueName":"search_term_string"}}],"inLanguage":"fr-FR"},{"@type":"Organization","@id":"https:\/\/voxsahel.com\/#organization","name":"Vox Sahel","url":"https:\/\/voxsahel.com\/","logo":{"@type":"ImageObject","inLanguage":"fr-FR","@id":"https:\/\/voxsahel.com\/#\/schema\/logo\/image\/","url":"https:\/\/voxsahel.com\/wp-content\/uploads\/2024\/09\/Logo-Vox-Sahel.jpg","contentUrl":"https:\/\/voxsahel.com\/wp-content\/uploads\/2024\/09\/Logo-Vox-Sahel.jpg","width":1181,"height":848,"caption":"Vox Sahel"},"image":{"@id":"https:\/\/voxsahel.com\/#\/schema\/logo\/image\/"},"sameAs":["https:\/\/www.facebook.com\/journal.voxsahel"]},{"@type":"Person","@id":"https:\/\/voxsahel.com\/#\/schema\/person\/b4043608248f8fa227cd760e7ff1e19e","name":"Vox Sahel","image":{"@type":"ImageObject","inLanguage":"fr-FR","@id":"https:\/\/secure.gravatar.com\/avatar\/f70e7fa0cb9b29d4a7c5788d6eb2e9ab4d3135cbae1c9161810fdf77a8964699?s=96&d=mm&r=g","url":"https:\/\/secure.gravatar.com\/avatar\/f70e7fa0cb9b29d4a7c5788d6eb2e9ab4d3135cbae1c9161810fdf77a8964699?s=96&d=mm&r=g","contentUrl":"https:\/\/secure.gravatar.com\/avatar\/f70e7fa0cb9b29d4a7c5788d6eb2e9ab4d3135cbae1c9161810fdf77a8964699?s=96&d=mm&r=g","caption":"Vox Sahel"},"sameAs":["http:\/\/www.voxsahel.com"],"url":"https:\/\/voxsahel.com\/?author=2"}]}},"_links":{"self":[{"href":"https:\/\/voxsahel.com\/index.php?rest_route=\/wp\/v2\/posts\/3294","targetHints":{"allow":["GET"]}}],"collection":[{"href":"https:\/\/voxsahel.com\/index.php?rest_route=\/wp\/v2\/posts"}],"about":[{"href":"https:\/\/voxsahel.com\/index.php?rest_route=\/wp\/v2\/types\/post"}],"author":[{"embeddable":true,"href":"https:\/\/voxsahel.com\/index.php?rest_route=\/wp\/v2\/users\/2"}],"replies":[{"embeddable":true,"href":"https:\/\/voxsahel.com\/index.php?rest_route=%2Fwp%2Fv2%2Fcomments&post=3294"}],"version-history":[{"count":1,"href":"https:\/\/voxsahel.com\/index.php?rest_route=\/wp\/v2\/posts\/3294\/revisions"}],"predecessor-version":[{"id":3302,"href":"https:\/\/voxsahel.com\/index.php?rest_route=\/wp\/v2\/posts\/3294\/revisions\/3302"}],"wp:featuredmedia":[{"embeddable":true,"href":"https:\/\/voxsahel.com\/index.php?rest_route=\/wp\/v2\/media\/3295"}],"wp:attachment":[{"href":"https:\/\/voxsahel.com\/index.php?rest_route=%2Fwp%2Fv2%2Fmedia&parent=3294"}],"wp:term":[{"taxonomy":"category","embeddable":true,"href":"https:\/\/voxsahel.com\/index.php?rest_route=%2Fwp%2Fv2%2Fcategories&post=3294"},{"taxonomy":"post_tag","embeddable":true,"href":"https:\/\/voxsahel.com\/index.php?rest_route=%2Fwp%2Fv2%2Ftags&post=3294"}],"curies":[{"name":"wp","href":"https:\/\/api.w.org\/{rel}","templated":true}]}}