{"id":3284,"date":"2026-01-12T14:41:24","date_gmt":"2026-01-12T14:41:24","guid":{"rendered":"https:\/\/voxsahel.com\/?p=3284"},"modified":"2026-01-12T14:41:24","modified_gmt":"2026-01-12T14:41:24","slug":"nieme-tentative-de-destabilisation-la-stabilite-du-burkina-faso-nest-plus-negociable","status":"publish","type":"post","link":"https:\/\/voxsahel.com\/?p=3284","title":{"rendered":"Ni\u00e8me tentative de d\u00e9stabilisation : La stabilit\u00e9 du Burkina Faso n\u2019est plus n\u00e9gociable"},"content":{"rendered":"<p class=\"p1\">Les aveux successifs diffus\u00e9s ces derniers jours sur la t\u00e9l\u00e9vision nationale donnent froid dans le dos. Par leur gravit\u00e9, mais surtout par ce qu\u2019ils r\u00e9v\u00e8lent d\u2019un mal profond qui continue de ronger le Burkina Faso : l\u2019incapacit\u00e9 de certains de ses fils \u00e0 rompre d\u00e9finitivement avec la logique des coups de force, des complots et des calculs personnels, au d\u00e9triment de l\u2019int\u00e9r\u00eat g\u00e9n\u00e9ral.<\/p>\n<p class=\"p1\"><span class=\"s1\">Cette nouvelle tentative de d\u00e9stabilisation, d\u00e9jou\u00e9e le 3 janvier 2026, intervient \u00e0 un moment crucial de l\u2019histoire nationale. Le pays est engag\u00e9 dans une dynamique nouvelle, port\u00e9e par des autorit\u00e9s qui affichent la volont\u00e9 de restaurer la souverainet\u00e9, de r\u00e9organiser l\u2019\u00c9tat et de r\u00e9pondre, tant bien que mal, aux attentes d\u2019un peuple \u00e9prouv\u00e9 par l\u2019ins\u00e9curit\u00e9, la pr\u00e9carit\u00e9 et les sacrifices quotidiens.<\/span><\/p>\n<p class=\"p1\"><span class=\"s1\">Dans ce contexte, toute vell\u00e9it\u00e9 de putsch appara\u00eet non seulement comme une trahison, mais comme une mise en danger d\u00e9lib\u00e9r\u00e9e de la survie m\u00eame de la Nation.Au-del\u00e0 des individus impliqu\u00e9s et de leurs responsabilit\u00e9s, cette affaire pose une question essentielle : pourquoi le Burkina Faso semble-t-il condamn\u00e9 \u00e0 revivre, \u00e0 intervalles r\u00e9guliers, ces sc\u00e9narios de d\u00e9stabilisation ? <\/span><\/p>\n<p class=\"p1\"><span class=\"s1\">Tant que les divergences politiques, communautaires ou personnelles primeront sur l\u2019int\u00e9r\u00eat sup\u00e9rieur du pays, tant que l\u2019on continuera de croire que le pouvoir se conquiert par la ruse, l\u2019argent ou la violence, la stabilit\u00e9 restera fragile.<\/span><\/p>\n<p class=\"p1\"><span class=\"s1\">Il est temps d\u2019un sursaut collectif. Le Burkina Faso ne se reconstruira ni dans la division, ni dans les conspirations de l\u2019ombre. Il se b\u00e2tira par le dialogue, la loyaut\u00e9 r\u00e9publicaine, le respect des institutions et l\u2019adh\u00e9sion sinc\u00e8re \u00e0 une vision commune de d\u00e9veloppement.<\/span><\/p>\n<p class=\"p1\"><span class=\"s1\">Les Burkinab\u00e8, toutes sensibilit\u00e9s confondues, doivent apprendre \u00e0 taire leurs divergences secondaires pour se concentrer sur l\u2019essentiel : la s\u00e9curit\u00e9, la coh\u00e9sion nationale et le progr\u00e8s \u00e9conomique et social.<\/span><\/p>\n<p class=\"p1\"><span class=\"s1\">L\u2019heure n\u2019est plus aux aventures personnelles ni aux r\u00e8glements de comptes politiques. Elle est \u00e0 la responsabilit\u00e9, \u00e0 la vigilance citoyenne et \u00e0 l\u2019unit\u00e9. Car chaque tentative de d\u00e9stabilisation n\u2019affaiblit pas seulement un r\u00e9gime, elle affaiblit le Burkina Faso tout entier.<\/span><\/p>\n<p class=\"p1\"><span class=\"s1\">La R\u00e9daction<\/span><\/p>\n","protected":false},"excerpt":{"rendered":"<p>Les aveux successifs diffus\u00e9s ces derniers jours sur la t\u00e9l\u00e9vision nationale donnent froid dans le<\/p>\n","protected":false},"author":2,"featured_media":3276,"comment_status":"open","ping_status":"open","sticky":false,"template":"","format":"standard","meta":{"_et_pb_use_builder":"","_et_pb_old_content":"","_et_gb_content_width":"","footnotes":""},"categories":[6],"tags":[],"class_list":["post-3284","post","type-post","status-publish","format-standard","has-post-thumbnail","hentry","category-politique"],"yoast_head":"<!-- This site is optimized with the Yoast SEO plugin v27.5 - https:\/\/yoast.com\/product\/yoast-seo-wordpress\/ -->\n<title>Ni\u00e8me tentative de d\u00e9stabilisation : La stabilit\u00e9 du Burkina Faso n\u2019est plus n\u00e9gociable - Vox Sahel<\/title>\n<meta name=\"robots\" content=\"index, follow, max-snippet:-1, max-image-preview:large, max-video-preview:-1\" \/>\n<link rel=\"canonical\" href=\"https:\/\/voxsahel.com\/?p=3284\" \/>\n<meta property=\"og:locale\" content=\"fr_FR\" \/>\n<meta property=\"og:type\" content=\"article\" \/>\n<meta property=\"og:title\" content=\"Ni\u00e8me tentative de d\u00e9stabilisation : La stabilit\u00e9 du Burkina Faso n\u2019est plus n\u00e9gociable - Vox Sahel\" \/>\n<meta property=\"og:description\" content=\"Les aveux successifs diffus\u00e9s ces derniers jours sur la t\u00e9l\u00e9vision nationale donnent froid dans le\" \/>\n<meta property=\"og:url\" content=\"https:\/\/voxsahel.com\/?p=3284\" \/>\n<meta property=\"og:site_name\" content=\"Vox Sahel\" \/>\n<meta property=\"article:publisher\" content=\"https:\/\/www.facebook.com\/journal.voxsahel\" \/>\n<meta property=\"article:published_time\" content=\"2026-01-12T14:41:24+00:00\" \/>\n<meta property=\"og:image\" content=\"https:\/\/voxsahel.com\/wp-content\/uploads\/2026\/01\/IMG_3957.jpeg\" \/>\n\t<meta property=\"og:image:width\" content=\"430\" \/>\n\t<meta property=\"og:image:height\" content=\"305\" \/>\n\t<meta property=\"og:image:type\" content=\"image\/jpeg\" \/>\n<meta name=\"author\" content=\"Vox Sahel\" \/>\n<meta name=\"twitter:card\" content=\"summary_large_image\" \/>\n<meta name=\"twitter:label1\" content=\"\u00c9crit par\" \/>\n\t<meta name=\"twitter:data1\" content=\"Vox Sahel\" \/>\n\t<meta name=\"twitter:label2\" content=\"Dur\u00e9e de lecture estim\u00e9e\" \/>\n\t<meta name=\"twitter:data2\" content=\"2 minutes\" \/>\n<script type=\"application\/ld+json\" class=\"yoast-schema-graph\">{\"@context\":\"https:\\\/\\\/schema.org\",\"@graph\":[{\"@type\":\"Article\",\"@id\":\"https:\\\/\\\/voxsahel.com\\\/?p=3284#article\",\"isPartOf\":{\"@id\":\"https:\\\/\\\/voxsahel.com\\\/?p=3284\"},\"author\":{\"name\":\"Vox Sahel\",\"@id\":\"https:\\\/\\\/voxsahel.com\\\/#\\\/schema\\\/person\\\/b4043608248f8fa227cd760e7ff1e19e\"},\"headline\":\"Ni\u00e8me tentative de d\u00e9stabilisation : La stabilit\u00e9 du Burkina Faso n\u2019est plus n\u00e9gociable\",\"datePublished\":\"2026-01-12T14:41:24+00:00\",\"mainEntityOfPage\":{\"@id\":\"https:\\\/\\\/voxsahel.com\\\/?p=3284\"},\"wordCount\":401,\"commentCount\":0,\"publisher\":{\"@id\":\"https:\\\/\\\/voxsahel.com\\\/#organization\"},\"image\":{\"@id\":\"https:\\\/\\\/voxsahel.com\\\/?p=3284#primaryimage\"},\"thumbnailUrl\":\"https:\\\/\\\/voxsahel.com\\\/wp-content\\\/uploads\\\/2026\\\/01\\\/IMG_3957.jpeg\",\"articleSection\":[\"POLITIQUE\"],\"inLanguage\":\"fr-FR\",\"potentialAction\":[{\"@type\":\"CommentAction\",\"name\":\"Comment\",\"target\":[\"https:\\\/\\\/voxsahel.com\\\/?p=3284#respond\"]}]},{\"@type\":\"WebPage\",\"@id\":\"https:\\\/\\\/voxsahel.com\\\/?p=3284\",\"url\":\"https:\\\/\\\/voxsahel.com\\\/?p=3284\",\"name\":\"Ni\u00e8me tentative de d\u00e9stabilisation : La stabilit\u00e9 du Burkina Faso n\u2019est plus n\u00e9gociable - Vox Sahel\",\"isPartOf\":{\"@id\":\"https:\\\/\\\/voxsahel.com\\\/#website\"},\"primaryImageOfPage\":{\"@id\":\"https:\\\/\\\/voxsahel.com\\\/?p=3284#primaryimage\"},\"image\":{\"@id\":\"https:\\\/\\\/voxsahel.com\\\/?p=3284#primaryimage\"},\"thumbnailUrl\":\"https:\\\/\\\/voxsahel.com\\\/wp-content\\\/uploads\\\/2026\\\/01\\\/IMG_3957.jpeg\",\"datePublished\":\"2026-01-12T14:41:24+00:00\",\"breadcrumb\":{\"@id\":\"https:\\\/\\\/voxsahel.com\\\/?p=3284#breadcrumb\"},\"inLanguage\":\"fr-FR\",\"potentialAction\":[{\"@type\":\"ReadAction\",\"target\":[\"https:\\\/\\\/voxsahel.com\\\/?p=3284\"]}]},{\"@type\":\"ImageObject\",\"inLanguage\":\"fr-FR\",\"@id\":\"https:\\\/\\\/voxsahel.com\\\/?p=3284#primaryimage\",\"url\":\"https:\\\/\\\/voxsahel.com\\\/wp-content\\\/uploads\\\/2026\\\/01\\\/IMG_3957.jpeg\",\"contentUrl\":\"https:\\\/\\\/voxsahel.com\\\/wp-content\\\/uploads\\\/2026\\\/01\\\/IMG_3957.jpeg\",\"width\":430,\"height\":305},{\"@type\":\"BreadcrumbList\",\"@id\":\"https:\\\/\\\/voxsahel.com\\\/?p=3284#breadcrumb\",\"itemListElement\":[{\"@type\":\"ListItem\",\"position\":1,\"name\":\"Home\",\"item\":\"https:\\\/\\\/voxsahel.com\\\/\"},{\"@type\":\"ListItem\",\"position\":2,\"name\":\"Ni\u00e8me tentative de d\u00e9stabilisation : La stabilit\u00e9 du Burkina Faso n\u2019est plus n\u00e9gociable\"}]},{\"@type\":\"WebSite\",\"@id\":\"https:\\\/\\\/voxsahel.com\\\/#website\",\"url\":\"https:\\\/\\\/voxsahel.com\\\/\",\"name\":\"Vox Sahel\",\"description\":\"Informez-vous sur le Sahel en un clic\",\"publisher\":{\"@id\":\"https:\\\/\\\/voxsahel.com\\\/#organization\"},\"potentialAction\":[{\"@type\":\"SearchAction\",\"target\":{\"@type\":\"EntryPoint\",\"urlTemplate\":\"https:\\\/\\\/voxsahel.com\\\/?s={search_term_string}\"},\"query-input\":{\"@type\":\"PropertyValueSpecification\",\"valueRequired\":true,\"valueName\":\"search_term_string\"}}],\"inLanguage\":\"fr-FR\"},{\"@type\":\"Organization\",\"@id\":\"https:\\\/\\\/voxsahel.com\\\/#organization\",\"name\":\"Vox Sahel\",\"url\":\"https:\\\/\\\/voxsahel.com\\\/\",\"logo\":{\"@type\":\"ImageObject\",\"inLanguage\":\"fr-FR\",\"@id\":\"https:\\\/\\\/voxsahel.com\\\/#\\\/schema\\\/logo\\\/image\\\/\",\"url\":\"https:\\\/\\\/voxsahel.com\\\/wp-content\\\/uploads\\\/2024\\\/09\\\/Logo-Vox-Sahel.jpg\",\"contentUrl\":\"https:\\\/\\\/voxsahel.com\\\/wp-content\\\/uploads\\\/2024\\\/09\\\/Logo-Vox-Sahel.jpg\",\"width\":1181,\"height\":848,\"caption\":\"Vox Sahel\"},\"image\":{\"@id\":\"https:\\\/\\\/voxsahel.com\\\/#\\\/schema\\\/logo\\\/image\\\/\"},\"sameAs\":[\"https:\\\/\\\/www.facebook.com\\\/journal.voxsahel\"]},{\"@type\":\"Person\",\"@id\":\"https:\\\/\\\/voxsahel.com\\\/#\\\/schema\\\/person\\\/b4043608248f8fa227cd760e7ff1e19e\",\"name\":\"Vox Sahel\",\"image\":{\"@type\":\"ImageObject\",\"inLanguage\":\"fr-FR\",\"@id\":\"https:\\\/\\\/secure.gravatar.com\\\/avatar\\\/f70e7fa0cb9b29d4a7c5788d6eb2e9ab4d3135cbae1c9161810fdf77a8964699?s=96&d=mm&r=g\",\"url\":\"https:\\\/\\\/secure.gravatar.com\\\/avatar\\\/f70e7fa0cb9b29d4a7c5788d6eb2e9ab4d3135cbae1c9161810fdf77a8964699?s=96&d=mm&r=g\",\"contentUrl\":\"https:\\\/\\\/secure.gravatar.com\\\/avatar\\\/f70e7fa0cb9b29d4a7c5788d6eb2e9ab4d3135cbae1c9161810fdf77a8964699?s=96&d=mm&r=g\",\"caption\":\"Vox Sahel\"},\"sameAs\":[\"http:\\\/\\\/www.voxsahel.com\"],\"url\":\"https:\\\/\\\/voxsahel.com\\\/?author=2\"}]}<\/script>\n<!-- \/ Yoast SEO plugin. -->","yoast_head_json":{"title":"Ni\u00e8me tentative de d\u00e9stabilisation : La stabilit\u00e9 du Burkina Faso n\u2019est plus n\u00e9gociable - Vox Sahel","robots":{"index":"index","follow":"follow","max-snippet":"max-snippet:-1","max-image-preview":"max-image-preview:large","max-video-preview":"max-video-preview:-1"},"canonical":"https:\/\/voxsahel.com\/?p=3284","og_locale":"fr_FR","og_type":"article","og_title":"Ni\u00e8me tentative de d\u00e9stabilisation : La stabilit\u00e9 du Burkina Faso n\u2019est plus n\u00e9gociable - Vox Sahel","og_description":"Les aveux successifs diffus\u00e9s ces derniers jours sur la t\u00e9l\u00e9vision nationale donnent froid dans le","og_url":"https:\/\/voxsahel.com\/?p=3284","og_site_name":"Vox Sahel","article_publisher":"https:\/\/www.facebook.com\/journal.voxsahel","article_published_time":"2026-01-12T14:41:24+00:00","og_image":[{"width":430,"height":305,"url":"https:\/\/voxsahel.com\/wp-content\/uploads\/2026\/01\/IMG_3957.jpeg","type":"image\/jpeg"}],"author":"Vox Sahel","twitter_card":"summary_large_image","twitter_misc":{"\u00c9crit par":"Vox Sahel","Dur\u00e9e de lecture estim\u00e9e":"2 minutes"},"schema":{"@context":"https:\/\/schema.org","@graph":[{"@type":"Article","@id":"https:\/\/voxsahel.com\/?p=3284#article","isPartOf":{"@id":"https:\/\/voxsahel.com\/?p=3284"},"author":{"name":"Vox Sahel","@id":"https:\/\/voxsahel.com\/#\/schema\/person\/b4043608248f8fa227cd760e7ff1e19e"},"headline":"Ni\u00e8me tentative de d\u00e9stabilisation : La stabilit\u00e9 du Burkina Faso n\u2019est plus n\u00e9gociable","datePublished":"2026-01-12T14:41:24+00:00","mainEntityOfPage":{"@id":"https:\/\/voxsahel.com\/?p=3284"},"wordCount":401,"commentCount":0,"publisher":{"@id":"https:\/\/voxsahel.com\/#organization"},"image":{"@id":"https:\/\/voxsahel.com\/?p=3284#primaryimage"},"thumbnailUrl":"https:\/\/voxsahel.com\/wp-content\/uploads\/2026\/01\/IMG_3957.jpeg","articleSection":["POLITIQUE"],"inLanguage":"fr-FR","potentialAction":[{"@type":"CommentAction","name":"Comment","target":["https:\/\/voxsahel.com\/?p=3284#respond"]}]},{"@type":"WebPage","@id":"https:\/\/voxsahel.com\/?p=3284","url":"https:\/\/voxsahel.com\/?p=3284","name":"Ni\u00e8me tentative de d\u00e9stabilisation : La stabilit\u00e9 du Burkina Faso n\u2019est plus n\u00e9gociable - Vox Sahel","isPartOf":{"@id":"https:\/\/voxsahel.com\/#website"},"primaryImageOfPage":{"@id":"https:\/\/voxsahel.com\/?p=3284#primaryimage"},"image":{"@id":"https:\/\/voxsahel.com\/?p=3284#primaryimage"},"thumbnailUrl":"https:\/\/voxsahel.com\/wp-content\/uploads\/2026\/01\/IMG_3957.jpeg","datePublished":"2026-01-12T14:41:24+00:00","breadcrumb":{"@id":"https:\/\/voxsahel.com\/?p=3284#breadcrumb"},"inLanguage":"fr-FR","potentialAction":[{"@type":"ReadAction","target":["https:\/\/voxsahel.com\/?p=3284"]}]},{"@type":"ImageObject","inLanguage":"fr-FR","@id":"https:\/\/voxsahel.com\/?p=3284#primaryimage","url":"https:\/\/voxsahel.com\/wp-content\/uploads\/2026\/01\/IMG_3957.jpeg","contentUrl":"https:\/\/voxsahel.com\/wp-content\/uploads\/2026\/01\/IMG_3957.jpeg","width":430,"height":305},{"@type":"BreadcrumbList","@id":"https:\/\/voxsahel.com\/?p=3284#breadcrumb","itemListElement":[{"@type":"ListItem","position":1,"name":"Home","item":"https:\/\/voxsahel.com\/"},{"@type":"ListItem","position":2,"name":"Ni\u00e8me tentative de d\u00e9stabilisation : La stabilit\u00e9 du Burkina Faso n\u2019est plus n\u00e9gociable"}]},{"@type":"WebSite","@id":"https:\/\/voxsahel.com\/#website","url":"https:\/\/voxsahel.com\/","name":"Vox Sahel","description":"Informez-vous sur le Sahel en un clic","publisher":{"@id":"https:\/\/voxsahel.com\/#organization"},"potentialAction":[{"@type":"SearchAction","target":{"@type":"EntryPoint","urlTemplate":"https:\/\/voxsahel.com\/?s={search_term_string}"},"query-input":{"@type":"PropertyValueSpecification","valueRequired":true,"valueName":"search_term_string"}}],"inLanguage":"fr-FR"},{"@type":"Organization","@id":"https:\/\/voxsahel.com\/#organization","name":"Vox Sahel","url":"https:\/\/voxsahel.com\/","logo":{"@type":"ImageObject","inLanguage":"fr-FR","@id":"https:\/\/voxsahel.com\/#\/schema\/logo\/image\/","url":"https:\/\/voxsahel.com\/wp-content\/uploads\/2024\/09\/Logo-Vox-Sahel.jpg","contentUrl":"https:\/\/voxsahel.com\/wp-content\/uploads\/2024\/09\/Logo-Vox-Sahel.jpg","width":1181,"height":848,"caption":"Vox Sahel"},"image":{"@id":"https:\/\/voxsahel.com\/#\/schema\/logo\/image\/"},"sameAs":["https:\/\/www.facebook.com\/journal.voxsahel"]},{"@type":"Person","@id":"https:\/\/voxsahel.com\/#\/schema\/person\/b4043608248f8fa227cd760e7ff1e19e","name":"Vox Sahel","image":{"@type":"ImageObject","inLanguage":"fr-FR","@id":"https:\/\/secure.gravatar.com\/avatar\/f70e7fa0cb9b29d4a7c5788d6eb2e9ab4d3135cbae1c9161810fdf77a8964699?s=96&d=mm&r=g","url":"https:\/\/secure.gravatar.com\/avatar\/f70e7fa0cb9b29d4a7c5788d6eb2e9ab4d3135cbae1c9161810fdf77a8964699?s=96&d=mm&r=g","contentUrl":"https:\/\/secure.gravatar.com\/avatar\/f70e7fa0cb9b29d4a7c5788d6eb2e9ab4d3135cbae1c9161810fdf77a8964699?s=96&d=mm&r=g","caption":"Vox Sahel"},"sameAs":["http:\/\/www.voxsahel.com"],"url":"https:\/\/voxsahel.com\/?author=2"}]}},"_links":{"self":[{"href":"https:\/\/voxsahel.com\/index.php?rest_route=\/wp\/v2\/posts\/3284","targetHints":{"allow":["GET"]}}],"collection":[{"href":"https:\/\/voxsahel.com\/index.php?rest_route=\/wp\/v2\/posts"}],"about":[{"href":"https:\/\/voxsahel.com\/index.php?rest_route=\/wp\/v2\/types\/post"}],"author":[{"embeddable":true,"href":"https:\/\/voxsahel.com\/index.php?rest_route=\/wp\/v2\/users\/2"}],"replies":[{"embeddable":true,"href":"https:\/\/voxsahel.com\/index.php?rest_route=%2Fwp%2Fv2%2Fcomments&post=3284"}],"version-history":[{"count":1,"href":"https:\/\/voxsahel.com\/index.php?rest_route=\/wp\/v2\/posts\/3284\/revisions"}],"predecessor-version":[{"id":3285,"href":"https:\/\/voxsahel.com\/index.php?rest_route=\/wp\/v2\/posts\/3284\/revisions\/3285"}],"wp:featuredmedia":[{"embeddable":true,"href":"https:\/\/voxsahel.com\/index.php?rest_route=\/wp\/v2\/media\/3276"}],"wp:attachment":[{"href":"https:\/\/voxsahel.com\/index.php?rest_route=%2Fwp%2Fv2%2Fmedia&parent=3284"}],"wp:term":[{"taxonomy":"category","embeddable":true,"href":"https:\/\/voxsahel.com\/index.php?rest_route=%2Fwp%2Fv2%2Fcategories&post=3284"},{"taxonomy":"post_tag","embeddable":true,"href":"https:\/\/voxsahel.com\/index.php?rest_route=%2Fwp%2Fv2%2Ftags&post=3284"}],"curies":[{"name":"wp","href":"https:\/\/api.w.org\/{rel}","templated":true}]}}