{"id":3265,"date":"2026-01-04T12:10:10","date_gmt":"2026-01-04T12:10:10","guid":{"rendered":"https:\/\/voxsahel.com\/?p=3265"},"modified":"2026-01-04T12:12:17","modified_gmt":"2026-01-04T12:12:17","slug":"abattoir-frigorifique-de-bobo-dioulasso-deguerpissement-aux-abords-de-la-structure","status":"publish","type":"post","link":"https:\/\/voxsahel.com\/?p=3265","title":{"rendered":"Abattoir frigorifique de Bobo-Dioulasso : D\u00e9guerpissement aux abords de la structure"},"content":{"rendered":"<p class=\"p1\"><strong>Entre imp\u00e9ratifs sanitaires, enjeux \u00e9conomiques et application de la loi<\/strong><\/p>\n<p class=\"p1\"><span class=\"s1\">Les autorit\u00e9s ont joint l\u2019acte \u00e0 la parole. Apr\u00e8s plusieurs avertissements, les occupants install\u00e9s aux alentours de l\u2019abattoir frigorifique ont \u00e9t\u00e9 somm\u00e9s de lib\u00e9rer les lieux, le <\/span><span class=\"s2\">4 janvier 2026<\/span><span class=\"s1\"> constituant le dernier d\u00e9lai officiellement fix\u00e9.<\/span><\/p>\n<p class=\"p1\"><span class=\"s1\">Selon des t\u00e9moignages recueillis sur place, l\u2019op\u00e9ration a d\u00e9but\u00e9 aux premi\u00e8res heures de la journ\u00e9e. <\/span><span class=\"s2\">D\u00e8s 3 heures du matin<\/span><span class=\"s1\">, un important dispositif s\u00e9curitaire a \u00e9t\u00e9 d\u00e9ploy\u00e9, mobilisant la <\/span><span class=\"s2\">BAC<\/span><span class=\"s1\">, la <\/span><span class=\"s2\">CRS<\/span><span class=\"s1\">, le <\/span><span class=\"s2\">SRPJ<\/span><span class=\"s1\">, la <\/span><span class=\"s2\">police municipale<\/span><span class=\"s1\">, ainsi que la <\/span><span class=\"s2\">gendarmerie<\/span><span class=\"s1\">. Toutes les entr\u00e9es menant \u00e0 l\u2019infrastructure v\u00e9t\u00e9rinaire ont \u00e9t\u00e9 boucl\u00e9es, emp\u00eachant tout mouvement. \u00c0 <\/span><span class=\"s2\">4 heures<\/span><span class=\"s1\">, les engins lourds sont entr\u00e9s en action. Enclos d\u2019animaux, magasins et boutiques install\u00e9s de fa\u00e7on anarchique ont \u00e9t\u00e9 <\/span><span class=\"s2\">enti\u00e8rement d\u00e9molis<\/span><span class=\"s1\">, sous le regard impuissant de leurs propri\u00e9taires qui tentaient de sauver ce qui pouvait encore l\u2019\u00eatre.<\/span><\/p>\n<p class=\"p1\"><img loading=\"lazy\" decoding=\"async\" class=\"aligncenter size-large wp-image-3269\" src=\"https:\/\/voxsahel.com\/wp-content\/uploads\/2026\/01\/IMG_3956-1024x705.jpeg\" alt=\"\" width=\"640\" height=\"441\" srcset=\"https:\/\/voxsahel.com\/wp-content\/uploads\/2026\/01\/IMG_3956-1024x705.jpeg 1024w, https:\/\/voxsahel.com\/wp-content\/uploads\/2026\/01\/IMG_3956-300x207.jpeg 300w, https:\/\/voxsahel.com\/wp-content\/uploads\/2026\/01\/IMG_3956-768x529.jpeg 768w, https:\/\/voxsahel.com\/wp-content\/uploads\/2026\/01\/IMG_3956-610x420.jpeg 610w, https:\/\/voxsahel.com\/wp-content\/uploads\/2026\/01\/IMG_3956.jpeg 1027w\" sizes=\"(max-width: 640px) 100vw, 640px\" \/><\/p>\n<p class=\"p1\"><span class=\"s1\">Selon les autorit\u00e9s sanitaires, l\u2019occupation anarchique des abords de l\u2019abattoir repr\u00e9sentait <\/span><span class=\"s2\">un risque r\u00e9el pour la sant\u00e9 publique<\/span><span class=\"s1\">. La promiscuit\u00e9 entre les animaux, les d\u00e9chets organiques, les installations informelles et les habitations favorisait la prolif\u00e9ration de maladies zoonotiques, la contamination des viandes et l\u2019insalubrit\u00e9 g\u00e9n\u00e9rale du site.<br \/>\nDes sources proches des services v\u00e9t\u00e9rinaires \u00e9voquent \u00e9galement des <\/span><span class=\"s2\">manquements graves aux normes d\u2019hygi\u00e8ne<\/span><span class=\"s1\">, incompatibles avec les exigences de salubrit\u00e9 impos\u00e9es aux infrastructures de transformation de produits d\u2019origine animale.<\/span><\/p>\n<p><img loading=\"lazy\" decoding=\"async\" class=\"aligncenter size-large wp-image-3270\" src=\"https:\/\/voxsahel.com\/wp-content\/uploads\/2026\/01\/IMG_3955-1024x692.jpeg\" alt=\"\" width=\"640\" height=\"433\" srcset=\"https:\/\/voxsahel.com\/wp-content\/uploads\/2026\/01\/IMG_3955-1024x692.jpeg 1024w, https:\/\/voxsahel.com\/wp-content\/uploads\/2026\/01\/IMG_3955-300x203.jpeg 300w, https:\/\/voxsahel.com\/wp-content\/uploads\/2026\/01\/IMG_3955-768x519.jpeg 768w, https:\/\/voxsahel.com\/wp-content\/uploads\/2026\/01\/IMG_3955-610x412.jpeg 610w, https:\/\/voxsahel.com\/wp-content\/uploads\/2026\/01\/IMG_3955.jpeg 1036w\" sizes=\"(max-width: 640px) 100vw, 640px\" \/><\/p>\n<p class=\"p1\"><span class=\"s1\">Sur le plan \u00e9conomique, le d\u00e9guerpissement a plong\u00e9 de nombreux acteurs, bouchers, commer\u00e7ants et petits \u00e9leveurs dans l\u2019incertitude. Pour beaucoup, ces installations constituaient leur <\/span><span class=\"s2\">principale source de revenus<\/span><span class=\"s1\">. Certains affirment n\u2019avoir re\u00e7u aucune solution de relogement ou d\u2019accompagnement, redoutant une rupture brutale de leurs activit\u00e9s.<\/span><\/p>\n<p class=\"p1\"><span class=\"s1\">Toutefois, les autorit\u00e9s estiment que la r\u00e9organisation du site pourrait, \u00e0 moyen terme, <\/span><span class=\"s2\">am\u00e9liorer la cha\u00eene de valeur de la viande<\/span><span class=\"s1\">, renforcer la tra\u00e7abilit\u00e9 des produits et favoriser une meilleure structuration du secteur, b\u00e9n\u00e9fique aussi bien aux consommateurs qu\u2019aux professionnels respectant les normes.<\/span><\/p>\n<p><img loading=\"lazy\" decoding=\"async\" class=\"aligncenter size-large wp-image-3272\" src=\"https:\/\/voxsahel.com\/wp-content\/uploads\/2026\/01\/IMG_3954-1024x682.jpeg\" alt=\"\" width=\"640\" height=\"426\" srcset=\"https:\/\/voxsahel.com\/wp-content\/uploads\/2026\/01\/IMG_3954-1024x682.jpeg 1024w, https:\/\/voxsahel.com\/wp-content\/uploads\/2026\/01\/IMG_3954-300x200.jpeg 300w, https:\/\/voxsahel.com\/wp-content\/uploads\/2026\/01\/IMG_3954-768x512.jpeg 768w, https:\/\/voxsahel.com\/wp-content\/uploads\/2026\/01\/IMG_3954-610x406.jpeg 610w, https:\/\/voxsahel.com\/wp-content\/uploads\/2026\/01\/IMG_3954.jpeg 1040w\" sizes=\"(max-width: 640px) 100vw, 640px\" \/><\/p>\n<p class=\"p1\"><span class=\"s1\">D\u2019un point de vue juridique, les installations d\u00e9truites \u00e9taient jug\u00e9es <\/span><span class=\"s2\">ill\u00e9gales<\/span><span class=\"s1\">, car implant\u00e9es sur le domaine public sans autorisation formelle. L\u2019administration rappelle que plusieurs <\/span><span class=\"s2\">mises en demeure<\/span><span class=\"s1\"> avaient \u00e9t\u00e9 adress\u00e9es aux occupants depuis <\/span><span class=\"s2\">octobre 2025<\/span><span class=\"s1\">, accompagn\u00e9es d\u2019op\u00e9rations de sensibilisation et de sommations de lib\u00e9rer les lieux.<\/span><\/p>\n<blockquote>\n<p class=\"p1\"><strong><em><span class=\"s1\">\u00ab Depuis octobre 2025, nous menons des actions de sensibilisation, mais ils ne veulent pas comprendre \u00bb, confie un \u00e9l\u00e9ment des forces de s\u00e9curit\u00e9.<\/span><\/em><\/strong><\/p>\n<\/blockquote>\n<p class=\"p1\"><span class=\"s1\">Dans les rangs des occupants d\u00e9guerpis, certains accusent les <\/span><span class=\"s2\">jeunes bouchers<\/span><span class=\"s1\">, auteurs de pneus br\u00fbl\u00e9s le <\/span><span class=\"s2\">1er janvier 2026<\/span><span class=\"s1\">, d\u2019avoir provoqu\u00e9 une r\u00e9action de fermet\u00e9 des autorit\u00e9s.<\/span><\/p>\n<blockquote>\n<p class=\"p1\"><strong><span class=\"s1\">\u00ab<em> On n\u2019engage pas un bras de fer contre l\u2019\u00c9tat \u00bb, d\u00e9plore un occupant.<\/em><\/span><\/strong><\/p>\n<\/blockquote>\n<p><img loading=\"lazy\" decoding=\"async\" class=\"aligncenter size-large wp-image-3273\" src=\"https:\/\/voxsahel.com\/wp-content\/uploads\/2026\/01\/IMG_3953-1024x670.jpeg\" alt=\"\" width=\"640\" height=\"419\" srcset=\"https:\/\/voxsahel.com\/wp-content\/uploads\/2026\/01\/IMG_3953-1024x670.jpeg 1024w, https:\/\/voxsahel.com\/wp-content\/uploads\/2026\/01\/IMG_3953-300x196.jpeg 300w, https:\/\/voxsahel.com\/wp-content\/uploads\/2026\/01\/IMG_3953-768x502.jpeg 768w, https:\/\/voxsahel.com\/wp-content\/uploads\/2026\/01\/IMG_3953-610x399.jpeg 610w, https:\/\/voxsahel.com\/wp-content\/uploads\/2026\/01\/IMG_3953.jpeg 1040w\" sizes=\"(max-width: 640px) 100vw, 640px\" \/><\/p>\n<p class=\"p1\"><span class=\"s1\">La sc\u00e8ne \u00e9tait marqu\u00e9e par la tension. Un homme venu r\u00e9cup\u00e9rer ses b\u0153ufs a \u00e9t\u00e9 <\/span><span class=\"s2\">refoul\u00e9<\/span><span class=\"s1\">, illustrant la rigueur des consignes appliqu\u00e9es lors de l\u2019op\u00e9ration.<\/span><\/p>\n<p class=\"p1\"><span class=\"s1\">Ce d\u00e9guerpissement, bien que controvers\u00e9, s\u2019inscrit dans une dynamique plus large de <\/span><span class=\"s2\">restauration de l\u2019ordre urbain<\/span><span class=\"s1\">, de <\/span><span class=\"s2\">protection de la sant\u00e9 publique<\/span><span class=\"s1\"> et de <\/span><span class=\"s2\">respect de la l\u00e9galit\u00e9<\/span><span class=\"s1\">, au prix toutefois d\u2019un choc social pour de nombreuses familles concern\u00e9es.<\/span><\/p>\n","protected":false},"excerpt":{"rendered":"<p>Entre imp\u00e9ratifs sanitaires, enjeux \u00e9conomiques et application de la loi Les autorit\u00e9s ont joint l\u2019acte<\/p>\n","protected":false},"author":2,"featured_media":3267,"comment_status":"open","ping_status":"open","sticky":false,"template":"","format":"standard","meta":{"_et_pb_use_builder":"","_et_pb_old_content":"","_et_gb_content_width":"","footnotes":""},"categories":[5],"tags":[],"class_list":["post-3265","post","type-post","status-publish","format-standard","has-post-thumbnail","hentry","category-societe"],"yoast_head":"<!-- This site is optimized with the Yoast SEO plugin v27.5 - https:\/\/yoast.com\/product\/yoast-seo-wordpress\/ -->\n<title>Abattoir frigorifique de Bobo-Dioulasso : D\u00e9guerpissement aux abords de la structure - Vox Sahel<\/title>\n<meta name=\"robots\" content=\"index, follow, max-snippet:-1, max-image-preview:large, max-video-preview:-1\" \/>\n<link rel=\"canonical\" href=\"https:\/\/voxsahel.com\/?p=3265\" \/>\n<meta property=\"og:locale\" content=\"fr_FR\" \/>\n<meta property=\"og:type\" content=\"article\" \/>\n<meta property=\"og:title\" content=\"Abattoir frigorifique de Bobo-Dioulasso : D\u00e9guerpissement aux abords de la structure - Vox Sahel\" \/>\n<meta property=\"og:description\" content=\"Entre imp\u00e9ratifs sanitaires, enjeux \u00e9conomiques et application de la loi Les autorit\u00e9s ont joint l\u2019acte\" \/>\n<meta property=\"og:url\" content=\"https:\/\/voxsahel.com\/?p=3265\" \/>\n<meta property=\"og:site_name\" content=\"Vox Sahel\" \/>\n<meta property=\"article:publisher\" content=\"https:\/\/www.facebook.com\/journal.voxsahel\" \/>\n<meta property=\"article:published_time\" content=\"2026-01-04T12:10:10+00:00\" \/>\n<meta property=\"article:modified_time\" content=\"2026-01-04T12:12:17+00:00\" \/>\n<meta property=\"og:image\" content=\"https:\/\/voxsahel.com\/wp-content\/uploads\/2026\/01\/IMG_3952.jpeg\" \/>\n\t<meta property=\"og:image:width\" content=\"1025\" \/>\n\t<meta property=\"og:image:height\" content=\"691\" \/>\n\t<meta property=\"og:image:type\" content=\"image\/jpeg\" \/>\n<meta name=\"author\" content=\"Vox Sahel\" \/>\n<meta name=\"twitter:card\" content=\"summary_large_image\" \/>\n<meta name=\"twitter:label1\" content=\"\u00c9crit par\" \/>\n\t<meta name=\"twitter:data1\" content=\"Vox Sahel\" \/>\n\t<meta name=\"twitter:label2\" content=\"Dur\u00e9e de lecture estim\u00e9e\" \/>\n\t<meta name=\"twitter:data2\" content=\"4 minutes\" \/>\n<script type=\"application\/ld+json\" class=\"yoast-schema-graph\">{\"@context\":\"https:\\\/\\\/schema.org\",\"@graph\":[{\"@type\":\"Article\",\"@id\":\"https:\\\/\\\/voxsahel.com\\\/?p=3265#article\",\"isPartOf\":{\"@id\":\"https:\\\/\\\/voxsahel.com\\\/?p=3265\"},\"author\":{\"name\":\"Vox Sahel\",\"@id\":\"https:\\\/\\\/voxsahel.com\\\/#\\\/schema\\\/person\\\/b4043608248f8fa227cd760e7ff1e19e\"},\"headline\":\"Abattoir frigorifique de Bobo-Dioulasso : D\u00e9guerpissement aux abords de la structure\",\"datePublished\":\"2026-01-04T12:10:10+00:00\",\"dateModified\":\"2026-01-04T12:12:17+00:00\",\"mainEntityOfPage\":{\"@id\":\"https:\\\/\\\/voxsahel.com\\\/?p=3265\"},\"wordCount\":573,\"commentCount\":0,\"publisher\":{\"@id\":\"https:\\\/\\\/voxsahel.com\\\/#organization\"},\"image\":{\"@id\":\"https:\\\/\\\/voxsahel.com\\\/?p=3265#primaryimage\"},\"thumbnailUrl\":\"https:\\\/\\\/voxsahel.com\\\/wp-content\\\/uploads\\\/2026\\\/01\\\/IMG_3952.jpeg\",\"articleSection\":[\"SOCIETE\"],\"inLanguage\":\"fr-FR\",\"potentialAction\":[{\"@type\":\"CommentAction\",\"name\":\"Comment\",\"target\":[\"https:\\\/\\\/voxsahel.com\\\/?p=3265#respond\"]}]},{\"@type\":\"WebPage\",\"@id\":\"https:\\\/\\\/voxsahel.com\\\/?p=3265\",\"url\":\"https:\\\/\\\/voxsahel.com\\\/?p=3265\",\"name\":\"Abattoir frigorifique de Bobo-Dioulasso : D\u00e9guerpissement aux abords de la structure - Vox Sahel\",\"isPartOf\":{\"@id\":\"https:\\\/\\\/voxsahel.com\\\/#website\"},\"primaryImageOfPage\":{\"@id\":\"https:\\\/\\\/voxsahel.com\\\/?p=3265#primaryimage\"},\"image\":{\"@id\":\"https:\\\/\\\/voxsahel.com\\\/?p=3265#primaryimage\"},\"thumbnailUrl\":\"https:\\\/\\\/voxsahel.com\\\/wp-content\\\/uploads\\\/2026\\\/01\\\/IMG_3952.jpeg\",\"datePublished\":\"2026-01-04T12:10:10+00:00\",\"dateModified\":\"2026-01-04T12:12:17+00:00\",\"breadcrumb\":{\"@id\":\"https:\\\/\\\/voxsahel.com\\\/?p=3265#breadcrumb\"},\"inLanguage\":\"fr-FR\",\"potentialAction\":[{\"@type\":\"ReadAction\",\"target\":[\"https:\\\/\\\/voxsahel.com\\\/?p=3265\"]}]},{\"@type\":\"ImageObject\",\"inLanguage\":\"fr-FR\",\"@id\":\"https:\\\/\\\/voxsahel.com\\\/?p=3265#primaryimage\",\"url\":\"https:\\\/\\\/voxsahel.com\\\/wp-content\\\/uploads\\\/2026\\\/01\\\/IMG_3952.jpeg\",\"contentUrl\":\"https:\\\/\\\/voxsahel.com\\\/wp-content\\\/uploads\\\/2026\\\/01\\\/IMG_3952.jpeg\",\"width\":1025,\"height\":691},{\"@type\":\"BreadcrumbList\",\"@id\":\"https:\\\/\\\/voxsahel.com\\\/?p=3265#breadcrumb\",\"itemListElement\":[{\"@type\":\"ListItem\",\"position\":1,\"name\":\"Home\",\"item\":\"https:\\\/\\\/voxsahel.com\\\/\"},{\"@type\":\"ListItem\",\"position\":2,\"name\":\"Abattoir frigorifique de Bobo-Dioulasso : D\u00e9guerpissement aux abords de la structure\"}]},{\"@type\":\"WebSite\",\"@id\":\"https:\\\/\\\/voxsahel.com\\\/#website\",\"url\":\"https:\\\/\\\/voxsahel.com\\\/\",\"name\":\"Vox Sahel\",\"description\":\"Informez-vous sur le Sahel en un clic\",\"publisher\":{\"@id\":\"https:\\\/\\\/voxsahel.com\\\/#organization\"},\"potentialAction\":[{\"@type\":\"SearchAction\",\"target\":{\"@type\":\"EntryPoint\",\"urlTemplate\":\"https:\\\/\\\/voxsahel.com\\\/?s={search_term_string}\"},\"query-input\":{\"@type\":\"PropertyValueSpecification\",\"valueRequired\":true,\"valueName\":\"search_term_string\"}}],\"inLanguage\":\"fr-FR\"},{\"@type\":\"Organization\",\"@id\":\"https:\\\/\\\/voxsahel.com\\\/#organization\",\"name\":\"Vox Sahel\",\"url\":\"https:\\\/\\\/voxsahel.com\\\/\",\"logo\":{\"@type\":\"ImageObject\",\"inLanguage\":\"fr-FR\",\"@id\":\"https:\\\/\\\/voxsahel.com\\\/#\\\/schema\\\/logo\\\/image\\\/\",\"url\":\"https:\\\/\\\/voxsahel.com\\\/wp-content\\\/uploads\\\/2024\\\/09\\\/Logo-Vox-Sahel.jpg\",\"contentUrl\":\"https:\\\/\\\/voxsahel.com\\\/wp-content\\\/uploads\\\/2024\\\/09\\\/Logo-Vox-Sahel.jpg\",\"width\":1181,\"height\":848,\"caption\":\"Vox Sahel\"},\"image\":{\"@id\":\"https:\\\/\\\/voxsahel.com\\\/#\\\/schema\\\/logo\\\/image\\\/\"},\"sameAs\":[\"https:\\\/\\\/www.facebook.com\\\/journal.voxsahel\"]},{\"@type\":\"Person\",\"@id\":\"https:\\\/\\\/voxsahel.com\\\/#\\\/schema\\\/person\\\/b4043608248f8fa227cd760e7ff1e19e\",\"name\":\"Vox Sahel\",\"image\":{\"@type\":\"ImageObject\",\"inLanguage\":\"fr-FR\",\"@id\":\"https:\\\/\\\/secure.gravatar.com\\\/avatar\\\/f70e7fa0cb9b29d4a7c5788d6eb2e9ab4d3135cbae1c9161810fdf77a8964699?s=96&d=mm&r=g\",\"url\":\"https:\\\/\\\/secure.gravatar.com\\\/avatar\\\/f70e7fa0cb9b29d4a7c5788d6eb2e9ab4d3135cbae1c9161810fdf77a8964699?s=96&d=mm&r=g\",\"contentUrl\":\"https:\\\/\\\/secure.gravatar.com\\\/avatar\\\/f70e7fa0cb9b29d4a7c5788d6eb2e9ab4d3135cbae1c9161810fdf77a8964699?s=96&d=mm&r=g\",\"caption\":\"Vox Sahel\"},\"sameAs\":[\"http:\\\/\\\/www.voxsahel.com\"],\"url\":\"https:\\\/\\\/voxsahel.com\\\/?author=2\"}]}<\/script>\n<!-- \/ Yoast SEO plugin. -->","yoast_head_json":{"title":"Abattoir frigorifique de Bobo-Dioulasso : D\u00e9guerpissement aux abords de la structure - Vox Sahel","robots":{"index":"index","follow":"follow","max-snippet":"max-snippet:-1","max-image-preview":"max-image-preview:large","max-video-preview":"max-video-preview:-1"},"canonical":"https:\/\/voxsahel.com\/?p=3265","og_locale":"fr_FR","og_type":"article","og_title":"Abattoir frigorifique de Bobo-Dioulasso : D\u00e9guerpissement aux abords de la structure - Vox Sahel","og_description":"Entre imp\u00e9ratifs sanitaires, enjeux \u00e9conomiques et application de la loi Les autorit\u00e9s ont joint l\u2019acte","og_url":"https:\/\/voxsahel.com\/?p=3265","og_site_name":"Vox Sahel","article_publisher":"https:\/\/www.facebook.com\/journal.voxsahel","article_published_time":"2026-01-04T12:10:10+00:00","article_modified_time":"2026-01-04T12:12:17+00:00","og_image":[{"width":1025,"height":691,"url":"https:\/\/voxsahel.com\/wp-content\/uploads\/2026\/01\/IMG_3952.jpeg","type":"image\/jpeg"}],"author":"Vox Sahel","twitter_card":"summary_large_image","twitter_misc":{"\u00c9crit par":"Vox Sahel","Dur\u00e9e de lecture estim\u00e9e":"4 minutes"},"schema":{"@context":"https:\/\/schema.org","@graph":[{"@type":"Article","@id":"https:\/\/voxsahel.com\/?p=3265#article","isPartOf":{"@id":"https:\/\/voxsahel.com\/?p=3265"},"author":{"name":"Vox Sahel","@id":"https:\/\/voxsahel.com\/#\/schema\/person\/b4043608248f8fa227cd760e7ff1e19e"},"headline":"Abattoir frigorifique de Bobo-Dioulasso : D\u00e9guerpissement aux abords de la structure","datePublished":"2026-01-04T12:10:10+00:00","dateModified":"2026-01-04T12:12:17+00:00","mainEntityOfPage":{"@id":"https:\/\/voxsahel.com\/?p=3265"},"wordCount":573,"commentCount":0,"publisher":{"@id":"https:\/\/voxsahel.com\/#organization"},"image":{"@id":"https:\/\/voxsahel.com\/?p=3265#primaryimage"},"thumbnailUrl":"https:\/\/voxsahel.com\/wp-content\/uploads\/2026\/01\/IMG_3952.jpeg","articleSection":["SOCIETE"],"inLanguage":"fr-FR","potentialAction":[{"@type":"CommentAction","name":"Comment","target":["https:\/\/voxsahel.com\/?p=3265#respond"]}]},{"@type":"WebPage","@id":"https:\/\/voxsahel.com\/?p=3265","url":"https:\/\/voxsahel.com\/?p=3265","name":"Abattoir frigorifique de Bobo-Dioulasso : D\u00e9guerpissement aux abords de la structure - Vox Sahel","isPartOf":{"@id":"https:\/\/voxsahel.com\/#website"},"primaryImageOfPage":{"@id":"https:\/\/voxsahel.com\/?p=3265#primaryimage"},"image":{"@id":"https:\/\/voxsahel.com\/?p=3265#primaryimage"},"thumbnailUrl":"https:\/\/voxsahel.com\/wp-content\/uploads\/2026\/01\/IMG_3952.jpeg","datePublished":"2026-01-04T12:10:10+00:00","dateModified":"2026-01-04T12:12:17+00:00","breadcrumb":{"@id":"https:\/\/voxsahel.com\/?p=3265#breadcrumb"},"inLanguage":"fr-FR","potentialAction":[{"@type":"ReadAction","target":["https:\/\/voxsahel.com\/?p=3265"]}]},{"@type":"ImageObject","inLanguage":"fr-FR","@id":"https:\/\/voxsahel.com\/?p=3265#primaryimage","url":"https:\/\/voxsahel.com\/wp-content\/uploads\/2026\/01\/IMG_3952.jpeg","contentUrl":"https:\/\/voxsahel.com\/wp-content\/uploads\/2026\/01\/IMG_3952.jpeg","width":1025,"height":691},{"@type":"BreadcrumbList","@id":"https:\/\/voxsahel.com\/?p=3265#breadcrumb","itemListElement":[{"@type":"ListItem","position":1,"name":"Home","item":"https:\/\/voxsahel.com\/"},{"@type":"ListItem","position":2,"name":"Abattoir frigorifique de Bobo-Dioulasso : D\u00e9guerpissement aux abords de la structure"}]},{"@type":"WebSite","@id":"https:\/\/voxsahel.com\/#website","url":"https:\/\/voxsahel.com\/","name":"Vox Sahel","description":"Informez-vous sur le Sahel en un clic","publisher":{"@id":"https:\/\/voxsahel.com\/#organization"},"potentialAction":[{"@type":"SearchAction","target":{"@type":"EntryPoint","urlTemplate":"https:\/\/voxsahel.com\/?s={search_term_string}"},"query-input":{"@type":"PropertyValueSpecification","valueRequired":true,"valueName":"search_term_string"}}],"inLanguage":"fr-FR"},{"@type":"Organization","@id":"https:\/\/voxsahel.com\/#organization","name":"Vox Sahel","url":"https:\/\/voxsahel.com\/","logo":{"@type":"ImageObject","inLanguage":"fr-FR","@id":"https:\/\/voxsahel.com\/#\/schema\/logo\/image\/","url":"https:\/\/voxsahel.com\/wp-content\/uploads\/2024\/09\/Logo-Vox-Sahel.jpg","contentUrl":"https:\/\/voxsahel.com\/wp-content\/uploads\/2024\/09\/Logo-Vox-Sahel.jpg","width":1181,"height":848,"caption":"Vox Sahel"},"image":{"@id":"https:\/\/voxsahel.com\/#\/schema\/logo\/image\/"},"sameAs":["https:\/\/www.facebook.com\/journal.voxsahel"]},{"@type":"Person","@id":"https:\/\/voxsahel.com\/#\/schema\/person\/b4043608248f8fa227cd760e7ff1e19e","name":"Vox Sahel","image":{"@type":"ImageObject","inLanguage":"fr-FR","@id":"https:\/\/secure.gravatar.com\/avatar\/f70e7fa0cb9b29d4a7c5788d6eb2e9ab4d3135cbae1c9161810fdf77a8964699?s=96&d=mm&r=g","url":"https:\/\/secure.gravatar.com\/avatar\/f70e7fa0cb9b29d4a7c5788d6eb2e9ab4d3135cbae1c9161810fdf77a8964699?s=96&d=mm&r=g","contentUrl":"https:\/\/secure.gravatar.com\/avatar\/f70e7fa0cb9b29d4a7c5788d6eb2e9ab4d3135cbae1c9161810fdf77a8964699?s=96&d=mm&r=g","caption":"Vox Sahel"},"sameAs":["http:\/\/www.voxsahel.com"],"url":"https:\/\/voxsahel.com\/?author=2"}]}},"_links":{"self":[{"href":"https:\/\/voxsahel.com\/index.php?rest_route=\/wp\/v2\/posts\/3265","targetHints":{"allow":["GET"]}}],"collection":[{"href":"https:\/\/voxsahel.com\/index.php?rest_route=\/wp\/v2\/posts"}],"about":[{"href":"https:\/\/voxsahel.com\/index.php?rest_route=\/wp\/v2\/types\/post"}],"author":[{"embeddable":true,"href":"https:\/\/voxsahel.com\/index.php?rest_route=\/wp\/v2\/users\/2"}],"replies":[{"embeddable":true,"href":"https:\/\/voxsahel.com\/index.php?rest_route=%2Fwp%2Fv2%2Fcomments&post=3265"}],"version-history":[{"count":3,"href":"https:\/\/voxsahel.com\/index.php?rest_route=\/wp\/v2\/posts\/3265\/revisions"}],"predecessor-version":[{"id":3274,"href":"https:\/\/voxsahel.com\/index.php?rest_route=\/wp\/v2\/posts\/3265\/revisions\/3274"}],"wp:featuredmedia":[{"embeddable":true,"href":"https:\/\/voxsahel.com\/index.php?rest_route=\/wp\/v2\/media\/3267"}],"wp:attachment":[{"href":"https:\/\/voxsahel.com\/index.php?rest_route=%2Fwp%2Fv2%2Fmedia&parent=3265"}],"wp:term":[{"taxonomy":"category","embeddable":true,"href":"https:\/\/voxsahel.com\/index.php?rest_route=%2Fwp%2Fv2%2Fcategories&post=3265"},{"taxonomy":"post_tag","embeddable":true,"href":"https:\/\/voxsahel.com\/index.php?rest_route=%2Fwp%2Fv2%2Ftags&post=3265"}],"curies":[{"name":"wp","href":"https:\/\/api.w.org\/{rel}","templated":true}]}}