{"id":3262,"date":"2026-01-01T07:32:14","date_gmt":"2026-01-01T07:32:14","guid":{"rendered":"https:\/\/voxsahel.com\/?p=3262"},"modified":"2026-01-01T07:32:14","modified_gmt":"2026-01-01T07:32:14","slug":"portrait-wilfried-leon-bakary-sanou-leclair-fidele-des-etalons","status":"publish","type":"post","link":"https:\/\/voxsahel.com\/?p=3262","title":{"rendered":"Portrait : Wilfried L\u00e9on Bakary Sanou, l\u2019\u00e9clair fid\u00e8le des \u00c9talons"},"content":{"rendered":"<p class=\"p1\"><span class=\"s2\">Il y a des joueurs qui marquent les statistiques, et d\u2019autres qui marquent les m\u00e9moires. Wilfried L\u00e9on Bakary Sanou appartient sans conteste \u00e0 la seconde cat\u00e9gorie. \u00c0 36 ans, son nom r\u00e9sonne encore comme celui d\u2019un ailier au feu sacr\u00e9, d\u2019un serviteur loyal du Fasofoot, et d\u2019un talent forg\u00e9 tr\u00e8s t\u00f4t dans le creuset exigeant de la formation burkinab\u00e8.<\/span><\/p>\n<p class=\"p1\"><span class=\"s2\">Pur produit de <\/span><span class=\"s1\">Plan\u00e8te Champion<\/span><span class=\"s2\">, Wilfried Sanou incarne cette g\u00e9n\u00e9ration dor\u00e9e qui a fait entrer le Burkina Faso dans la cour des nations respect\u00e9es du football africain. Tr\u00e8s jeune d\u00e9j\u00e0, son style saute aux yeux : un joueur virevoltant, explosif, impr\u00e9visible, dot\u00e9 de ce que les observateurs appellent volontiers \u00ab le feu dans les jambes \u00bb. \u00c0 chaque prise de balle, Willy promet le d\u00e9s\u00e9quilibre ; \u00e0 chaque acc\u00e9l\u00e9ration, il s\u00e8me le doute dans les d\u00e9fenses adverses.<\/span><\/p>\n<p class=\"p2\"><strong><span class=\"s3\">Un talent r\u00e9v\u00e9l\u00e9 tr\u00e8s t\u00f4t, malgr\u00e9 l\u2019adversit\u00e9<\/span><\/strong><\/p>\n<p class=\"p1\"><span class=\"s2\">La sc\u00e8ne internationale le d\u00e9couvre v\u00e9ritablement lors de la <\/span><span class=\"s1\">CAN cadets 1999 en Guin\u00e9e<\/span><span class=\"s2\">. Wilfried Sanou y laisse entrevoir un potentiel hors norme. Mais le destin, parfois cruel, s\u2019invite brutalement dans sa trajectoire : une grave blessure, <\/span><span class=\"s1\">double fracture tibia-p\u00e9ron\u00e9<\/span><span class=\"s2\">\u00a0le prive de la premi\u00e8re Coupe du monde des \u00c9talons cadets en Nouvelle-Z\u00e9lande. Beaucoup auraient vu leurs r\u00eaves s\u2019\u00e9teindre \u00e0 cet instant. Pas lui.<\/span><\/p>\n<p class=\"p1\"><span class=\"s2\">Deux ans plus tard, il revient plus fort, plus d\u00e9termin\u00e9. La <\/span><span class=\"s1\">Coupe du monde cadets 2001 \u00e0 Trinit\u00e9-et-Tobago<\/span><span class=\"s2\"> devient alors le th\u00e9\u00e2tre de sa revanche personnelle. Par ses acc\u00e9l\u00e9rations fulgurantes, ses d\u00e9bordements tranchants et son insouciance cr\u00e9ative, Wilfried Sanou est l\u2019un des grands artisans de la <\/span><span class=\"s1\">historique troisi\u00e8me place du Burkina Faso<\/span><span class=\"s2\">. Une performance fondatrice pour le football national, et un tournant d\u00e9cisif dans sa carri\u00e8re.<\/span><\/p>\n<p class=\"p2\"><strong><span class=\"s3\">De l\u2019Europe \u00e0 l\u2019Asie, un parcours riche et exigeant<\/span><\/strong><\/p>\n<p class=\"p1\"><span class=\"s2\">Apr\u00e8s cet exploit mondial, les portes du football professionnel s\u2019ouvrent naturellement. L\u2019Europe devient son nouveau terrain d\u2019expression. L\u2019Autriche d\u2019abord, avec <\/span><span class=\"s1\">WSG Wattens<\/span><span class=\"s2\">, puis surtout <\/span><span class=\"s1\">FC Tirol Innsbruck<\/span><span class=\"s2\">, o\u00f9 il d\u00e9croche le <\/span><span class=\"s1\">titre de champion d\u2019Autriche en 2002<\/span><span class=\"s2\">. Un troph\u00e9e majeur qui confirme son statut de joueur de haut niveau.<\/span><\/p>\n<p class=\"p1\"><span class=\"s2\">La suite de son parcours le m\u00e8ne en <\/span><span class=\"s1\">Suisse au FC Sion<\/span><span class=\"s2\">, avant une longue et marquante aventure en <\/span><span class=\"s1\">Allemagne<\/span><span class=\"s2\">, sous les couleurs de <\/span><span class=\"s1\">SC Fribourg<\/span><span class=\"s2\"> puis du <\/span><span class=\"s1\">FC Cologne<\/span><span class=\"s2\">. Dans un football allemand r\u00e9put\u00e9 pour son intensit\u00e9 et sa rigueur tactique, Wilfried Sanou impose son style, alliant vitesse, discipline et intelligence de jeu. Il y gagne en maturit\u00e9, en constance, et en respect.<\/span><\/p>\n<p class=\"p1\"><span class=\"s2\">Comme un symbole de sa curiosit\u00e9 et de son ouverture, il conna\u00eet \u00e9galement une <\/span><span class=\"s1\">parenth\u00e8se japonaise<\/span><span class=\"s2\"> avec les <\/span><span class=\"s1\">Urawa Red Diamonds<\/span><span class=\"s2\">, puis termine son p\u00e9riple asiatique au <\/span><span class=\"s1\">Kyoto Sanga FC<\/span><span class=\"s2\">, prolongeant ainsi une carri\u00e8re internationale riche de cultures footballistiques diverses.<\/span><\/p>\n<p class=\"p2\"><strong><span class=\"s3\">Un \u00c9talon dans l\u2019\u00e2me<\/span><\/strong><\/p>\n<p class=\"p1\"><span class=\"s2\">Mais au-del\u00e0 des clubs et des fronti\u00e8res, Wilfried Sanou restera avant tout un <\/span><span class=\"s1\">\u00c9talon fid\u00e8le<\/span><span class=\"s2\">. De <\/span><span class=\"s1\">1999 \u00e0 2013<\/span><span class=\"s2\">, soit plus de <\/span><span class=\"s1\">14 ann\u00e9es au service des s\u00e9lections nationales<\/span><span class=\"s2\">, il porte le maillot du Burkina Faso avec fiert\u00e9 et engagement. Des cat\u00e9gories de jeunes jusqu\u2019\u00e0 l\u2019\u00e9quipe A, il incarne la continuit\u00e9, la loyaut\u00e9 et le sens du devoir.<\/span><\/p>\n<p class=\"p1\"><span class=\"s2\">Son nom est indissociable de la <\/span><span class=\"s1\">CAN 2013<\/span><span class=\"s2\">, comp\u00e9tition mythique o\u00f9 les \u00c9talons, contre toute attente, atteignent la finale et terminent <\/span><span class=\"s1\">vice-champions d\u2019Afrique<\/span><span class=\"s2\">. Dans ce groupe h\u00e9ro\u00efque, Sanou apporte son exp\u00e9rience, son sang-froid et son v\u00e9cu international, contribuant \u00e0 l\u2019une des plus belles pages de l\u2019histoire du football burkinab\u00e8.<\/span><\/p>\n<p class=\"p2\"><strong><span class=\"s3\">L\u2019h\u00e9ritage d\u2019un joueur respect\u00e9<\/span><\/strong><\/p>\n<p class=\"p1\"><span class=\"s2\">Wilfried L\u00e9on Bakary Sanou n\u2019a peut-\u00eatre pas \u00e9t\u00e9 le plus m\u00e9diatis\u00e9 de sa g\u00e9n\u00e9ration, mais il en fut l\u2019un des plus constants et des plus respect\u00e9s. Son parcours est celui d\u2019un combattant \u00e9l\u00e9gant, d\u2019un joueur qui a su transformer les blessures en force, les obstacles en le\u00e7ons, et le talent en long\u00e9vit\u00e9.<\/span><\/p>\n<p class=\"p1\" style=\"text-align: right;\"><strong><span class=\"s1\">Par Vox Sahel <\/span><\/strong><\/p>\n","protected":false},"excerpt":{"rendered":"<p>Il y a des joueurs qui marquent les statistiques, et d\u2019autres qui marquent les m\u00e9moires.<\/p>\n","protected":false},"author":2,"featured_media":3263,"comment_status":"open","ping_status":"open","sticky":false,"template":"","format":"standard","meta":{"_et_pb_use_builder":"","_et_pb_old_content":"","_et_gb_content_width":"","footnotes":""},"categories":[12],"tags":[18,660,40,35,34],"class_list":["post-3262","post","type-post","status-publish","format-standard","has-post-thumbnail","hentry","category-sports","tag-burkina-faso","tag-confederation-africaine-de-football","tag-federation-burkinabe-de-football","tag-football","tag-sport"],"yoast_head":"<!-- This site is optimized with the Yoast SEO plugin v27.5 - https:\/\/yoast.com\/product\/yoast-seo-wordpress\/ -->\n<title>Portrait : Wilfried L\u00e9on Bakary Sanou, l\u2019\u00e9clair fid\u00e8le des \u00c9talons - Vox Sahel<\/title>\n<meta name=\"robots\" content=\"index, follow, max-snippet:-1, max-image-preview:large, max-video-preview:-1\" \/>\n<link rel=\"canonical\" href=\"https:\/\/voxsahel.com\/?p=3262\" \/>\n<meta property=\"og:locale\" content=\"fr_FR\" \/>\n<meta property=\"og:type\" content=\"article\" \/>\n<meta property=\"og:title\" content=\"Portrait : Wilfried L\u00e9on Bakary Sanou, l\u2019\u00e9clair fid\u00e8le des \u00c9talons - Vox Sahel\" \/>\n<meta property=\"og:description\" content=\"Il y a des joueurs qui marquent les statistiques, et d\u2019autres qui marquent les m\u00e9moires.\" \/>\n<meta property=\"og:url\" content=\"https:\/\/voxsahel.com\/?p=3262\" \/>\n<meta property=\"og:site_name\" content=\"Vox Sahel\" \/>\n<meta property=\"article:publisher\" content=\"https:\/\/www.facebook.com\/journal.voxsahel\" \/>\n<meta property=\"article:published_time\" content=\"2026-01-01T07:32:14+00:00\" \/>\n<meta property=\"og:image\" content=\"https:\/\/voxsahel.com\/wp-content\/uploads\/2026\/01\/IMG_3912.jpeg\" \/>\n\t<meta property=\"og:image:width\" content=\"401\" \/>\n\t<meta property=\"og:image:height\" content=\"498\" \/>\n\t<meta property=\"og:image:type\" content=\"image\/jpeg\" \/>\n<meta name=\"author\" content=\"Vox Sahel\" \/>\n<meta name=\"twitter:card\" content=\"summary_large_image\" \/>\n<meta name=\"twitter:label1\" content=\"\u00c9crit par\" \/>\n\t<meta name=\"twitter:data1\" content=\"Vox Sahel\" \/>\n\t<meta name=\"twitter:label2\" content=\"Dur\u00e9e de lecture estim\u00e9e\" \/>\n\t<meta name=\"twitter:data2\" content=\"4 minutes\" \/>\n<script type=\"application\/ld+json\" class=\"yoast-schema-graph\">{\"@context\":\"https:\\\/\\\/schema.org\",\"@graph\":[{\"@type\":\"Article\",\"@id\":\"https:\\\/\\\/voxsahel.com\\\/?p=3262#article\",\"isPartOf\":{\"@id\":\"https:\\\/\\\/voxsahel.com\\\/?p=3262\"},\"author\":{\"name\":\"Vox Sahel\",\"@id\":\"https:\\\/\\\/voxsahel.com\\\/#\\\/schema\\\/person\\\/b4043608248f8fa227cd760e7ff1e19e\"},\"headline\":\"Portrait : Wilfried L\u00e9on Bakary Sanou, l\u2019\u00e9clair fid\u00e8le des \u00c9talons\",\"datePublished\":\"2026-01-01T07:32:14+00:00\",\"mainEntityOfPage\":{\"@id\":\"https:\\\/\\\/voxsahel.com\\\/?p=3262\"},\"wordCount\":693,\"commentCount\":0,\"publisher\":{\"@id\":\"https:\\\/\\\/voxsahel.com\\\/#organization\"},\"image\":{\"@id\":\"https:\\\/\\\/voxsahel.com\\\/?p=3262#primaryimage\"},\"thumbnailUrl\":\"https:\\\/\\\/voxsahel.com\\\/wp-content\\\/uploads\\\/2026\\\/01\\\/IMG_3912.jpeg\",\"keywords\":[\"Burkina Faso\",\"Conf\u00e9d\u00e9ration Africaine de Football\",\"F\u00e9d\u00e9ration Burkinab\u00e8 de Football\",\"Football\",\"Sport\"],\"articleSection\":[\"SPORTS\"],\"inLanguage\":\"fr-FR\",\"potentialAction\":[{\"@type\":\"CommentAction\",\"name\":\"Comment\",\"target\":[\"https:\\\/\\\/voxsahel.com\\\/?p=3262#respond\"]}]},{\"@type\":\"WebPage\",\"@id\":\"https:\\\/\\\/voxsahel.com\\\/?p=3262\",\"url\":\"https:\\\/\\\/voxsahel.com\\\/?p=3262\",\"name\":\"Portrait : Wilfried L\u00e9on Bakary Sanou, l\u2019\u00e9clair fid\u00e8le des \u00c9talons - Vox Sahel\",\"isPartOf\":{\"@id\":\"https:\\\/\\\/voxsahel.com\\\/#website\"},\"primaryImageOfPage\":{\"@id\":\"https:\\\/\\\/voxsahel.com\\\/?p=3262#primaryimage\"},\"image\":{\"@id\":\"https:\\\/\\\/voxsahel.com\\\/?p=3262#primaryimage\"},\"thumbnailUrl\":\"https:\\\/\\\/voxsahel.com\\\/wp-content\\\/uploads\\\/2026\\\/01\\\/IMG_3912.jpeg\",\"datePublished\":\"2026-01-01T07:32:14+00:00\",\"breadcrumb\":{\"@id\":\"https:\\\/\\\/voxsahel.com\\\/?p=3262#breadcrumb\"},\"inLanguage\":\"fr-FR\",\"potentialAction\":[{\"@type\":\"ReadAction\",\"target\":[\"https:\\\/\\\/voxsahel.com\\\/?p=3262\"]}]},{\"@type\":\"ImageObject\",\"inLanguage\":\"fr-FR\",\"@id\":\"https:\\\/\\\/voxsahel.com\\\/?p=3262#primaryimage\",\"url\":\"https:\\\/\\\/voxsahel.com\\\/wp-content\\\/uploads\\\/2026\\\/01\\\/IMG_3912.jpeg\",\"contentUrl\":\"https:\\\/\\\/voxsahel.com\\\/wp-content\\\/uploads\\\/2026\\\/01\\\/IMG_3912.jpeg\",\"width\":401,\"height\":498},{\"@type\":\"BreadcrumbList\",\"@id\":\"https:\\\/\\\/voxsahel.com\\\/?p=3262#breadcrumb\",\"itemListElement\":[{\"@type\":\"ListItem\",\"position\":1,\"name\":\"Home\",\"item\":\"https:\\\/\\\/voxsahel.com\\\/\"},{\"@type\":\"ListItem\",\"position\":2,\"name\":\"Portrait : Wilfried L\u00e9on Bakary Sanou, l\u2019\u00e9clair fid\u00e8le des \u00c9talons\"}]},{\"@type\":\"WebSite\",\"@id\":\"https:\\\/\\\/voxsahel.com\\\/#website\",\"url\":\"https:\\\/\\\/voxsahel.com\\\/\",\"name\":\"Vox Sahel\",\"description\":\"Informez-vous sur le Sahel en un clic\",\"publisher\":{\"@id\":\"https:\\\/\\\/voxsahel.com\\\/#organization\"},\"potentialAction\":[{\"@type\":\"SearchAction\",\"target\":{\"@type\":\"EntryPoint\",\"urlTemplate\":\"https:\\\/\\\/voxsahel.com\\\/?s={search_term_string}\"},\"query-input\":{\"@type\":\"PropertyValueSpecification\",\"valueRequired\":true,\"valueName\":\"search_term_string\"}}],\"inLanguage\":\"fr-FR\"},{\"@type\":\"Organization\",\"@id\":\"https:\\\/\\\/voxsahel.com\\\/#organization\",\"name\":\"Vox Sahel\",\"url\":\"https:\\\/\\\/voxsahel.com\\\/\",\"logo\":{\"@type\":\"ImageObject\",\"inLanguage\":\"fr-FR\",\"@id\":\"https:\\\/\\\/voxsahel.com\\\/#\\\/schema\\\/logo\\\/image\\\/\",\"url\":\"https:\\\/\\\/voxsahel.com\\\/wp-content\\\/uploads\\\/2024\\\/09\\\/Logo-Vox-Sahel.jpg\",\"contentUrl\":\"https:\\\/\\\/voxsahel.com\\\/wp-content\\\/uploads\\\/2024\\\/09\\\/Logo-Vox-Sahel.jpg\",\"width\":1181,\"height\":848,\"caption\":\"Vox Sahel\"},\"image\":{\"@id\":\"https:\\\/\\\/voxsahel.com\\\/#\\\/schema\\\/logo\\\/image\\\/\"},\"sameAs\":[\"https:\\\/\\\/www.facebook.com\\\/journal.voxsahel\"]},{\"@type\":\"Person\",\"@id\":\"https:\\\/\\\/voxsahel.com\\\/#\\\/schema\\\/person\\\/b4043608248f8fa227cd760e7ff1e19e\",\"name\":\"Vox Sahel\",\"image\":{\"@type\":\"ImageObject\",\"inLanguage\":\"fr-FR\",\"@id\":\"https:\\\/\\\/secure.gravatar.com\\\/avatar\\\/f70e7fa0cb9b29d4a7c5788d6eb2e9ab4d3135cbae1c9161810fdf77a8964699?s=96&d=mm&r=g\",\"url\":\"https:\\\/\\\/secure.gravatar.com\\\/avatar\\\/f70e7fa0cb9b29d4a7c5788d6eb2e9ab4d3135cbae1c9161810fdf77a8964699?s=96&d=mm&r=g\",\"contentUrl\":\"https:\\\/\\\/secure.gravatar.com\\\/avatar\\\/f70e7fa0cb9b29d4a7c5788d6eb2e9ab4d3135cbae1c9161810fdf77a8964699?s=96&d=mm&r=g\",\"caption\":\"Vox Sahel\"},\"sameAs\":[\"http:\\\/\\\/www.voxsahel.com\"],\"url\":\"https:\\\/\\\/voxsahel.com\\\/?author=2\"}]}<\/script>\n<!-- \/ Yoast SEO plugin. -->","yoast_head_json":{"title":"Portrait : Wilfried L\u00e9on Bakary Sanou, l\u2019\u00e9clair fid\u00e8le des \u00c9talons - Vox Sahel","robots":{"index":"index","follow":"follow","max-snippet":"max-snippet:-1","max-image-preview":"max-image-preview:large","max-video-preview":"max-video-preview:-1"},"canonical":"https:\/\/voxsahel.com\/?p=3262","og_locale":"fr_FR","og_type":"article","og_title":"Portrait : Wilfried L\u00e9on Bakary Sanou, l\u2019\u00e9clair fid\u00e8le des \u00c9talons - Vox Sahel","og_description":"Il y a des joueurs qui marquent les statistiques, et d\u2019autres qui marquent les m\u00e9moires.","og_url":"https:\/\/voxsahel.com\/?p=3262","og_site_name":"Vox Sahel","article_publisher":"https:\/\/www.facebook.com\/journal.voxsahel","article_published_time":"2026-01-01T07:32:14+00:00","og_image":[{"width":401,"height":498,"url":"https:\/\/voxsahel.com\/wp-content\/uploads\/2026\/01\/IMG_3912.jpeg","type":"image\/jpeg"}],"author":"Vox Sahel","twitter_card":"summary_large_image","twitter_misc":{"\u00c9crit par":"Vox Sahel","Dur\u00e9e de lecture estim\u00e9e":"4 minutes"},"schema":{"@context":"https:\/\/schema.org","@graph":[{"@type":"Article","@id":"https:\/\/voxsahel.com\/?p=3262#article","isPartOf":{"@id":"https:\/\/voxsahel.com\/?p=3262"},"author":{"name":"Vox Sahel","@id":"https:\/\/voxsahel.com\/#\/schema\/person\/b4043608248f8fa227cd760e7ff1e19e"},"headline":"Portrait : Wilfried L\u00e9on Bakary Sanou, l\u2019\u00e9clair fid\u00e8le des \u00c9talons","datePublished":"2026-01-01T07:32:14+00:00","mainEntityOfPage":{"@id":"https:\/\/voxsahel.com\/?p=3262"},"wordCount":693,"commentCount":0,"publisher":{"@id":"https:\/\/voxsahel.com\/#organization"},"image":{"@id":"https:\/\/voxsahel.com\/?p=3262#primaryimage"},"thumbnailUrl":"https:\/\/voxsahel.com\/wp-content\/uploads\/2026\/01\/IMG_3912.jpeg","keywords":["Burkina Faso","Conf\u00e9d\u00e9ration Africaine de Football","F\u00e9d\u00e9ration Burkinab\u00e8 de Football","Football","Sport"],"articleSection":["SPORTS"],"inLanguage":"fr-FR","potentialAction":[{"@type":"CommentAction","name":"Comment","target":["https:\/\/voxsahel.com\/?p=3262#respond"]}]},{"@type":"WebPage","@id":"https:\/\/voxsahel.com\/?p=3262","url":"https:\/\/voxsahel.com\/?p=3262","name":"Portrait : Wilfried L\u00e9on Bakary Sanou, l\u2019\u00e9clair fid\u00e8le des \u00c9talons - Vox Sahel","isPartOf":{"@id":"https:\/\/voxsahel.com\/#website"},"primaryImageOfPage":{"@id":"https:\/\/voxsahel.com\/?p=3262#primaryimage"},"image":{"@id":"https:\/\/voxsahel.com\/?p=3262#primaryimage"},"thumbnailUrl":"https:\/\/voxsahel.com\/wp-content\/uploads\/2026\/01\/IMG_3912.jpeg","datePublished":"2026-01-01T07:32:14+00:00","breadcrumb":{"@id":"https:\/\/voxsahel.com\/?p=3262#breadcrumb"},"inLanguage":"fr-FR","potentialAction":[{"@type":"ReadAction","target":["https:\/\/voxsahel.com\/?p=3262"]}]},{"@type":"ImageObject","inLanguage":"fr-FR","@id":"https:\/\/voxsahel.com\/?p=3262#primaryimage","url":"https:\/\/voxsahel.com\/wp-content\/uploads\/2026\/01\/IMG_3912.jpeg","contentUrl":"https:\/\/voxsahel.com\/wp-content\/uploads\/2026\/01\/IMG_3912.jpeg","width":401,"height":498},{"@type":"BreadcrumbList","@id":"https:\/\/voxsahel.com\/?p=3262#breadcrumb","itemListElement":[{"@type":"ListItem","position":1,"name":"Home","item":"https:\/\/voxsahel.com\/"},{"@type":"ListItem","position":2,"name":"Portrait : Wilfried L\u00e9on Bakary Sanou, l\u2019\u00e9clair fid\u00e8le des \u00c9talons"}]},{"@type":"WebSite","@id":"https:\/\/voxsahel.com\/#website","url":"https:\/\/voxsahel.com\/","name":"Vox Sahel","description":"Informez-vous sur le Sahel en un clic","publisher":{"@id":"https:\/\/voxsahel.com\/#organization"},"potentialAction":[{"@type":"SearchAction","target":{"@type":"EntryPoint","urlTemplate":"https:\/\/voxsahel.com\/?s={search_term_string}"},"query-input":{"@type":"PropertyValueSpecification","valueRequired":true,"valueName":"search_term_string"}}],"inLanguage":"fr-FR"},{"@type":"Organization","@id":"https:\/\/voxsahel.com\/#organization","name":"Vox Sahel","url":"https:\/\/voxsahel.com\/","logo":{"@type":"ImageObject","inLanguage":"fr-FR","@id":"https:\/\/voxsahel.com\/#\/schema\/logo\/image\/","url":"https:\/\/voxsahel.com\/wp-content\/uploads\/2024\/09\/Logo-Vox-Sahel.jpg","contentUrl":"https:\/\/voxsahel.com\/wp-content\/uploads\/2024\/09\/Logo-Vox-Sahel.jpg","width":1181,"height":848,"caption":"Vox Sahel"},"image":{"@id":"https:\/\/voxsahel.com\/#\/schema\/logo\/image\/"},"sameAs":["https:\/\/www.facebook.com\/journal.voxsahel"]},{"@type":"Person","@id":"https:\/\/voxsahel.com\/#\/schema\/person\/b4043608248f8fa227cd760e7ff1e19e","name":"Vox Sahel","image":{"@type":"ImageObject","inLanguage":"fr-FR","@id":"https:\/\/secure.gravatar.com\/avatar\/f70e7fa0cb9b29d4a7c5788d6eb2e9ab4d3135cbae1c9161810fdf77a8964699?s=96&d=mm&r=g","url":"https:\/\/secure.gravatar.com\/avatar\/f70e7fa0cb9b29d4a7c5788d6eb2e9ab4d3135cbae1c9161810fdf77a8964699?s=96&d=mm&r=g","contentUrl":"https:\/\/secure.gravatar.com\/avatar\/f70e7fa0cb9b29d4a7c5788d6eb2e9ab4d3135cbae1c9161810fdf77a8964699?s=96&d=mm&r=g","caption":"Vox Sahel"},"sameAs":["http:\/\/www.voxsahel.com"],"url":"https:\/\/voxsahel.com\/?author=2"}]}},"_links":{"self":[{"href":"https:\/\/voxsahel.com\/index.php?rest_route=\/wp\/v2\/posts\/3262","targetHints":{"allow":["GET"]}}],"collection":[{"href":"https:\/\/voxsahel.com\/index.php?rest_route=\/wp\/v2\/posts"}],"about":[{"href":"https:\/\/voxsahel.com\/index.php?rest_route=\/wp\/v2\/types\/post"}],"author":[{"embeddable":true,"href":"https:\/\/voxsahel.com\/index.php?rest_route=\/wp\/v2\/users\/2"}],"replies":[{"embeddable":true,"href":"https:\/\/voxsahel.com\/index.php?rest_route=%2Fwp%2Fv2%2Fcomments&post=3262"}],"version-history":[{"count":1,"href":"https:\/\/voxsahel.com\/index.php?rest_route=\/wp\/v2\/posts\/3262\/revisions"}],"predecessor-version":[{"id":3264,"href":"https:\/\/voxsahel.com\/index.php?rest_route=\/wp\/v2\/posts\/3262\/revisions\/3264"}],"wp:featuredmedia":[{"embeddable":true,"href":"https:\/\/voxsahel.com\/index.php?rest_route=\/wp\/v2\/media\/3263"}],"wp:attachment":[{"href":"https:\/\/voxsahel.com\/index.php?rest_route=%2Fwp%2Fv2%2Fmedia&parent=3262"}],"wp:term":[{"taxonomy":"category","embeddable":true,"href":"https:\/\/voxsahel.com\/index.php?rest_route=%2Fwp%2Fv2%2Fcategories&post=3262"},{"taxonomy":"post_tag","embeddable":true,"href":"https:\/\/voxsahel.com\/index.php?rest_route=%2Fwp%2Fv2%2Ftags&post=3262"}],"curies":[{"name":"wp","href":"https:\/\/api.w.org\/{rel}","templated":true}]}}