{"id":3245,"date":"2025-12-27T12:23:27","date_gmt":"2025-12-27T12:23:27","guid":{"rendered":"https:\/\/voxsahel.com\/?p=3245"},"modified":"2025-12-27T12:24:07","modified_gmt":"2025-12-27T12:24:07","slug":"can-maroc-2025-les-etalons-prets-a-livrer-bataille-face-a-lalgerie","status":"publish","type":"post","link":"https:\/\/voxsahel.com\/?p=3245","title":{"rendered":"CAN Maroc 2025 : Les \u00c9talons pr\u00eats \u00e0 livrer bataille face \u00e0 l\u2019Alg\u00e9rie"},"content":{"rendered":"<p class=\"p1\"><span class=\"s2\">\u00c0 la veille du choc tr\u00e8s attendu face \u00e0 l\u2019Alg\u00e9rie, pr\u00e9vu ce samedi 27 d\u00e9cembre dans le cadre de la deuxi\u00e8me journ\u00e9e de la Coupe d\u2019Afrique des Nations Maroc 2025, le s\u00e9lectionneur national des \u00c9talons, <\/span><span class=\"s1\">Brama Traor\u00e9<\/span><span class=\"s2\">, s\u2019est pr\u00e9sent\u00e9 en conf\u00e9rence de presse, accompagn\u00e9 de son milieu de terrain <\/span><span class=\"s1\">Mohamed Zoungrana<\/span><span class=\"s2\">. Un rendez-vous marqu\u00e9 par un discours fort, empreint de d\u00e9termination et de confiance.<\/span><\/p>\n<p class=\"p1\"><span class=\"s2\">D\u2019entr\u00e9e de jeu, le technicien burkinab\u00e8 a donn\u00e9 le ton, rappelant l\u2019enjeu national de cette rencontre :<\/span><\/p>\n<p class=\"p1\"><span class=\"s3\">\u00ab Chaque centim\u00e8tre carr\u00e9 du terrain sera un espace o\u00f9 nous d\u00e9fendrons les int\u00e9r\u00eats du Burkina Faso. \u00bb<\/span><\/p>\n<p class=\"p1\"><span class=\"s2\">Un message clair qui traduit l\u2019\u00e9tat d\u2019esprit conqu\u00e9rant du groupe, d\u00e9termin\u00e9 \u00e0 poursuivre sur la dynamique positive du premier match.<\/span><\/p>\n<p class=\"p1\"><span class=\"s2\">Sur le plan physique, Brama Traor\u00e9 s\u2019est voulu rassurant. L\u2019ensemble de l\u2019effectif se porte bien et est pr\u00eat \u00e0 livrer un combat intense face aux Fennecs :<\/span><\/p>\n<p class=\"p1\"><span class=\"s3\">\u00ab Nous avons un devoir : nous battre pour notre population, notre peuple, nos familles. La mission continue et nous sommes pr\u00eats. \u00bb<\/span><\/p>\n<p class=\"p1\"><span class=\"s2\">Le s\u00e9lectionneur a \u00e9galement confirm\u00e9 que <\/span><span class=\"s1\">Bertrand Traor\u00e9<\/span><span class=\"s2\">, touch\u00e9 lors du match pr\u00e9c\u00e9dent face \u00e0 la Guin\u00e9e \u00e9quatoriale, est op\u00e9rationnel. Toutefois, il a laiss\u00e9 entendre que des ajustements pourraient \u00eatre op\u00e9r\u00e9s : le onze de d\u00e9part ne sera pas n\u00e9cessairement le m\u00eame.<\/span><\/p>\n<p class=\"p1\"><strong><span class=\"s1\">Respect sans crainte face aux Fennecs<\/span><\/strong><\/p>\n<p class=\"p1\"><span class=\"s2\">Interrog\u00e9 sur l\u2019adversaire alg\u00e9rien, Brama Traor\u00e9 a affich\u00e9 un respect mesur\u00e9, sans la moindre intimidation : <\/span>\u00ab L\u2019Alg\u00e9rie est une grande \u00e9quipe, elle a toujours \u00e9t\u00e9 comp\u00e9titive. Nous la respectons, mais nous ne la craignons pas. \u00bb<\/p>\n<p class=\"p1\"><span class=\"s2\">Pour lui, cette rencontre a aussi une saveur particuli\u00e8re : <\/span>\u00ab C\u2019est un match de retrouvailles. Quand deux grandes \u00e9quipes se rencontrent, il faut de l\u2019intelligence, un bon plan. Nous avons les n\u00f4tres et nous voulons obtenir un tr\u00e8s bon r\u00e9sultat pour nous qualifier d\u00e8s ce deuxi\u00e8me match et exister dans la comp\u00e9tition jusqu\u2019au bout. Il y aura de l\u2019intensit\u00e9. \u00bb<\/p>\n<p class=\"p1\"><span class=\"s1\">Mohamed Zoungrana : une CAN v\u00e9cue pleinement<\/span><\/p>\n<p class=\"p1\"><span class=\"s2\">Pr\u00e9sent aux c\u00f4t\u00e9s de son s\u00e9lectionneur, <\/span><span class=\"s1\">Mohamed Zoungrana<\/span><span class=\"s2\">, qui \u00e9volue en club en Alg\u00e9rie, a soulign\u00e9 le caract\u00e8re sp\u00e9cial de cette confrontation : <\/span>\u00ab Ce match est particulier pour moi parce que je joue en Alg\u00e9rie et je connais certains joueurs. Il faut aborder ce match avec beaucoup de s\u00e9rieux. Nous nous sommes pr\u00e9par\u00e9s pour mettre cette \u00e9quipe en difficult\u00e9 et nous en avons les moyens. C\u2019est ma premi\u00e8re CAN et je la vis pleinement. \u00bb<\/p>\n<p class=\"p1\"><span class=\"s1\">Petkovi\u0107 : \u201cLe Burkina est une tr\u00e8s bonne \u00e9quipe\u201d<\/span><\/p>\n<p class=\"p1\"><span class=\"s2\">C\u00f4t\u00e9 alg\u00e9rien, le s\u00e9lectionneur <\/span><span class=\"s1\">Vladimir Petkovi\u0107<\/span><span class=\"s2\"> a reconnu la qualit\u00e9 de l\u2019adversaire burkinab\u00e8 lors de sa conf\u00e9rence de presse :<\/span><\/p>\n<p class=\"p1\"><span class=\"s3\">\u00ab Nous nous sommes bien pr\u00e9par\u00e9s \u00e0 jouer le Burkina Faso, qui est une tr\u00e8s bonne \u00e9quipe et qui a l\u2019habitude de faire de bons r\u00e9sultats face \u00e0 l\u2019Alg\u00e9rie. Cette deuxi\u00e8me journ\u00e9e est tr\u00e8s ouverte. \u00c0 part l\u2019\u00c9gypte, toutes les \u00e9quipes sont au coude-\u00e0-coude. Le match sera difficile et tout reste possible pour les deux \u00e9quipes. \u00bb<\/span><\/p>\n<p class=\"p1\"><strong><span class=\"s1\">Un choc d\u00e9cisif en perspective<\/span><\/strong><\/p>\n<p class=\"p1\"><span class=\"s2\">Entre ambition, respect mutuel et enjeu de qualification, la confrontation entre le Burkina Faso et l\u2019Alg\u00e9rie s\u2019annonce \u00e9lectrique. Les \u00c9talons, port\u00e9s par un discours engag\u00e9 et un groupe en confiance, comptent bien faire parler leur caract\u00e8re pour continuer \u00e0 \u00e9crire leur histoire dans cette CAN Maroc 2025.<\/span><\/p>\n<p class=\"p1\" style=\"text-align: right;\"><strong><span class=\"s2\">Par Vox Sahel <\/span><\/strong><\/p>\n","protected":false},"excerpt":{"rendered":"<p>\u00c0 la veille du choc tr\u00e8s attendu face \u00e0 l\u2019Alg\u00e9rie, pr\u00e9vu ce samedi 27 d\u00e9cembre<\/p>\n","protected":false},"author":2,"featured_media":3247,"comment_status":"open","ping_status":"open","sticky":false,"template":"","format":"standard","meta":{"_et_pb_use_builder":"","_et_pb_old_content":"","_et_gb_content_width":"","footnotes":""},"categories":[12],"tags":[534,18,39,38,37,660,348,274,40,35,34],"class_list":["post-3245","post","type-post","status-publish","format-standard","has-post-thumbnail","hentry","category-sports","tag-algerie","tag-burkina-faso","tag-caf","tag-can","tag-can-maroc-2025","tag-confederation-africaine-de-football","tag-coupe-dafrique-des-nations","tag-etalons","tag-federation-burkinabe-de-football","tag-football","tag-sport"],"yoast_head":"<!-- This site is optimized with the Yoast SEO plugin v27.5 - https:\/\/yoast.com\/product\/yoast-seo-wordpress\/ -->\n<title>CAN Maroc 2025 : Les \u00c9talons pr\u00eats \u00e0 livrer bataille face \u00e0 l\u2019Alg\u00e9rie - Vox Sahel<\/title>\n<meta name=\"robots\" content=\"index, follow, max-snippet:-1, max-image-preview:large, max-video-preview:-1\" \/>\n<link rel=\"canonical\" href=\"https:\/\/voxsahel.com\/?p=3245\" \/>\n<meta property=\"og:locale\" content=\"fr_FR\" \/>\n<meta property=\"og:type\" content=\"article\" \/>\n<meta property=\"og:title\" content=\"CAN Maroc 2025 : Les \u00c9talons pr\u00eats \u00e0 livrer bataille face \u00e0 l\u2019Alg\u00e9rie - Vox Sahel\" \/>\n<meta property=\"og:description\" content=\"\u00c0 la veille du choc tr\u00e8s attendu face \u00e0 l\u2019Alg\u00e9rie, pr\u00e9vu ce samedi 27 d\u00e9cembre\" \/>\n<meta property=\"og:url\" content=\"https:\/\/voxsahel.com\/?p=3245\" \/>\n<meta property=\"og:site_name\" content=\"Vox Sahel\" \/>\n<meta property=\"article:publisher\" content=\"https:\/\/www.facebook.com\/journal.voxsahel\" \/>\n<meta property=\"article:published_time\" content=\"2025-12-27T12:23:27+00:00\" \/>\n<meta property=\"article:modified_time\" content=\"2025-12-27T12:24:07+00:00\" \/>\n<meta property=\"og:image\" content=\"https:\/\/voxsahel.com\/wp-content\/uploads\/2025\/12\/IMG_3875.jpeg\" \/>\n\t<meta property=\"og:image:width\" content=\"1235\" \/>\n\t<meta property=\"og:image:height\" content=\"1343\" \/>\n\t<meta property=\"og:image:type\" content=\"image\/jpeg\" \/>\n<meta name=\"author\" content=\"Vox Sahel\" \/>\n<meta name=\"twitter:card\" content=\"summary_large_image\" \/>\n<meta name=\"twitter:label1\" content=\"\u00c9crit par\" \/>\n\t<meta name=\"twitter:data1\" content=\"Vox Sahel\" \/>\n\t<meta name=\"twitter:label2\" content=\"Dur\u00e9e de lecture estim\u00e9e\" \/>\n\t<meta name=\"twitter:data2\" content=\"3 minutes\" \/>\n<script type=\"application\/ld+json\" class=\"yoast-schema-graph\">{\"@context\":\"https:\\\/\\\/schema.org\",\"@graph\":[{\"@type\":\"Article\",\"@id\":\"https:\\\/\\\/voxsahel.com\\\/?p=3245#article\",\"isPartOf\":{\"@id\":\"https:\\\/\\\/voxsahel.com\\\/?p=3245\"},\"author\":{\"name\":\"Vox Sahel\",\"@id\":\"https:\\\/\\\/voxsahel.com\\\/#\\\/schema\\\/person\\\/b4043608248f8fa227cd760e7ff1e19e\"},\"headline\":\"CAN Maroc 2025 : Les \u00c9talons pr\u00eats \u00e0 livrer bataille face \u00e0 l\u2019Alg\u00e9rie\",\"datePublished\":\"2025-12-27T12:23:27+00:00\",\"dateModified\":\"2025-12-27T12:24:07+00:00\",\"mainEntityOfPage\":{\"@id\":\"https:\\\/\\\/voxsahel.com\\\/?p=3245\"},\"wordCount\":610,\"commentCount\":0,\"publisher\":{\"@id\":\"https:\\\/\\\/voxsahel.com\\\/#organization\"},\"image\":{\"@id\":\"https:\\\/\\\/voxsahel.com\\\/?p=3245#primaryimage\"},\"thumbnailUrl\":\"https:\\\/\\\/voxsahel.com\\\/wp-content\\\/uploads\\\/2025\\\/12\\\/IMG_3875.jpeg\",\"keywords\":[\"Alg\u00e9rie\",\"Burkina Faso\",\"CAF\",\"CAN\",\"CAN Maroc 2025\",\"Conf\u00e9d\u00e9ration Africaine de Football\",\"Coupe d\u2019Afrique des nations\",\"Etalons\",\"F\u00e9d\u00e9ration Burkinab\u00e8 de Football\",\"Football\",\"Sport\"],\"articleSection\":[\"SPORTS\"],\"inLanguage\":\"fr-FR\",\"potentialAction\":[{\"@type\":\"CommentAction\",\"name\":\"Comment\",\"target\":[\"https:\\\/\\\/voxsahel.com\\\/?p=3245#respond\"]}]},{\"@type\":\"WebPage\",\"@id\":\"https:\\\/\\\/voxsahel.com\\\/?p=3245\",\"url\":\"https:\\\/\\\/voxsahel.com\\\/?p=3245\",\"name\":\"CAN Maroc 2025 : Les \u00c9talons pr\u00eats \u00e0 livrer bataille face \u00e0 l\u2019Alg\u00e9rie - Vox Sahel\",\"isPartOf\":{\"@id\":\"https:\\\/\\\/voxsahel.com\\\/#website\"},\"primaryImageOfPage\":{\"@id\":\"https:\\\/\\\/voxsahel.com\\\/?p=3245#primaryimage\"},\"image\":{\"@id\":\"https:\\\/\\\/voxsahel.com\\\/?p=3245#primaryimage\"},\"thumbnailUrl\":\"https:\\\/\\\/voxsahel.com\\\/wp-content\\\/uploads\\\/2025\\\/12\\\/IMG_3875.jpeg\",\"datePublished\":\"2025-12-27T12:23:27+00:00\",\"dateModified\":\"2025-12-27T12:24:07+00:00\",\"breadcrumb\":{\"@id\":\"https:\\\/\\\/voxsahel.com\\\/?p=3245#breadcrumb\"},\"inLanguage\":\"fr-FR\",\"potentialAction\":[{\"@type\":\"ReadAction\",\"target\":[\"https:\\\/\\\/voxsahel.com\\\/?p=3245\"]}]},{\"@type\":\"ImageObject\",\"inLanguage\":\"fr-FR\",\"@id\":\"https:\\\/\\\/voxsahel.com\\\/?p=3245#primaryimage\",\"url\":\"https:\\\/\\\/voxsahel.com\\\/wp-content\\\/uploads\\\/2025\\\/12\\\/IMG_3875.jpeg\",\"contentUrl\":\"https:\\\/\\\/voxsahel.com\\\/wp-content\\\/uploads\\\/2025\\\/12\\\/IMG_3875.jpeg\",\"width\":1235,\"height\":1343},{\"@type\":\"BreadcrumbList\",\"@id\":\"https:\\\/\\\/voxsahel.com\\\/?p=3245#breadcrumb\",\"itemListElement\":[{\"@type\":\"ListItem\",\"position\":1,\"name\":\"Home\",\"item\":\"https:\\\/\\\/voxsahel.com\\\/\"},{\"@type\":\"ListItem\",\"position\":2,\"name\":\"CAN Maroc 2025 : Les \u00c9talons pr\u00eats \u00e0 livrer bataille face \u00e0 l\u2019Alg\u00e9rie\"}]},{\"@type\":\"WebSite\",\"@id\":\"https:\\\/\\\/voxsahel.com\\\/#website\",\"url\":\"https:\\\/\\\/voxsahel.com\\\/\",\"name\":\"Vox Sahel\",\"description\":\"Informez-vous sur le Sahel en un clic\",\"publisher\":{\"@id\":\"https:\\\/\\\/voxsahel.com\\\/#organization\"},\"potentialAction\":[{\"@type\":\"SearchAction\",\"target\":{\"@type\":\"EntryPoint\",\"urlTemplate\":\"https:\\\/\\\/voxsahel.com\\\/?s={search_term_string}\"},\"query-input\":{\"@type\":\"PropertyValueSpecification\",\"valueRequired\":true,\"valueName\":\"search_term_string\"}}],\"inLanguage\":\"fr-FR\"},{\"@type\":\"Organization\",\"@id\":\"https:\\\/\\\/voxsahel.com\\\/#organization\",\"name\":\"Vox Sahel\",\"url\":\"https:\\\/\\\/voxsahel.com\\\/\",\"logo\":{\"@type\":\"ImageObject\",\"inLanguage\":\"fr-FR\",\"@id\":\"https:\\\/\\\/voxsahel.com\\\/#\\\/schema\\\/logo\\\/image\\\/\",\"url\":\"https:\\\/\\\/voxsahel.com\\\/wp-content\\\/uploads\\\/2024\\\/09\\\/Logo-Vox-Sahel.jpg\",\"contentUrl\":\"https:\\\/\\\/voxsahel.com\\\/wp-content\\\/uploads\\\/2024\\\/09\\\/Logo-Vox-Sahel.jpg\",\"width\":1181,\"height\":848,\"caption\":\"Vox Sahel\"},\"image\":{\"@id\":\"https:\\\/\\\/voxsahel.com\\\/#\\\/schema\\\/logo\\\/image\\\/\"},\"sameAs\":[\"https:\\\/\\\/www.facebook.com\\\/journal.voxsahel\"]},{\"@type\":\"Person\",\"@id\":\"https:\\\/\\\/voxsahel.com\\\/#\\\/schema\\\/person\\\/b4043608248f8fa227cd760e7ff1e19e\",\"name\":\"Vox Sahel\",\"image\":{\"@type\":\"ImageObject\",\"inLanguage\":\"fr-FR\",\"@id\":\"https:\\\/\\\/secure.gravatar.com\\\/avatar\\\/f70e7fa0cb9b29d4a7c5788d6eb2e9ab4d3135cbae1c9161810fdf77a8964699?s=96&d=mm&r=g\",\"url\":\"https:\\\/\\\/secure.gravatar.com\\\/avatar\\\/f70e7fa0cb9b29d4a7c5788d6eb2e9ab4d3135cbae1c9161810fdf77a8964699?s=96&d=mm&r=g\",\"contentUrl\":\"https:\\\/\\\/secure.gravatar.com\\\/avatar\\\/f70e7fa0cb9b29d4a7c5788d6eb2e9ab4d3135cbae1c9161810fdf77a8964699?s=96&d=mm&r=g\",\"caption\":\"Vox Sahel\"},\"sameAs\":[\"http:\\\/\\\/www.voxsahel.com\"],\"url\":\"https:\\\/\\\/voxsahel.com\\\/?author=2\"}]}<\/script>\n<!-- \/ Yoast SEO plugin. -->","yoast_head_json":{"title":"CAN Maroc 2025 : Les \u00c9talons pr\u00eats \u00e0 livrer bataille face \u00e0 l\u2019Alg\u00e9rie - Vox Sahel","robots":{"index":"index","follow":"follow","max-snippet":"max-snippet:-1","max-image-preview":"max-image-preview:large","max-video-preview":"max-video-preview:-1"},"canonical":"https:\/\/voxsahel.com\/?p=3245","og_locale":"fr_FR","og_type":"article","og_title":"CAN Maroc 2025 : Les \u00c9talons pr\u00eats \u00e0 livrer bataille face \u00e0 l\u2019Alg\u00e9rie - Vox Sahel","og_description":"\u00c0 la veille du choc tr\u00e8s attendu face \u00e0 l\u2019Alg\u00e9rie, pr\u00e9vu ce samedi 27 d\u00e9cembre","og_url":"https:\/\/voxsahel.com\/?p=3245","og_site_name":"Vox Sahel","article_publisher":"https:\/\/www.facebook.com\/journal.voxsahel","article_published_time":"2025-12-27T12:23:27+00:00","article_modified_time":"2025-12-27T12:24:07+00:00","og_image":[{"width":1235,"height":1343,"url":"https:\/\/voxsahel.com\/wp-content\/uploads\/2025\/12\/IMG_3875.jpeg","type":"image\/jpeg"}],"author":"Vox Sahel","twitter_card":"summary_large_image","twitter_misc":{"\u00c9crit par":"Vox Sahel","Dur\u00e9e de lecture estim\u00e9e":"3 minutes"},"schema":{"@context":"https:\/\/schema.org","@graph":[{"@type":"Article","@id":"https:\/\/voxsahel.com\/?p=3245#article","isPartOf":{"@id":"https:\/\/voxsahel.com\/?p=3245"},"author":{"name":"Vox Sahel","@id":"https:\/\/voxsahel.com\/#\/schema\/person\/b4043608248f8fa227cd760e7ff1e19e"},"headline":"CAN Maroc 2025 : Les \u00c9talons pr\u00eats \u00e0 livrer bataille face \u00e0 l\u2019Alg\u00e9rie","datePublished":"2025-12-27T12:23:27+00:00","dateModified":"2025-12-27T12:24:07+00:00","mainEntityOfPage":{"@id":"https:\/\/voxsahel.com\/?p=3245"},"wordCount":610,"commentCount":0,"publisher":{"@id":"https:\/\/voxsahel.com\/#organization"},"image":{"@id":"https:\/\/voxsahel.com\/?p=3245#primaryimage"},"thumbnailUrl":"https:\/\/voxsahel.com\/wp-content\/uploads\/2025\/12\/IMG_3875.jpeg","keywords":["Alg\u00e9rie","Burkina Faso","CAF","CAN","CAN Maroc 2025","Conf\u00e9d\u00e9ration Africaine de Football","Coupe d\u2019Afrique des nations","Etalons","F\u00e9d\u00e9ration Burkinab\u00e8 de Football","Football","Sport"],"articleSection":["SPORTS"],"inLanguage":"fr-FR","potentialAction":[{"@type":"CommentAction","name":"Comment","target":["https:\/\/voxsahel.com\/?p=3245#respond"]}]},{"@type":"WebPage","@id":"https:\/\/voxsahel.com\/?p=3245","url":"https:\/\/voxsahel.com\/?p=3245","name":"CAN Maroc 2025 : Les \u00c9talons pr\u00eats \u00e0 livrer bataille face \u00e0 l\u2019Alg\u00e9rie - Vox Sahel","isPartOf":{"@id":"https:\/\/voxsahel.com\/#website"},"primaryImageOfPage":{"@id":"https:\/\/voxsahel.com\/?p=3245#primaryimage"},"image":{"@id":"https:\/\/voxsahel.com\/?p=3245#primaryimage"},"thumbnailUrl":"https:\/\/voxsahel.com\/wp-content\/uploads\/2025\/12\/IMG_3875.jpeg","datePublished":"2025-12-27T12:23:27+00:00","dateModified":"2025-12-27T12:24:07+00:00","breadcrumb":{"@id":"https:\/\/voxsahel.com\/?p=3245#breadcrumb"},"inLanguage":"fr-FR","potentialAction":[{"@type":"ReadAction","target":["https:\/\/voxsahel.com\/?p=3245"]}]},{"@type":"ImageObject","inLanguage":"fr-FR","@id":"https:\/\/voxsahel.com\/?p=3245#primaryimage","url":"https:\/\/voxsahel.com\/wp-content\/uploads\/2025\/12\/IMG_3875.jpeg","contentUrl":"https:\/\/voxsahel.com\/wp-content\/uploads\/2025\/12\/IMG_3875.jpeg","width":1235,"height":1343},{"@type":"BreadcrumbList","@id":"https:\/\/voxsahel.com\/?p=3245#breadcrumb","itemListElement":[{"@type":"ListItem","position":1,"name":"Home","item":"https:\/\/voxsahel.com\/"},{"@type":"ListItem","position":2,"name":"CAN Maroc 2025 : Les \u00c9talons pr\u00eats \u00e0 livrer bataille face \u00e0 l\u2019Alg\u00e9rie"}]},{"@type":"WebSite","@id":"https:\/\/voxsahel.com\/#website","url":"https:\/\/voxsahel.com\/","name":"Vox Sahel","description":"Informez-vous sur le Sahel en un clic","publisher":{"@id":"https:\/\/voxsahel.com\/#organization"},"potentialAction":[{"@type":"SearchAction","target":{"@type":"EntryPoint","urlTemplate":"https:\/\/voxsahel.com\/?s={search_term_string}"},"query-input":{"@type":"PropertyValueSpecification","valueRequired":true,"valueName":"search_term_string"}}],"inLanguage":"fr-FR"},{"@type":"Organization","@id":"https:\/\/voxsahel.com\/#organization","name":"Vox Sahel","url":"https:\/\/voxsahel.com\/","logo":{"@type":"ImageObject","inLanguage":"fr-FR","@id":"https:\/\/voxsahel.com\/#\/schema\/logo\/image\/","url":"https:\/\/voxsahel.com\/wp-content\/uploads\/2024\/09\/Logo-Vox-Sahel.jpg","contentUrl":"https:\/\/voxsahel.com\/wp-content\/uploads\/2024\/09\/Logo-Vox-Sahel.jpg","width":1181,"height":848,"caption":"Vox Sahel"},"image":{"@id":"https:\/\/voxsahel.com\/#\/schema\/logo\/image\/"},"sameAs":["https:\/\/www.facebook.com\/journal.voxsahel"]},{"@type":"Person","@id":"https:\/\/voxsahel.com\/#\/schema\/person\/b4043608248f8fa227cd760e7ff1e19e","name":"Vox Sahel","image":{"@type":"ImageObject","inLanguage":"fr-FR","@id":"https:\/\/secure.gravatar.com\/avatar\/f70e7fa0cb9b29d4a7c5788d6eb2e9ab4d3135cbae1c9161810fdf77a8964699?s=96&d=mm&r=g","url":"https:\/\/secure.gravatar.com\/avatar\/f70e7fa0cb9b29d4a7c5788d6eb2e9ab4d3135cbae1c9161810fdf77a8964699?s=96&d=mm&r=g","contentUrl":"https:\/\/secure.gravatar.com\/avatar\/f70e7fa0cb9b29d4a7c5788d6eb2e9ab4d3135cbae1c9161810fdf77a8964699?s=96&d=mm&r=g","caption":"Vox Sahel"},"sameAs":["http:\/\/www.voxsahel.com"],"url":"https:\/\/voxsahel.com\/?author=2"}]}},"_links":{"self":[{"href":"https:\/\/voxsahel.com\/index.php?rest_route=\/wp\/v2\/posts\/3245","targetHints":{"allow":["GET"]}}],"collection":[{"href":"https:\/\/voxsahel.com\/index.php?rest_route=\/wp\/v2\/posts"}],"about":[{"href":"https:\/\/voxsahel.com\/index.php?rest_route=\/wp\/v2\/types\/post"}],"author":[{"embeddable":true,"href":"https:\/\/voxsahel.com\/index.php?rest_route=\/wp\/v2\/users\/2"}],"replies":[{"embeddable":true,"href":"https:\/\/voxsahel.com\/index.php?rest_route=%2Fwp%2Fv2%2Fcomments&post=3245"}],"version-history":[{"count":1,"href":"https:\/\/voxsahel.com\/index.php?rest_route=\/wp\/v2\/posts\/3245\/revisions"}],"predecessor-version":[{"id":3248,"href":"https:\/\/voxsahel.com\/index.php?rest_route=\/wp\/v2\/posts\/3245\/revisions\/3248"}],"wp:featuredmedia":[{"embeddable":true,"href":"https:\/\/voxsahel.com\/index.php?rest_route=\/wp\/v2\/media\/3247"}],"wp:attachment":[{"href":"https:\/\/voxsahel.com\/index.php?rest_route=%2Fwp%2Fv2%2Fmedia&parent=3245"}],"wp:term":[{"taxonomy":"category","embeddable":true,"href":"https:\/\/voxsahel.com\/index.php?rest_route=%2Fwp%2Fv2%2Fcategories&post=3245"},{"taxonomy":"post_tag","embeddable":true,"href":"https:\/\/voxsahel.com\/index.php?rest_route=%2Fwp%2Fv2%2Ftags&post=3245"}],"curies":[{"name":"wp","href":"https:\/\/api.w.org\/{rel}","templated":true}]}}